{"id":5569,"date":"2024-04-02T00:09:48","date_gmt":"2024-04-02T00:09:48","guid":{"rendered":"https:\/\/elhijodelllanero.mx\/?p=5569"},"modified":"2024-04-02T00:09:48","modified_gmt":"2024-04-02T00:09:48","slug":"como-gobernadora-mi-apoyo-total-al-campo-libia","status":"publish","type":"post","link":"https:\/\/elhijodelllanero.mx\/index.php\/2024\/04\/02\/como-gobernadora-mi-apoyo-total-al-campo-libia\/","title":{"rendered":"\u201cComo Gobernadora mi apoyo total al campo\u201d: Libia."},"content":{"rendered":"<p>&nbsp;<\/p>\n<p>Irapuato, Gto., 1 abril 2024.- Libia Dennise Garc\u00eda Mu\u00f1oz Ledo, present\u00f3 las propuestas para un nuevo comienzo en el campo guanajuatense, enfocadas en la tecnificaci\u00f3n, la mejora del aprovechamiento del agua, la innovaci\u00f3n y sustentabilidad de la producci\u00f3n agr\u00edcola y ganadera.<br \/>\n\u201cHoy m\u00e1s que nunca nuestra gente del campo nos necesita. Estamos enfrentando una de las mayores sequ\u00edas que hemos tenido y al mismo tiempo debemos ser m\u00e1s eficientes y productivos. Nos queda claro que ambos retos conllevan dos acciones clave, optimizar el uso del agua en la agricultura, y la tecnificaci\u00f3n del campo\u201d dijo Libia.<\/p>\n<p>La Tecnificaci\u00f3n del Campo, implica un mejor uso y aprovechamiento del agua.<\/p>\n<p>Debemos tecnificar la superficie de riego, en especial la que se hace con agua subterr\u00e1nea pretende lograr un manejo m\u00e1s eficiente.<br \/>\nLa candidata propuso realizar acciones que contemplen la instalaci\u00f3n de sistemas de riego, nivelaci\u00f3n de tierras, rehabilitaci\u00f3n y modernizaci\u00f3n de los distritos y unidades de riego.<br \/>\nExplic\u00f3 que la eficiencia global en el uso del agua de riego se estima en alrededor del 50% en los sistemas no tecnificados (el otro 50% se desperdicia); por ello, en los sistemas tecnificados se pueden alcanzar eficiencias de:<br \/>\n* 92% en los sistemas de riego por goteo.<br \/>\n* 87% en los sistemas de riego por aspersi\u00f3n.<br \/>\n* 86% en los sistemas de riego por gravedad.<br \/>\nEstos m\u00e9todos generan grandes cantidades de ahorro de agua, de millones de metros c\u00fabicos al a\u00f1o, lo que permite a su vez una mayor recarga de los mantos acu\u00edferos y de las fuentes superficiales.<br \/>\nLa tecnificaci\u00f3n tambi\u00e9n aumenta la rentabilidad y multiplica las utilidades; a mayor tecnolog\u00eda m\u00e1s rentabilidad y menor uso de agua, como lo han demostrado los invernaderos de alta tecnolog\u00eda.<br \/>\n\u201cPor ello, estoy convencida que la tecnificaci\u00f3n, combinada con los cultivos adecuados, es el camino m\u00e1s accesible para que Guanajuato tenga agua en el presente y en el futuro\u201d, puntualiz\u00f3 Libia.<br \/>\nTodo esto debe ir acompa\u00f1ado de capacitaci\u00f3n a productores, asistencia t\u00e9cnica en riego y acompa\u00f1amiento para mejorar la gesti\u00f3n y eficiencia en el uso del agua.<br \/>\nSe pretende invertir en la Rehabilitaci\u00f3n de la infraestructura hidro-agr\u00edcola, como el revestimiento de canales de riego, sifones, represas y el mantenimiento de las presas de almacenamiento, promoveremos sistemas de riego por goteo y aspersi\u00f3n, cambios de cultivos y re\u00faso del agua.<br \/>\nMuchas de estas acciones ya se han implementado en este Distrito de Riego 011, ubicado en Irapuato.<br \/>\nLas otras propuestas son:<br \/>\nPrograma de capacitaci\u00f3n y empoderamiento para mujeres en habilidades agr\u00edcolas y en emprendimiento rural.<br \/>\n\u201cEs el momento de las mujeres y queremos empoderarlas, que su participaci\u00f3n sea activa y esto incluye el acceso a cr\u00e9ditos y recursos para iniciar o mejorar sus propias empresas agr\u00edcolas\u201d dijo la candidata de la coalici\u00f3n \u2018Fuerza y Coraz\u00f3n por Guanajuato\u2019.<br \/>\nPromoci\u00f3n de apoyos financieros para los agricultores, con tr\u00e1mites sencillos.<br \/>\nAgricultura regenerativa mediante la implementaci\u00f3n de pr\u00e1cticas agr\u00edcolas naturales y tradicionales.<br \/>\nReconversi\u00f3n productiva con el impulso de cultivos m\u00e1s rentables y eficientes en el uso del agua, con el uso de tecnolog\u00eda.<br \/>\nFortalecimiento de la Agricultura a peque\u00f1a escala con programas que apoyen a los peque\u00f1os agricultores, brind\u00e1ndoles acceso a tecnolog\u00eda y financiamiento, capacitaci\u00f3n en t\u00e9cnicas agr\u00edcolas modernas y sostenibles, as\u00ed como el fomento de cooperativas para mejorar su poder de negociaci\u00f3n y acceso a mercados.<br \/>\nAdopci\u00f3n de Tecnolog\u00edas agr\u00edcolas innovadoras, con pr\u00e1cticas sostenibles, invirtiendo en la investigaci\u00f3n y la transferencia de tecnolog\u00eda, sobre todo en gesti\u00f3n eficiente del agua y el uso de fertilizantes org\u00e1nicos.<br \/>\nMejora de infraestructura rural, como mejores caminos y sitios de almacenamiento; con ello, se pretende facilitar el traslado de productos, el acceso a mercados y desarrollar cadenas de valor agregado para los productos locales.<br \/>\nProgramas de educaci\u00f3n y capacitaci\u00f3n en el campo que fomenten el desarrollo de los habitantes de las zonas rurales, como el desarrollo de habilidades de gesti\u00f3n y emprendimiento, lo que ayudar\u00e1 a diversificar la econom\u00eda rural, y adaptarse a cambios en el mercado y al clima.<br \/>\nApoyos para la compra de cabezas de ganado, fortaleciendo as\u00ed la cadena local de ganader\u00eda de calidad.<br \/>\nPrograma de mentor\u00edas y sucesi\u00f3n generacional en Guanajuato, con la conexi\u00f3n de agricultores j\u00f3venes con productores experimentados, para facilitar la transferencia de conocimientos y t\u00e9cnicas, adem\u00e1s de proporcionarles formaci\u00f3n t\u00e9cnica de vanguardia, asesor\u00eda empresarial y financiamiento.<br \/>\nSanidad e inocuidad: para garantizar la salud de los cultivos y animales producidos a trav\u00e9s de la certificaci\u00f3n y control TIF de calidad.<br \/>\nSeguridad alimentaria, es decir, poner en marcha todos los mecanismos que sean necesarios para garantizar la protecci\u00f3n de los cultivos contra riesgos naturales y humanos.<br \/>\n\u201cDesde ahora les digo que en nuestro gobierno no les vamos a fallar a nuestros campesinos y a nuestros productores. En mi tendr\u00e1n a una Gobernadora cercana y responderemos con hechos a toda la gente del campo\u201d, expreso la candidata del PAN, PRI y PRD.<br \/>\n\u00c9sta fue la quinta rueda de prensa para presentar las propuestas de la gente, en esta ocasi\u00f3n Libia comparti\u00f3 las propuestas en el Distrito de Riego 011, ubicado en el municipio de Irapuato.<\/p>\n","protected":false},"excerpt":{"rendered":"<p>&nbsp; Irapuato, Gto., 1 abril 2024.- Libia Dennise Garc\u00eda Mu\u00f1oz Ledo, present\u00f3 las propuestas para un nuevo comienzo en el campo guanajuatense, enfocadas en la tecnificaci\u00f3n, la mejora del aprovechamiento del agua, la innovaci\u00f3n y sustentabilidad de la producci\u00f3n agr\u00edcola y ganadera. \u201cHoy m\u00e1s que nunca nuestra gente del campo nos necesita. Estamos enfrentando una [&hellip;]<\/p>\n","protected":false},"author":1,"featured_media":5570,"comment_status":"open","ping_status":"closed","sticky":false,"template":"","format":"standard","meta":{"_jetpack_newsletter_access":"","_jetpack_dont_email_post_to_subs":false,"_jetpack_newsletter_tier_id":0,"_jetpack_memberships_contains_paywalled_content":false,"_jetpack_memberships_contains_paid_content":false,"footnotes":""},"categories":[38],"tags":[],"class_list":{"0":"post-5569","1":"post","2":"type-post","3":"status-publish","4":"format-standard","5":"has-post-thumbnail","7":"category-estado"},"yoast_head":"<!-- This site is optimized with the Yoast SEO plugin v27.3 - https:\/\/yoast.com\/product\/yoast-seo-wordpress\/ -->\n<title>\u201cComo Gobernadora mi apoyo total al campo\u201d: Libia. - El Hijo del llanero solititito<\/title>\n<meta name=\"robots\" content=\"index, follow, max-snippet:-1, max-image-preview:large, max-video-preview:-1\" \/>\n<link rel=\"canonical\" href=\"https:\/\/elhijodelllanero.mx\/index.php\/2024\/04\/02\/como-gobernadora-mi-apoyo-total-al-campo-libia\/\" \/>\n<meta property=\"og:locale\" content=\"es_ES\" \/>\n<meta property=\"og:type\" content=\"article\" \/>\n<meta property=\"og:title\" content=\"\u201cComo Gobernadora mi apoyo total al campo\u201d: Libia. - El Hijo del llanero solititito\" \/>\n<meta property=\"og:description\" content=\"&nbsp; Irapuato, Gto., 1 abril 2024.- Libia Dennise Garc\u00eda Mu\u00f1oz Ledo, present\u00f3 las propuestas para un nuevo comienzo en el campo guanajuatense, enfocadas en la tecnificaci\u00f3n, la mejora del aprovechamiento del agua, la innovaci\u00f3n y sustentabilidad de la producci\u00f3n agr\u00edcola y ganadera. \u201cHoy m\u00e1s que nunca nuestra gente del campo nos necesita. Estamos enfrentando una [&hellip;]\" \/>\n<meta property=\"og:url\" content=\"https:\/\/elhijodelllanero.mx\/index.php\/2024\/04\/02\/como-gobernadora-mi-apoyo-total-al-campo-libia\/\" \/>\n<meta property=\"og:site_name\" content=\"El Hijo del llanero solititito\" \/>\n<meta property=\"article:published_time\" content=\"2024-04-02T00:09:48+00:00\" \/>\n<meta property=\"og:image\" content=\"https:\/\/elhijodelllanero.mx\/wp-content\/uploads\/2024\/04\/IMG-20240401-WA0054.jpg\" \/>\n\t<meta property=\"og:image:width\" content=\"1600\" \/>\n\t<meta property=\"og:image:height\" content=\"1066\" \/>\n\t<meta property=\"og:image:type\" content=\"image\/jpeg\" \/>\n<meta name=\"author\" content=\"Redaccion\" \/>\n<meta name=\"twitter:card\" content=\"summary_large_image\" \/>\n<meta name=\"twitter:label1\" content=\"Escrito por\" \/>\n\t<meta name=\"twitter:data1\" content=\"Redaccion\" \/>\n\t<meta name=\"twitter:label2\" content=\"Tiempo de lectura\" \/>\n\t<meta name=\"twitter:data2\" content=\"5 minutos\" \/>\n<script type=\"application\/ld+json\" class=\"yoast-schema-graph\">{\"@context\":\"https:\\\/\\\/schema.org\",\"@graph\":[{\"@type\":\"Article\",\"@id\":\"https:\\\/\\\/elhijodelllanero.mx\\\/index.php\\\/2024\\\/04\\\/02\\\/como-gobernadora-mi-apoyo-total-al-campo-libia\\\/#article\",\"isPartOf\":{\"@id\":\"https:\\\/\\\/elhijodelllanero.mx\\\/index.php\\\/2024\\\/04\\\/02\\\/como-gobernadora-mi-apoyo-total-al-campo-libia\\\/\"},\"author\":{\"name\":\"Redaccion\",\"@id\":\"https:\\\/\\\/elhijodelllanero.mx\\\/#\\\/schema\\\/person\\\/5dcfdd3db3a6f7e7906ef5d92cf7340b\"},\"headline\":\"\u201cComo Gobernadora mi apoyo total al campo\u201d: Libia.\",\"datePublished\":\"2024-04-02T00:09:48+00:00\",\"mainEntityOfPage\":{\"@id\":\"https:\\\/\\\/elhijodelllanero.mx\\\/index.php\\\/2024\\\/04\\\/02\\\/como-gobernadora-mi-apoyo-total-al-campo-libia\\\/\"},\"wordCount\":921,\"commentCount\":0,\"image\":{\"@id\":\"https:\\\/\\\/elhijodelllanero.mx\\\/index.php\\\/2024\\\/04\\\/02\\\/como-gobernadora-mi-apoyo-total-al-campo-libia\\\/#primaryimage\"},\"thumbnailUrl\":\"https:\\\/\\\/i0.wp.com\\\/elhijodelllanero.mx\\\/wp-content\\\/uploads\\\/2024\\\/04\\\/IMG-20240401-WA0054.jpg?fit=1600%2C1066&ssl=1\",\"articleSection\":[\"ESTADO\"],\"inLanguage\":\"es\",\"potentialAction\":[{\"@type\":\"CommentAction\",\"name\":\"Comment\",\"target\":[\"https:\\\/\\\/elhijodelllanero.mx\\\/index.php\\\/2024\\\/04\\\/02\\\/como-gobernadora-mi-apoyo-total-al-campo-libia\\\/#respond\"]}]},{\"@type\":\"WebPage\",\"@id\":\"https:\\\/\\\/elhijodelllanero.mx\\\/index.php\\\/2024\\\/04\\\/02\\\/como-gobernadora-mi-apoyo-total-al-campo-libia\\\/\",\"url\":\"https:\\\/\\\/elhijodelllanero.mx\\\/index.php\\\/2024\\\/04\\\/02\\\/como-gobernadora-mi-apoyo-total-al-campo-libia\\\/\",\"name\":\"\u201cComo Gobernadora mi apoyo total al campo\u201d: Libia. - El Hijo del llanero solititito\",\"isPartOf\":{\"@id\":\"https:\\\/\\\/elhijodelllanero.mx\\\/#website\"},\"primaryImageOfPage\":{\"@id\":\"https:\\\/\\\/elhijodelllanero.mx\\\/index.php\\\/2024\\\/04\\\/02\\\/como-gobernadora-mi-apoyo-total-al-campo-libia\\\/#primaryimage\"},\"image\":{\"@id\":\"https:\\\/\\\/elhijodelllanero.mx\\\/index.php\\\/2024\\\/04\\\/02\\\/como-gobernadora-mi-apoyo-total-al-campo-libia\\\/#primaryimage\"},\"thumbnailUrl\":\"https:\\\/\\\/i0.wp.com\\\/elhijodelllanero.mx\\\/wp-content\\\/uploads\\\/2024\\\/04\\\/IMG-20240401-WA0054.jpg?fit=1600%2C1066&ssl=1\",\"datePublished\":\"2024-04-02T00:09:48+00:00\",\"author\":{\"@id\":\"https:\\\/\\\/elhijodelllanero.mx\\\/#\\\/schema\\\/person\\\/5dcfdd3db3a6f7e7906ef5d92cf7340b\"},\"breadcrumb\":{\"@id\":\"https:\\\/\\\/elhijodelllanero.mx\\\/index.php\\\/2024\\\/04\\\/02\\\/como-gobernadora-mi-apoyo-total-al-campo-libia\\\/#breadcrumb\"},\"inLanguage\":\"es\",\"potentialAction\":[{\"@type\":\"ReadAction\",\"target\":[\"https:\\\/\\\/elhijodelllanero.mx\\\/index.php\\\/2024\\\/04\\\/02\\\/como-gobernadora-mi-apoyo-total-al-campo-libia\\\/\"]}]},{\"@type\":\"ImageObject\",\"inLanguage\":\"es\",\"@id\":\"https:\\\/\\\/elhijodelllanero.mx\\\/index.php\\\/2024\\\/04\\\/02\\\/como-gobernadora-mi-apoyo-total-al-campo-libia\\\/#primaryimage\",\"url\":\"https:\\\/\\\/i0.wp.com\\\/elhijodelllanero.mx\\\/wp-content\\\/uploads\\\/2024\\\/04\\\/IMG-20240401-WA0054.jpg?fit=1600%2C1066&ssl=1\",\"contentUrl\":\"https:\\\/\\\/i0.wp.com\\\/elhijodelllanero.mx\\\/wp-content\\\/uploads\\\/2024\\\/04\\\/IMG-20240401-WA0054.jpg?fit=1600%2C1066&ssl=1\",\"width\":1600,\"height\":1066},{\"@type\":\"BreadcrumbList\",\"@id\":\"https:\\\/\\\/elhijodelllanero.mx\\\/index.php\\\/2024\\\/04\\\/02\\\/como-gobernadora-mi-apoyo-total-al-campo-libia\\\/#breadcrumb\",\"itemListElement\":[{\"@type\":\"ListItem\",\"position\":1,\"name\":\"Portada\",\"item\":\"https:\\\/\\\/elhijodelllanero.mx\\\/\"},{\"@type\":\"ListItem\",\"position\":2,\"name\":\"\u201cComo Gobernadora mi apoyo total al campo\u201d: Libia.\"}]},{\"@type\":\"WebSite\",\"@id\":\"https:\\\/\\\/elhijodelllanero.mx\\\/#website\",\"url\":\"https:\\\/\\\/elhijodelllanero.mx\\\/\",\"name\":\"El Hijo del llanero solititito\",\"description\":\"\",\"potentialAction\":[{\"@type\":\"SearchAction\",\"target\":{\"@type\":\"EntryPoint\",\"urlTemplate\":\"https:\\\/\\\/elhijodelllanero.mx\\\/?s={search_term_string}\"},\"query-input\":{\"@type\":\"PropertyValueSpecification\",\"valueRequired\":true,\"valueName\":\"search_term_string\"}}],\"inLanguage\":\"es\"},{\"@type\":\"Person\",\"@id\":\"https:\\\/\\\/elhijodelllanero.mx\\\/#\\\/schema\\\/person\\\/5dcfdd3db3a6f7e7906ef5d92cf7340b\",\"name\":\"Redaccion\",\"image\":{\"@type\":\"ImageObject\",\"inLanguage\":\"es\",\"@id\":\"https:\\\/\\\/secure.gravatar.com\\\/avatar\\\/f65b913d6e7be363e7396f7fad32ab76d311fbb575fa7e623ec3ea4799f3b718?s=96&d=mm&r=g\",\"url\":\"https:\\\/\\\/secure.gravatar.com\\\/avatar\\\/f65b913d6e7be363e7396f7fad32ab76d311fbb575fa7e623ec3ea4799f3b718?s=96&d=mm&r=g\",\"contentUrl\":\"https:\\\/\\\/secure.gravatar.com\\\/avatar\\\/f65b913d6e7be363e7396f7fad32ab76d311fbb575fa7e623ec3ea4799f3b718?s=96&d=mm&r=g\",\"caption\":\"Redaccion\"},\"sameAs\":[\"https:\\\/\\\/www.elhijodelllanero.mx\"],\"url\":\"https:\\\/\\\/elhijodelllanero.mx\\\/index.php\\\/author\\\/admin_6smc8z8t\\\/\"}]}<\/script>\n<!-- \/ Yoast SEO plugin. -->","yoast_head_json":{"title":"\u201cComo Gobernadora mi apoyo total al campo\u201d: Libia. - El Hijo del llanero solititito","robots":{"index":"index","follow":"follow","max-snippet":"max-snippet:-1","max-image-preview":"max-image-preview:large","max-video-preview":"max-video-preview:-1"},"canonical":"https:\/\/elhijodelllanero.mx\/index.php\/2024\/04\/02\/como-gobernadora-mi-apoyo-total-al-campo-libia\/","og_locale":"es_ES","og_type":"article","og_title":"\u201cComo Gobernadora mi apoyo total al campo\u201d: Libia. - El Hijo del llanero solititito","og_description":"&nbsp; Irapuato, Gto., 1 abril 2024.- Libia Dennise Garc\u00eda Mu\u00f1oz Ledo, present\u00f3 las propuestas para un nuevo comienzo en el campo guanajuatense, enfocadas en la tecnificaci\u00f3n, la mejora del aprovechamiento del agua, la innovaci\u00f3n y sustentabilidad de la producci\u00f3n agr\u00edcola y ganadera. \u201cHoy m\u00e1s que nunca nuestra gente del campo nos necesita. Estamos enfrentando una [&hellip;]","og_url":"https:\/\/elhijodelllanero.mx\/index.php\/2024\/04\/02\/como-gobernadora-mi-apoyo-total-al-campo-libia\/","og_site_name":"El Hijo del llanero solititito","article_published_time":"2024-04-02T00:09:48+00:00","og_image":[{"width":1600,"height":1066,"url":"https:\/\/elhijodelllanero.mx\/wp-content\/uploads\/2024\/04\/IMG-20240401-WA0054.jpg","type":"image\/jpeg"}],"author":"Redaccion","twitter_card":"summary_large_image","twitter_misc":{"Escrito por":"Redaccion","Tiempo de lectura":"5 minutos"},"schema":{"@context":"https:\/\/schema.org","@graph":[{"@type":"Article","@id":"https:\/\/elhijodelllanero.mx\/index.php\/2024\/04\/02\/como-gobernadora-mi-apoyo-total-al-campo-libia\/#article","isPartOf":{"@id":"https:\/\/elhijodelllanero.mx\/index.php\/2024\/04\/02\/como-gobernadora-mi-apoyo-total-al-campo-libia\/"},"author":{"name":"Redaccion","@id":"https:\/\/elhijodelllanero.mx\/#\/schema\/person\/5dcfdd3db3a6f7e7906ef5d92cf7340b"},"headline":"\u201cComo Gobernadora mi apoyo total al campo\u201d: Libia.","datePublished":"2024-04-02T00:09:48+00:00","mainEntityOfPage":{"@id":"https:\/\/elhijodelllanero.mx\/index.php\/2024\/04\/02\/como-gobernadora-mi-apoyo-total-al-campo-libia\/"},"wordCount":921,"commentCount":0,"image":{"@id":"https:\/\/elhijodelllanero.mx\/index.php\/2024\/04\/02\/como-gobernadora-mi-apoyo-total-al-campo-libia\/#primaryimage"},"thumbnailUrl":"https:\/\/i0.wp.com\/elhijodelllanero.mx\/wp-content\/uploads\/2024\/04\/IMG-20240401-WA0054.jpg?fit=1600%2C1066&ssl=1","articleSection":["ESTADO"],"inLanguage":"es","potentialAction":[{"@type":"CommentAction","name":"Comment","target":["https:\/\/elhijodelllanero.mx\/index.php\/2024\/04\/02\/como-gobernadora-mi-apoyo-total-al-campo-libia\/#respond"]}]},{"@type":"WebPage","@id":"https:\/\/elhijodelllanero.mx\/index.php\/2024\/04\/02\/como-gobernadora-mi-apoyo-total-al-campo-libia\/","url":"https:\/\/elhijodelllanero.mx\/index.php\/2024\/04\/02\/como-gobernadora-mi-apoyo-total-al-campo-libia\/","name":"\u201cComo Gobernadora mi apoyo total al campo\u201d: Libia. - El Hijo del llanero solititito","isPartOf":{"@id":"https:\/\/elhijodelllanero.mx\/#website"},"primaryImageOfPage":{"@id":"https:\/\/elhijodelllanero.mx\/index.php\/2024\/04\/02\/como-gobernadora-mi-apoyo-total-al-campo-libia\/#primaryimage"},"image":{"@id":"https:\/\/elhijodelllanero.mx\/index.php\/2024\/04\/02\/como-gobernadora-mi-apoyo-total-al-campo-libia\/#primaryimage"},"thumbnailUrl":"https:\/\/i0.wp.com\/elhijodelllanero.mx\/wp-content\/uploads\/2024\/04\/IMG-20240401-WA0054.jpg?fit=1600%2C1066&ssl=1","datePublished":"2024-04-02T00:09:48+00:00","author":{"@id":"https:\/\/elhijodelllanero.mx\/#\/schema\/person\/5dcfdd3db3a6f7e7906ef5d92cf7340b"},"breadcrumb":{"@id":"https:\/\/elhijodelllanero.mx\/index.php\/2024\/04\/02\/como-gobernadora-mi-apoyo-total-al-campo-libia\/#breadcrumb"},"inLanguage":"es","potentialAction":[{"@type":"ReadAction","target":["https:\/\/elhijodelllanero.mx\/index.php\/2024\/04\/02\/como-gobernadora-mi-apoyo-total-al-campo-libia\/"]}]},{"@type":"ImageObject","inLanguage":"es","@id":"https:\/\/elhijodelllanero.mx\/index.php\/2024\/04\/02\/como-gobernadora-mi-apoyo-total-al-campo-libia\/#primaryimage","url":"https:\/\/i0.wp.com\/elhijodelllanero.mx\/wp-content\/uploads\/2024\/04\/IMG-20240401-WA0054.jpg?fit=1600%2C1066&ssl=1","contentUrl":"https:\/\/i0.wp.com\/elhijodelllanero.mx\/wp-content\/uploads\/2024\/04\/IMG-20240401-WA0054.jpg?fit=1600%2C1066&ssl=1","width":1600,"height":1066},{"@type":"BreadcrumbList","@id":"https:\/\/elhijodelllanero.mx\/index.php\/2024\/04\/02\/como-gobernadora-mi-apoyo-total-al-campo-libia\/#breadcrumb","itemListElement":[{"@type":"ListItem","position":1,"name":"Portada","item":"https:\/\/elhijodelllanero.mx\/"},{"@type":"ListItem","position":2,"name":"\u201cComo Gobernadora mi apoyo total al campo\u201d: Libia."}]},{"@type":"WebSite","@id":"https:\/\/elhijodelllanero.mx\/#website","url":"https:\/\/elhijodelllanero.mx\/","name":"El Hijo del llanero solititito","description":"","potentialAction":[{"@type":"SearchAction","target":{"@type":"EntryPoint","urlTemplate":"https:\/\/elhijodelllanero.mx\/?s={search_term_string}"},"query-input":{"@type":"PropertyValueSpecification","valueRequired":true,"valueName":"search_term_string"}}],"inLanguage":"es"},{"@type":"Person","@id":"https:\/\/elhijodelllanero.mx\/#\/schema\/person\/5dcfdd3db3a6f7e7906ef5d92cf7340b","name":"Redaccion","image":{"@type":"ImageObject","inLanguage":"es","@id":"https:\/\/secure.gravatar.com\/avatar\/f65b913d6e7be363e7396f7fad32ab76d311fbb575fa7e623ec3ea4799f3b718?s=96&d=mm&r=g","url":"https:\/\/secure.gravatar.com\/avatar\/f65b913d6e7be363e7396f7fad32ab76d311fbb575fa7e623ec3ea4799f3b718?s=96&d=mm&r=g","contentUrl":"https:\/\/secure.gravatar.com\/avatar\/f65b913d6e7be363e7396f7fad32ab76d311fbb575fa7e623ec3ea4799f3b718?s=96&d=mm&r=g","caption":"Redaccion"},"sameAs":["https:\/\/www.elhijodelllanero.mx"],"url":"https:\/\/elhijodelllanero.mx\/index.php\/author\/admin_6smc8z8t\/"}]}},"jetpack_featured_media_url":"https:\/\/i0.wp.com\/elhijodelllanero.mx\/wp-content\/uploads\/2024\/04\/IMG-20240401-WA0054.jpg?fit=1600%2C1066&ssl=1","jetpack-related-posts":[],"jetpack_sharing_enabled":true,"_links":{"self":[{"href":"https:\/\/elhijodelllanero.mx\/index.php\/wp-json\/wp\/v2\/posts\/5569","targetHints":{"allow":["GET"]}}],"collection":[{"href":"https:\/\/elhijodelllanero.mx\/index.php\/wp-json\/wp\/v2\/posts"}],"about":[{"href":"https:\/\/elhijodelllanero.mx\/index.php\/wp-json\/wp\/v2\/types\/post"}],"author":[{"embeddable":true,"href":"https:\/\/elhijodelllanero.mx\/index.php\/wp-json\/wp\/v2\/users\/1"}],"replies":[{"embeddable":true,"href":"https:\/\/elhijodelllanero.mx\/index.php\/wp-json\/wp\/v2\/comments?post=5569"}],"version-history":[{"count":1,"href":"https:\/\/elhijodelllanero.mx\/index.php\/wp-json\/wp\/v2\/posts\/5569\/revisions"}],"predecessor-version":[{"id":5571,"href":"https:\/\/elhijodelllanero.mx\/index.php\/wp-json\/wp\/v2\/posts\/5569\/revisions\/5571"}],"wp:featuredmedia":[{"embeddable":true,"href":"https:\/\/elhijodelllanero.mx\/index.php\/wp-json\/wp\/v2\/media\/5570"}],"wp:attachment":[{"href":"https:\/\/elhijodelllanero.mx\/index.php\/wp-json\/wp\/v2\/media?parent=5569"}],"wp:term":[{"taxonomy":"category","embeddable":true,"href":"https:\/\/elhijodelllanero.mx\/index.php\/wp-json\/wp\/v2\/categories?post=5569"},{"taxonomy":"post_tag","embeddable":true,"href":"https:\/\/elhijodelllanero.mx\/index.php\/wp-json\/wp\/v2\/tags?post=5569"}],"curies":[{"name":"wp","href":"https:\/\/api.w.org\/{rel}","templated":true}]}}