{"id":5572,"date":"2024-04-02T20:41:00","date_gmt":"2024-04-02T20:41:00","guid":{"rendered":"https:\/\/elhijodelllanero.mx\/?p=5572"},"modified":"2024-04-02T20:41:00","modified_gmt":"2024-04-02T20:41:00","slug":"proteccion-civil-realiza-acciones-para-prevencion-de-incendios","status":"publish","type":"post","link":"https:\/\/elhijodelllanero.mx\/index.php\/2024\/04\/02\/proteccion-civil-realiza-acciones-para-prevencion-de-incendios\/","title":{"rendered":"Protecci\u00f3n Civil realiza acciones para prevenci\u00f3n de incendios."},"content":{"rendered":"<p>&nbsp;<\/p>\n<p>Cortazar, Gto., 2 abril 2024.- La Coordinaci\u00f3n Municipal de Protecci\u00f3n Civil, realiza acciones conjuntas con el Cuerpo de Bomberos y el Sistema de Seguridad P\u00fablica Municipal, a fin de inhibir la quema de llantas y pastizales ubicados en lotes bald\u00edos, as\u00ed como para prevenir incendios en zonas cerriles del municipio.<br \/>\n\u201cEn los \u00faltimos d\u00edas hemos tenido un incremento de incendios, sobre todo en puntos ubicados en el Norte de la ciudad, espec\u00edficamente cerca de Universidad Polit\u00e9cnica, esto a ra\u00edz de la existencia de maleza seca en zonas extensas, es por ello que se han registrado hasta tres incendios por d\u00eda en ese lugar, sin embargo, estamos trabajado con el apoyo del Cuerpo de Bomberos para controlar estos sucesos, as\u00ed como otros incendios que se han presentado sobre las zonas Sur y Poniente del municipio\u201d, se\u00f1al\u00f3 Salvador Ju\u00e1rez Garc\u00eda, titular de Protecci\u00f3n Civil Municipal.<br \/>\nDestac\u00f3 que \u201cSe tuvo un incendio en el Cerro de Loma Linda con una afectaci\u00f3n de tres hect\u00e1reas, a esto le sumamos la constante quema de llantas y basura, as\u00ed como maleza en lotes bald\u00edos, por esta raz\u00f3n, en promedio tenemos 15 incendios al d\u00eda, y en el mes de marzo se registr\u00f3 un promedio de 250 incendios, la mayor\u00eda de los incidentes son provocados, ya sea por pepenadores o por mismos habitantes de la zona, y en menor medida debido a las altas temperaturas que se han registrado, mismas que han generado el efecto lupa\u201d.<br \/>\nEspecific\u00f3 que \u201cSe trabaja en conjunto con Seguridad P\u00fablica y Bomberos, tan s\u00f3lo el fin de semana se tuvo conocimiento de cinco incendios en la carretera La Estaci\u00f3n-Cortazar, donde afortunadamente efectivos de Seguridad P\u00fablica pudieron detener a los probables responsables de provocar los incendios, lamentablemente estas personas \u00fanicamente son ingresados por faltas administrativas, ya que no existe una denuncia formal contra ellos por parte de los propietarios de los lotes bald\u00edos\u201d.<br \/>\nPor \u00faltimo, mencion\u00f3 que \u201cInvitamos a la ciudadan\u00eda en general a que nos brinde su apoyo y evite realizar este tipo de actividades, ya que perjudican al medio ambiente, e incluso pueden derivar en una situaci\u00f3n de riesgo tanto para ellos mismos, como para sus familias, y personas que se encuentren o habiten cerca\u201d.<\/p>\n","protected":false},"excerpt":{"rendered":"<p>&nbsp; Cortazar, Gto., 2 abril 2024.- La Coordinaci\u00f3n Municipal de Protecci\u00f3n Civil, realiza acciones conjuntas con el Cuerpo de Bomberos y el Sistema de Seguridad P\u00fablica Municipal, a fin de inhibir la quema de llantas y pastizales ubicados en lotes bald\u00edos, as\u00ed como para prevenir incendios en zonas cerriles del municipio. \u201cEn los \u00faltimos d\u00edas [&hellip;]<\/p>\n","protected":false},"author":1,"featured_media":5573,"comment_status":"open","ping_status":"closed","sticky":false,"template":"","format":"standard","meta":{"_jetpack_newsletter_access":"","_jetpack_dont_email_post_to_subs":false,"_jetpack_newsletter_tier_id":0,"_jetpack_memberships_contains_paywalled_content":false,"_jetpack_memberships_contains_paid_content":false,"footnotes":""},"categories":[77],"tags":[],"class_list":{"0":"post-5572","1":"post","2":"type-post","3":"status-publish","4":"format-standard","5":"has-post-thumbnail","7":"category-cortazar"},"yoast_head":"<!-- This site is optimized with the Yoast SEO plugin v27.3 - https:\/\/yoast.com\/product\/yoast-seo-wordpress\/ -->\n<title>Protecci\u00f3n Civil realiza acciones para prevenci\u00f3n de incendios. - El Hijo del llanero solititito<\/title>\n<meta name=\"robots\" content=\"index, follow, max-snippet:-1, max-image-preview:large, max-video-preview:-1\" \/>\n<link rel=\"canonical\" href=\"https:\/\/elhijodelllanero.mx\/index.php\/2024\/04\/02\/proteccion-civil-realiza-acciones-para-prevencion-de-incendios\/\" \/>\n<meta property=\"og:locale\" content=\"es_ES\" \/>\n<meta property=\"og:type\" content=\"article\" \/>\n<meta property=\"og:title\" content=\"Protecci\u00f3n Civil realiza acciones para prevenci\u00f3n de incendios. - El Hijo del llanero solititito\" \/>\n<meta property=\"og:description\" content=\"&nbsp; Cortazar, Gto., 2 abril 2024.- La Coordinaci\u00f3n Municipal de Protecci\u00f3n Civil, realiza acciones conjuntas con el Cuerpo de Bomberos y el Sistema de Seguridad P\u00fablica Municipal, a fin de inhibir la quema de llantas y pastizales ubicados en lotes bald\u00edos, as\u00ed como para prevenir incendios en zonas cerriles del municipio. \u201cEn los \u00faltimos d\u00edas [&hellip;]\" \/>\n<meta property=\"og:url\" content=\"https:\/\/elhijodelllanero.mx\/index.php\/2024\/04\/02\/proteccion-civil-realiza-acciones-para-prevencion-de-incendios\/\" \/>\n<meta property=\"og:site_name\" content=\"El Hijo del llanero solititito\" \/>\n<meta property=\"article:published_time\" content=\"2024-04-02T20:41:00+00:00\" \/>\n<meta property=\"og:image\" content=\"https:\/\/elhijodelllanero.mx\/wp-content\/uploads\/2024\/04\/IMG-20240402-WA0035.jpg\" \/>\n\t<meta property=\"og:image:width\" content=\"1273\" \/>\n\t<meta property=\"og:image:height\" content=\"853\" \/>\n\t<meta property=\"og:image:type\" content=\"image\/jpeg\" \/>\n<meta name=\"author\" content=\"Redaccion\" \/>\n<meta name=\"twitter:card\" content=\"summary_large_image\" \/>\n<meta name=\"twitter:label1\" content=\"Escrito por\" \/>\n\t<meta name=\"twitter:data1\" content=\"Redaccion\" \/>\n\t<meta name=\"twitter:label2\" content=\"Tiempo de lectura\" \/>\n\t<meta name=\"twitter:data2\" content=\"2 minutos\" \/>\n<script type=\"application\/ld+json\" class=\"yoast-schema-graph\">{\"@context\":\"https:\\\/\\\/schema.org\",\"@graph\":[{\"@type\":\"Article\",\"@id\":\"https:\\\/\\\/elhijodelllanero.mx\\\/index.php\\\/2024\\\/04\\\/02\\\/proteccion-civil-realiza-acciones-para-prevencion-de-incendios\\\/#article\",\"isPartOf\":{\"@id\":\"https:\\\/\\\/elhijodelllanero.mx\\\/index.php\\\/2024\\\/04\\\/02\\\/proteccion-civil-realiza-acciones-para-prevencion-de-incendios\\\/\"},\"author\":{\"name\":\"Redaccion\",\"@id\":\"https:\\\/\\\/elhijodelllanero.mx\\\/#\\\/schema\\\/person\\\/5dcfdd3db3a6f7e7906ef5d92cf7340b\"},\"headline\":\"Protecci\u00f3n Civil realiza acciones para prevenci\u00f3n de incendios.\",\"datePublished\":\"2024-04-02T20:41:00+00:00\",\"mainEntityOfPage\":{\"@id\":\"https:\\\/\\\/elhijodelllanero.mx\\\/index.php\\\/2024\\\/04\\\/02\\\/proteccion-civil-realiza-acciones-para-prevencion-de-incendios\\\/\"},\"wordCount\":398,\"commentCount\":0,\"image\":{\"@id\":\"https:\\\/\\\/elhijodelllanero.mx\\\/index.php\\\/2024\\\/04\\\/02\\\/proteccion-civil-realiza-acciones-para-prevencion-de-incendios\\\/#primaryimage\"},\"thumbnailUrl\":\"https:\\\/\\\/i0.wp.com\\\/elhijodelllanero.mx\\\/wp-content\\\/uploads\\\/2024\\\/04\\\/IMG-20240402-WA0035.jpg?fit=1273%2C853&ssl=1\",\"articleSection\":[\"CORTAZAR\"],\"inLanguage\":\"es\",\"potentialAction\":[{\"@type\":\"CommentAction\",\"name\":\"Comment\",\"target\":[\"https:\\\/\\\/elhijodelllanero.mx\\\/index.php\\\/2024\\\/04\\\/02\\\/proteccion-civil-realiza-acciones-para-prevencion-de-incendios\\\/#respond\"]}]},{\"@type\":\"WebPage\",\"@id\":\"https:\\\/\\\/elhijodelllanero.mx\\\/index.php\\\/2024\\\/04\\\/02\\\/proteccion-civil-realiza-acciones-para-prevencion-de-incendios\\\/\",\"url\":\"https:\\\/\\\/elhijodelllanero.mx\\\/index.php\\\/2024\\\/04\\\/02\\\/proteccion-civil-realiza-acciones-para-prevencion-de-incendios\\\/\",\"name\":\"Protecci\u00f3n Civil realiza acciones para prevenci\u00f3n de incendios. - El Hijo del llanero solititito\",\"isPartOf\":{\"@id\":\"https:\\\/\\\/elhijodelllanero.mx\\\/#website\"},\"primaryImageOfPage\":{\"@id\":\"https:\\\/\\\/elhijodelllanero.mx\\\/index.php\\\/2024\\\/04\\\/02\\\/proteccion-civil-realiza-acciones-para-prevencion-de-incendios\\\/#primaryimage\"},\"image\":{\"@id\":\"https:\\\/\\\/elhijodelllanero.mx\\\/index.php\\\/2024\\\/04\\\/02\\\/proteccion-civil-realiza-acciones-para-prevencion-de-incendios\\\/#primaryimage\"},\"thumbnailUrl\":\"https:\\\/\\\/i0.wp.com\\\/elhijodelllanero.mx\\\/wp-content\\\/uploads\\\/2024\\\/04\\\/IMG-20240402-WA0035.jpg?fit=1273%2C853&ssl=1\",\"datePublished\":\"2024-04-02T20:41:00+00:00\",\"author\":{\"@id\":\"https:\\\/\\\/elhijodelllanero.mx\\\/#\\\/schema\\\/person\\\/5dcfdd3db3a6f7e7906ef5d92cf7340b\"},\"breadcrumb\":{\"@id\":\"https:\\\/\\\/elhijodelllanero.mx\\\/index.php\\\/2024\\\/04\\\/02\\\/proteccion-civil-realiza-acciones-para-prevencion-de-incendios\\\/#breadcrumb\"},\"inLanguage\":\"es\",\"potentialAction\":[{\"@type\":\"ReadAction\",\"target\":[\"https:\\\/\\\/elhijodelllanero.mx\\\/index.php\\\/2024\\\/04\\\/02\\\/proteccion-civil-realiza-acciones-para-prevencion-de-incendios\\\/\"]}]},{\"@type\":\"ImageObject\",\"inLanguage\":\"es\",\"@id\":\"https:\\\/\\\/elhijodelllanero.mx\\\/index.php\\\/2024\\\/04\\\/02\\\/proteccion-civil-realiza-acciones-para-prevencion-de-incendios\\\/#primaryimage\",\"url\":\"https:\\\/\\\/i0.wp.com\\\/elhijodelllanero.mx\\\/wp-content\\\/uploads\\\/2024\\\/04\\\/IMG-20240402-WA0035.jpg?fit=1273%2C853&ssl=1\",\"contentUrl\":\"https:\\\/\\\/i0.wp.com\\\/elhijodelllanero.mx\\\/wp-content\\\/uploads\\\/2024\\\/04\\\/IMG-20240402-WA0035.jpg?fit=1273%2C853&ssl=1\",\"width\":1273,\"height\":853},{\"@type\":\"BreadcrumbList\",\"@id\":\"https:\\\/\\\/elhijodelllanero.mx\\\/index.php\\\/2024\\\/04\\\/02\\\/proteccion-civil-realiza-acciones-para-prevencion-de-incendios\\\/#breadcrumb\",\"itemListElement\":[{\"@type\":\"ListItem\",\"position\":1,\"name\":\"Portada\",\"item\":\"https:\\\/\\\/elhijodelllanero.mx\\\/\"},{\"@type\":\"ListItem\",\"position\":2,\"name\":\"Protecci\u00f3n Civil realiza acciones para prevenci\u00f3n de incendios.\"}]},{\"@type\":\"WebSite\",\"@id\":\"https:\\\/\\\/elhijodelllanero.mx\\\/#website\",\"url\":\"https:\\\/\\\/elhijodelllanero.mx\\\/\",\"name\":\"El Hijo del llanero solititito\",\"description\":\"\",\"potentialAction\":[{\"@type\":\"SearchAction\",\"target\":{\"@type\":\"EntryPoint\",\"urlTemplate\":\"https:\\\/\\\/elhijodelllanero.mx\\\/?s={search_term_string}\"},\"query-input\":{\"@type\":\"PropertyValueSpecification\",\"valueRequired\":true,\"valueName\":\"search_term_string\"}}],\"inLanguage\":\"es\"},{\"@type\":\"Person\",\"@id\":\"https:\\\/\\\/elhijodelllanero.mx\\\/#\\\/schema\\\/person\\\/5dcfdd3db3a6f7e7906ef5d92cf7340b\",\"name\":\"Redaccion\",\"image\":{\"@type\":\"ImageObject\",\"inLanguage\":\"es\",\"@id\":\"https:\\\/\\\/secure.gravatar.com\\\/avatar\\\/f65b913d6e7be363e7396f7fad32ab76d311fbb575fa7e623ec3ea4799f3b718?s=96&d=mm&r=g\",\"url\":\"https:\\\/\\\/secure.gravatar.com\\\/avatar\\\/f65b913d6e7be363e7396f7fad32ab76d311fbb575fa7e623ec3ea4799f3b718?s=96&d=mm&r=g\",\"contentUrl\":\"https:\\\/\\\/secure.gravatar.com\\\/avatar\\\/f65b913d6e7be363e7396f7fad32ab76d311fbb575fa7e623ec3ea4799f3b718?s=96&d=mm&r=g\",\"caption\":\"Redaccion\"},\"sameAs\":[\"https:\\\/\\\/www.elhijodelllanero.mx\"],\"url\":\"https:\\\/\\\/elhijodelllanero.mx\\\/index.php\\\/author\\\/admin_6smc8z8t\\\/\"}]}<\/script>\n<!-- \/ Yoast SEO plugin. -->","yoast_head_json":{"title":"Protecci\u00f3n Civil realiza acciones para prevenci\u00f3n de incendios. - El Hijo del llanero solititito","robots":{"index":"index","follow":"follow","max-snippet":"max-snippet:-1","max-image-preview":"max-image-preview:large","max-video-preview":"max-video-preview:-1"},"canonical":"https:\/\/elhijodelllanero.mx\/index.php\/2024\/04\/02\/proteccion-civil-realiza-acciones-para-prevencion-de-incendios\/","og_locale":"es_ES","og_type":"article","og_title":"Protecci\u00f3n Civil realiza acciones para prevenci\u00f3n de incendios. - El Hijo del llanero solititito","og_description":"&nbsp; Cortazar, Gto., 2 abril 2024.- La Coordinaci\u00f3n Municipal de Protecci\u00f3n Civil, realiza acciones conjuntas con el Cuerpo de Bomberos y el Sistema de Seguridad P\u00fablica Municipal, a fin de inhibir la quema de llantas y pastizales ubicados en lotes bald\u00edos, as\u00ed como para prevenir incendios en zonas cerriles del municipio. \u201cEn los \u00faltimos d\u00edas [&hellip;]","og_url":"https:\/\/elhijodelllanero.mx\/index.php\/2024\/04\/02\/proteccion-civil-realiza-acciones-para-prevencion-de-incendios\/","og_site_name":"El Hijo del llanero solititito","article_published_time":"2024-04-02T20:41:00+00:00","og_image":[{"width":1273,"height":853,"url":"https:\/\/elhijodelllanero.mx\/wp-content\/uploads\/2024\/04\/IMG-20240402-WA0035.jpg","type":"image\/jpeg"}],"author":"Redaccion","twitter_card":"summary_large_image","twitter_misc":{"Escrito por":"Redaccion","Tiempo de lectura":"2 minutos"},"schema":{"@context":"https:\/\/schema.org","@graph":[{"@type":"Article","@id":"https:\/\/elhijodelllanero.mx\/index.php\/2024\/04\/02\/proteccion-civil-realiza-acciones-para-prevencion-de-incendios\/#article","isPartOf":{"@id":"https:\/\/elhijodelllanero.mx\/index.php\/2024\/04\/02\/proteccion-civil-realiza-acciones-para-prevencion-de-incendios\/"},"author":{"name":"Redaccion","@id":"https:\/\/elhijodelllanero.mx\/#\/schema\/person\/5dcfdd3db3a6f7e7906ef5d92cf7340b"},"headline":"Protecci\u00f3n Civil realiza acciones para prevenci\u00f3n de incendios.","datePublished":"2024-04-02T20:41:00+00:00","mainEntityOfPage":{"@id":"https:\/\/elhijodelllanero.mx\/index.php\/2024\/04\/02\/proteccion-civil-realiza-acciones-para-prevencion-de-incendios\/"},"wordCount":398,"commentCount":0,"image":{"@id":"https:\/\/elhijodelllanero.mx\/index.php\/2024\/04\/02\/proteccion-civil-realiza-acciones-para-prevencion-de-incendios\/#primaryimage"},"thumbnailUrl":"https:\/\/i0.wp.com\/elhijodelllanero.mx\/wp-content\/uploads\/2024\/04\/IMG-20240402-WA0035.jpg?fit=1273%2C853&ssl=1","articleSection":["CORTAZAR"],"inLanguage":"es","potentialAction":[{"@type":"CommentAction","name":"Comment","target":["https:\/\/elhijodelllanero.mx\/index.php\/2024\/04\/02\/proteccion-civil-realiza-acciones-para-prevencion-de-incendios\/#respond"]}]},{"@type":"WebPage","@id":"https:\/\/elhijodelllanero.mx\/index.php\/2024\/04\/02\/proteccion-civil-realiza-acciones-para-prevencion-de-incendios\/","url":"https:\/\/elhijodelllanero.mx\/index.php\/2024\/04\/02\/proteccion-civil-realiza-acciones-para-prevencion-de-incendios\/","name":"Protecci\u00f3n Civil realiza acciones para prevenci\u00f3n de incendios. - El Hijo del llanero solititito","isPartOf":{"@id":"https:\/\/elhijodelllanero.mx\/#website"},"primaryImageOfPage":{"@id":"https:\/\/elhijodelllanero.mx\/index.php\/2024\/04\/02\/proteccion-civil-realiza-acciones-para-prevencion-de-incendios\/#primaryimage"},"image":{"@id":"https:\/\/elhijodelllanero.mx\/index.php\/2024\/04\/02\/proteccion-civil-realiza-acciones-para-prevencion-de-incendios\/#primaryimage"},"thumbnailUrl":"https:\/\/i0.wp.com\/elhijodelllanero.mx\/wp-content\/uploads\/2024\/04\/IMG-20240402-WA0035.jpg?fit=1273%2C853&ssl=1","datePublished":"2024-04-02T20:41:00+00:00","author":{"@id":"https:\/\/elhijodelllanero.mx\/#\/schema\/person\/5dcfdd3db3a6f7e7906ef5d92cf7340b"},"breadcrumb":{"@id":"https:\/\/elhijodelllanero.mx\/index.php\/2024\/04\/02\/proteccion-civil-realiza-acciones-para-prevencion-de-incendios\/#breadcrumb"},"inLanguage":"es","potentialAction":[{"@type":"ReadAction","target":["https:\/\/elhijodelllanero.mx\/index.php\/2024\/04\/02\/proteccion-civil-realiza-acciones-para-prevencion-de-incendios\/"]}]},{"@type":"ImageObject","inLanguage":"es","@id":"https:\/\/elhijodelllanero.mx\/index.php\/2024\/04\/02\/proteccion-civil-realiza-acciones-para-prevencion-de-incendios\/#primaryimage","url":"https:\/\/i0.wp.com\/elhijodelllanero.mx\/wp-content\/uploads\/2024\/04\/IMG-20240402-WA0035.jpg?fit=1273%2C853&ssl=1","contentUrl":"https:\/\/i0.wp.com\/elhijodelllanero.mx\/wp-content\/uploads\/2024\/04\/IMG-20240402-WA0035.jpg?fit=1273%2C853&ssl=1","width":1273,"height":853},{"@type":"BreadcrumbList","@id":"https:\/\/elhijodelllanero.mx\/index.php\/2024\/04\/02\/proteccion-civil-realiza-acciones-para-prevencion-de-incendios\/#breadcrumb","itemListElement":[{"@type":"ListItem","position":1,"name":"Portada","item":"https:\/\/elhijodelllanero.mx\/"},{"@type":"ListItem","position":2,"name":"Protecci\u00f3n Civil realiza acciones para prevenci\u00f3n de incendios."}]},{"@type":"WebSite","@id":"https:\/\/elhijodelllanero.mx\/#website","url":"https:\/\/elhijodelllanero.mx\/","name":"El Hijo del llanero solititito","description":"","potentialAction":[{"@type":"SearchAction","target":{"@type":"EntryPoint","urlTemplate":"https:\/\/elhijodelllanero.mx\/?s={search_term_string}"},"query-input":{"@type":"PropertyValueSpecification","valueRequired":true,"valueName":"search_term_string"}}],"inLanguage":"es"},{"@type":"Person","@id":"https:\/\/elhijodelllanero.mx\/#\/schema\/person\/5dcfdd3db3a6f7e7906ef5d92cf7340b","name":"Redaccion","image":{"@type":"ImageObject","inLanguage":"es","@id":"https:\/\/secure.gravatar.com\/avatar\/f65b913d6e7be363e7396f7fad32ab76d311fbb575fa7e623ec3ea4799f3b718?s=96&d=mm&r=g","url":"https:\/\/secure.gravatar.com\/avatar\/f65b913d6e7be363e7396f7fad32ab76d311fbb575fa7e623ec3ea4799f3b718?s=96&d=mm&r=g","contentUrl":"https:\/\/secure.gravatar.com\/avatar\/f65b913d6e7be363e7396f7fad32ab76d311fbb575fa7e623ec3ea4799f3b718?s=96&d=mm&r=g","caption":"Redaccion"},"sameAs":["https:\/\/www.elhijodelllanero.mx"],"url":"https:\/\/elhijodelllanero.mx\/index.php\/author\/admin_6smc8z8t\/"}]}},"jetpack_featured_media_url":"https:\/\/i0.wp.com\/elhijodelllanero.mx\/wp-content\/uploads\/2024\/04\/IMG-20240402-WA0035.jpg?fit=1273%2C853&ssl=1","jetpack-related-posts":[],"jetpack_sharing_enabled":true,"_links":{"self":[{"href":"https:\/\/elhijodelllanero.mx\/index.php\/wp-json\/wp\/v2\/posts\/5572","targetHints":{"allow":["GET"]}}],"collection":[{"href":"https:\/\/elhijodelllanero.mx\/index.php\/wp-json\/wp\/v2\/posts"}],"about":[{"href":"https:\/\/elhijodelllanero.mx\/index.php\/wp-json\/wp\/v2\/types\/post"}],"author":[{"embeddable":true,"href":"https:\/\/elhijodelllanero.mx\/index.php\/wp-json\/wp\/v2\/users\/1"}],"replies":[{"embeddable":true,"href":"https:\/\/elhijodelllanero.mx\/index.php\/wp-json\/wp\/v2\/comments?post=5572"}],"version-history":[{"count":1,"href":"https:\/\/elhijodelllanero.mx\/index.php\/wp-json\/wp\/v2\/posts\/5572\/revisions"}],"predecessor-version":[{"id":5574,"href":"https:\/\/elhijodelllanero.mx\/index.php\/wp-json\/wp\/v2\/posts\/5572\/revisions\/5574"}],"wp:featuredmedia":[{"embeddable":true,"href":"https:\/\/elhijodelllanero.mx\/index.php\/wp-json\/wp\/v2\/media\/5573"}],"wp:attachment":[{"href":"https:\/\/elhijodelllanero.mx\/index.php\/wp-json\/wp\/v2\/media?parent=5572"}],"wp:term":[{"taxonomy":"category","embeddable":true,"href":"https:\/\/elhijodelllanero.mx\/index.php\/wp-json\/wp\/v2\/categories?post=5572"},{"taxonomy":"post_tag","embeddable":true,"href":"https:\/\/elhijodelllanero.mx\/index.php\/wp-json\/wp\/v2\/tags?post=5572"}],"curies":[{"name":"wp","href":"https:\/\/api.w.org\/{rel}","templated":true}]}}