{"id":728,"date":"2023-10-17T22:06:30","date_gmt":"2023-10-17T22:06:30","guid":{"rendered":"https:\/\/elhijodelllanero.mx\/?p=728"},"modified":"2023-10-17T22:06:34","modified_gmt":"2023-10-17T22:06:34","slug":"dio-inicio-la-colecta-anual-de-cruz-roja-en-celaya","status":"publish","type":"post","link":"https:\/\/elhijodelllanero.mx\/index.php\/2023\/10\/17\/dio-inicio-la-colecta-anual-de-cruz-roja-en-celaya\/","title":{"rendered":"Dio inici\u00f3 la colecta anual de Cruz Roja en Celaya"},"content":{"rendered":"\n<p>.<\/p>\n\n\n\n<p>Celaya, Gto., 17 octubre 2023.- Este d\u00eda, arranc\u00f3 de manera oficial la colecta anual de Cruz Roja Celaya.<br>El acto que reuni\u00f3 a autoridades municipales, integrantes del Ayuntamiento, representantes de las empresas benefactoras de Cruz Roja, representantes de asociaciones, representantes de instituciones educativas, medios de comunicaci\u00f3n y voluntarios, tambi\u00e9n sirvi\u00f3 como marco para dar arranque a la colecta anual (boteo) por parte de la delegaci\u00f3n Celaya.<br>Los encargados de las 11 coordinaciones y voluntarios iniciaron el boteo con los presentes y dieron el banderazo para solicitar el apoyo de la sociedad, como tambi\u00e9n lo hizo el presidente municipal, Javier Mendoza, a hacer el llamado.<br>\u201cEstos grandes proyectos en Celaya son chamba de todos, no es chamba de una administraci\u00f3n que tiene un tiempo perentorio, tampoco es chamba solamente de los empresarios, es chamba de toda de toda la sociedad y de cada uno de los ciudadanos que debemos, de manera muy responsable, ser aliados solidarios, sumarnos a estos proyectos que benefician a toda nuestra comunidad\u201d, afirm\u00f3.<\/p>\n","protected":false},"excerpt":{"rendered":"<p>. Celaya, Gto., 17 octubre 2023.- Este d\u00eda, arranc\u00f3 de manera oficial la colecta anual de Cruz Roja Celaya.El acto que reuni\u00f3 a autoridades municipales, integrantes del Ayuntamiento, representantes de las empresas benefactoras de Cruz Roja, representantes de asociaciones, representantes de instituciones educativas, medios de comunicaci\u00f3n y voluntarios, tambi\u00e9n sirvi\u00f3 como marco para dar arranque [&hellip;]<\/p>\n","protected":false},"author":1,"featured_media":729,"comment_status":"open","ping_status":"closed","sticky":false,"template":"","format":"standard","meta":{"_jetpack_newsletter_access":"","_jetpack_dont_email_post_to_subs":false,"_jetpack_newsletter_tier_id":0,"_jetpack_memberships_contains_paywalled_content":false,"_jetpack_memberships_contains_paid_content":false,"footnotes":""},"categories":[1],"tags":[],"class_list":{"0":"post-728","1":"post","2":"type-post","3":"status-publish","4":"format-standard","5":"has-post-thumbnail","7":"category-uncategorized"},"yoast_head":"<!-- This site is optimized with the Yoast SEO plugin v27.3 - https:\/\/yoast.com\/product\/yoast-seo-wordpress\/ -->\n<title>Dio inici\u00f3 la colecta anual de Cruz Roja en Celaya - El Hijo del llanero solititito<\/title>\n<meta name=\"robots\" content=\"index, follow, max-snippet:-1, max-image-preview:large, max-video-preview:-1\" \/>\n<link rel=\"canonical\" href=\"https:\/\/elhijodelllanero.mx\/index.php\/2023\/10\/17\/dio-inicio-la-colecta-anual-de-cruz-roja-en-celaya\/\" \/>\n<meta property=\"og:locale\" content=\"es_ES\" \/>\n<meta property=\"og:type\" content=\"article\" \/>\n<meta property=\"og:title\" content=\"Dio inici\u00f3 la colecta anual de Cruz Roja en Celaya - El Hijo del llanero solititito\" \/>\n<meta property=\"og:description\" content=\". Celaya, Gto., 17 octubre 2023.- Este d\u00eda, arranc\u00f3 de manera oficial la colecta anual de Cruz Roja Celaya.El acto que reuni\u00f3 a autoridades municipales, integrantes del Ayuntamiento, representantes de las empresas benefactoras de Cruz Roja, representantes de asociaciones, representantes de instituciones educativas, medios de comunicaci\u00f3n y voluntarios, tambi\u00e9n sirvi\u00f3 como marco para dar arranque [&hellip;]\" \/>\n<meta property=\"og:url\" content=\"https:\/\/elhijodelllanero.mx\/index.php\/2023\/10\/17\/dio-inicio-la-colecta-anual-de-cruz-roja-en-celaya\/\" \/>\n<meta property=\"og:site_name\" content=\"El Hijo del llanero solititito\" \/>\n<meta property=\"article:published_time\" content=\"2023-10-17T22:06:30+00:00\" \/>\n<meta property=\"article:modified_time\" content=\"2023-10-17T22:06:34+00:00\" \/>\n<meta property=\"og:image\" content=\"https:\/\/elhijodelllanero.mx\/wp-content\/uploads\/2023\/10\/IMG-20231017-WA0107.jpg\" \/>\n\t<meta property=\"og:image:width\" content=\"1024\" \/>\n\t<meta property=\"og:image:height\" content=\"683\" \/>\n\t<meta property=\"og:image:type\" content=\"image\/jpeg\" \/>\n<meta name=\"author\" content=\"Redaccion\" \/>\n<meta name=\"twitter:card\" content=\"summary_large_image\" \/>\n<meta name=\"twitter:label1\" content=\"Escrito por\" \/>\n\t<meta name=\"twitter:data1\" content=\"Redaccion\" \/>\n\t<meta name=\"twitter:label2\" content=\"Tiempo de lectura\" \/>\n\t<meta name=\"twitter:data2\" content=\"1 minuto\" \/>\n<script type=\"application\/ld+json\" class=\"yoast-schema-graph\">{\"@context\":\"https:\\\/\\\/schema.org\",\"@graph\":[{\"@type\":\"Article\",\"@id\":\"https:\\\/\\\/elhijodelllanero.mx\\\/index.php\\\/2023\\\/10\\\/17\\\/dio-inicio-la-colecta-anual-de-cruz-roja-en-celaya\\\/#article\",\"isPartOf\":{\"@id\":\"https:\\\/\\\/elhijodelllanero.mx\\\/index.php\\\/2023\\\/10\\\/17\\\/dio-inicio-la-colecta-anual-de-cruz-roja-en-celaya\\\/\"},\"author\":{\"name\":\"Redaccion\",\"@id\":\"https:\\\/\\\/elhijodelllanero.mx\\\/#\\\/schema\\\/person\\\/5dcfdd3db3a6f7e7906ef5d92cf7340b\"},\"headline\":\"Dio inici\u00f3 la colecta anual de Cruz Roja en Celaya\",\"datePublished\":\"2023-10-17T22:06:30+00:00\",\"dateModified\":\"2023-10-17T22:06:34+00:00\",\"mainEntityOfPage\":{\"@id\":\"https:\\\/\\\/elhijodelllanero.mx\\\/index.php\\\/2023\\\/10\\\/17\\\/dio-inicio-la-colecta-anual-de-cruz-roja-en-celaya\\\/\"},\"wordCount\":180,\"commentCount\":0,\"image\":{\"@id\":\"https:\\\/\\\/elhijodelllanero.mx\\\/index.php\\\/2023\\\/10\\\/17\\\/dio-inicio-la-colecta-anual-de-cruz-roja-en-celaya\\\/#primaryimage\"},\"thumbnailUrl\":\"https:\\\/\\\/i0.wp.com\\\/elhijodelllanero.mx\\\/wp-content\\\/uploads\\\/2023\\\/10\\\/IMG-20231017-WA0107.jpg?fit=1024%2C683&ssl=1\",\"articleSection\":[\"Uncategorized\"],\"inLanguage\":\"es\",\"potentialAction\":[{\"@type\":\"CommentAction\",\"name\":\"Comment\",\"target\":[\"https:\\\/\\\/elhijodelllanero.mx\\\/index.php\\\/2023\\\/10\\\/17\\\/dio-inicio-la-colecta-anual-de-cruz-roja-en-celaya\\\/#respond\"]}]},{\"@type\":\"WebPage\",\"@id\":\"https:\\\/\\\/elhijodelllanero.mx\\\/index.php\\\/2023\\\/10\\\/17\\\/dio-inicio-la-colecta-anual-de-cruz-roja-en-celaya\\\/\",\"url\":\"https:\\\/\\\/elhijodelllanero.mx\\\/index.php\\\/2023\\\/10\\\/17\\\/dio-inicio-la-colecta-anual-de-cruz-roja-en-celaya\\\/\",\"name\":\"Dio inici\u00f3 la colecta anual de Cruz Roja en Celaya - El Hijo del llanero solititito\",\"isPartOf\":{\"@id\":\"https:\\\/\\\/elhijodelllanero.mx\\\/#website\"},\"primaryImageOfPage\":{\"@id\":\"https:\\\/\\\/elhijodelllanero.mx\\\/index.php\\\/2023\\\/10\\\/17\\\/dio-inicio-la-colecta-anual-de-cruz-roja-en-celaya\\\/#primaryimage\"},\"image\":{\"@id\":\"https:\\\/\\\/elhijodelllanero.mx\\\/index.php\\\/2023\\\/10\\\/17\\\/dio-inicio-la-colecta-anual-de-cruz-roja-en-celaya\\\/#primaryimage\"},\"thumbnailUrl\":\"https:\\\/\\\/i0.wp.com\\\/elhijodelllanero.mx\\\/wp-content\\\/uploads\\\/2023\\\/10\\\/IMG-20231017-WA0107.jpg?fit=1024%2C683&ssl=1\",\"datePublished\":\"2023-10-17T22:06:30+00:00\",\"dateModified\":\"2023-10-17T22:06:34+00:00\",\"author\":{\"@id\":\"https:\\\/\\\/elhijodelllanero.mx\\\/#\\\/schema\\\/person\\\/5dcfdd3db3a6f7e7906ef5d92cf7340b\"},\"breadcrumb\":{\"@id\":\"https:\\\/\\\/elhijodelllanero.mx\\\/index.php\\\/2023\\\/10\\\/17\\\/dio-inicio-la-colecta-anual-de-cruz-roja-en-celaya\\\/#breadcrumb\"},\"inLanguage\":\"es\",\"potentialAction\":[{\"@type\":\"ReadAction\",\"target\":[\"https:\\\/\\\/elhijodelllanero.mx\\\/index.php\\\/2023\\\/10\\\/17\\\/dio-inicio-la-colecta-anual-de-cruz-roja-en-celaya\\\/\"]}]},{\"@type\":\"ImageObject\",\"inLanguage\":\"es\",\"@id\":\"https:\\\/\\\/elhijodelllanero.mx\\\/index.php\\\/2023\\\/10\\\/17\\\/dio-inicio-la-colecta-anual-de-cruz-roja-en-celaya\\\/#primaryimage\",\"url\":\"https:\\\/\\\/i0.wp.com\\\/elhijodelllanero.mx\\\/wp-content\\\/uploads\\\/2023\\\/10\\\/IMG-20231017-WA0107.jpg?fit=1024%2C683&ssl=1\",\"contentUrl\":\"https:\\\/\\\/i0.wp.com\\\/elhijodelllanero.mx\\\/wp-content\\\/uploads\\\/2023\\\/10\\\/IMG-20231017-WA0107.jpg?fit=1024%2C683&ssl=1\",\"width\":1024,\"height\":683},{\"@type\":\"BreadcrumbList\",\"@id\":\"https:\\\/\\\/elhijodelllanero.mx\\\/index.php\\\/2023\\\/10\\\/17\\\/dio-inicio-la-colecta-anual-de-cruz-roja-en-celaya\\\/#breadcrumb\",\"itemListElement\":[{\"@type\":\"ListItem\",\"position\":1,\"name\":\"Portada\",\"item\":\"https:\\\/\\\/elhijodelllanero.mx\\\/\"},{\"@type\":\"ListItem\",\"position\":2,\"name\":\"Dio inici\u00f3 la colecta anual de Cruz Roja en Celaya\"}]},{\"@type\":\"WebSite\",\"@id\":\"https:\\\/\\\/elhijodelllanero.mx\\\/#website\",\"url\":\"https:\\\/\\\/elhijodelllanero.mx\\\/\",\"name\":\"El Hijo del llanero solititito\",\"description\":\"\",\"potentialAction\":[{\"@type\":\"SearchAction\",\"target\":{\"@type\":\"EntryPoint\",\"urlTemplate\":\"https:\\\/\\\/elhijodelllanero.mx\\\/?s={search_term_string}\"},\"query-input\":{\"@type\":\"PropertyValueSpecification\",\"valueRequired\":true,\"valueName\":\"search_term_string\"}}],\"inLanguage\":\"es\"},{\"@type\":\"Person\",\"@id\":\"https:\\\/\\\/elhijodelllanero.mx\\\/#\\\/schema\\\/person\\\/5dcfdd3db3a6f7e7906ef5d92cf7340b\",\"name\":\"Redaccion\",\"image\":{\"@type\":\"ImageObject\",\"inLanguage\":\"es\",\"@id\":\"https:\\\/\\\/secure.gravatar.com\\\/avatar\\\/f65b913d6e7be363e7396f7fad32ab76d311fbb575fa7e623ec3ea4799f3b718?s=96&d=mm&r=g\",\"url\":\"https:\\\/\\\/secure.gravatar.com\\\/avatar\\\/f65b913d6e7be363e7396f7fad32ab76d311fbb575fa7e623ec3ea4799f3b718?s=96&d=mm&r=g\",\"contentUrl\":\"https:\\\/\\\/secure.gravatar.com\\\/avatar\\\/f65b913d6e7be363e7396f7fad32ab76d311fbb575fa7e623ec3ea4799f3b718?s=96&d=mm&r=g\",\"caption\":\"Redaccion\"},\"sameAs\":[\"https:\\\/\\\/www.elhijodelllanero.mx\"],\"url\":\"https:\\\/\\\/elhijodelllanero.mx\\\/index.php\\\/author\\\/admin_6smc8z8t\\\/\"}]}<\/script>\n<!-- \/ Yoast SEO plugin. -->","yoast_head_json":{"title":"Dio inici\u00f3 la colecta anual de Cruz Roja en Celaya - El Hijo del llanero solititito","robots":{"index":"index","follow":"follow","max-snippet":"max-snippet:-1","max-image-preview":"max-image-preview:large","max-video-preview":"max-video-preview:-1"},"canonical":"https:\/\/elhijodelllanero.mx\/index.php\/2023\/10\/17\/dio-inicio-la-colecta-anual-de-cruz-roja-en-celaya\/","og_locale":"es_ES","og_type":"article","og_title":"Dio inici\u00f3 la colecta anual de Cruz Roja en Celaya - El Hijo del llanero solititito","og_description":". Celaya, Gto., 17 octubre 2023.- Este d\u00eda, arranc\u00f3 de manera oficial la colecta anual de Cruz Roja Celaya.El acto que reuni\u00f3 a autoridades municipales, integrantes del Ayuntamiento, representantes de las empresas benefactoras de Cruz Roja, representantes de asociaciones, representantes de instituciones educativas, medios de comunicaci\u00f3n y voluntarios, tambi\u00e9n sirvi\u00f3 como marco para dar arranque [&hellip;]","og_url":"https:\/\/elhijodelllanero.mx\/index.php\/2023\/10\/17\/dio-inicio-la-colecta-anual-de-cruz-roja-en-celaya\/","og_site_name":"El Hijo del llanero solititito","article_published_time":"2023-10-17T22:06:30+00:00","article_modified_time":"2023-10-17T22:06:34+00:00","og_image":[{"width":1024,"height":683,"url":"https:\/\/elhijodelllanero.mx\/wp-content\/uploads\/2023\/10\/IMG-20231017-WA0107.jpg","type":"image\/jpeg"}],"author":"Redaccion","twitter_card":"summary_large_image","twitter_misc":{"Escrito por":"Redaccion","Tiempo de lectura":"1 minuto"},"schema":{"@context":"https:\/\/schema.org","@graph":[{"@type":"Article","@id":"https:\/\/elhijodelllanero.mx\/index.php\/2023\/10\/17\/dio-inicio-la-colecta-anual-de-cruz-roja-en-celaya\/#article","isPartOf":{"@id":"https:\/\/elhijodelllanero.mx\/index.php\/2023\/10\/17\/dio-inicio-la-colecta-anual-de-cruz-roja-en-celaya\/"},"author":{"name":"Redaccion","@id":"https:\/\/elhijodelllanero.mx\/#\/schema\/person\/5dcfdd3db3a6f7e7906ef5d92cf7340b"},"headline":"Dio inici\u00f3 la colecta anual de Cruz Roja en Celaya","datePublished":"2023-10-17T22:06:30+00:00","dateModified":"2023-10-17T22:06:34+00:00","mainEntityOfPage":{"@id":"https:\/\/elhijodelllanero.mx\/index.php\/2023\/10\/17\/dio-inicio-la-colecta-anual-de-cruz-roja-en-celaya\/"},"wordCount":180,"commentCount":0,"image":{"@id":"https:\/\/elhijodelllanero.mx\/index.php\/2023\/10\/17\/dio-inicio-la-colecta-anual-de-cruz-roja-en-celaya\/#primaryimage"},"thumbnailUrl":"https:\/\/i0.wp.com\/elhijodelllanero.mx\/wp-content\/uploads\/2023\/10\/IMG-20231017-WA0107.jpg?fit=1024%2C683&ssl=1","articleSection":["Uncategorized"],"inLanguage":"es","potentialAction":[{"@type":"CommentAction","name":"Comment","target":["https:\/\/elhijodelllanero.mx\/index.php\/2023\/10\/17\/dio-inicio-la-colecta-anual-de-cruz-roja-en-celaya\/#respond"]}]},{"@type":"WebPage","@id":"https:\/\/elhijodelllanero.mx\/index.php\/2023\/10\/17\/dio-inicio-la-colecta-anual-de-cruz-roja-en-celaya\/","url":"https:\/\/elhijodelllanero.mx\/index.php\/2023\/10\/17\/dio-inicio-la-colecta-anual-de-cruz-roja-en-celaya\/","name":"Dio inici\u00f3 la colecta anual de Cruz Roja en Celaya - El Hijo del llanero solititito","isPartOf":{"@id":"https:\/\/elhijodelllanero.mx\/#website"},"primaryImageOfPage":{"@id":"https:\/\/elhijodelllanero.mx\/index.php\/2023\/10\/17\/dio-inicio-la-colecta-anual-de-cruz-roja-en-celaya\/#primaryimage"},"image":{"@id":"https:\/\/elhijodelllanero.mx\/index.php\/2023\/10\/17\/dio-inicio-la-colecta-anual-de-cruz-roja-en-celaya\/#primaryimage"},"thumbnailUrl":"https:\/\/i0.wp.com\/elhijodelllanero.mx\/wp-content\/uploads\/2023\/10\/IMG-20231017-WA0107.jpg?fit=1024%2C683&ssl=1","datePublished":"2023-10-17T22:06:30+00:00","dateModified":"2023-10-17T22:06:34+00:00","author":{"@id":"https:\/\/elhijodelllanero.mx\/#\/schema\/person\/5dcfdd3db3a6f7e7906ef5d92cf7340b"},"breadcrumb":{"@id":"https:\/\/elhijodelllanero.mx\/index.php\/2023\/10\/17\/dio-inicio-la-colecta-anual-de-cruz-roja-en-celaya\/#breadcrumb"},"inLanguage":"es","potentialAction":[{"@type":"ReadAction","target":["https:\/\/elhijodelllanero.mx\/index.php\/2023\/10\/17\/dio-inicio-la-colecta-anual-de-cruz-roja-en-celaya\/"]}]},{"@type":"ImageObject","inLanguage":"es","@id":"https:\/\/elhijodelllanero.mx\/index.php\/2023\/10\/17\/dio-inicio-la-colecta-anual-de-cruz-roja-en-celaya\/#primaryimage","url":"https:\/\/i0.wp.com\/elhijodelllanero.mx\/wp-content\/uploads\/2023\/10\/IMG-20231017-WA0107.jpg?fit=1024%2C683&ssl=1","contentUrl":"https:\/\/i0.wp.com\/elhijodelllanero.mx\/wp-content\/uploads\/2023\/10\/IMG-20231017-WA0107.jpg?fit=1024%2C683&ssl=1","width":1024,"height":683},{"@type":"BreadcrumbList","@id":"https:\/\/elhijodelllanero.mx\/index.php\/2023\/10\/17\/dio-inicio-la-colecta-anual-de-cruz-roja-en-celaya\/#breadcrumb","itemListElement":[{"@type":"ListItem","position":1,"name":"Portada","item":"https:\/\/elhijodelllanero.mx\/"},{"@type":"ListItem","position":2,"name":"Dio inici\u00f3 la colecta anual de Cruz Roja en Celaya"}]},{"@type":"WebSite","@id":"https:\/\/elhijodelllanero.mx\/#website","url":"https:\/\/elhijodelllanero.mx\/","name":"El Hijo del llanero solititito","description":"","potentialAction":[{"@type":"SearchAction","target":{"@type":"EntryPoint","urlTemplate":"https:\/\/elhijodelllanero.mx\/?s={search_term_string}"},"query-input":{"@type":"PropertyValueSpecification","valueRequired":true,"valueName":"search_term_string"}}],"inLanguage":"es"},{"@type":"Person","@id":"https:\/\/elhijodelllanero.mx\/#\/schema\/person\/5dcfdd3db3a6f7e7906ef5d92cf7340b","name":"Redaccion","image":{"@type":"ImageObject","inLanguage":"es","@id":"https:\/\/secure.gravatar.com\/avatar\/f65b913d6e7be363e7396f7fad32ab76d311fbb575fa7e623ec3ea4799f3b718?s=96&d=mm&r=g","url":"https:\/\/secure.gravatar.com\/avatar\/f65b913d6e7be363e7396f7fad32ab76d311fbb575fa7e623ec3ea4799f3b718?s=96&d=mm&r=g","contentUrl":"https:\/\/secure.gravatar.com\/avatar\/f65b913d6e7be363e7396f7fad32ab76d311fbb575fa7e623ec3ea4799f3b718?s=96&d=mm&r=g","caption":"Redaccion"},"sameAs":["https:\/\/www.elhijodelllanero.mx"],"url":"https:\/\/elhijodelllanero.mx\/index.php\/author\/admin_6smc8z8t\/"}]}},"jetpack_featured_media_url":"https:\/\/i0.wp.com\/elhijodelllanero.mx\/wp-content\/uploads\/2023\/10\/IMG-20231017-WA0107.jpg?fit=1024%2C683&ssl=1","jetpack-related-posts":[],"jetpack_sharing_enabled":true,"_links":{"self":[{"href":"https:\/\/elhijodelllanero.mx\/index.php\/wp-json\/wp\/v2\/posts\/728","targetHints":{"allow":["GET"]}}],"collection":[{"href":"https:\/\/elhijodelllanero.mx\/index.php\/wp-json\/wp\/v2\/posts"}],"about":[{"href":"https:\/\/elhijodelllanero.mx\/index.php\/wp-json\/wp\/v2\/types\/post"}],"author":[{"embeddable":true,"href":"https:\/\/elhijodelllanero.mx\/index.php\/wp-json\/wp\/v2\/users\/1"}],"replies":[{"embeddable":true,"href":"https:\/\/elhijodelllanero.mx\/index.php\/wp-json\/wp\/v2\/comments?post=728"}],"version-history":[{"count":1,"href":"https:\/\/elhijodelllanero.mx\/index.php\/wp-json\/wp\/v2\/posts\/728\/revisions"}],"predecessor-version":[{"id":730,"href":"https:\/\/elhijodelllanero.mx\/index.php\/wp-json\/wp\/v2\/posts\/728\/revisions\/730"}],"wp:featuredmedia":[{"embeddable":true,"href":"https:\/\/elhijodelllanero.mx\/index.php\/wp-json\/wp\/v2\/media\/729"}],"wp:attachment":[{"href":"https:\/\/elhijodelllanero.mx\/index.php\/wp-json\/wp\/v2\/media?parent=728"}],"wp:term":[{"taxonomy":"category","embeddable":true,"href":"https:\/\/elhijodelllanero.mx\/index.php\/wp-json\/wp\/v2\/categories?post=728"},{"taxonomy":"post_tag","embeddable":true,"href":"https:\/\/elhijodelllanero.mx\/index.php\/wp-json\/wp\/v2\/tags?post=728"}],"curies":[{"name":"wp","href":"https:\/\/api.w.org\/{rel}","templated":true}]}}