{"id":8315,"date":"2024-07-23T19:52:54","date_gmt":"2024-07-23T19:52:54","guid":{"rendered":"https:\/\/elhijodelllanero.mx\/?p=8315"},"modified":"2024-07-23T19:52:54","modified_gmt":"2024-07-23T19:52:54","slug":"benefician-a-productores-celayenses-y-de-la-region-con-insumos-y-activos-agroalimentarios","status":"publish","type":"post","link":"https:\/\/elhijodelllanero.mx\/index.php\/2024\/07\/23\/benefician-a-productores-celayenses-y-de-la-region-con-insumos-y-activos-agroalimentarios\/","title":{"rendered":"Benefician a productores celayenses y de la regi\u00f3n con insumos y activos agroalimentarios."},"content":{"rendered":"<p>Celaya, Gto., 23 julio 2024.- El presidente municipal, Javier Mendoza M\u00e1rquez, particip\u00f3 en la entrega de Insumos y Activos Agroalimentarios que este martes otorg\u00f3 el Gobierno del Estado a productores celayenses y de la regi\u00f3n, a trav\u00e9s de la Secretar\u00eda de Desarrollo Agroalimentario y Rural (SDAyR).<br \/>\nCon inversi\u00f3n estimada en 7 millones de pesos se adquirieron los insumos como maquinaria para siembra, alimento para ganado, entre otros que servir\u00e1n para fortalecer el campo celayense y de Guanajuato, resalt\u00f3 el alcalde Mendoza M\u00e1rquez, en su mensaje.<br \/>\n\u201cEstoy bien seguro que esta entrega de implementos y de apoyos va a ser de gran beneficio para cada una y cada uno de ustedes, pero sobre todo representa un gran esfuerzo conjunto de la sociedad y el gobierno, gracias a eso se logra precisamente aterrizar este este proyecto y de eso se trata, de hacer alianzas que fortalezcan a nuestro campo\u201d, afirm\u00f3.<br \/>\nFueron alrededor de 600 los apoyos que se repartieron, de los cuales un mill\u00f3n 250 mil 670 pesos para Fructuosa; un mill\u00f3n 482 mil 864 del programa \u201cMi Familia Productiva y Sustentable\u201d; un mill\u00f3n747 mil 900 el programa \u201cTecnocampo\u201d y dos millones 502 mil 890 pesos a la adquisici\u00f3n de pacas y alimentos.<br \/>\nEn la entrega de apoyos, que se realiz\u00f3 en las instalaciones del Ecoforum, participaron la diputada federal Sara\u00ed N\u00fa\u00f1ez, el director de Sociedad Rural de la SDAyR, Ren\u00e9 S\u00e1nchez Gonz\u00e1lez, en representaci\u00f3n del secretario Paulo Ba\u00f1uelos, adem\u00e1s de representantes de asociaciones de ganaderos, productores agr\u00edcolas y los propios beneficiados de los programas.<\/p>\n","protected":false},"excerpt":{"rendered":"<p>Celaya, Gto., 23 julio 2024.- El presidente municipal, Javier Mendoza M\u00e1rquez, particip\u00f3 en la entrega de Insumos y Activos Agroalimentarios que este martes otorg\u00f3 el Gobierno del Estado a productores celayenses y de la regi\u00f3n, a trav\u00e9s de la Secretar\u00eda de Desarrollo Agroalimentario y Rural (SDAyR). Con inversi\u00f3n estimada en 7 millones de pesos se [&hellip;]<\/p>\n","protected":false},"author":1,"featured_media":8316,"comment_status":"open","ping_status":"closed","sticky":false,"template":"","format":"standard","meta":{"_jetpack_newsletter_access":"","_jetpack_dont_email_post_to_subs":false,"_jetpack_newsletter_tier_id":0,"_jetpack_memberships_contains_paywalled_content":false,"_jetpack_memberships_contains_paid_content":false,"footnotes":""},"categories":[74],"tags":[],"class_list":{"0":"post-8315","1":"post","2":"type-post","3":"status-publish","4":"format-standard","5":"has-post-thumbnail","7":"category-celaya"},"yoast_head":"<!-- This site is optimized with the Yoast SEO plugin v27.3 - https:\/\/yoast.com\/product\/yoast-seo-wordpress\/ -->\n<title>Benefician a productores celayenses y de la regi\u00f3n con insumos y activos agroalimentarios. - El Hijo del llanero solititito<\/title>\n<meta name=\"robots\" content=\"index, follow, max-snippet:-1, max-image-preview:large, max-video-preview:-1\" \/>\n<link rel=\"canonical\" href=\"https:\/\/elhijodelllanero.mx\/index.php\/2024\/07\/23\/benefician-a-productores-celayenses-y-de-la-region-con-insumos-y-activos-agroalimentarios\/\" \/>\n<meta property=\"og:locale\" content=\"es_ES\" \/>\n<meta property=\"og:type\" content=\"article\" \/>\n<meta property=\"og:title\" content=\"Benefician a productores celayenses y de la regi\u00f3n con insumos y activos agroalimentarios. - El Hijo del llanero solititito\" \/>\n<meta property=\"og:description\" content=\"Celaya, Gto., 23 julio 2024.- El presidente municipal, Javier Mendoza M\u00e1rquez, particip\u00f3 en la entrega de Insumos y Activos Agroalimentarios que este martes otorg\u00f3 el Gobierno del Estado a productores celayenses y de la regi\u00f3n, a trav\u00e9s de la Secretar\u00eda de Desarrollo Agroalimentario y Rural (SDAyR). Con inversi\u00f3n estimada en 7 millones de pesos se [&hellip;]\" \/>\n<meta property=\"og:url\" content=\"https:\/\/elhijodelllanero.mx\/index.php\/2024\/07\/23\/benefician-a-productores-celayenses-y-de-la-region-con-insumos-y-activos-agroalimentarios\/\" \/>\n<meta property=\"og:site_name\" content=\"El Hijo del llanero solititito\" \/>\n<meta property=\"article:published_time\" content=\"2024-07-23T19:52:54+00:00\" \/>\n<meta property=\"og:image\" content=\"https:\/\/elhijodelllanero.mx\/wp-content\/uploads\/2024\/07\/IMG-20240723-WA0032.jpg\" \/>\n\t<meta property=\"og:image:width\" content=\"1280\" \/>\n\t<meta property=\"og:image:height\" content=\"853\" \/>\n\t<meta property=\"og:image:type\" content=\"image\/jpeg\" \/>\n<meta name=\"author\" content=\"Redaccion\" \/>\n<meta name=\"twitter:card\" content=\"summary_large_image\" \/>\n<meta name=\"twitter:label1\" content=\"Escrito por\" \/>\n\t<meta name=\"twitter:data1\" content=\"Redaccion\" \/>\n\t<meta name=\"twitter:label2\" content=\"Tiempo de lectura\" \/>\n\t<meta name=\"twitter:data2\" content=\"2 minutos\" \/>\n<script type=\"application\/ld+json\" class=\"yoast-schema-graph\">{\"@context\":\"https:\\\/\\\/schema.org\",\"@graph\":[{\"@type\":\"Article\",\"@id\":\"https:\\\/\\\/elhijodelllanero.mx\\\/index.php\\\/2024\\\/07\\\/23\\\/benefician-a-productores-celayenses-y-de-la-region-con-insumos-y-activos-agroalimentarios\\\/#article\",\"isPartOf\":{\"@id\":\"https:\\\/\\\/elhijodelllanero.mx\\\/index.php\\\/2024\\\/07\\\/23\\\/benefician-a-productores-celayenses-y-de-la-region-con-insumos-y-activos-agroalimentarios\\\/\"},\"author\":{\"name\":\"Redaccion\",\"@id\":\"https:\\\/\\\/elhijodelllanero.mx\\\/#\\\/schema\\\/person\\\/5dcfdd3db3a6f7e7906ef5d92cf7340b\"},\"headline\":\"Benefician a productores celayenses y de la regi\u00f3n con insumos y activos agroalimentarios.\",\"datePublished\":\"2024-07-23T19:52:54+00:00\",\"mainEntityOfPage\":{\"@id\":\"https:\\\/\\\/elhijodelllanero.mx\\\/index.php\\\/2024\\\/07\\\/23\\\/benefician-a-productores-celayenses-y-de-la-region-con-insumos-y-activos-agroalimentarios\\\/\"},\"wordCount\":275,\"commentCount\":0,\"image\":{\"@id\":\"https:\\\/\\\/elhijodelllanero.mx\\\/index.php\\\/2024\\\/07\\\/23\\\/benefician-a-productores-celayenses-y-de-la-region-con-insumos-y-activos-agroalimentarios\\\/#primaryimage\"},\"thumbnailUrl\":\"https:\\\/\\\/i0.wp.com\\\/elhijodelllanero.mx\\\/wp-content\\\/uploads\\\/2024\\\/07\\\/IMG-20240723-WA0032.jpg?fit=1280%2C853&ssl=1\",\"articleSection\":[\"CELAYA\"],\"inLanguage\":\"es\",\"potentialAction\":[{\"@type\":\"CommentAction\",\"name\":\"Comment\",\"target\":[\"https:\\\/\\\/elhijodelllanero.mx\\\/index.php\\\/2024\\\/07\\\/23\\\/benefician-a-productores-celayenses-y-de-la-region-con-insumos-y-activos-agroalimentarios\\\/#respond\"]}]},{\"@type\":\"WebPage\",\"@id\":\"https:\\\/\\\/elhijodelllanero.mx\\\/index.php\\\/2024\\\/07\\\/23\\\/benefician-a-productores-celayenses-y-de-la-region-con-insumos-y-activos-agroalimentarios\\\/\",\"url\":\"https:\\\/\\\/elhijodelllanero.mx\\\/index.php\\\/2024\\\/07\\\/23\\\/benefician-a-productores-celayenses-y-de-la-region-con-insumos-y-activos-agroalimentarios\\\/\",\"name\":\"Benefician a productores celayenses y de la regi\u00f3n con insumos y activos agroalimentarios. - El Hijo del llanero solititito\",\"isPartOf\":{\"@id\":\"https:\\\/\\\/elhijodelllanero.mx\\\/#website\"},\"primaryImageOfPage\":{\"@id\":\"https:\\\/\\\/elhijodelllanero.mx\\\/index.php\\\/2024\\\/07\\\/23\\\/benefician-a-productores-celayenses-y-de-la-region-con-insumos-y-activos-agroalimentarios\\\/#primaryimage\"},\"image\":{\"@id\":\"https:\\\/\\\/elhijodelllanero.mx\\\/index.php\\\/2024\\\/07\\\/23\\\/benefician-a-productores-celayenses-y-de-la-region-con-insumos-y-activos-agroalimentarios\\\/#primaryimage\"},\"thumbnailUrl\":\"https:\\\/\\\/i0.wp.com\\\/elhijodelllanero.mx\\\/wp-content\\\/uploads\\\/2024\\\/07\\\/IMG-20240723-WA0032.jpg?fit=1280%2C853&ssl=1\",\"datePublished\":\"2024-07-23T19:52:54+00:00\",\"author\":{\"@id\":\"https:\\\/\\\/elhijodelllanero.mx\\\/#\\\/schema\\\/person\\\/5dcfdd3db3a6f7e7906ef5d92cf7340b\"},\"breadcrumb\":{\"@id\":\"https:\\\/\\\/elhijodelllanero.mx\\\/index.php\\\/2024\\\/07\\\/23\\\/benefician-a-productores-celayenses-y-de-la-region-con-insumos-y-activos-agroalimentarios\\\/#breadcrumb\"},\"inLanguage\":\"es\",\"potentialAction\":[{\"@type\":\"ReadAction\",\"target\":[\"https:\\\/\\\/elhijodelllanero.mx\\\/index.php\\\/2024\\\/07\\\/23\\\/benefician-a-productores-celayenses-y-de-la-region-con-insumos-y-activos-agroalimentarios\\\/\"]}]},{\"@type\":\"ImageObject\",\"inLanguage\":\"es\",\"@id\":\"https:\\\/\\\/elhijodelllanero.mx\\\/index.php\\\/2024\\\/07\\\/23\\\/benefician-a-productores-celayenses-y-de-la-region-con-insumos-y-activos-agroalimentarios\\\/#primaryimage\",\"url\":\"https:\\\/\\\/i0.wp.com\\\/elhijodelllanero.mx\\\/wp-content\\\/uploads\\\/2024\\\/07\\\/IMG-20240723-WA0032.jpg?fit=1280%2C853&ssl=1\",\"contentUrl\":\"https:\\\/\\\/i0.wp.com\\\/elhijodelllanero.mx\\\/wp-content\\\/uploads\\\/2024\\\/07\\\/IMG-20240723-WA0032.jpg?fit=1280%2C853&ssl=1\",\"width\":1280,\"height\":853},{\"@type\":\"BreadcrumbList\",\"@id\":\"https:\\\/\\\/elhijodelllanero.mx\\\/index.php\\\/2024\\\/07\\\/23\\\/benefician-a-productores-celayenses-y-de-la-region-con-insumos-y-activos-agroalimentarios\\\/#breadcrumb\",\"itemListElement\":[{\"@type\":\"ListItem\",\"position\":1,\"name\":\"Portada\",\"item\":\"https:\\\/\\\/elhijodelllanero.mx\\\/\"},{\"@type\":\"ListItem\",\"position\":2,\"name\":\"Benefician a productores celayenses y de la regi\u00f3n con insumos y activos agroalimentarios.\"}]},{\"@type\":\"WebSite\",\"@id\":\"https:\\\/\\\/elhijodelllanero.mx\\\/#website\",\"url\":\"https:\\\/\\\/elhijodelllanero.mx\\\/\",\"name\":\"El Hijo del llanero solititito\",\"description\":\"\",\"potentialAction\":[{\"@type\":\"SearchAction\",\"target\":{\"@type\":\"EntryPoint\",\"urlTemplate\":\"https:\\\/\\\/elhijodelllanero.mx\\\/?s={search_term_string}\"},\"query-input\":{\"@type\":\"PropertyValueSpecification\",\"valueRequired\":true,\"valueName\":\"search_term_string\"}}],\"inLanguage\":\"es\"},{\"@type\":\"Person\",\"@id\":\"https:\\\/\\\/elhijodelllanero.mx\\\/#\\\/schema\\\/person\\\/5dcfdd3db3a6f7e7906ef5d92cf7340b\",\"name\":\"Redaccion\",\"image\":{\"@type\":\"ImageObject\",\"inLanguage\":\"es\",\"@id\":\"https:\\\/\\\/secure.gravatar.com\\\/avatar\\\/f65b913d6e7be363e7396f7fad32ab76d311fbb575fa7e623ec3ea4799f3b718?s=96&d=mm&r=g\",\"url\":\"https:\\\/\\\/secure.gravatar.com\\\/avatar\\\/f65b913d6e7be363e7396f7fad32ab76d311fbb575fa7e623ec3ea4799f3b718?s=96&d=mm&r=g\",\"contentUrl\":\"https:\\\/\\\/secure.gravatar.com\\\/avatar\\\/f65b913d6e7be363e7396f7fad32ab76d311fbb575fa7e623ec3ea4799f3b718?s=96&d=mm&r=g\",\"caption\":\"Redaccion\"},\"sameAs\":[\"https:\\\/\\\/www.elhijodelllanero.mx\"],\"url\":\"https:\\\/\\\/elhijodelllanero.mx\\\/index.php\\\/author\\\/admin_6smc8z8t\\\/\"}]}<\/script>\n<!-- \/ Yoast SEO plugin. -->","yoast_head_json":{"title":"Benefician a productores celayenses y de la regi\u00f3n con insumos y activos agroalimentarios. - El Hijo del llanero solititito","robots":{"index":"index","follow":"follow","max-snippet":"max-snippet:-1","max-image-preview":"max-image-preview:large","max-video-preview":"max-video-preview:-1"},"canonical":"https:\/\/elhijodelllanero.mx\/index.php\/2024\/07\/23\/benefician-a-productores-celayenses-y-de-la-region-con-insumos-y-activos-agroalimentarios\/","og_locale":"es_ES","og_type":"article","og_title":"Benefician a productores celayenses y de la regi\u00f3n con insumos y activos agroalimentarios. - El Hijo del llanero solititito","og_description":"Celaya, Gto., 23 julio 2024.- El presidente municipal, Javier Mendoza M\u00e1rquez, particip\u00f3 en la entrega de Insumos y Activos Agroalimentarios que este martes otorg\u00f3 el Gobierno del Estado a productores celayenses y de la regi\u00f3n, a trav\u00e9s de la Secretar\u00eda de Desarrollo Agroalimentario y Rural (SDAyR). Con inversi\u00f3n estimada en 7 millones de pesos se [&hellip;]","og_url":"https:\/\/elhijodelllanero.mx\/index.php\/2024\/07\/23\/benefician-a-productores-celayenses-y-de-la-region-con-insumos-y-activos-agroalimentarios\/","og_site_name":"El Hijo del llanero solititito","article_published_time":"2024-07-23T19:52:54+00:00","og_image":[{"width":1280,"height":853,"url":"https:\/\/elhijodelllanero.mx\/wp-content\/uploads\/2024\/07\/IMG-20240723-WA0032.jpg","type":"image\/jpeg"}],"author":"Redaccion","twitter_card":"summary_large_image","twitter_misc":{"Escrito por":"Redaccion","Tiempo de lectura":"2 minutos"},"schema":{"@context":"https:\/\/schema.org","@graph":[{"@type":"Article","@id":"https:\/\/elhijodelllanero.mx\/index.php\/2024\/07\/23\/benefician-a-productores-celayenses-y-de-la-region-con-insumos-y-activos-agroalimentarios\/#article","isPartOf":{"@id":"https:\/\/elhijodelllanero.mx\/index.php\/2024\/07\/23\/benefician-a-productores-celayenses-y-de-la-region-con-insumos-y-activos-agroalimentarios\/"},"author":{"name":"Redaccion","@id":"https:\/\/elhijodelllanero.mx\/#\/schema\/person\/5dcfdd3db3a6f7e7906ef5d92cf7340b"},"headline":"Benefician a productores celayenses y de la regi\u00f3n con insumos y activos agroalimentarios.","datePublished":"2024-07-23T19:52:54+00:00","mainEntityOfPage":{"@id":"https:\/\/elhijodelllanero.mx\/index.php\/2024\/07\/23\/benefician-a-productores-celayenses-y-de-la-region-con-insumos-y-activos-agroalimentarios\/"},"wordCount":275,"commentCount":0,"image":{"@id":"https:\/\/elhijodelllanero.mx\/index.php\/2024\/07\/23\/benefician-a-productores-celayenses-y-de-la-region-con-insumos-y-activos-agroalimentarios\/#primaryimage"},"thumbnailUrl":"https:\/\/i0.wp.com\/elhijodelllanero.mx\/wp-content\/uploads\/2024\/07\/IMG-20240723-WA0032.jpg?fit=1280%2C853&ssl=1","articleSection":["CELAYA"],"inLanguage":"es","potentialAction":[{"@type":"CommentAction","name":"Comment","target":["https:\/\/elhijodelllanero.mx\/index.php\/2024\/07\/23\/benefician-a-productores-celayenses-y-de-la-region-con-insumos-y-activos-agroalimentarios\/#respond"]}]},{"@type":"WebPage","@id":"https:\/\/elhijodelllanero.mx\/index.php\/2024\/07\/23\/benefician-a-productores-celayenses-y-de-la-region-con-insumos-y-activos-agroalimentarios\/","url":"https:\/\/elhijodelllanero.mx\/index.php\/2024\/07\/23\/benefician-a-productores-celayenses-y-de-la-region-con-insumos-y-activos-agroalimentarios\/","name":"Benefician a productores celayenses y de la regi\u00f3n con insumos y activos agroalimentarios. - El Hijo del llanero solititito","isPartOf":{"@id":"https:\/\/elhijodelllanero.mx\/#website"},"primaryImageOfPage":{"@id":"https:\/\/elhijodelllanero.mx\/index.php\/2024\/07\/23\/benefician-a-productores-celayenses-y-de-la-region-con-insumos-y-activos-agroalimentarios\/#primaryimage"},"image":{"@id":"https:\/\/elhijodelllanero.mx\/index.php\/2024\/07\/23\/benefician-a-productores-celayenses-y-de-la-region-con-insumos-y-activos-agroalimentarios\/#primaryimage"},"thumbnailUrl":"https:\/\/i0.wp.com\/elhijodelllanero.mx\/wp-content\/uploads\/2024\/07\/IMG-20240723-WA0032.jpg?fit=1280%2C853&ssl=1","datePublished":"2024-07-23T19:52:54+00:00","author":{"@id":"https:\/\/elhijodelllanero.mx\/#\/schema\/person\/5dcfdd3db3a6f7e7906ef5d92cf7340b"},"breadcrumb":{"@id":"https:\/\/elhijodelllanero.mx\/index.php\/2024\/07\/23\/benefician-a-productores-celayenses-y-de-la-region-con-insumos-y-activos-agroalimentarios\/#breadcrumb"},"inLanguage":"es","potentialAction":[{"@type":"ReadAction","target":["https:\/\/elhijodelllanero.mx\/index.php\/2024\/07\/23\/benefician-a-productores-celayenses-y-de-la-region-con-insumos-y-activos-agroalimentarios\/"]}]},{"@type":"ImageObject","inLanguage":"es","@id":"https:\/\/elhijodelllanero.mx\/index.php\/2024\/07\/23\/benefician-a-productores-celayenses-y-de-la-region-con-insumos-y-activos-agroalimentarios\/#primaryimage","url":"https:\/\/i0.wp.com\/elhijodelllanero.mx\/wp-content\/uploads\/2024\/07\/IMG-20240723-WA0032.jpg?fit=1280%2C853&ssl=1","contentUrl":"https:\/\/i0.wp.com\/elhijodelllanero.mx\/wp-content\/uploads\/2024\/07\/IMG-20240723-WA0032.jpg?fit=1280%2C853&ssl=1","width":1280,"height":853},{"@type":"BreadcrumbList","@id":"https:\/\/elhijodelllanero.mx\/index.php\/2024\/07\/23\/benefician-a-productores-celayenses-y-de-la-region-con-insumos-y-activos-agroalimentarios\/#breadcrumb","itemListElement":[{"@type":"ListItem","position":1,"name":"Portada","item":"https:\/\/elhijodelllanero.mx\/"},{"@type":"ListItem","position":2,"name":"Benefician a productores celayenses y de la regi\u00f3n con insumos y activos agroalimentarios."}]},{"@type":"WebSite","@id":"https:\/\/elhijodelllanero.mx\/#website","url":"https:\/\/elhijodelllanero.mx\/","name":"El Hijo del llanero solititito","description":"","potentialAction":[{"@type":"SearchAction","target":{"@type":"EntryPoint","urlTemplate":"https:\/\/elhijodelllanero.mx\/?s={search_term_string}"},"query-input":{"@type":"PropertyValueSpecification","valueRequired":true,"valueName":"search_term_string"}}],"inLanguage":"es"},{"@type":"Person","@id":"https:\/\/elhijodelllanero.mx\/#\/schema\/person\/5dcfdd3db3a6f7e7906ef5d92cf7340b","name":"Redaccion","image":{"@type":"ImageObject","inLanguage":"es","@id":"https:\/\/secure.gravatar.com\/avatar\/f65b913d6e7be363e7396f7fad32ab76d311fbb575fa7e623ec3ea4799f3b718?s=96&d=mm&r=g","url":"https:\/\/secure.gravatar.com\/avatar\/f65b913d6e7be363e7396f7fad32ab76d311fbb575fa7e623ec3ea4799f3b718?s=96&d=mm&r=g","contentUrl":"https:\/\/secure.gravatar.com\/avatar\/f65b913d6e7be363e7396f7fad32ab76d311fbb575fa7e623ec3ea4799f3b718?s=96&d=mm&r=g","caption":"Redaccion"},"sameAs":["https:\/\/www.elhijodelllanero.mx"],"url":"https:\/\/elhijodelllanero.mx\/index.php\/author\/admin_6smc8z8t\/"}]}},"jetpack_featured_media_url":"https:\/\/i0.wp.com\/elhijodelllanero.mx\/wp-content\/uploads\/2024\/07\/IMG-20240723-WA0032.jpg?fit=1280%2C853&ssl=1","jetpack-related-posts":[],"jetpack_sharing_enabled":true,"_links":{"self":[{"href":"https:\/\/elhijodelllanero.mx\/index.php\/wp-json\/wp\/v2\/posts\/8315","targetHints":{"allow":["GET"]}}],"collection":[{"href":"https:\/\/elhijodelllanero.mx\/index.php\/wp-json\/wp\/v2\/posts"}],"about":[{"href":"https:\/\/elhijodelllanero.mx\/index.php\/wp-json\/wp\/v2\/types\/post"}],"author":[{"embeddable":true,"href":"https:\/\/elhijodelllanero.mx\/index.php\/wp-json\/wp\/v2\/users\/1"}],"replies":[{"embeddable":true,"href":"https:\/\/elhijodelllanero.mx\/index.php\/wp-json\/wp\/v2\/comments?post=8315"}],"version-history":[{"count":1,"href":"https:\/\/elhijodelllanero.mx\/index.php\/wp-json\/wp\/v2\/posts\/8315\/revisions"}],"predecessor-version":[{"id":8317,"href":"https:\/\/elhijodelllanero.mx\/index.php\/wp-json\/wp\/v2\/posts\/8315\/revisions\/8317"}],"wp:featuredmedia":[{"embeddable":true,"href":"https:\/\/elhijodelllanero.mx\/index.php\/wp-json\/wp\/v2\/media\/8316"}],"wp:attachment":[{"href":"https:\/\/elhijodelllanero.mx\/index.php\/wp-json\/wp\/v2\/media?parent=8315"}],"wp:term":[{"taxonomy":"category","embeddable":true,"href":"https:\/\/elhijodelllanero.mx\/index.php\/wp-json\/wp\/v2\/categories?post=8315"},{"taxonomy":"post_tag","embeddable":true,"href":"https:\/\/elhijodelllanero.mx\/index.php\/wp-json\/wp\/v2\/tags?post=8315"}],"curies":[{"name":"wp","href":"https:\/\/api.w.org\/{rel}","templated":true}]}}