{"id":8323,"date":"2024-07-23T20:12:29","date_gmt":"2024-07-23T20:12:29","guid":{"rendered":"https:\/\/elhijodelllanero.mx\/?p=8323"},"modified":"2024-07-23T20:12:29","modified_gmt":"2024-07-23T20:12:29","slug":"estaran-mas-de-19-anos-en-el-bote-le-quitaron-la-vida-a-dos-hombres","status":"publish","type":"post","link":"https:\/\/elhijodelllanero.mx\/index.php\/2024\/07\/23\/estaran-mas-de-19-anos-en-el-bote-le-quitaron-la-vida-a-dos-hombres\/","title":{"rendered":"Estar\u00e1n m\u00e1s de 19 a\u00f1os en el bote, le quitaron la vida a dos hombres."},"content":{"rendered":"<p>&nbsp;<\/p>\n<p>Comunicado de prensa.<br \/>\nIrapuato, Gto., 23 julio 2024.- La Fiscal\u00eda de Guanajuato desahog\u00f3 ante la autoridad judicial los elementos probatorios que acreditan la intervenci\u00f3n de Javier Eduardo y Christian Daniel, como responsables del homicidio de una persona y provocar lesiones graves a otro masculino en la colonia Benito Ju\u00e1rez de la ciudad de Irapuato.<br \/>\nLa valoraci\u00f3n de la prueba a trav\u00e9s del conocimiento cient\u00edfico permiti\u00f3 al agente del Ministerio P\u00fablico especializado esclarecer los hechos y obtener una sentencia de 19 a\u00f1os con seis meses para los imputados.<br \/>\nEn la madrugada del 02 de julio de 2022, los hoy sentenciados, a bordo de un taxi conducido por Christian Daniel y Javier Eduardo, como copiloto, circularon por calles de la colonia Benito Ju\u00e1rez y en la calle Embotelladores, tuvieron a la vista a los ofendidos Ricardo Antonio \u201cN\u201d y Carlos Alberto \u201cN\u201d, quienes circulaban en bicicleta.<br \/>\nLos imputados atravesaron el veh\u00edculo de alquiler a los ciclistas para provocar que se detuvieran y, con un arma de fuego, Javier Eduardo, descendi\u00f3 y realiz\u00f3 varias detonaciones contra las v\u00edctimas con lo que provoc\u00f3 la muerte en el lugar a Ricardo Antonio \u201cN\u201d, mientras que Carlos Alberto \u201cN\u201d intento huir del lugar con maniobras evasivas pero los proyectiles impactaron su espalda y se desvaneci\u00f3 quedando lesionado en la calle H\u00e9roe de Nacozari.<br \/>\nAl llevar a cabo la investigaci\u00f3n de estos hechos, la trilog\u00eda investigadora confirm\u00f3 la existencia de un hecho delictivo y se dio a la tarea de acopiar los medios de prueba que condujeron a la identificaci\u00f3n y captura de los presuntos responsables.<br \/>\nSe realiz\u00f3 la audiencia de juicio oral con la presencia de los imputados por los delitos de homicidio simple y homicidio simple en grado de tentativa y se dict\u00f3 sentencia condenatoria a los responsables por ambos delitos, en el primer caso, fueron sentenciados con pena privativa de libertad de 13 a\u00f1os de c\u00e1rcel por el homicidio simple y a 6 a\u00f1os con seis meses por la tentativa, por lo que suman 19 a\u00f1os con seis meses en prisi\u00f3n.<br \/>\nA ambos se les negaron los beneficios de la conmutaci\u00f3n de sanci\u00f3n y de la condena condicional, as\u00ed como los sustitutivos de trabajo en favor de la comunidad y semilibertad condicionada, adem\u00e1s est\u00e1n obligados a reparar el da\u00f1o por concepto de indemnizaci\u00f3n y gastos funerarios.<\/p>\n","protected":false},"excerpt":{"rendered":"<p>&nbsp; Comunicado de prensa. Irapuato, Gto., 23 julio 2024.- La Fiscal\u00eda de Guanajuato desahog\u00f3 ante la autoridad judicial los elementos probatorios que acreditan la intervenci\u00f3n de Javier Eduardo y Christian Daniel, como responsables del homicidio de una persona y provocar lesiones graves a otro masculino en la colonia Benito Ju\u00e1rez de la ciudad de Irapuato. [&hellip;]<\/p>\n","protected":false},"author":1,"featured_media":8325,"comment_status":"open","ping_status":"closed","sticky":false,"template":"","format":"standard","meta":{"_jetpack_newsletter_access":"","_jetpack_dont_email_post_to_subs":false,"_jetpack_newsletter_tier_id":0,"_jetpack_memberships_contains_paywalled_content":false,"_jetpack_memberships_contains_paid_content":false,"footnotes":""},"categories":[82],"tags":[],"class_list":{"0":"post-8323","1":"post","2":"type-post","3":"status-publish","4":"format-standard","5":"has-post-thumbnail","7":"category-policiaco"},"yoast_head":"<!-- This site is optimized with the Yoast SEO plugin v27.3 - https:\/\/yoast.com\/product\/yoast-seo-wordpress\/ -->\n<title>Estar\u00e1n m\u00e1s de 19 a\u00f1os en el bote, le quitaron la vida a dos hombres. - El Hijo del llanero solititito<\/title>\n<meta name=\"robots\" content=\"index, follow, max-snippet:-1, max-image-preview:large, max-video-preview:-1\" \/>\n<link rel=\"canonical\" href=\"https:\/\/elhijodelllanero.mx\/index.php\/2024\/07\/23\/estaran-mas-de-19-anos-en-el-bote-le-quitaron-la-vida-a-dos-hombres\/\" \/>\n<meta property=\"og:locale\" content=\"es_ES\" \/>\n<meta property=\"og:type\" content=\"article\" \/>\n<meta property=\"og:title\" content=\"Estar\u00e1n m\u00e1s de 19 a\u00f1os en el bote, le quitaron la vida a dos hombres. - El Hijo del llanero solititito\" \/>\n<meta property=\"og:description\" content=\"&nbsp; Comunicado de prensa. Irapuato, Gto., 23 julio 2024.- La Fiscal\u00eda de Guanajuato desahog\u00f3 ante la autoridad judicial los elementos probatorios que acreditan la intervenci\u00f3n de Javier Eduardo y Christian Daniel, como responsables del homicidio de una persona y provocar lesiones graves a otro masculino en la colonia Benito Ju\u00e1rez de la ciudad de Irapuato. [&hellip;]\" \/>\n<meta property=\"og:url\" content=\"https:\/\/elhijodelllanero.mx\/index.php\/2024\/07\/23\/estaran-mas-de-19-anos-en-el-bote-le-quitaron-la-vida-a-dos-hombres\/\" \/>\n<meta property=\"og:site_name\" content=\"El Hijo del llanero solititito\" \/>\n<meta property=\"article:published_time\" content=\"2024-07-23T20:12:29+00:00\" \/>\n<meta property=\"og:image\" content=\"https:\/\/elhijodelllanero.mx\/wp-content\/uploads\/2024\/07\/IMG-20240723-WA0044.jpg\" \/>\n\t<meta property=\"og:image:width\" content=\"1080\" \/>\n\t<meta property=\"og:image:height\" content=\"1350\" \/>\n\t<meta property=\"og:image:type\" content=\"image\/jpeg\" \/>\n<meta name=\"author\" content=\"Redaccion\" \/>\n<meta name=\"twitter:card\" content=\"summary_large_image\" \/>\n<meta name=\"twitter:label1\" content=\"Escrito por\" \/>\n\t<meta name=\"twitter:data1\" content=\"Redaccion\" \/>\n\t<meta name=\"twitter:label2\" content=\"Tiempo de lectura\" \/>\n\t<meta name=\"twitter:data2\" content=\"2 minutos\" \/>\n<script type=\"application\/ld+json\" class=\"yoast-schema-graph\">{\"@context\":\"https:\\\/\\\/schema.org\",\"@graph\":[{\"@type\":\"Article\",\"@id\":\"https:\\\/\\\/elhijodelllanero.mx\\\/index.php\\\/2024\\\/07\\\/23\\\/estaran-mas-de-19-anos-en-el-bote-le-quitaron-la-vida-a-dos-hombres\\\/#article\",\"isPartOf\":{\"@id\":\"https:\\\/\\\/elhijodelllanero.mx\\\/index.php\\\/2024\\\/07\\\/23\\\/estaran-mas-de-19-anos-en-el-bote-le-quitaron-la-vida-a-dos-hombres\\\/\"},\"author\":{\"name\":\"Redaccion\",\"@id\":\"https:\\\/\\\/elhijodelllanero.mx\\\/#\\\/schema\\\/person\\\/5dcfdd3db3a6f7e7906ef5d92cf7340b\"},\"headline\":\"Estar\u00e1n m\u00e1s de 19 a\u00f1os en el bote, le quitaron la vida a dos hombres.\",\"datePublished\":\"2024-07-23T20:12:29+00:00\",\"mainEntityOfPage\":{\"@id\":\"https:\\\/\\\/elhijodelllanero.mx\\\/index.php\\\/2024\\\/07\\\/23\\\/estaran-mas-de-19-anos-en-el-bote-le-quitaron-la-vida-a-dos-hombres\\\/\"},\"wordCount\":419,\"commentCount\":0,\"image\":{\"@id\":\"https:\\\/\\\/elhijodelllanero.mx\\\/index.php\\\/2024\\\/07\\\/23\\\/estaran-mas-de-19-anos-en-el-bote-le-quitaron-la-vida-a-dos-hombres\\\/#primaryimage\"},\"thumbnailUrl\":\"https:\\\/\\\/i0.wp.com\\\/elhijodelllanero.mx\\\/wp-content\\\/uploads\\\/2024\\\/07\\\/IMG-20240723-WA0044.jpg?fit=1080%2C1350&ssl=1\",\"articleSection\":[\"POLICIACO\"],\"inLanguage\":\"es\",\"potentialAction\":[{\"@type\":\"CommentAction\",\"name\":\"Comment\",\"target\":[\"https:\\\/\\\/elhijodelllanero.mx\\\/index.php\\\/2024\\\/07\\\/23\\\/estaran-mas-de-19-anos-en-el-bote-le-quitaron-la-vida-a-dos-hombres\\\/#respond\"]}]},{\"@type\":\"WebPage\",\"@id\":\"https:\\\/\\\/elhijodelllanero.mx\\\/index.php\\\/2024\\\/07\\\/23\\\/estaran-mas-de-19-anos-en-el-bote-le-quitaron-la-vida-a-dos-hombres\\\/\",\"url\":\"https:\\\/\\\/elhijodelllanero.mx\\\/index.php\\\/2024\\\/07\\\/23\\\/estaran-mas-de-19-anos-en-el-bote-le-quitaron-la-vida-a-dos-hombres\\\/\",\"name\":\"Estar\u00e1n m\u00e1s de 19 a\u00f1os en el bote, le quitaron la vida a dos hombres. - El Hijo del llanero solititito\",\"isPartOf\":{\"@id\":\"https:\\\/\\\/elhijodelllanero.mx\\\/#website\"},\"primaryImageOfPage\":{\"@id\":\"https:\\\/\\\/elhijodelllanero.mx\\\/index.php\\\/2024\\\/07\\\/23\\\/estaran-mas-de-19-anos-en-el-bote-le-quitaron-la-vida-a-dos-hombres\\\/#primaryimage\"},\"image\":{\"@id\":\"https:\\\/\\\/elhijodelllanero.mx\\\/index.php\\\/2024\\\/07\\\/23\\\/estaran-mas-de-19-anos-en-el-bote-le-quitaron-la-vida-a-dos-hombres\\\/#primaryimage\"},\"thumbnailUrl\":\"https:\\\/\\\/i0.wp.com\\\/elhijodelllanero.mx\\\/wp-content\\\/uploads\\\/2024\\\/07\\\/IMG-20240723-WA0044.jpg?fit=1080%2C1350&ssl=1\",\"datePublished\":\"2024-07-23T20:12:29+00:00\",\"author\":{\"@id\":\"https:\\\/\\\/elhijodelllanero.mx\\\/#\\\/schema\\\/person\\\/5dcfdd3db3a6f7e7906ef5d92cf7340b\"},\"breadcrumb\":{\"@id\":\"https:\\\/\\\/elhijodelllanero.mx\\\/index.php\\\/2024\\\/07\\\/23\\\/estaran-mas-de-19-anos-en-el-bote-le-quitaron-la-vida-a-dos-hombres\\\/#breadcrumb\"},\"inLanguage\":\"es\",\"potentialAction\":[{\"@type\":\"ReadAction\",\"target\":[\"https:\\\/\\\/elhijodelllanero.mx\\\/index.php\\\/2024\\\/07\\\/23\\\/estaran-mas-de-19-anos-en-el-bote-le-quitaron-la-vida-a-dos-hombres\\\/\"]}]},{\"@type\":\"ImageObject\",\"inLanguage\":\"es\",\"@id\":\"https:\\\/\\\/elhijodelllanero.mx\\\/index.php\\\/2024\\\/07\\\/23\\\/estaran-mas-de-19-anos-en-el-bote-le-quitaron-la-vida-a-dos-hombres\\\/#primaryimage\",\"url\":\"https:\\\/\\\/i0.wp.com\\\/elhijodelllanero.mx\\\/wp-content\\\/uploads\\\/2024\\\/07\\\/IMG-20240723-WA0044.jpg?fit=1080%2C1350&ssl=1\",\"contentUrl\":\"https:\\\/\\\/i0.wp.com\\\/elhijodelllanero.mx\\\/wp-content\\\/uploads\\\/2024\\\/07\\\/IMG-20240723-WA0044.jpg?fit=1080%2C1350&ssl=1\",\"width\":1080,\"height\":1350},{\"@type\":\"BreadcrumbList\",\"@id\":\"https:\\\/\\\/elhijodelllanero.mx\\\/index.php\\\/2024\\\/07\\\/23\\\/estaran-mas-de-19-anos-en-el-bote-le-quitaron-la-vida-a-dos-hombres\\\/#breadcrumb\",\"itemListElement\":[{\"@type\":\"ListItem\",\"position\":1,\"name\":\"Portada\",\"item\":\"https:\\\/\\\/elhijodelllanero.mx\\\/\"},{\"@type\":\"ListItem\",\"position\":2,\"name\":\"Estar\u00e1n m\u00e1s de 19 a\u00f1os en el bote, le quitaron la vida a dos hombres.\"}]},{\"@type\":\"WebSite\",\"@id\":\"https:\\\/\\\/elhijodelllanero.mx\\\/#website\",\"url\":\"https:\\\/\\\/elhijodelllanero.mx\\\/\",\"name\":\"El Hijo del llanero solititito\",\"description\":\"\",\"potentialAction\":[{\"@type\":\"SearchAction\",\"target\":{\"@type\":\"EntryPoint\",\"urlTemplate\":\"https:\\\/\\\/elhijodelllanero.mx\\\/?s={search_term_string}\"},\"query-input\":{\"@type\":\"PropertyValueSpecification\",\"valueRequired\":true,\"valueName\":\"search_term_string\"}}],\"inLanguage\":\"es\"},{\"@type\":\"Person\",\"@id\":\"https:\\\/\\\/elhijodelllanero.mx\\\/#\\\/schema\\\/person\\\/5dcfdd3db3a6f7e7906ef5d92cf7340b\",\"name\":\"Redaccion\",\"image\":{\"@type\":\"ImageObject\",\"inLanguage\":\"es\",\"@id\":\"https:\\\/\\\/secure.gravatar.com\\\/avatar\\\/f65b913d6e7be363e7396f7fad32ab76d311fbb575fa7e623ec3ea4799f3b718?s=96&d=mm&r=g\",\"url\":\"https:\\\/\\\/secure.gravatar.com\\\/avatar\\\/f65b913d6e7be363e7396f7fad32ab76d311fbb575fa7e623ec3ea4799f3b718?s=96&d=mm&r=g\",\"contentUrl\":\"https:\\\/\\\/secure.gravatar.com\\\/avatar\\\/f65b913d6e7be363e7396f7fad32ab76d311fbb575fa7e623ec3ea4799f3b718?s=96&d=mm&r=g\",\"caption\":\"Redaccion\"},\"sameAs\":[\"https:\\\/\\\/www.elhijodelllanero.mx\"],\"url\":\"https:\\\/\\\/elhijodelllanero.mx\\\/index.php\\\/author\\\/admin_6smc8z8t\\\/\"}]}<\/script>\n<!-- \/ Yoast SEO plugin. -->","yoast_head_json":{"title":"Estar\u00e1n m\u00e1s de 19 a\u00f1os en el bote, le quitaron la vida a dos hombres. - El Hijo del llanero solititito","robots":{"index":"index","follow":"follow","max-snippet":"max-snippet:-1","max-image-preview":"max-image-preview:large","max-video-preview":"max-video-preview:-1"},"canonical":"https:\/\/elhijodelllanero.mx\/index.php\/2024\/07\/23\/estaran-mas-de-19-anos-en-el-bote-le-quitaron-la-vida-a-dos-hombres\/","og_locale":"es_ES","og_type":"article","og_title":"Estar\u00e1n m\u00e1s de 19 a\u00f1os en el bote, le quitaron la vida a dos hombres. - El Hijo del llanero solititito","og_description":"&nbsp; Comunicado de prensa. Irapuato, Gto., 23 julio 2024.- La Fiscal\u00eda de Guanajuato desahog\u00f3 ante la autoridad judicial los elementos probatorios que acreditan la intervenci\u00f3n de Javier Eduardo y Christian Daniel, como responsables del homicidio de una persona y provocar lesiones graves a otro masculino en la colonia Benito Ju\u00e1rez de la ciudad de Irapuato. [&hellip;]","og_url":"https:\/\/elhijodelllanero.mx\/index.php\/2024\/07\/23\/estaran-mas-de-19-anos-en-el-bote-le-quitaron-la-vida-a-dos-hombres\/","og_site_name":"El Hijo del llanero solititito","article_published_time":"2024-07-23T20:12:29+00:00","og_image":[{"width":1080,"height":1350,"url":"https:\/\/elhijodelllanero.mx\/wp-content\/uploads\/2024\/07\/IMG-20240723-WA0044.jpg","type":"image\/jpeg"}],"author":"Redaccion","twitter_card":"summary_large_image","twitter_misc":{"Escrito por":"Redaccion","Tiempo de lectura":"2 minutos"},"schema":{"@context":"https:\/\/schema.org","@graph":[{"@type":"Article","@id":"https:\/\/elhijodelllanero.mx\/index.php\/2024\/07\/23\/estaran-mas-de-19-anos-en-el-bote-le-quitaron-la-vida-a-dos-hombres\/#article","isPartOf":{"@id":"https:\/\/elhijodelllanero.mx\/index.php\/2024\/07\/23\/estaran-mas-de-19-anos-en-el-bote-le-quitaron-la-vida-a-dos-hombres\/"},"author":{"name":"Redaccion","@id":"https:\/\/elhijodelllanero.mx\/#\/schema\/person\/5dcfdd3db3a6f7e7906ef5d92cf7340b"},"headline":"Estar\u00e1n m\u00e1s de 19 a\u00f1os en el bote, le quitaron la vida a dos hombres.","datePublished":"2024-07-23T20:12:29+00:00","mainEntityOfPage":{"@id":"https:\/\/elhijodelllanero.mx\/index.php\/2024\/07\/23\/estaran-mas-de-19-anos-en-el-bote-le-quitaron-la-vida-a-dos-hombres\/"},"wordCount":419,"commentCount":0,"image":{"@id":"https:\/\/elhijodelllanero.mx\/index.php\/2024\/07\/23\/estaran-mas-de-19-anos-en-el-bote-le-quitaron-la-vida-a-dos-hombres\/#primaryimage"},"thumbnailUrl":"https:\/\/i0.wp.com\/elhijodelllanero.mx\/wp-content\/uploads\/2024\/07\/IMG-20240723-WA0044.jpg?fit=1080%2C1350&ssl=1","articleSection":["POLICIACO"],"inLanguage":"es","potentialAction":[{"@type":"CommentAction","name":"Comment","target":["https:\/\/elhijodelllanero.mx\/index.php\/2024\/07\/23\/estaran-mas-de-19-anos-en-el-bote-le-quitaron-la-vida-a-dos-hombres\/#respond"]}]},{"@type":"WebPage","@id":"https:\/\/elhijodelllanero.mx\/index.php\/2024\/07\/23\/estaran-mas-de-19-anos-en-el-bote-le-quitaron-la-vida-a-dos-hombres\/","url":"https:\/\/elhijodelllanero.mx\/index.php\/2024\/07\/23\/estaran-mas-de-19-anos-en-el-bote-le-quitaron-la-vida-a-dos-hombres\/","name":"Estar\u00e1n m\u00e1s de 19 a\u00f1os en el bote, le quitaron la vida a dos hombres. - El Hijo del llanero solititito","isPartOf":{"@id":"https:\/\/elhijodelllanero.mx\/#website"},"primaryImageOfPage":{"@id":"https:\/\/elhijodelllanero.mx\/index.php\/2024\/07\/23\/estaran-mas-de-19-anos-en-el-bote-le-quitaron-la-vida-a-dos-hombres\/#primaryimage"},"image":{"@id":"https:\/\/elhijodelllanero.mx\/index.php\/2024\/07\/23\/estaran-mas-de-19-anos-en-el-bote-le-quitaron-la-vida-a-dos-hombres\/#primaryimage"},"thumbnailUrl":"https:\/\/i0.wp.com\/elhijodelllanero.mx\/wp-content\/uploads\/2024\/07\/IMG-20240723-WA0044.jpg?fit=1080%2C1350&ssl=1","datePublished":"2024-07-23T20:12:29+00:00","author":{"@id":"https:\/\/elhijodelllanero.mx\/#\/schema\/person\/5dcfdd3db3a6f7e7906ef5d92cf7340b"},"breadcrumb":{"@id":"https:\/\/elhijodelllanero.mx\/index.php\/2024\/07\/23\/estaran-mas-de-19-anos-en-el-bote-le-quitaron-la-vida-a-dos-hombres\/#breadcrumb"},"inLanguage":"es","potentialAction":[{"@type":"ReadAction","target":["https:\/\/elhijodelllanero.mx\/index.php\/2024\/07\/23\/estaran-mas-de-19-anos-en-el-bote-le-quitaron-la-vida-a-dos-hombres\/"]}]},{"@type":"ImageObject","inLanguage":"es","@id":"https:\/\/elhijodelllanero.mx\/index.php\/2024\/07\/23\/estaran-mas-de-19-anos-en-el-bote-le-quitaron-la-vida-a-dos-hombres\/#primaryimage","url":"https:\/\/i0.wp.com\/elhijodelllanero.mx\/wp-content\/uploads\/2024\/07\/IMG-20240723-WA0044.jpg?fit=1080%2C1350&ssl=1","contentUrl":"https:\/\/i0.wp.com\/elhijodelllanero.mx\/wp-content\/uploads\/2024\/07\/IMG-20240723-WA0044.jpg?fit=1080%2C1350&ssl=1","width":1080,"height":1350},{"@type":"BreadcrumbList","@id":"https:\/\/elhijodelllanero.mx\/index.php\/2024\/07\/23\/estaran-mas-de-19-anos-en-el-bote-le-quitaron-la-vida-a-dos-hombres\/#breadcrumb","itemListElement":[{"@type":"ListItem","position":1,"name":"Portada","item":"https:\/\/elhijodelllanero.mx\/"},{"@type":"ListItem","position":2,"name":"Estar\u00e1n m\u00e1s de 19 a\u00f1os en el bote, le quitaron la vida a dos hombres."}]},{"@type":"WebSite","@id":"https:\/\/elhijodelllanero.mx\/#website","url":"https:\/\/elhijodelllanero.mx\/","name":"El Hijo del llanero solititito","description":"","potentialAction":[{"@type":"SearchAction","target":{"@type":"EntryPoint","urlTemplate":"https:\/\/elhijodelllanero.mx\/?s={search_term_string}"},"query-input":{"@type":"PropertyValueSpecification","valueRequired":true,"valueName":"search_term_string"}}],"inLanguage":"es"},{"@type":"Person","@id":"https:\/\/elhijodelllanero.mx\/#\/schema\/person\/5dcfdd3db3a6f7e7906ef5d92cf7340b","name":"Redaccion","image":{"@type":"ImageObject","inLanguage":"es","@id":"https:\/\/secure.gravatar.com\/avatar\/f65b913d6e7be363e7396f7fad32ab76d311fbb575fa7e623ec3ea4799f3b718?s=96&d=mm&r=g","url":"https:\/\/secure.gravatar.com\/avatar\/f65b913d6e7be363e7396f7fad32ab76d311fbb575fa7e623ec3ea4799f3b718?s=96&d=mm&r=g","contentUrl":"https:\/\/secure.gravatar.com\/avatar\/f65b913d6e7be363e7396f7fad32ab76d311fbb575fa7e623ec3ea4799f3b718?s=96&d=mm&r=g","caption":"Redaccion"},"sameAs":["https:\/\/www.elhijodelllanero.mx"],"url":"https:\/\/elhijodelllanero.mx\/index.php\/author\/admin_6smc8z8t\/"}]}},"jetpack_featured_media_url":"https:\/\/i0.wp.com\/elhijodelllanero.mx\/wp-content\/uploads\/2024\/07\/IMG-20240723-WA0044.jpg?fit=1080%2C1350&ssl=1","jetpack-related-posts":[],"jetpack_sharing_enabled":true,"_links":{"self":[{"href":"https:\/\/elhijodelllanero.mx\/index.php\/wp-json\/wp\/v2\/posts\/8323","targetHints":{"allow":["GET"]}}],"collection":[{"href":"https:\/\/elhijodelllanero.mx\/index.php\/wp-json\/wp\/v2\/posts"}],"about":[{"href":"https:\/\/elhijodelllanero.mx\/index.php\/wp-json\/wp\/v2\/types\/post"}],"author":[{"embeddable":true,"href":"https:\/\/elhijodelllanero.mx\/index.php\/wp-json\/wp\/v2\/users\/1"}],"replies":[{"embeddable":true,"href":"https:\/\/elhijodelllanero.mx\/index.php\/wp-json\/wp\/v2\/comments?post=8323"}],"version-history":[{"count":1,"href":"https:\/\/elhijodelllanero.mx\/index.php\/wp-json\/wp\/v2\/posts\/8323\/revisions"}],"predecessor-version":[{"id":8326,"href":"https:\/\/elhijodelllanero.mx\/index.php\/wp-json\/wp\/v2\/posts\/8323\/revisions\/8326"}],"wp:featuredmedia":[{"embeddable":true,"href":"https:\/\/elhijodelllanero.mx\/index.php\/wp-json\/wp\/v2\/media\/8325"}],"wp:attachment":[{"href":"https:\/\/elhijodelllanero.mx\/index.php\/wp-json\/wp\/v2\/media?parent=8323"}],"wp:term":[{"taxonomy":"category","embeddable":true,"href":"https:\/\/elhijodelllanero.mx\/index.php\/wp-json\/wp\/v2\/categories?post=8323"},{"taxonomy":"post_tag","embeddable":true,"href":"https:\/\/elhijodelllanero.mx\/index.php\/wp-json\/wp\/v2\/tags?post=8323"}],"curies":[{"name":"wp","href":"https:\/\/api.w.org\/{rel}","templated":true}]}}