{"id":8331,"date":"2024-07-24T17:41:01","date_gmt":"2024-07-24T17:41:01","guid":{"rendered":"https:\/\/elhijodelllanero.mx\/?p=8331"},"modified":"2024-07-24T17:41:01","modified_gmt":"2024-07-24T17:41:01","slug":"informa-sscc-sobre-agresion-a-elementos-de-transito-y-policia-vial","status":"publish","type":"post","link":"https:\/\/elhijodelllanero.mx\/index.php\/2024\/07\/24\/informa-sscc-sobre-agresion-a-elementos-de-transito-y-policia-vial\/","title":{"rendered":"Informa SSCC sobre agresi\u00f3n a elementos de Tr\u00e1nsito y Polic\u00eda Vial."},"content":{"rendered":"<p>Comunicado de prensa.<br \/>\nCelaya, Gto., 24 julio 2024.- La Secretar\u00eda de Seguridad Ciudadana de Celaya (SSCC) informa sobre la cobarde agresi\u00f3n a elementos de la Direcci\u00f3n General de Tr\u00e1nsito y Polic\u00eda Vial la ma\u00f1ana de este mi\u00e9rcoles.<br \/>\nMientras elementos de la Direcci\u00f3n General de Tr\u00e1nsito y Polic\u00eda Vial, se encontraban dentro de un estacionamiento, sujetos armados a bordo de motocicleta accionaron sus armas en contra de los oficiales.<br \/>\nDe manera inmediata se solicit\u00f3 el apoyo a personal de Polic\u00eda Municipal, as\u00ed como a personal prehospitalario quienes trasladaron a dos elementos lesionados a un hospital para recibir atenci\u00f3n m\u00e9dica, lugar en donde desafortunadamente uno de nuestros compa\u00f1eros falleci\u00f3.<br \/>\nEn estos momentos se mantiene un operativo junto con personal de Polic\u00eda Municipal, Fuerzas de Seguridad P\u00fablica del Estado (FSPE), Guardia Nacional (GN) y SEDENA, para dar con el paradero de los agresores.<br \/>\nLa Secretar\u00eda de Seguridad condena en\u00e9rgicamente el hecho y, al mismo tiempo, reafirma su compromiso de recuperar la tranquilidad de la ciudadan\u00eda.<\/p>\n","protected":false},"excerpt":{"rendered":"<p>Comunicado de prensa. Celaya, Gto., 24 julio 2024.- La Secretar\u00eda de Seguridad Ciudadana de Celaya (SSCC) informa sobre la cobarde agresi\u00f3n a elementos de la Direcci\u00f3n General de Tr\u00e1nsito y Polic\u00eda Vial la ma\u00f1ana de este mi\u00e9rcoles. Mientras elementos de la Direcci\u00f3n General de Tr\u00e1nsito y Polic\u00eda Vial, se encontraban dentro de un estacionamiento, sujetos [&hellip;]<\/p>\n","protected":false},"author":1,"featured_media":8332,"comment_status":"open","ping_status":"closed","sticky":false,"template":"","format":"standard","meta":{"_jetpack_newsletter_access":"","_jetpack_dont_email_post_to_subs":false,"_jetpack_newsletter_tier_id":0,"_jetpack_memberships_contains_paywalled_content":false,"_jetpack_memberships_contains_paid_content":false,"footnotes":""},"categories":[82],"tags":[],"class_list":{"0":"post-8331","1":"post","2":"type-post","3":"status-publish","4":"format-standard","5":"has-post-thumbnail","7":"category-policiaco"},"yoast_head":"<!-- This site is optimized with the Yoast SEO plugin v27.3 - https:\/\/yoast.com\/product\/yoast-seo-wordpress\/ -->\n<title>Informa SSCC sobre agresi\u00f3n a elementos de Tr\u00e1nsito y Polic\u00eda Vial. - El Hijo del llanero solititito<\/title>\n<meta name=\"robots\" content=\"index, follow, max-snippet:-1, max-image-preview:large, max-video-preview:-1\" \/>\n<link rel=\"canonical\" href=\"https:\/\/elhijodelllanero.mx\/index.php\/2024\/07\/24\/informa-sscc-sobre-agresion-a-elementos-de-transito-y-policia-vial\/\" \/>\n<meta property=\"og:locale\" content=\"es_ES\" \/>\n<meta property=\"og:type\" content=\"article\" \/>\n<meta property=\"og:title\" content=\"Informa SSCC sobre agresi\u00f3n a elementos de Tr\u00e1nsito y Polic\u00eda Vial. - El Hijo del llanero solititito\" \/>\n<meta property=\"og:description\" content=\"Comunicado de prensa. Celaya, Gto., 24 julio 2024.- La Secretar\u00eda de Seguridad Ciudadana de Celaya (SSCC) informa sobre la cobarde agresi\u00f3n a elementos de la Direcci\u00f3n General de Tr\u00e1nsito y Polic\u00eda Vial la ma\u00f1ana de este mi\u00e9rcoles. Mientras elementos de la Direcci\u00f3n General de Tr\u00e1nsito y Polic\u00eda Vial, se encontraban dentro de un estacionamiento, sujetos [&hellip;]\" \/>\n<meta property=\"og:url\" content=\"https:\/\/elhijodelllanero.mx\/index.php\/2024\/07\/24\/informa-sscc-sobre-agresion-a-elementos-de-transito-y-policia-vial\/\" \/>\n<meta property=\"og:site_name\" content=\"El Hijo del llanero solititito\" \/>\n<meta property=\"article:published_time\" content=\"2024-07-24T17:41:01+00:00\" \/>\n<meta property=\"og:image\" content=\"https:\/\/elhijodelllanero.mx\/wp-content\/uploads\/2024\/07\/IMG-20240724-WA0012.jpg\" \/>\n\t<meta property=\"og:image:width\" content=\"750\" \/>\n\t<meta property=\"og:image:height\" content=\"477\" \/>\n\t<meta property=\"og:image:type\" content=\"image\/jpeg\" \/>\n<meta name=\"author\" content=\"Redaccion\" \/>\n<meta name=\"twitter:card\" content=\"summary_large_image\" \/>\n<meta name=\"twitter:label1\" content=\"Escrito por\" \/>\n\t<meta name=\"twitter:data1\" content=\"Redaccion\" \/>\n\t<meta name=\"twitter:label2\" content=\"Tiempo de lectura\" \/>\n\t<meta name=\"twitter:data2\" content=\"1 minuto\" \/>\n<script type=\"application\/ld+json\" class=\"yoast-schema-graph\">{\"@context\":\"https:\\\/\\\/schema.org\",\"@graph\":[{\"@type\":\"Article\",\"@id\":\"https:\\\/\\\/elhijodelllanero.mx\\\/index.php\\\/2024\\\/07\\\/24\\\/informa-sscc-sobre-agresion-a-elementos-de-transito-y-policia-vial\\\/#article\",\"isPartOf\":{\"@id\":\"https:\\\/\\\/elhijodelllanero.mx\\\/index.php\\\/2024\\\/07\\\/24\\\/informa-sscc-sobre-agresion-a-elementos-de-transito-y-policia-vial\\\/\"},\"author\":{\"name\":\"Redaccion\",\"@id\":\"https:\\\/\\\/elhijodelllanero.mx\\\/#\\\/schema\\\/person\\\/5dcfdd3db3a6f7e7906ef5d92cf7340b\"},\"headline\":\"Informa SSCC sobre agresi\u00f3n a elementos de Tr\u00e1nsito y Polic\u00eda Vial.\",\"datePublished\":\"2024-07-24T17:41:01+00:00\",\"mainEntityOfPage\":{\"@id\":\"https:\\\/\\\/elhijodelllanero.mx\\\/index.php\\\/2024\\\/07\\\/24\\\/informa-sscc-sobre-agresion-a-elementos-de-transito-y-policia-vial\\\/\"},\"wordCount\":194,\"commentCount\":0,\"image\":{\"@id\":\"https:\\\/\\\/elhijodelllanero.mx\\\/index.php\\\/2024\\\/07\\\/24\\\/informa-sscc-sobre-agresion-a-elementos-de-transito-y-policia-vial\\\/#primaryimage\"},\"thumbnailUrl\":\"https:\\\/\\\/i0.wp.com\\\/elhijodelllanero.mx\\\/wp-content\\\/uploads\\\/2024\\\/07\\\/IMG-20240724-WA0012.jpg?fit=750%2C477&ssl=1\",\"articleSection\":[\"POLICIACO\"],\"inLanguage\":\"es\",\"potentialAction\":[{\"@type\":\"CommentAction\",\"name\":\"Comment\",\"target\":[\"https:\\\/\\\/elhijodelllanero.mx\\\/index.php\\\/2024\\\/07\\\/24\\\/informa-sscc-sobre-agresion-a-elementos-de-transito-y-policia-vial\\\/#respond\"]}]},{\"@type\":\"WebPage\",\"@id\":\"https:\\\/\\\/elhijodelllanero.mx\\\/index.php\\\/2024\\\/07\\\/24\\\/informa-sscc-sobre-agresion-a-elementos-de-transito-y-policia-vial\\\/\",\"url\":\"https:\\\/\\\/elhijodelllanero.mx\\\/index.php\\\/2024\\\/07\\\/24\\\/informa-sscc-sobre-agresion-a-elementos-de-transito-y-policia-vial\\\/\",\"name\":\"Informa SSCC sobre agresi\u00f3n a elementos de Tr\u00e1nsito y Polic\u00eda Vial. - El Hijo del llanero solititito\",\"isPartOf\":{\"@id\":\"https:\\\/\\\/elhijodelllanero.mx\\\/#website\"},\"primaryImageOfPage\":{\"@id\":\"https:\\\/\\\/elhijodelllanero.mx\\\/index.php\\\/2024\\\/07\\\/24\\\/informa-sscc-sobre-agresion-a-elementos-de-transito-y-policia-vial\\\/#primaryimage\"},\"image\":{\"@id\":\"https:\\\/\\\/elhijodelllanero.mx\\\/index.php\\\/2024\\\/07\\\/24\\\/informa-sscc-sobre-agresion-a-elementos-de-transito-y-policia-vial\\\/#primaryimage\"},\"thumbnailUrl\":\"https:\\\/\\\/i0.wp.com\\\/elhijodelllanero.mx\\\/wp-content\\\/uploads\\\/2024\\\/07\\\/IMG-20240724-WA0012.jpg?fit=750%2C477&ssl=1\",\"datePublished\":\"2024-07-24T17:41:01+00:00\",\"author\":{\"@id\":\"https:\\\/\\\/elhijodelllanero.mx\\\/#\\\/schema\\\/person\\\/5dcfdd3db3a6f7e7906ef5d92cf7340b\"},\"breadcrumb\":{\"@id\":\"https:\\\/\\\/elhijodelllanero.mx\\\/index.php\\\/2024\\\/07\\\/24\\\/informa-sscc-sobre-agresion-a-elementos-de-transito-y-policia-vial\\\/#breadcrumb\"},\"inLanguage\":\"es\",\"potentialAction\":[{\"@type\":\"ReadAction\",\"target\":[\"https:\\\/\\\/elhijodelllanero.mx\\\/index.php\\\/2024\\\/07\\\/24\\\/informa-sscc-sobre-agresion-a-elementos-de-transito-y-policia-vial\\\/\"]}]},{\"@type\":\"ImageObject\",\"inLanguage\":\"es\",\"@id\":\"https:\\\/\\\/elhijodelllanero.mx\\\/index.php\\\/2024\\\/07\\\/24\\\/informa-sscc-sobre-agresion-a-elementos-de-transito-y-policia-vial\\\/#primaryimage\",\"url\":\"https:\\\/\\\/i0.wp.com\\\/elhijodelllanero.mx\\\/wp-content\\\/uploads\\\/2024\\\/07\\\/IMG-20240724-WA0012.jpg?fit=750%2C477&ssl=1\",\"contentUrl\":\"https:\\\/\\\/i0.wp.com\\\/elhijodelllanero.mx\\\/wp-content\\\/uploads\\\/2024\\\/07\\\/IMG-20240724-WA0012.jpg?fit=750%2C477&ssl=1\",\"width\":750,\"height\":477},{\"@type\":\"BreadcrumbList\",\"@id\":\"https:\\\/\\\/elhijodelllanero.mx\\\/index.php\\\/2024\\\/07\\\/24\\\/informa-sscc-sobre-agresion-a-elementos-de-transito-y-policia-vial\\\/#breadcrumb\",\"itemListElement\":[{\"@type\":\"ListItem\",\"position\":1,\"name\":\"Portada\",\"item\":\"https:\\\/\\\/elhijodelllanero.mx\\\/\"},{\"@type\":\"ListItem\",\"position\":2,\"name\":\"Informa SSCC sobre agresi\u00f3n a elementos de Tr\u00e1nsito y Polic\u00eda Vial.\"}]},{\"@type\":\"WebSite\",\"@id\":\"https:\\\/\\\/elhijodelllanero.mx\\\/#website\",\"url\":\"https:\\\/\\\/elhijodelllanero.mx\\\/\",\"name\":\"El Hijo del llanero solititito\",\"description\":\"\",\"potentialAction\":[{\"@type\":\"SearchAction\",\"target\":{\"@type\":\"EntryPoint\",\"urlTemplate\":\"https:\\\/\\\/elhijodelllanero.mx\\\/?s={search_term_string}\"},\"query-input\":{\"@type\":\"PropertyValueSpecification\",\"valueRequired\":true,\"valueName\":\"search_term_string\"}}],\"inLanguage\":\"es\"},{\"@type\":\"Person\",\"@id\":\"https:\\\/\\\/elhijodelllanero.mx\\\/#\\\/schema\\\/person\\\/5dcfdd3db3a6f7e7906ef5d92cf7340b\",\"name\":\"Redaccion\",\"image\":{\"@type\":\"ImageObject\",\"inLanguage\":\"es\",\"@id\":\"https:\\\/\\\/secure.gravatar.com\\\/avatar\\\/f65b913d6e7be363e7396f7fad32ab76d311fbb575fa7e623ec3ea4799f3b718?s=96&d=mm&r=g\",\"url\":\"https:\\\/\\\/secure.gravatar.com\\\/avatar\\\/f65b913d6e7be363e7396f7fad32ab76d311fbb575fa7e623ec3ea4799f3b718?s=96&d=mm&r=g\",\"contentUrl\":\"https:\\\/\\\/secure.gravatar.com\\\/avatar\\\/f65b913d6e7be363e7396f7fad32ab76d311fbb575fa7e623ec3ea4799f3b718?s=96&d=mm&r=g\",\"caption\":\"Redaccion\"},\"sameAs\":[\"https:\\\/\\\/www.elhijodelllanero.mx\"],\"url\":\"https:\\\/\\\/elhijodelllanero.mx\\\/index.php\\\/author\\\/admin_6smc8z8t\\\/\"}]}<\/script>\n<!-- \/ Yoast SEO plugin. -->","yoast_head_json":{"title":"Informa SSCC sobre agresi\u00f3n a elementos de Tr\u00e1nsito y Polic\u00eda Vial. - El Hijo del llanero solititito","robots":{"index":"index","follow":"follow","max-snippet":"max-snippet:-1","max-image-preview":"max-image-preview:large","max-video-preview":"max-video-preview:-1"},"canonical":"https:\/\/elhijodelllanero.mx\/index.php\/2024\/07\/24\/informa-sscc-sobre-agresion-a-elementos-de-transito-y-policia-vial\/","og_locale":"es_ES","og_type":"article","og_title":"Informa SSCC sobre agresi\u00f3n a elementos de Tr\u00e1nsito y Polic\u00eda Vial. - El Hijo del llanero solititito","og_description":"Comunicado de prensa. Celaya, Gto., 24 julio 2024.- La Secretar\u00eda de Seguridad Ciudadana de Celaya (SSCC) informa sobre la cobarde agresi\u00f3n a elementos de la Direcci\u00f3n General de Tr\u00e1nsito y Polic\u00eda Vial la ma\u00f1ana de este mi\u00e9rcoles. Mientras elementos de la Direcci\u00f3n General de Tr\u00e1nsito y Polic\u00eda Vial, se encontraban dentro de un estacionamiento, sujetos [&hellip;]","og_url":"https:\/\/elhijodelllanero.mx\/index.php\/2024\/07\/24\/informa-sscc-sobre-agresion-a-elementos-de-transito-y-policia-vial\/","og_site_name":"El Hijo del llanero solititito","article_published_time":"2024-07-24T17:41:01+00:00","og_image":[{"width":750,"height":477,"url":"https:\/\/elhijodelllanero.mx\/wp-content\/uploads\/2024\/07\/IMG-20240724-WA0012.jpg","type":"image\/jpeg"}],"author":"Redaccion","twitter_card":"summary_large_image","twitter_misc":{"Escrito por":"Redaccion","Tiempo de lectura":"1 minuto"},"schema":{"@context":"https:\/\/schema.org","@graph":[{"@type":"Article","@id":"https:\/\/elhijodelllanero.mx\/index.php\/2024\/07\/24\/informa-sscc-sobre-agresion-a-elementos-de-transito-y-policia-vial\/#article","isPartOf":{"@id":"https:\/\/elhijodelllanero.mx\/index.php\/2024\/07\/24\/informa-sscc-sobre-agresion-a-elementos-de-transito-y-policia-vial\/"},"author":{"name":"Redaccion","@id":"https:\/\/elhijodelllanero.mx\/#\/schema\/person\/5dcfdd3db3a6f7e7906ef5d92cf7340b"},"headline":"Informa SSCC sobre agresi\u00f3n a elementos de Tr\u00e1nsito y Polic\u00eda Vial.","datePublished":"2024-07-24T17:41:01+00:00","mainEntityOfPage":{"@id":"https:\/\/elhijodelllanero.mx\/index.php\/2024\/07\/24\/informa-sscc-sobre-agresion-a-elementos-de-transito-y-policia-vial\/"},"wordCount":194,"commentCount":0,"image":{"@id":"https:\/\/elhijodelllanero.mx\/index.php\/2024\/07\/24\/informa-sscc-sobre-agresion-a-elementos-de-transito-y-policia-vial\/#primaryimage"},"thumbnailUrl":"https:\/\/i0.wp.com\/elhijodelllanero.mx\/wp-content\/uploads\/2024\/07\/IMG-20240724-WA0012.jpg?fit=750%2C477&ssl=1","articleSection":["POLICIACO"],"inLanguage":"es","potentialAction":[{"@type":"CommentAction","name":"Comment","target":["https:\/\/elhijodelllanero.mx\/index.php\/2024\/07\/24\/informa-sscc-sobre-agresion-a-elementos-de-transito-y-policia-vial\/#respond"]}]},{"@type":"WebPage","@id":"https:\/\/elhijodelllanero.mx\/index.php\/2024\/07\/24\/informa-sscc-sobre-agresion-a-elementos-de-transito-y-policia-vial\/","url":"https:\/\/elhijodelllanero.mx\/index.php\/2024\/07\/24\/informa-sscc-sobre-agresion-a-elementos-de-transito-y-policia-vial\/","name":"Informa SSCC sobre agresi\u00f3n a elementos de Tr\u00e1nsito y Polic\u00eda Vial. - El Hijo del llanero solititito","isPartOf":{"@id":"https:\/\/elhijodelllanero.mx\/#website"},"primaryImageOfPage":{"@id":"https:\/\/elhijodelllanero.mx\/index.php\/2024\/07\/24\/informa-sscc-sobre-agresion-a-elementos-de-transito-y-policia-vial\/#primaryimage"},"image":{"@id":"https:\/\/elhijodelllanero.mx\/index.php\/2024\/07\/24\/informa-sscc-sobre-agresion-a-elementos-de-transito-y-policia-vial\/#primaryimage"},"thumbnailUrl":"https:\/\/i0.wp.com\/elhijodelllanero.mx\/wp-content\/uploads\/2024\/07\/IMG-20240724-WA0012.jpg?fit=750%2C477&ssl=1","datePublished":"2024-07-24T17:41:01+00:00","author":{"@id":"https:\/\/elhijodelllanero.mx\/#\/schema\/person\/5dcfdd3db3a6f7e7906ef5d92cf7340b"},"breadcrumb":{"@id":"https:\/\/elhijodelllanero.mx\/index.php\/2024\/07\/24\/informa-sscc-sobre-agresion-a-elementos-de-transito-y-policia-vial\/#breadcrumb"},"inLanguage":"es","potentialAction":[{"@type":"ReadAction","target":["https:\/\/elhijodelllanero.mx\/index.php\/2024\/07\/24\/informa-sscc-sobre-agresion-a-elementos-de-transito-y-policia-vial\/"]}]},{"@type":"ImageObject","inLanguage":"es","@id":"https:\/\/elhijodelllanero.mx\/index.php\/2024\/07\/24\/informa-sscc-sobre-agresion-a-elementos-de-transito-y-policia-vial\/#primaryimage","url":"https:\/\/i0.wp.com\/elhijodelllanero.mx\/wp-content\/uploads\/2024\/07\/IMG-20240724-WA0012.jpg?fit=750%2C477&ssl=1","contentUrl":"https:\/\/i0.wp.com\/elhijodelllanero.mx\/wp-content\/uploads\/2024\/07\/IMG-20240724-WA0012.jpg?fit=750%2C477&ssl=1","width":750,"height":477},{"@type":"BreadcrumbList","@id":"https:\/\/elhijodelllanero.mx\/index.php\/2024\/07\/24\/informa-sscc-sobre-agresion-a-elementos-de-transito-y-policia-vial\/#breadcrumb","itemListElement":[{"@type":"ListItem","position":1,"name":"Portada","item":"https:\/\/elhijodelllanero.mx\/"},{"@type":"ListItem","position":2,"name":"Informa SSCC sobre agresi\u00f3n a elementos de Tr\u00e1nsito y Polic\u00eda Vial."}]},{"@type":"WebSite","@id":"https:\/\/elhijodelllanero.mx\/#website","url":"https:\/\/elhijodelllanero.mx\/","name":"El Hijo del llanero solititito","description":"","potentialAction":[{"@type":"SearchAction","target":{"@type":"EntryPoint","urlTemplate":"https:\/\/elhijodelllanero.mx\/?s={search_term_string}"},"query-input":{"@type":"PropertyValueSpecification","valueRequired":true,"valueName":"search_term_string"}}],"inLanguage":"es"},{"@type":"Person","@id":"https:\/\/elhijodelllanero.mx\/#\/schema\/person\/5dcfdd3db3a6f7e7906ef5d92cf7340b","name":"Redaccion","image":{"@type":"ImageObject","inLanguage":"es","@id":"https:\/\/secure.gravatar.com\/avatar\/f65b913d6e7be363e7396f7fad32ab76d311fbb575fa7e623ec3ea4799f3b718?s=96&d=mm&r=g","url":"https:\/\/secure.gravatar.com\/avatar\/f65b913d6e7be363e7396f7fad32ab76d311fbb575fa7e623ec3ea4799f3b718?s=96&d=mm&r=g","contentUrl":"https:\/\/secure.gravatar.com\/avatar\/f65b913d6e7be363e7396f7fad32ab76d311fbb575fa7e623ec3ea4799f3b718?s=96&d=mm&r=g","caption":"Redaccion"},"sameAs":["https:\/\/www.elhijodelllanero.mx"],"url":"https:\/\/elhijodelllanero.mx\/index.php\/author\/admin_6smc8z8t\/"}]}},"jetpack_featured_media_url":"https:\/\/i0.wp.com\/elhijodelllanero.mx\/wp-content\/uploads\/2024\/07\/IMG-20240724-WA0012.jpg?fit=750%2C477&ssl=1","jetpack-related-posts":[],"jetpack_sharing_enabled":true,"_links":{"self":[{"href":"https:\/\/elhijodelllanero.mx\/index.php\/wp-json\/wp\/v2\/posts\/8331","targetHints":{"allow":["GET"]}}],"collection":[{"href":"https:\/\/elhijodelllanero.mx\/index.php\/wp-json\/wp\/v2\/posts"}],"about":[{"href":"https:\/\/elhijodelllanero.mx\/index.php\/wp-json\/wp\/v2\/types\/post"}],"author":[{"embeddable":true,"href":"https:\/\/elhijodelllanero.mx\/index.php\/wp-json\/wp\/v2\/users\/1"}],"replies":[{"embeddable":true,"href":"https:\/\/elhijodelllanero.mx\/index.php\/wp-json\/wp\/v2\/comments?post=8331"}],"version-history":[{"count":2,"href":"https:\/\/elhijodelllanero.mx\/index.php\/wp-json\/wp\/v2\/posts\/8331\/revisions"}],"predecessor-version":[{"id":8336,"href":"https:\/\/elhijodelllanero.mx\/index.php\/wp-json\/wp\/v2\/posts\/8331\/revisions\/8336"}],"wp:featuredmedia":[{"embeddable":true,"href":"https:\/\/elhijodelllanero.mx\/index.php\/wp-json\/wp\/v2\/media\/8332"}],"wp:attachment":[{"href":"https:\/\/elhijodelllanero.mx\/index.php\/wp-json\/wp\/v2\/media?parent=8331"}],"wp:term":[{"taxonomy":"category","embeddable":true,"href":"https:\/\/elhijodelllanero.mx\/index.php\/wp-json\/wp\/v2\/categories?post=8331"},{"taxonomy":"post_tag","embeddable":true,"href":"https:\/\/elhijodelllanero.mx\/index.php\/wp-json\/wp\/v2\/tags?post=8331"}],"curies":[{"name":"wp","href":"https:\/\/api.w.org\/{rel}","templated":true}]}}