{"id":8337,"date":"2024-07-24T19:46:30","date_gmt":"2024-07-24T19:46:30","guid":{"rendered":"https:\/\/elhijodelllanero.mx\/?p=8337"},"modified":"2024-07-24T19:46:30","modified_gmt":"2024-07-24T19:46:30","slug":"inauguran-autoridades-comonforenses-camino-de-acceso-a-el-lindero","status":"publish","type":"post","link":"https:\/\/elhijodelllanero.mx\/index.php\/2024\/07\/24\/inauguran-autoridades-comonforenses-camino-de-acceso-a-el-lindero\/","title":{"rendered":"Inauguran autoridades comonforenses camino de acceso a El Lindero."},"content":{"rendered":"<p>&nbsp;<\/p>\n<p>Comonfort, Gto., 24 julio 2024.- Con el apoyo de Gobierno del Estado, a trav\u00e9s de Secretar\u00eda de Desarrollo Agroalimentario y Rural SDAyR, el Presidente Municipal Claudio Santoyo, inaugur\u00f3 la rehabilitaci\u00f3n del camino de acceso en la comunidad de Lindero.<br \/>\nEn este sentido, la administraci\u00f3n municipal invirti\u00f3 para la rehabilitaci\u00f3n de 409 metros lineales de pavimento de piedra ahogada en concreto.<br \/>\nEl Gobernador Diego Sinhue, en una gira de trabajo por el municipio, se comprometi\u00f3 a apoyarlos y hoy ese compromiso se convirti\u00f3 en realidad.<br \/>\nLos habitantes de la comunidad, recibieron al Alcalde para el evento de inauguraci\u00f3n, manifestaron su alegr\u00eda y agradecimiento, sentimientos que manifestaron a trav\u00e9s de la delegada, \u00c1ngela Olalde Gonz\u00e1lez.<br \/>\n\u201cNo hay palabras de agradecimiento para el alcalde, para nosotros fue un sue\u00f1o hecho realidad, ni siquiera pens\u00e1bamos esto, a lo que aspir\u00e1bamos todo el tiempo era tepetate que nos apoyaban por aqu\u00ed, estamos muy agradecidos, nos apoy\u00f3 con el techo de la capilla, nos apoy\u00f3 con dos puentes, con cisternas, s\u00ed nos apoy\u00f3 much\u00edsimo y gracias a nombre de toda la comunidad\u201d, remarc\u00f3.<br \/>\nEste camino rural es el primero de cuatro que ser\u00e1n inaugurados por el Gobierno Municipal con apoyo del Gobierno Estatal.<br \/>\nAcciones realizadas en la obra: 1694.90 metros cuadrados de pavimento de piedra ahogada en concreto, 832.90 metros de guarniciones, 2 alcantarillas a base de concreto, 4 topes de concreto, 832.90 metros de pintura en guarniciones.<\/p>\n","protected":false},"excerpt":{"rendered":"<p>&nbsp; Comonfort, Gto., 24 julio 2024.- Con el apoyo de Gobierno del Estado, a trav\u00e9s de Secretar\u00eda de Desarrollo Agroalimentario y Rural SDAyR, el Presidente Municipal Claudio Santoyo, inaugur\u00f3 la rehabilitaci\u00f3n del camino de acceso en la comunidad de Lindero. En este sentido, la administraci\u00f3n municipal invirti\u00f3 para la rehabilitaci\u00f3n de 409 metros lineales de [&hellip;]<\/p>\n","protected":false},"author":1,"featured_media":8338,"comment_status":"open","ping_status":"closed","sticky":false,"template":"","format":"standard","meta":{"_jetpack_newsletter_access":"","_jetpack_dont_email_post_to_subs":false,"_jetpack_newsletter_tier_id":0,"_jetpack_memberships_contains_paywalled_content":false,"_jetpack_memberships_contains_paid_content":false,"footnotes":""},"categories":[83],"tags":[],"class_list":{"0":"post-8337","1":"post","2":"type-post","3":"status-publish","4":"format-standard","5":"has-post-thumbnail","7":"category-comonfort"},"yoast_head":"<!-- This site is optimized with the Yoast SEO plugin v27.3 - https:\/\/yoast.com\/product\/yoast-seo-wordpress\/ -->\n<title>Inauguran autoridades comonforenses camino de acceso a El Lindero. - El Hijo del llanero solititito<\/title>\n<meta name=\"robots\" content=\"index, follow, max-snippet:-1, max-image-preview:large, max-video-preview:-1\" \/>\n<link rel=\"canonical\" href=\"https:\/\/elhijodelllanero.mx\/index.php\/2024\/07\/24\/inauguran-autoridades-comonforenses-camino-de-acceso-a-el-lindero\/\" \/>\n<meta property=\"og:locale\" content=\"es_ES\" \/>\n<meta property=\"og:type\" content=\"article\" \/>\n<meta property=\"og:title\" content=\"Inauguran autoridades comonforenses camino de acceso a El Lindero. - El Hijo del llanero solititito\" \/>\n<meta property=\"og:description\" content=\"&nbsp; Comonfort, Gto., 24 julio 2024.- Con el apoyo de Gobierno del Estado, a trav\u00e9s de Secretar\u00eda de Desarrollo Agroalimentario y Rural SDAyR, el Presidente Municipal Claudio Santoyo, inaugur\u00f3 la rehabilitaci\u00f3n del camino de acceso en la comunidad de Lindero. En este sentido, la administraci\u00f3n municipal invirti\u00f3 para la rehabilitaci\u00f3n de 409 metros lineales de [&hellip;]\" \/>\n<meta property=\"og:url\" content=\"https:\/\/elhijodelllanero.mx\/index.php\/2024\/07\/24\/inauguran-autoridades-comonforenses-camino-de-acceso-a-el-lindero\/\" \/>\n<meta property=\"og:site_name\" content=\"El Hijo del llanero solititito\" \/>\n<meta property=\"article:published_time\" content=\"2024-07-24T19:46:30+00:00\" \/>\n<meta property=\"og:image\" content=\"https:\/\/elhijodelllanero.mx\/wp-content\/uploads\/2024\/07\/IMG-20240723-WA0075.jpg\" \/>\n\t<meta property=\"og:image:width\" content=\"1280\" \/>\n\t<meta property=\"og:image:height\" content=\"853\" \/>\n\t<meta property=\"og:image:type\" content=\"image\/jpeg\" \/>\n<meta name=\"author\" content=\"Redaccion\" \/>\n<meta name=\"twitter:card\" content=\"summary_large_image\" \/>\n<meta name=\"twitter:label1\" content=\"Escrito por\" \/>\n\t<meta name=\"twitter:data1\" content=\"Redaccion\" \/>\n\t<meta name=\"twitter:label2\" content=\"Tiempo de lectura\" \/>\n\t<meta name=\"twitter:data2\" content=\"2 minutos\" \/>\n<script type=\"application\/ld+json\" class=\"yoast-schema-graph\">{\"@context\":\"https:\\\/\\\/schema.org\",\"@graph\":[{\"@type\":\"Article\",\"@id\":\"https:\\\/\\\/elhijodelllanero.mx\\\/index.php\\\/2024\\\/07\\\/24\\\/inauguran-autoridades-comonforenses-camino-de-acceso-a-el-lindero\\\/#article\",\"isPartOf\":{\"@id\":\"https:\\\/\\\/elhijodelllanero.mx\\\/index.php\\\/2024\\\/07\\\/24\\\/inauguran-autoridades-comonforenses-camino-de-acceso-a-el-lindero\\\/\"},\"author\":{\"name\":\"Redaccion\",\"@id\":\"https:\\\/\\\/elhijodelllanero.mx\\\/#\\\/schema\\\/person\\\/5dcfdd3db3a6f7e7906ef5d92cf7340b\"},\"headline\":\"Inauguran autoridades comonforenses camino de acceso a El Lindero.\",\"datePublished\":\"2024-07-24T19:46:30+00:00\",\"mainEntityOfPage\":{\"@id\":\"https:\\\/\\\/elhijodelllanero.mx\\\/index.php\\\/2024\\\/07\\\/24\\\/inauguran-autoridades-comonforenses-camino-de-acceso-a-el-lindero\\\/\"},\"wordCount\":249,\"commentCount\":0,\"image\":{\"@id\":\"https:\\\/\\\/elhijodelllanero.mx\\\/index.php\\\/2024\\\/07\\\/24\\\/inauguran-autoridades-comonforenses-camino-de-acceso-a-el-lindero\\\/#primaryimage\"},\"thumbnailUrl\":\"https:\\\/\\\/i0.wp.com\\\/elhijodelllanero.mx\\\/wp-content\\\/uploads\\\/2024\\\/07\\\/IMG-20240723-WA0075.jpg?fit=1280%2C853&ssl=1\",\"articleSection\":[\"COMONFORT\"],\"inLanguage\":\"es\",\"potentialAction\":[{\"@type\":\"CommentAction\",\"name\":\"Comment\",\"target\":[\"https:\\\/\\\/elhijodelllanero.mx\\\/index.php\\\/2024\\\/07\\\/24\\\/inauguran-autoridades-comonforenses-camino-de-acceso-a-el-lindero\\\/#respond\"]}]},{\"@type\":\"WebPage\",\"@id\":\"https:\\\/\\\/elhijodelllanero.mx\\\/index.php\\\/2024\\\/07\\\/24\\\/inauguran-autoridades-comonforenses-camino-de-acceso-a-el-lindero\\\/\",\"url\":\"https:\\\/\\\/elhijodelllanero.mx\\\/index.php\\\/2024\\\/07\\\/24\\\/inauguran-autoridades-comonforenses-camino-de-acceso-a-el-lindero\\\/\",\"name\":\"Inauguran autoridades comonforenses camino de acceso a El Lindero. - El Hijo del llanero solititito\",\"isPartOf\":{\"@id\":\"https:\\\/\\\/elhijodelllanero.mx\\\/#website\"},\"primaryImageOfPage\":{\"@id\":\"https:\\\/\\\/elhijodelllanero.mx\\\/index.php\\\/2024\\\/07\\\/24\\\/inauguran-autoridades-comonforenses-camino-de-acceso-a-el-lindero\\\/#primaryimage\"},\"image\":{\"@id\":\"https:\\\/\\\/elhijodelllanero.mx\\\/index.php\\\/2024\\\/07\\\/24\\\/inauguran-autoridades-comonforenses-camino-de-acceso-a-el-lindero\\\/#primaryimage\"},\"thumbnailUrl\":\"https:\\\/\\\/i0.wp.com\\\/elhijodelllanero.mx\\\/wp-content\\\/uploads\\\/2024\\\/07\\\/IMG-20240723-WA0075.jpg?fit=1280%2C853&ssl=1\",\"datePublished\":\"2024-07-24T19:46:30+00:00\",\"author\":{\"@id\":\"https:\\\/\\\/elhijodelllanero.mx\\\/#\\\/schema\\\/person\\\/5dcfdd3db3a6f7e7906ef5d92cf7340b\"},\"breadcrumb\":{\"@id\":\"https:\\\/\\\/elhijodelllanero.mx\\\/index.php\\\/2024\\\/07\\\/24\\\/inauguran-autoridades-comonforenses-camino-de-acceso-a-el-lindero\\\/#breadcrumb\"},\"inLanguage\":\"es\",\"potentialAction\":[{\"@type\":\"ReadAction\",\"target\":[\"https:\\\/\\\/elhijodelllanero.mx\\\/index.php\\\/2024\\\/07\\\/24\\\/inauguran-autoridades-comonforenses-camino-de-acceso-a-el-lindero\\\/\"]}]},{\"@type\":\"ImageObject\",\"inLanguage\":\"es\",\"@id\":\"https:\\\/\\\/elhijodelllanero.mx\\\/index.php\\\/2024\\\/07\\\/24\\\/inauguran-autoridades-comonforenses-camino-de-acceso-a-el-lindero\\\/#primaryimage\",\"url\":\"https:\\\/\\\/i0.wp.com\\\/elhijodelllanero.mx\\\/wp-content\\\/uploads\\\/2024\\\/07\\\/IMG-20240723-WA0075.jpg?fit=1280%2C853&ssl=1\",\"contentUrl\":\"https:\\\/\\\/i0.wp.com\\\/elhijodelllanero.mx\\\/wp-content\\\/uploads\\\/2024\\\/07\\\/IMG-20240723-WA0075.jpg?fit=1280%2C853&ssl=1\",\"width\":1280,\"height\":853},{\"@type\":\"BreadcrumbList\",\"@id\":\"https:\\\/\\\/elhijodelllanero.mx\\\/index.php\\\/2024\\\/07\\\/24\\\/inauguran-autoridades-comonforenses-camino-de-acceso-a-el-lindero\\\/#breadcrumb\",\"itemListElement\":[{\"@type\":\"ListItem\",\"position\":1,\"name\":\"Portada\",\"item\":\"https:\\\/\\\/elhijodelllanero.mx\\\/\"},{\"@type\":\"ListItem\",\"position\":2,\"name\":\"Inauguran autoridades comonforenses camino de acceso a El Lindero.\"}]},{\"@type\":\"WebSite\",\"@id\":\"https:\\\/\\\/elhijodelllanero.mx\\\/#website\",\"url\":\"https:\\\/\\\/elhijodelllanero.mx\\\/\",\"name\":\"El Hijo del llanero solititito\",\"description\":\"\",\"potentialAction\":[{\"@type\":\"SearchAction\",\"target\":{\"@type\":\"EntryPoint\",\"urlTemplate\":\"https:\\\/\\\/elhijodelllanero.mx\\\/?s={search_term_string}\"},\"query-input\":{\"@type\":\"PropertyValueSpecification\",\"valueRequired\":true,\"valueName\":\"search_term_string\"}}],\"inLanguage\":\"es\"},{\"@type\":\"Person\",\"@id\":\"https:\\\/\\\/elhijodelllanero.mx\\\/#\\\/schema\\\/person\\\/5dcfdd3db3a6f7e7906ef5d92cf7340b\",\"name\":\"Redaccion\",\"image\":{\"@type\":\"ImageObject\",\"inLanguage\":\"es\",\"@id\":\"https:\\\/\\\/secure.gravatar.com\\\/avatar\\\/f65b913d6e7be363e7396f7fad32ab76d311fbb575fa7e623ec3ea4799f3b718?s=96&d=mm&r=g\",\"url\":\"https:\\\/\\\/secure.gravatar.com\\\/avatar\\\/f65b913d6e7be363e7396f7fad32ab76d311fbb575fa7e623ec3ea4799f3b718?s=96&d=mm&r=g\",\"contentUrl\":\"https:\\\/\\\/secure.gravatar.com\\\/avatar\\\/f65b913d6e7be363e7396f7fad32ab76d311fbb575fa7e623ec3ea4799f3b718?s=96&d=mm&r=g\",\"caption\":\"Redaccion\"},\"sameAs\":[\"https:\\\/\\\/www.elhijodelllanero.mx\"],\"url\":\"https:\\\/\\\/elhijodelllanero.mx\\\/index.php\\\/author\\\/admin_6smc8z8t\\\/\"}]}<\/script>\n<!-- \/ Yoast SEO plugin. -->","yoast_head_json":{"title":"Inauguran autoridades comonforenses camino de acceso a El Lindero. - El Hijo del llanero solititito","robots":{"index":"index","follow":"follow","max-snippet":"max-snippet:-1","max-image-preview":"max-image-preview:large","max-video-preview":"max-video-preview:-1"},"canonical":"https:\/\/elhijodelllanero.mx\/index.php\/2024\/07\/24\/inauguran-autoridades-comonforenses-camino-de-acceso-a-el-lindero\/","og_locale":"es_ES","og_type":"article","og_title":"Inauguran autoridades comonforenses camino de acceso a El Lindero. - El Hijo del llanero solititito","og_description":"&nbsp; Comonfort, Gto., 24 julio 2024.- Con el apoyo de Gobierno del Estado, a trav\u00e9s de Secretar\u00eda de Desarrollo Agroalimentario y Rural SDAyR, el Presidente Municipal Claudio Santoyo, inaugur\u00f3 la rehabilitaci\u00f3n del camino de acceso en la comunidad de Lindero. En este sentido, la administraci\u00f3n municipal invirti\u00f3 para la rehabilitaci\u00f3n de 409 metros lineales de [&hellip;]","og_url":"https:\/\/elhijodelllanero.mx\/index.php\/2024\/07\/24\/inauguran-autoridades-comonforenses-camino-de-acceso-a-el-lindero\/","og_site_name":"El Hijo del llanero solititito","article_published_time":"2024-07-24T19:46:30+00:00","og_image":[{"width":1280,"height":853,"url":"https:\/\/elhijodelllanero.mx\/wp-content\/uploads\/2024\/07\/IMG-20240723-WA0075.jpg","type":"image\/jpeg"}],"author":"Redaccion","twitter_card":"summary_large_image","twitter_misc":{"Escrito por":"Redaccion","Tiempo de lectura":"2 minutos"},"schema":{"@context":"https:\/\/schema.org","@graph":[{"@type":"Article","@id":"https:\/\/elhijodelllanero.mx\/index.php\/2024\/07\/24\/inauguran-autoridades-comonforenses-camino-de-acceso-a-el-lindero\/#article","isPartOf":{"@id":"https:\/\/elhijodelllanero.mx\/index.php\/2024\/07\/24\/inauguran-autoridades-comonforenses-camino-de-acceso-a-el-lindero\/"},"author":{"name":"Redaccion","@id":"https:\/\/elhijodelllanero.mx\/#\/schema\/person\/5dcfdd3db3a6f7e7906ef5d92cf7340b"},"headline":"Inauguran autoridades comonforenses camino de acceso a El Lindero.","datePublished":"2024-07-24T19:46:30+00:00","mainEntityOfPage":{"@id":"https:\/\/elhijodelllanero.mx\/index.php\/2024\/07\/24\/inauguran-autoridades-comonforenses-camino-de-acceso-a-el-lindero\/"},"wordCount":249,"commentCount":0,"image":{"@id":"https:\/\/elhijodelllanero.mx\/index.php\/2024\/07\/24\/inauguran-autoridades-comonforenses-camino-de-acceso-a-el-lindero\/#primaryimage"},"thumbnailUrl":"https:\/\/i0.wp.com\/elhijodelllanero.mx\/wp-content\/uploads\/2024\/07\/IMG-20240723-WA0075.jpg?fit=1280%2C853&ssl=1","articleSection":["COMONFORT"],"inLanguage":"es","potentialAction":[{"@type":"CommentAction","name":"Comment","target":["https:\/\/elhijodelllanero.mx\/index.php\/2024\/07\/24\/inauguran-autoridades-comonforenses-camino-de-acceso-a-el-lindero\/#respond"]}]},{"@type":"WebPage","@id":"https:\/\/elhijodelllanero.mx\/index.php\/2024\/07\/24\/inauguran-autoridades-comonforenses-camino-de-acceso-a-el-lindero\/","url":"https:\/\/elhijodelllanero.mx\/index.php\/2024\/07\/24\/inauguran-autoridades-comonforenses-camino-de-acceso-a-el-lindero\/","name":"Inauguran autoridades comonforenses camino de acceso a El Lindero. - El Hijo del llanero solititito","isPartOf":{"@id":"https:\/\/elhijodelllanero.mx\/#website"},"primaryImageOfPage":{"@id":"https:\/\/elhijodelllanero.mx\/index.php\/2024\/07\/24\/inauguran-autoridades-comonforenses-camino-de-acceso-a-el-lindero\/#primaryimage"},"image":{"@id":"https:\/\/elhijodelllanero.mx\/index.php\/2024\/07\/24\/inauguran-autoridades-comonforenses-camino-de-acceso-a-el-lindero\/#primaryimage"},"thumbnailUrl":"https:\/\/i0.wp.com\/elhijodelllanero.mx\/wp-content\/uploads\/2024\/07\/IMG-20240723-WA0075.jpg?fit=1280%2C853&ssl=1","datePublished":"2024-07-24T19:46:30+00:00","author":{"@id":"https:\/\/elhijodelllanero.mx\/#\/schema\/person\/5dcfdd3db3a6f7e7906ef5d92cf7340b"},"breadcrumb":{"@id":"https:\/\/elhijodelllanero.mx\/index.php\/2024\/07\/24\/inauguran-autoridades-comonforenses-camino-de-acceso-a-el-lindero\/#breadcrumb"},"inLanguage":"es","potentialAction":[{"@type":"ReadAction","target":["https:\/\/elhijodelllanero.mx\/index.php\/2024\/07\/24\/inauguran-autoridades-comonforenses-camino-de-acceso-a-el-lindero\/"]}]},{"@type":"ImageObject","inLanguage":"es","@id":"https:\/\/elhijodelllanero.mx\/index.php\/2024\/07\/24\/inauguran-autoridades-comonforenses-camino-de-acceso-a-el-lindero\/#primaryimage","url":"https:\/\/i0.wp.com\/elhijodelllanero.mx\/wp-content\/uploads\/2024\/07\/IMG-20240723-WA0075.jpg?fit=1280%2C853&ssl=1","contentUrl":"https:\/\/i0.wp.com\/elhijodelllanero.mx\/wp-content\/uploads\/2024\/07\/IMG-20240723-WA0075.jpg?fit=1280%2C853&ssl=1","width":1280,"height":853},{"@type":"BreadcrumbList","@id":"https:\/\/elhijodelllanero.mx\/index.php\/2024\/07\/24\/inauguran-autoridades-comonforenses-camino-de-acceso-a-el-lindero\/#breadcrumb","itemListElement":[{"@type":"ListItem","position":1,"name":"Portada","item":"https:\/\/elhijodelllanero.mx\/"},{"@type":"ListItem","position":2,"name":"Inauguran autoridades comonforenses camino de acceso a El Lindero."}]},{"@type":"WebSite","@id":"https:\/\/elhijodelllanero.mx\/#website","url":"https:\/\/elhijodelllanero.mx\/","name":"El Hijo del llanero solititito","description":"","potentialAction":[{"@type":"SearchAction","target":{"@type":"EntryPoint","urlTemplate":"https:\/\/elhijodelllanero.mx\/?s={search_term_string}"},"query-input":{"@type":"PropertyValueSpecification","valueRequired":true,"valueName":"search_term_string"}}],"inLanguage":"es"},{"@type":"Person","@id":"https:\/\/elhijodelllanero.mx\/#\/schema\/person\/5dcfdd3db3a6f7e7906ef5d92cf7340b","name":"Redaccion","image":{"@type":"ImageObject","inLanguage":"es","@id":"https:\/\/secure.gravatar.com\/avatar\/f65b913d6e7be363e7396f7fad32ab76d311fbb575fa7e623ec3ea4799f3b718?s=96&d=mm&r=g","url":"https:\/\/secure.gravatar.com\/avatar\/f65b913d6e7be363e7396f7fad32ab76d311fbb575fa7e623ec3ea4799f3b718?s=96&d=mm&r=g","contentUrl":"https:\/\/secure.gravatar.com\/avatar\/f65b913d6e7be363e7396f7fad32ab76d311fbb575fa7e623ec3ea4799f3b718?s=96&d=mm&r=g","caption":"Redaccion"},"sameAs":["https:\/\/www.elhijodelllanero.mx"],"url":"https:\/\/elhijodelllanero.mx\/index.php\/author\/admin_6smc8z8t\/"}]}},"jetpack_featured_media_url":"https:\/\/i0.wp.com\/elhijodelllanero.mx\/wp-content\/uploads\/2024\/07\/IMG-20240723-WA0075.jpg?fit=1280%2C853&ssl=1","jetpack-related-posts":[],"jetpack_sharing_enabled":true,"_links":{"self":[{"href":"https:\/\/elhijodelllanero.mx\/index.php\/wp-json\/wp\/v2\/posts\/8337","targetHints":{"allow":["GET"]}}],"collection":[{"href":"https:\/\/elhijodelllanero.mx\/index.php\/wp-json\/wp\/v2\/posts"}],"about":[{"href":"https:\/\/elhijodelllanero.mx\/index.php\/wp-json\/wp\/v2\/types\/post"}],"author":[{"embeddable":true,"href":"https:\/\/elhijodelllanero.mx\/index.php\/wp-json\/wp\/v2\/users\/1"}],"replies":[{"embeddable":true,"href":"https:\/\/elhijodelllanero.mx\/index.php\/wp-json\/wp\/v2\/comments?post=8337"}],"version-history":[{"count":1,"href":"https:\/\/elhijodelllanero.mx\/index.php\/wp-json\/wp\/v2\/posts\/8337\/revisions"}],"predecessor-version":[{"id":8339,"href":"https:\/\/elhijodelllanero.mx\/index.php\/wp-json\/wp\/v2\/posts\/8337\/revisions\/8339"}],"wp:featuredmedia":[{"embeddable":true,"href":"https:\/\/elhijodelllanero.mx\/index.php\/wp-json\/wp\/v2\/media\/8338"}],"wp:attachment":[{"href":"https:\/\/elhijodelllanero.mx\/index.php\/wp-json\/wp\/v2\/media?parent=8337"}],"wp:term":[{"taxonomy":"category","embeddable":true,"href":"https:\/\/elhijodelllanero.mx\/index.php\/wp-json\/wp\/v2\/categories?post=8337"},{"taxonomy":"post_tag","embeddable":true,"href":"https:\/\/elhijodelllanero.mx\/index.php\/wp-json\/wp\/v2\/tags?post=8337"}],"curies":[{"name":"wp","href":"https:\/\/api.w.org\/{rel}","templated":true}]}}