{"id":8340,"date":"2024-07-24T20:00:53","date_gmt":"2024-07-24T20:00:53","guid":{"rendered":"https:\/\/elhijodelllanero.mx\/?p=8340"},"modified":"2024-07-24T20:00:53","modified_gmt":"2024-07-24T20:00:53","slug":"fandango-por-la-lectura-evento-presidido-por-la-secretaria-de-educacion-publica-leticia-ramirez-amaya-y-el-presidente-cesar-prieto","status":"publish","type":"post","link":"https:\/\/elhijodelllanero.mx\/index.php\/2024\/07\/24\/fandango-por-la-lectura-evento-presidido-por-la-secretaria-de-educacion-publica-leticia-ramirez-amaya-y-el-presidente-cesar-prieto\/","title":{"rendered":"\u201cFandango por la lectura\u201d, evento presidido por la Secretaria de Educaci\u00f3n P\u00fablica, Leticia Ram\u00edrez Amaya, y el presidente C\u00e9sar Prieto."},"content":{"rendered":"<p>&nbsp;<\/p>\n<p>Salamanca, Gto., 24 julio 2024.- En un evento sin precedentes; el alcalde C\u00e9sar Prieto, acompa\u00f1\u00f3 a la secretaria de Educaci\u00f3n P\u00fablica del Gobierno de M\u00e9xico, Leticia Ram\u00edrez Amaya, para promover en nuestra comunidad el programa cultural \u201cFandango por la Lectura\u00bb, que se celebr\u00f3 en el ic\u00f3nico recinto del exconvento de San Juan de Sahag\u00fan.<br \/>\nLos Fandangos por la Lectura son eventos culturales que promueven el amor por la lectura, una iniciativa del Gobierno Federal con la representaci\u00f3n de Beatriz Guti\u00e9rrez M\u00fcller, en los que se invita a ni\u00f1os, j\u00f3venes y adultos mayores a participar, para celebrar la diversidad ling\u00fc\u00edstica.<br \/>\nDurante la celebraci\u00f3n de esta fiesta cultural en nuestro municipio, el Presidente C\u00e9sar Prieto destac\u00f3 la riqueza hist\u00f3rica que alberga Salamanca, y resalt\u00f3 el sentido humano que caracteriza a los salmantinos.<br \/>\n\u201cSalamanca siempre ha sido un municipio con gente progresista, que lucha por tener un mejor entorno, tambi\u00e9n un 16 de septiembre del a\u00f1o 2011 tuvimos la visita, y dio el grito por la Independencia, el hoy presidente de la rep\u00fablica, Andr\u00e9s Manuel L\u00f3pez Obrador. Salamanca es y seguir\u00e1 siendo testigo y part\u00edcipe de las luchas hist\u00f3ricas en favor del pueblo de M\u00e9xico, por eso es un honor recibirlos aqu\u00ed, es esta su casa, Salamanca es su hogar\u00bb, expres\u00f3 el primer edil.<br \/>\nPor su parte, Leticia Ram\u00edrez Amaya, secretaria de Educaci\u00f3n del Gobierno Federal, mencion\u00f3 a los destacados guanajuatenses que han formado parte de la transformaci\u00f3n del pa\u00eds, a trav\u00e9s del arte, la educaci\u00f3n y la cultura.<br \/>\nEnfatiz\u00f3 que Fandango por la Lectura, es parte de la estrategia nacional para la transformaci\u00f3n social.<br \/>\n\u201cDestacada participaci\u00f3n han tenido hombres y mujeres guanajuatenses en momentos de la vida pol\u00edtica, las artes, y desde luego en la educaci\u00f3n (\u2026) Este fandango fue hecho especialmente para ustedes, personas adultas mayores, hombres y mujeres que han transitado por diferentes etapas de su vida y que valoran la riqueza y el gozo de la lectura.<br \/>\nConf\u00edo que la experiencia de todos ustedes con los libros les haya mostrado que la lectura no puede ser una obligaci\u00f3n, debe ser una actividad que se realice con gusto, los Fandangos por la Lectura son parte de esa estrategia nacional impulsada por nuestro presidente Andr\u00e9s Manuel L\u00f3pez Obrador\u00bb, precis\u00f3 la titular de la Secretar\u00eda de Educaci\u00f3n P\u00fablica del Gobierno Federal.<br \/>\nTambi\u00e9n se cont\u00f3 con la participaci\u00f3n de la licenciada Eugenia Mart\u00ednez Carrillo, presidenta de DIF Salamanca; H\u00e9ctor Miranda Anz\u00e1, titular de la Unidad de Asuntos Religiosos, Prevenci\u00f3n y la Reconstrucci\u00f3n del Tejido Social de la Secretar\u00eda de Gobernaci\u00f3n; Jorge Enrique Hern\u00e1ndez Meza, secretario de Educaci\u00f3n del Estado de Guanajuato; Yezm\u00edn Aurora Lehman Mendoza, directora de Prestaciones Econ\u00f3micas Sociales y Culturales del Instituto de Seguridad y Servicios Sociales de los Trabajadores del Estado; Mauricio Hern\u00e1ndez N\u00fa\u00f1ez, delegado de la Secretar\u00eda del Bienestar en Guanajuato; as\u00ed como Jorge Eduardo Basald\u00faa Silva, director general de Asuntos Religiosos de la Secretar\u00eda de Gobernaci\u00f3n; y Andr\u00e9s Granados, escritor salmantino, quien comparti\u00f3 parte de sus escritos, que relatan sus memorias en Salamanca.<br \/>\nEste evento es muestra del esfuerzo conjunto entre los tres niveles de gobierno para rescatar y promover el h\u00e1bito de la lectura.<\/p>\n","protected":false},"excerpt":{"rendered":"<p>&nbsp; Salamanca, Gto., 24 julio 2024.- En un evento sin precedentes; el alcalde C\u00e9sar Prieto, acompa\u00f1\u00f3 a la secretaria de Educaci\u00f3n P\u00fablica del Gobierno de M\u00e9xico, Leticia Ram\u00edrez Amaya, para promover en nuestra comunidad el programa cultural \u201cFandango por la Lectura\u00bb, que se celebr\u00f3 en el ic\u00f3nico recinto del exconvento de San Juan de Sahag\u00fan. [&hellip;]<\/p>\n","protected":false},"author":1,"featured_media":8342,"comment_status":"open","ping_status":"closed","sticky":false,"template":"","format":"standard","meta":{"_jetpack_newsletter_access":"","_jetpack_dont_email_post_to_subs":false,"_jetpack_newsletter_tier_id":0,"_jetpack_memberships_contains_paywalled_content":false,"_jetpack_memberships_contains_paid_content":false,"footnotes":""},"categories":[84],"tags":[],"class_list":{"0":"post-8340","1":"post","2":"type-post","3":"status-publish","4":"format-standard","5":"has-post-thumbnail","7":"category-salamanca"},"yoast_head":"<!-- This site is optimized with the Yoast SEO plugin v27.3 - https:\/\/yoast.com\/product\/yoast-seo-wordpress\/ -->\n<title>\u201cFandango por la lectura\u201d, evento presidido por la Secretaria de Educaci\u00f3n P\u00fablica, Leticia Ram\u00edrez Amaya, y el presidente C\u00e9sar Prieto. - El Hijo del llanero solititito<\/title>\n<meta name=\"robots\" content=\"index, follow, max-snippet:-1, max-image-preview:large, max-video-preview:-1\" \/>\n<link rel=\"canonical\" href=\"https:\/\/elhijodelllanero.mx\/index.php\/2024\/07\/24\/fandango-por-la-lectura-evento-presidido-por-la-secretaria-de-educacion-publica-leticia-ramirez-amaya-y-el-presidente-cesar-prieto\/\" \/>\n<meta property=\"og:locale\" content=\"es_ES\" \/>\n<meta property=\"og:type\" content=\"article\" \/>\n<meta property=\"og:title\" content=\"\u201cFandango por la lectura\u201d, evento presidido por la Secretaria de Educaci\u00f3n P\u00fablica, Leticia Ram\u00edrez Amaya, y el presidente C\u00e9sar Prieto. - El Hijo del llanero solititito\" \/>\n<meta property=\"og:description\" content=\"&nbsp; Salamanca, Gto., 24 julio 2024.- En un evento sin precedentes; el alcalde C\u00e9sar Prieto, acompa\u00f1\u00f3 a la secretaria de Educaci\u00f3n P\u00fablica del Gobierno de M\u00e9xico, Leticia Ram\u00edrez Amaya, para promover en nuestra comunidad el programa cultural \u201cFandango por la Lectura\u00bb, que se celebr\u00f3 en el ic\u00f3nico recinto del exconvento de San Juan de Sahag\u00fan. [&hellip;]\" \/>\n<meta property=\"og:url\" content=\"https:\/\/elhijodelllanero.mx\/index.php\/2024\/07\/24\/fandango-por-la-lectura-evento-presidido-por-la-secretaria-de-educacion-publica-leticia-ramirez-amaya-y-el-presidente-cesar-prieto\/\" \/>\n<meta property=\"og:site_name\" content=\"El Hijo del llanero solititito\" \/>\n<meta property=\"article:published_time\" content=\"2024-07-24T20:00:53+00:00\" \/>\n<meta property=\"og:image\" content=\"https:\/\/elhijodelllanero.mx\/wp-content\/uploads\/2024\/07\/IMG-20240724-WA0033.jpg\" \/>\n\t<meta property=\"og:image:width\" content=\"1600\" \/>\n\t<meta property=\"og:image:height\" content=\"1066\" \/>\n\t<meta property=\"og:image:type\" content=\"image\/jpeg\" \/>\n<meta name=\"author\" content=\"Redaccion\" \/>\n<meta name=\"twitter:card\" content=\"summary_large_image\" \/>\n<meta name=\"twitter:label1\" content=\"Escrito por\" \/>\n\t<meta name=\"twitter:data1\" content=\"Redaccion\" \/>\n\t<meta name=\"twitter:label2\" content=\"Tiempo de lectura\" \/>\n\t<meta name=\"twitter:data2\" content=\"3 minutos\" \/>\n<script type=\"application\/ld+json\" class=\"yoast-schema-graph\">{\"@context\":\"https:\\\/\\\/schema.org\",\"@graph\":[{\"@type\":\"Article\",\"@id\":\"https:\\\/\\\/elhijodelllanero.mx\\\/index.php\\\/2024\\\/07\\\/24\\\/fandango-por-la-lectura-evento-presidido-por-la-secretaria-de-educacion-publica-leticia-ramirez-amaya-y-el-presidente-cesar-prieto\\\/#article\",\"isPartOf\":{\"@id\":\"https:\\\/\\\/elhijodelllanero.mx\\\/index.php\\\/2024\\\/07\\\/24\\\/fandango-por-la-lectura-evento-presidido-por-la-secretaria-de-educacion-publica-leticia-ramirez-amaya-y-el-presidente-cesar-prieto\\\/\"},\"author\":{\"name\":\"Redaccion\",\"@id\":\"https:\\\/\\\/elhijodelllanero.mx\\\/#\\\/schema\\\/person\\\/5dcfdd3db3a6f7e7906ef5d92cf7340b\"},\"headline\":\"\u201cFandango por la lectura\u201d, evento presidido por la Secretaria de Educaci\u00f3n P\u00fablica, Leticia Ram\u00edrez Amaya, y el presidente C\u00e9sar Prieto.\",\"datePublished\":\"2024-07-24T20:00:53+00:00\",\"mainEntityOfPage\":{\"@id\":\"https:\\\/\\\/elhijodelllanero.mx\\\/index.php\\\/2024\\\/07\\\/24\\\/fandango-por-la-lectura-evento-presidido-por-la-secretaria-de-educacion-publica-leticia-ramirez-amaya-y-el-presidente-cesar-prieto\\\/\"},\"wordCount\":599,\"commentCount\":0,\"image\":{\"@id\":\"https:\\\/\\\/elhijodelllanero.mx\\\/index.php\\\/2024\\\/07\\\/24\\\/fandango-por-la-lectura-evento-presidido-por-la-secretaria-de-educacion-publica-leticia-ramirez-amaya-y-el-presidente-cesar-prieto\\\/#primaryimage\"},\"thumbnailUrl\":\"https:\\\/\\\/i0.wp.com\\\/elhijodelllanero.mx\\\/wp-content\\\/uploads\\\/2024\\\/07\\\/IMG-20240724-WA0033.jpg?fit=1600%2C1066&ssl=1\",\"articleSection\":[\"SALAMANCA\"],\"inLanguage\":\"es\",\"potentialAction\":[{\"@type\":\"CommentAction\",\"name\":\"Comment\",\"target\":[\"https:\\\/\\\/elhijodelllanero.mx\\\/index.php\\\/2024\\\/07\\\/24\\\/fandango-por-la-lectura-evento-presidido-por-la-secretaria-de-educacion-publica-leticia-ramirez-amaya-y-el-presidente-cesar-prieto\\\/#respond\"]}]},{\"@type\":\"WebPage\",\"@id\":\"https:\\\/\\\/elhijodelllanero.mx\\\/index.php\\\/2024\\\/07\\\/24\\\/fandango-por-la-lectura-evento-presidido-por-la-secretaria-de-educacion-publica-leticia-ramirez-amaya-y-el-presidente-cesar-prieto\\\/\",\"url\":\"https:\\\/\\\/elhijodelllanero.mx\\\/index.php\\\/2024\\\/07\\\/24\\\/fandango-por-la-lectura-evento-presidido-por-la-secretaria-de-educacion-publica-leticia-ramirez-amaya-y-el-presidente-cesar-prieto\\\/\",\"name\":\"\u201cFandango por la lectura\u201d, evento presidido por la Secretaria de Educaci\u00f3n P\u00fablica, Leticia Ram\u00edrez Amaya, y el presidente C\u00e9sar Prieto. - El Hijo del llanero solititito\",\"isPartOf\":{\"@id\":\"https:\\\/\\\/elhijodelllanero.mx\\\/#website\"},\"primaryImageOfPage\":{\"@id\":\"https:\\\/\\\/elhijodelllanero.mx\\\/index.php\\\/2024\\\/07\\\/24\\\/fandango-por-la-lectura-evento-presidido-por-la-secretaria-de-educacion-publica-leticia-ramirez-amaya-y-el-presidente-cesar-prieto\\\/#primaryimage\"},\"image\":{\"@id\":\"https:\\\/\\\/elhijodelllanero.mx\\\/index.php\\\/2024\\\/07\\\/24\\\/fandango-por-la-lectura-evento-presidido-por-la-secretaria-de-educacion-publica-leticia-ramirez-amaya-y-el-presidente-cesar-prieto\\\/#primaryimage\"},\"thumbnailUrl\":\"https:\\\/\\\/i0.wp.com\\\/elhijodelllanero.mx\\\/wp-content\\\/uploads\\\/2024\\\/07\\\/IMG-20240724-WA0033.jpg?fit=1600%2C1066&ssl=1\",\"datePublished\":\"2024-07-24T20:00:53+00:00\",\"author\":{\"@id\":\"https:\\\/\\\/elhijodelllanero.mx\\\/#\\\/schema\\\/person\\\/5dcfdd3db3a6f7e7906ef5d92cf7340b\"},\"breadcrumb\":{\"@id\":\"https:\\\/\\\/elhijodelllanero.mx\\\/index.php\\\/2024\\\/07\\\/24\\\/fandango-por-la-lectura-evento-presidido-por-la-secretaria-de-educacion-publica-leticia-ramirez-amaya-y-el-presidente-cesar-prieto\\\/#breadcrumb\"},\"inLanguage\":\"es\",\"potentialAction\":[{\"@type\":\"ReadAction\",\"target\":[\"https:\\\/\\\/elhijodelllanero.mx\\\/index.php\\\/2024\\\/07\\\/24\\\/fandango-por-la-lectura-evento-presidido-por-la-secretaria-de-educacion-publica-leticia-ramirez-amaya-y-el-presidente-cesar-prieto\\\/\"]}]},{\"@type\":\"ImageObject\",\"inLanguage\":\"es\",\"@id\":\"https:\\\/\\\/elhijodelllanero.mx\\\/index.php\\\/2024\\\/07\\\/24\\\/fandango-por-la-lectura-evento-presidido-por-la-secretaria-de-educacion-publica-leticia-ramirez-amaya-y-el-presidente-cesar-prieto\\\/#primaryimage\",\"url\":\"https:\\\/\\\/i0.wp.com\\\/elhijodelllanero.mx\\\/wp-content\\\/uploads\\\/2024\\\/07\\\/IMG-20240724-WA0033.jpg?fit=1600%2C1066&ssl=1\",\"contentUrl\":\"https:\\\/\\\/i0.wp.com\\\/elhijodelllanero.mx\\\/wp-content\\\/uploads\\\/2024\\\/07\\\/IMG-20240724-WA0033.jpg?fit=1600%2C1066&ssl=1\",\"width\":1600,\"height\":1066},{\"@type\":\"BreadcrumbList\",\"@id\":\"https:\\\/\\\/elhijodelllanero.mx\\\/index.php\\\/2024\\\/07\\\/24\\\/fandango-por-la-lectura-evento-presidido-por-la-secretaria-de-educacion-publica-leticia-ramirez-amaya-y-el-presidente-cesar-prieto\\\/#breadcrumb\",\"itemListElement\":[{\"@type\":\"ListItem\",\"position\":1,\"name\":\"Portada\",\"item\":\"https:\\\/\\\/elhijodelllanero.mx\\\/\"},{\"@type\":\"ListItem\",\"position\":2,\"name\":\"\u201cFandango por la lectura\u201d, evento presidido por la Secretaria de Educaci\u00f3n P\u00fablica, Leticia Ram\u00edrez Amaya, y el presidente C\u00e9sar Prieto.\"}]},{\"@type\":\"WebSite\",\"@id\":\"https:\\\/\\\/elhijodelllanero.mx\\\/#website\",\"url\":\"https:\\\/\\\/elhijodelllanero.mx\\\/\",\"name\":\"El Hijo del llanero solititito\",\"description\":\"\",\"potentialAction\":[{\"@type\":\"SearchAction\",\"target\":{\"@type\":\"EntryPoint\",\"urlTemplate\":\"https:\\\/\\\/elhijodelllanero.mx\\\/?s={search_term_string}\"},\"query-input\":{\"@type\":\"PropertyValueSpecification\",\"valueRequired\":true,\"valueName\":\"search_term_string\"}}],\"inLanguage\":\"es\"},{\"@type\":\"Person\",\"@id\":\"https:\\\/\\\/elhijodelllanero.mx\\\/#\\\/schema\\\/person\\\/5dcfdd3db3a6f7e7906ef5d92cf7340b\",\"name\":\"Redaccion\",\"image\":{\"@type\":\"ImageObject\",\"inLanguage\":\"es\",\"@id\":\"https:\\\/\\\/secure.gravatar.com\\\/avatar\\\/f65b913d6e7be363e7396f7fad32ab76d311fbb575fa7e623ec3ea4799f3b718?s=96&d=mm&r=g\",\"url\":\"https:\\\/\\\/secure.gravatar.com\\\/avatar\\\/f65b913d6e7be363e7396f7fad32ab76d311fbb575fa7e623ec3ea4799f3b718?s=96&d=mm&r=g\",\"contentUrl\":\"https:\\\/\\\/secure.gravatar.com\\\/avatar\\\/f65b913d6e7be363e7396f7fad32ab76d311fbb575fa7e623ec3ea4799f3b718?s=96&d=mm&r=g\",\"caption\":\"Redaccion\"},\"sameAs\":[\"https:\\\/\\\/www.elhijodelllanero.mx\"],\"url\":\"https:\\\/\\\/elhijodelllanero.mx\\\/index.php\\\/author\\\/admin_6smc8z8t\\\/\"}]}<\/script>\n<!-- \/ Yoast SEO plugin. -->","yoast_head_json":{"title":"\u201cFandango por la lectura\u201d, evento presidido por la Secretaria de Educaci\u00f3n P\u00fablica, Leticia Ram\u00edrez Amaya, y el presidente C\u00e9sar Prieto. - El Hijo del llanero solititito","robots":{"index":"index","follow":"follow","max-snippet":"max-snippet:-1","max-image-preview":"max-image-preview:large","max-video-preview":"max-video-preview:-1"},"canonical":"https:\/\/elhijodelllanero.mx\/index.php\/2024\/07\/24\/fandango-por-la-lectura-evento-presidido-por-la-secretaria-de-educacion-publica-leticia-ramirez-amaya-y-el-presidente-cesar-prieto\/","og_locale":"es_ES","og_type":"article","og_title":"\u201cFandango por la lectura\u201d, evento presidido por la Secretaria de Educaci\u00f3n P\u00fablica, Leticia Ram\u00edrez Amaya, y el presidente C\u00e9sar Prieto. - El Hijo del llanero solititito","og_description":"&nbsp; Salamanca, Gto., 24 julio 2024.- En un evento sin precedentes; el alcalde C\u00e9sar Prieto, acompa\u00f1\u00f3 a la secretaria de Educaci\u00f3n P\u00fablica del Gobierno de M\u00e9xico, Leticia Ram\u00edrez Amaya, para promover en nuestra comunidad el programa cultural \u201cFandango por la Lectura\u00bb, que se celebr\u00f3 en el ic\u00f3nico recinto del exconvento de San Juan de Sahag\u00fan. [&hellip;]","og_url":"https:\/\/elhijodelllanero.mx\/index.php\/2024\/07\/24\/fandango-por-la-lectura-evento-presidido-por-la-secretaria-de-educacion-publica-leticia-ramirez-amaya-y-el-presidente-cesar-prieto\/","og_site_name":"El Hijo del llanero solititito","article_published_time":"2024-07-24T20:00:53+00:00","og_image":[{"width":1600,"height":1066,"url":"https:\/\/elhijodelllanero.mx\/wp-content\/uploads\/2024\/07\/IMG-20240724-WA0033.jpg","type":"image\/jpeg"}],"author":"Redaccion","twitter_card":"summary_large_image","twitter_misc":{"Escrito por":"Redaccion","Tiempo de lectura":"3 minutos"},"schema":{"@context":"https:\/\/schema.org","@graph":[{"@type":"Article","@id":"https:\/\/elhijodelllanero.mx\/index.php\/2024\/07\/24\/fandango-por-la-lectura-evento-presidido-por-la-secretaria-de-educacion-publica-leticia-ramirez-amaya-y-el-presidente-cesar-prieto\/#article","isPartOf":{"@id":"https:\/\/elhijodelllanero.mx\/index.php\/2024\/07\/24\/fandango-por-la-lectura-evento-presidido-por-la-secretaria-de-educacion-publica-leticia-ramirez-amaya-y-el-presidente-cesar-prieto\/"},"author":{"name":"Redaccion","@id":"https:\/\/elhijodelllanero.mx\/#\/schema\/person\/5dcfdd3db3a6f7e7906ef5d92cf7340b"},"headline":"\u201cFandango por la lectura\u201d, evento presidido por la Secretaria de Educaci\u00f3n P\u00fablica, Leticia Ram\u00edrez Amaya, y el presidente C\u00e9sar Prieto.","datePublished":"2024-07-24T20:00:53+00:00","mainEntityOfPage":{"@id":"https:\/\/elhijodelllanero.mx\/index.php\/2024\/07\/24\/fandango-por-la-lectura-evento-presidido-por-la-secretaria-de-educacion-publica-leticia-ramirez-amaya-y-el-presidente-cesar-prieto\/"},"wordCount":599,"commentCount":0,"image":{"@id":"https:\/\/elhijodelllanero.mx\/index.php\/2024\/07\/24\/fandango-por-la-lectura-evento-presidido-por-la-secretaria-de-educacion-publica-leticia-ramirez-amaya-y-el-presidente-cesar-prieto\/#primaryimage"},"thumbnailUrl":"https:\/\/i0.wp.com\/elhijodelllanero.mx\/wp-content\/uploads\/2024\/07\/IMG-20240724-WA0033.jpg?fit=1600%2C1066&ssl=1","articleSection":["SALAMANCA"],"inLanguage":"es","potentialAction":[{"@type":"CommentAction","name":"Comment","target":["https:\/\/elhijodelllanero.mx\/index.php\/2024\/07\/24\/fandango-por-la-lectura-evento-presidido-por-la-secretaria-de-educacion-publica-leticia-ramirez-amaya-y-el-presidente-cesar-prieto\/#respond"]}]},{"@type":"WebPage","@id":"https:\/\/elhijodelllanero.mx\/index.php\/2024\/07\/24\/fandango-por-la-lectura-evento-presidido-por-la-secretaria-de-educacion-publica-leticia-ramirez-amaya-y-el-presidente-cesar-prieto\/","url":"https:\/\/elhijodelllanero.mx\/index.php\/2024\/07\/24\/fandango-por-la-lectura-evento-presidido-por-la-secretaria-de-educacion-publica-leticia-ramirez-amaya-y-el-presidente-cesar-prieto\/","name":"\u201cFandango por la lectura\u201d, evento presidido por la Secretaria de Educaci\u00f3n P\u00fablica, Leticia Ram\u00edrez Amaya, y el presidente C\u00e9sar Prieto. - El Hijo del llanero solititito","isPartOf":{"@id":"https:\/\/elhijodelllanero.mx\/#website"},"primaryImageOfPage":{"@id":"https:\/\/elhijodelllanero.mx\/index.php\/2024\/07\/24\/fandango-por-la-lectura-evento-presidido-por-la-secretaria-de-educacion-publica-leticia-ramirez-amaya-y-el-presidente-cesar-prieto\/#primaryimage"},"image":{"@id":"https:\/\/elhijodelllanero.mx\/index.php\/2024\/07\/24\/fandango-por-la-lectura-evento-presidido-por-la-secretaria-de-educacion-publica-leticia-ramirez-amaya-y-el-presidente-cesar-prieto\/#primaryimage"},"thumbnailUrl":"https:\/\/i0.wp.com\/elhijodelllanero.mx\/wp-content\/uploads\/2024\/07\/IMG-20240724-WA0033.jpg?fit=1600%2C1066&ssl=1","datePublished":"2024-07-24T20:00:53+00:00","author":{"@id":"https:\/\/elhijodelllanero.mx\/#\/schema\/person\/5dcfdd3db3a6f7e7906ef5d92cf7340b"},"breadcrumb":{"@id":"https:\/\/elhijodelllanero.mx\/index.php\/2024\/07\/24\/fandango-por-la-lectura-evento-presidido-por-la-secretaria-de-educacion-publica-leticia-ramirez-amaya-y-el-presidente-cesar-prieto\/#breadcrumb"},"inLanguage":"es","potentialAction":[{"@type":"ReadAction","target":["https:\/\/elhijodelllanero.mx\/index.php\/2024\/07\/24\/fandango-por-la-lectura-evento-presidido-por-la-secretaria-de-educacion-publica-leticia-ramirez-amaya-y-el-presidente-cesar-prieto\/"]}]},{"@type":"ImageObject","inLanguage":"es","@id":"https:\/\/elhijodelllanero.mx\/index.php\/2024\/07\/24\/fandango-por-la-lectura-evento-presidido-por-la-secretaria-de-educacion-publica-leticia-ramirez-amaya-y-el-presidente-cesar-prieto\/#primaryimage","url":"https:\/\/i0.wp.com\/elhijodelllanero.mx\/wp-content\/uploads\/2024\/07\/IMG-20240724-WA0033.jpg?fit=1600%2C1066&ssl=1","contentUrl":"https:\/\/i0.wp.com\/elhijodelllanero.mx\/wp-content\/uploads\/2024\/07\/IMG-20240724-WA0033.jpg?fit=1600%2C1066&ssl=1","width":1600,"height":1066},{"@type":"BreadcrumbList","@id":"https:\/\/elhijodelllanero.mx\/index.php\/2024\/07\/24\/fandango-por-la-lectura-evento-presidido-por-la-secretaria-de-educacion-publica-leticia-ramirez-amaya-y-el-presidente-cesar-prieto\/#breadcrumb","itemListElement":[{"@type":"ListItem","position":1,"name":"Portada","item":"https:\/\/elhijodelllanero.mx\/"},{"@type":"ListItem","position":2,"name":"\u201cFandango por la lectura\u201d, evento presidido por la Secretaria de Educaci\u00f3n P\u00fablica, Leticia Ram\u00edrez Amaya, y el presidente C\u00e9sar Prieto."}]},{"@type":"WebSite","@id":"https:\/\/elhijodelllanero.mx\/#website","url":"https:\/\/elhijodelllanero.mx\/","name":"El Hijo del llanero solititito","description":"","potentialAction":[{"@type":"SearchAction","target":{"@type":"EntryPoint","urlTemplate":"https:\/\/elhijodelllanero.mx\/?s={search_term_string}"},"query-input":{"@type":"PropertyValueSpecification","valueRequired":true,"valueName":"search_term_string"}}],"inLanguage":"es"},{"@type":"Person","@id":"https:\/\/elhijodelllanero.mx\/#\/schema\/person\/5dcfdd3db3a6f7e7906ef5d92cf7340b","name":"Redaccion","image":{"@type":"ImageObject","inLanguage":"es","@id":"https:\/\/secure.gravatar.com\/avatar\/f65b913d6e7be363e7396f7fad32ab76d311fbb575fa7e623ec3ea4799f3b718?s=96&d=mm&r=g","url":"https:\/\/secure.gravatar.com\/avatar\/f65b913d6e7be363e7396f7fad32ab76d311fbb575fa7e623ec3ea4799f3b718?s=96&d=mm&r=g","contentUrl":"https:\/\/secure.gravatar.com\/avatar\/f65b913d6e7be363e7396f7fad32ab76d311fbb575fa7e623ec3ea4799f3b718?s=96&d=mm&r=g","caption":"Redaccion"},"sameAs":["https:\/\/www.elhijodelllanero.mx"],"url":"https:\/\/elhijodelllanero.mx\/index.php\/author\/admin_6smc8z8t\/"}]}},"jetpack_featured_media_url":"https:\/\/i0.wp.com\/elhijodelllanero.mx\/wp-content\/uploads\/2024\/07\/IMG-20240724-WA0033.jpg?fit=1600%2C1066&ssl=1","jetpack-related-posts":[],"jetpack_sharing_enabled":true,"_links":{"self":[{"href":"https:\/\/elhijodelllanero.mx\/index.php\/wp-json\/wp\/v2\/posts\/8340","targetHints":{"allow":["GET"]}}],"collection":[{"href":"https:\/\/elhijodelllanero.mx\/index.php\/wp-json\/wp\/v2\/posts"}],"about":[{"href":"https:\/\/elhijodelllanero.mx\/index.php\/wp-json\/wp\/v2\/types\/post"}],"author":[{"embeddable":true,"href":"https:\/\/elhijodelllanero.mx\/index.php\/wp-json\/wp\/v2\/users\/1"}],"replies":[{"embeddable":true,"href":"https:\/\/elhijodelllanero.mx\/index.php\/wp-json\/wp\/v2\/comments?post=8340"}],"version-history":[{"count":1,"href":"https:\/\/elhijodelllanero.mx\/index.php\/wp-json\/wp\/v2\/posts\/8340\/revisions"}],"predecessor-version":[{"id":8343,"href":"https:\/\/elhijodelllanero.mx\/index.php\/wp-json\/wp\/v2\/posts\/8340\/revisions\/8343"}],"wp:featuredmedia":[{"embeddable":true,"href":"https:\/\/elhijodelllanero.mx\/index.php\/wp-json\/wp\/v2\/media\/8342"}],"wp:attachment":[{"href":"https:\/\/elhijodelllanero.mx\/index.php\/wp-json\/wp\/v2\/media?parent=8340"}],"wp:term":[{"taxonomy":"category","embeddable":true,"href":"https:\/\/elhijodelllanero.mx\/index.php\/wp-json\/wp\/v2\/categories?post=8340"},{"taxonomy":"post_tag","embeddable":true,"href":"https:\/\/elhijodelllanero.mx\/index.php\/wp-json\/wp\/v2\/tags?post=8340"}],"curies":[{"name":"wp","href":"https:\/\/api.w.org\/{rel}","templated":true}]}}