{"id":8364,"date":"2024-07-24T20:44:01","date_gmt":"2024-07-24T20:44:01","guid":{"rendered":"https:\/\/elhijodelllanero.mx\/?p=8364"},"modified":"2024-07-24T20:44:01","modified_gmt":"2024-07-24T20:44:01","slug":"va-mexico-por-el-pase-a-los-cuartos-de-final-del-premundial-sub-20-de-la-concacaf","status":"publish","type":"post","link":"https:\/\/elhijodelllanero.mx\/index.php\/2024\/07\/24\/va-mexico-por-el-pase-a-los-cuartos-de-final-del-premundial-sub-20-de-la-concacaf\/","title":{"rendered":"Va M\u00e9xico por el pase a los Cuartos de Final del Premundial Sub 20 de la Concacaf."},"content":{"rendered":"<p>&nbsp;<\/p>\n<p>Celaya, Gto., 24 julio 2024.- Con el objetivo de asegurar su boleto a los Cuartos de Final del Premundial Sub 20 de la Concacaf, la Selecci\u00f3n Mexicana jugar\u00e1 este mi\u00e9rcoles frente a Guatemala en el estadio &#8216;Sergio Le\u00f3n Ch\u00e1vez&#8217; de Irapuato.<br \/>\nEl equipo que dirige Eduardo Arce, gan\u00f3 en su primer duelo frente a Hait\u00ed con un marcador holgado de 4 a cero, en donde les cost\u00f3 trabajo capitalizar el dominio frente al arco, pero una vez que cay\u00f3 el segundo, vinieron los dem\u00e1s para que fuera goleada.<br \/>\nGanar este d\u00eda los pondr\u00eda pr\u00e1cticamente en la siguiente ronda, ah\u00ed la importancia de sacar los tres puntos y ya solo pelear por el liderato en la \u00faltima jornada.<br \/>\nEl jugador a seguir sigue siendo el canterano de las Chivas, Yael Padilla, quien con su desequilibrio y olfato goleador es una de las figuras mexicanas.<br \/>\nNo se puede descartar en este rubro a Xavier Biszcayzac\u00fa, un volante ofensivo zurdo que tiene doble nacionalidad y que tambi\u00e9n ya fue llamado en algunos amistosos por Uruguay. Esta convocatoria al Premundial le hace definirse como mexicano.<br \/>\nCabe recordar que es hijo de aquel goleador de la d\u00e9cada de los 2000 que pasara por el Veracruz, Gustavo Bizcayzac\u00fa.<br \/>\nAdem\u00e1s de este par de buenos futbolistas se cuenta con Heriberto Jurado, Stephano Carrilo y Mateo Levy con minutos ya en sus equipos en la Liga Mx.<br \/>\nGuatemala, el rival de esta noche, tendr\u00e1 que jugarse el todo por el todo, no hay ma\u00f1ana para ellos, una derrota los dejar\u00eda fuera y un empate tambi\u00e9n muy cerca de la eliminaci\u00f3n, por lo que solo hay un camino para ellos, ganar.<br \/>\nSer\u00e1 un duelo especial para el entrenador de los &#8216;Chapines&#8217;, Marvin Cabrera, al ser mexicano y tener que enfrentar en esta ocasi\u00f3n a su pa\u00eds.<br \/>\nAs\u00ed que todo est\u00e1 listo para que el bal\u00f3n ruede a las 8:06 p.m., antes a las 5:06 p.m. jugar\u00e1n Hait\u00ed contra Panam\u00e1.<\/p>\n","protected":false},"excerpt":{"rendered":"<p>&nbsp; Celaya, Gto., 24 julio 2024.- Con el objetivo de asegurar su boleto a los Cuartos de Final del Premundial Sub 20 de la Concacaf, la Selecci\u00f3n Mexicana jugar\u00e1 este mi\u00e9rcoles frente a Guatemala en el estadio &#8216;Sergio Le\u00f3n Ch\u00e1vez&#8217; de Irapuato. El equipo que dirige Eduardo Arce, gan\u00f3 en su primer duelo frente a [&hellip;]<\/p>\n","protected":false},"author":1,"featured_media":8365,"comment_status":"open","ping_status":"closed","sticky":false,"template":"","format":"standard","meta":{"_jetpack_newsletter_access":"","_jetpack_dont_email_post_to_subs":false,"_jetpack_newsletter_tier_id":0,"_jetpack_memberships_contains_paywalled_content":false,"_jetpack_memberships_contains_paid_content":false,"footnotes":""},"categories":[40],"tags":[],"class_list":{"0":"post-8364","1":"post","2":"type-post","3":"status-publish","4":"format-standard","5":"has-post-thumbnail","7":"category-deportes"},"yoast_head":"<!-- This site is optimized with the Yoast SEO plugin v27.3 - https:\/\/yoast.com\/product\/yoast-seo-wordpress\/ -->\n<title>Va M\u00e9xico por el pase a los Cuartos de Final del Premundial Sub 20 de la Concacaf. - El Hijo del llanero solititito<\/title>\n<meta name=\"robots\" content=\"index, follow, max-snippet:-1, max-image-preview:large, max-video-preview:-1\" \/>\n<link rel=\"canonical\" href=\"https:\/\/elhijodelllanero.mx\/index.php\/2024\/07\/24\/va-mexico-por-el-pase-a-los-cuartos-de-final-del-premundial-sub-20-de-la-concacaf\/\" \/>\n<meta property=\"og:locale\" content=\"es_ES\" \/>\n<meta property=\"og:type\" content=\"article\" \/>\n<meta property=\"og:title\" content=\"Va M\u00e9xico por el pase a los Cuartos de Final del Premundial Sub 20 de la Concacaf. - El Hijo del llanero solititito\" \/>\n<meta property=\"og:description\" content=\"&nbsp; Celaya, Gto., 24 julio 2024.- Con el objetivo de asegurar su boleto a los Cuartos de Final del Premundial Sub 20 de la Concacaf, la Selecci\u00f3n Mexicana jugar\u00e1 este mi\u00e9rcoles frente a Guatemala en el estadio &#8216;Sergio Le\u00f3n Ch\u00e1vez&#8217; de Irapuato. El equipo que dirige Eduardo Arce, gan\u00f3 en su primer duelo frente a [&hellip;]\" \/>\n<meta property=\"og:url\" content=\"https:\/\/elhijodelllanero.mx\/index.php\/2024\/07\/24\/va-mexico-por-el-pase-a-los-cuartos-de-final-del-premundial-sub-20-de-la-concacaf\/\" \/>\n<meta property=\"og:site_name\" content=\"El Hijo del llanero solititito\" \/>\n<meta property=\"article:published_time\" content=\"2024-07-24T20:44:01+00:00\" \/>\n<meta property=\"og:image\" content=\"https:\/\/elhijodelllanero.mx\/wp-content\/uploads\/2024\/07\/IMG-20240724-WA0054.jpg\" \/>\n\t<meta property=\"og:image:width\" content=\"1128\" \/>\n\t<meta property=\"og:image:height\" content=\"750\" \/>\n\t<meta property=\"og:image:type\" content=\"image\/jpeg\" \/>\n<meta name=\"author\" content=\"Redaccion\" \/>\n<meta name=\"twitter:card\" content=\"summary_large_image\" \/>\n<meta name=\"twitter:label1\" content=\"Escrito por\" \/>\n\t<meta name=\"twitter:data1\" content=\"Redaccion\" \/>\n\t<meta name=\"twitter:label2\" content=\"Tiempo de lectura\" \/>\n\t<meta name=\"twitter:data2\" content=\"2 minutos\" \/>\n<script type=\"application\/ld+json\" class=\"yoast-schema-graph\">{\"@context\":\"https:\\\/\\\/schema.org\",\"@graph\":[{\"@type\":\"Article\",\"@id\":\"https:\\\/\\\/elhijodelllanero.mx\\\/index.php\\\/2024\\\/07\\\/24\\\/va-mexico-por-el-pase-a-los-cuartos-de-final-del-premundial-sub-20-de-la-concacaf\\\/#article\",\"isPartOf\":{\"@id\":\"https:\\\/\\\/elhijodelllanero.mx\\\/index.php\\\/2024\\\/07\\\/24\\\/va-mexico-por-el-pase-a-los-cuartos-de-final-del-premundial-sub-20-de-la-concacaf\\\/\"},\"author\":{\"name\":\"Redaccion\",\"@id\":\"https:\\\/\\\/elhijodelllanero.mx\\\/#\\\/schema\\\/person\\\/5dcfdd3db3a6f7e7906ef5d92cf7340b\"},\"headline\":\"Va M\u00e9xico por el pase a los Cuartos de Final del Premundial Sub 20 de la Concacaf.\",\"datePublished\":\"2024-07-24T20:44:01+00:00\",\"mainEntityOfPage\":{\"@id\":\"https:\\\/\\\/elhijodelllanero.mx\\\/index.php\\\/2024\\\/07\\\/24\\\/va-mexico-por-el-pase-a-los-cuartos-de-final-del-premundial-sub-20-de-la-concacaf\\\/\"},\"wordCount\":353,\"commentCount\":0,\"image\":{\"@id\":\"https:\\\/\\\/elhijodelllanero.mx\\\/index.php\\\/2024\\\/07\\\/24\\\/va-mexico-por-el-pase-a-los-cuartos-de-final-del-premundial-sub-20-de-la-concacaf\\\/#primaryimage\"},\"thumbnailUrl\":\"https:\\\/\\\/i0.wp.com\\\/elhijodelllanero.mx\\\/wp-content\\\/uploads\\\/2024\\\/07\\\/IMG-20240724-WA0054.jpg?fit=1128%2C750&ssl=1\",\"articleSection\":[\"DEPORTES\"],\"inLanguage\":\"es\",\"potentialAction\":[{\"@type\":\"CommentAction\",\"name\":\"Comment\",\"target\":[\"https:\\\/\\\/elhijodelllanero.mx\\\/index.php\\\/2024\\\/07\\\/24\\\/va-mexico-por-el-pase-a-los-cuartos-de-final-del-premundial-sub-20-de-la-concacaf\\\/#respond\"]}]},{\"@type\":\"WebPage\",\"@id\":\"https:\\\/\\\/elhijodelllanero.mx\\\/index.php\\\/2024\\\/07\\\/24\\\/va-mexico-por-el-pase-a-los-cuartos-de-final-del-premundial-sub-20-de-la-concacaf\\\/\",\"url\":\"https:\\\/\\\/elhijodelllanero.mx\\\/index.php\\\/2024\\\/07\\\/24\\\/va-mexico-por-el-pase-a-los-cuartos-de-final-del-premundial-sub-20-de-la-concacaf\\\/\",\"name\":\"Va M\u00e9xico por el pase a los Cuartos de Final del Premundial Sub 20 de la Concacaf. - El Hijo del llanero solititito\",\"isPartOf\":{\"@id\":\"https:\\\/\\\/elhijodelllanero.mx\\\/#website\"},\"primaryImageOfPage\":{\"@id\":\"https:\\\/\\\/elhijodelllanero.mx\\\/index.php\\\/2024\\\/07\\\/24\\\/va-mexico-por-el-pase-a-los-cuartos-de-final-del-premundial-sub-20-de-la-concacaf\\\/#primaryimage\"},\"image\":{\"@id\":\"https:\\\/\\\/elhijodelllanero.mx\\\/index.php\\\/2024\\\/07\\\/24\\\/va-mexico-por-el-pase-a-los-cuartos-de-final-del-premundial-sub-20-de-la-concacaf\\\/#primaryimage\"},\"thumbnailUrl\":\"https:\\\/\\\/i0.wp.com\\\/elhijodelllanero.mx\\\/wp-content\\\/uploads\\\/2024\\\/07\\\/IMG-20240724-WA0054.jpg?fit=1128%2C750&ssl=1\",\"datePublished\":\"2024-07-24T20:44:01+00:00\",\"author\":{\"@id\":\"https:\\\/\\\/elhijodelllanero.mx\\\/#\\\/schema\\\/person\\\/5dcfdd3db3a6f7e7906ef5d92cf7340b\"},\"breadcrumb\":{\"@id\":\"https:\\\/\\\/elhijodelllanero.mx\\\/index.php\\\/2024\\\/07\\\/24\\\/va-mexico-por-el-pase-a-los-cuartos-de-final-del-premundial-sub-20-de-la-concacaf\\\/#breadcrumb\"},\"inLanguage\":\"es\",\"potentialAction\":[{\"@type\":\"ReadAction\",\"target\":[\"https:\\\/\\\/elhijodelllanero.mx\\\/index.php\\\/2024\\\/07\\\/24\\\/va-mexico-por-el-pase-a-los-cuartos-de-final-del-premundial-sub-20-de-la-concacaf\\\/\"]}]},{\"@type\":\"ImageObject\",\"inLanguage\":\"es\",\"@id\":\"https:\\\/\\\/elhijodelllanero.mx\\\/index.php\\\/2024\\\/07\\\/24\\\/va-mexico-por-el-pase-a-los-cuartos-de-final-del-premundial-sub-20-de-la-concacaf\\\/#primaryimage\",\"url\":\"https:\\\/\\\/i0.wp.com\\\/elhijodelllanero.mx\\\/wp-content\\\/uploads\\\/2024\\\/07\\\/IMG-20240724-WA0054.jpg?fit=1128%2C750&ssl=1\",\"contentUrl\":\"https:\\\/\\\/i0.wp.com\\\/elhijodelllanero.mx\\\/wp-content\\\/uploads\\\/2024\\\/07\\\/IMG-20240724-WA0054.jpg?fit=1128%2C750&ssl=1\",\"width\":1128,\"height\":750},{\"@type\":\"BreadcrumbList\",\"@id\":\"https:\\\/\\\/elhijodelllanero.mx\\\/index.php\\\/2024\\\/07\\\/24\\\/va-mexico-por-el-pase-a-los-cuartos-de-final-del-premundial-sub-20-de-la-concacaf\\\/#breadcrumb\",\"itemListElement\":[{\"@type\":\"ListItem\",\"position\":1,\"name\":\"Portada\",\"item\":\"https:\\\/\\\/elhijodelllanero.mx\\\/\"},{\"@type\":\"ListItem\",\"position\":2,\"name\":\"Va M\u00e9xico por el pase a los Cuartos de Final del Premundial Sub 20 de la Concacaf.\"}]},{\"@type\":\"WebSite\",\"@id\":\"https:\\\/\\\/elhijodelllanero.mx\\\/#website\",\"url\":\"https:\\\/\\\/elhijodelllanero.mx\\\/\",\"name\":\"El Hijo del llanero solititito\",\"description\":\"\",\"potentialAction\":[{\"@type\":\"SearchAction\",\"target\":{\"@type\":\"EntryPoint\",\"urlTemplate\":\"https:\\\/\\\/elhijodelllanero.mx\\\/?s={search_term_string}\"},\"query-input\":{\"@type\":\"PropertyValueSpecification\",\"valueRequired\":true,\"valueName\":\"search_term_string\"}}],\"inLanguage\":\"es\"},{\"@type\":\"Person\",\"@id\":\"https:\\\/\\\/elhijodelllanero.mx\\\/#\\\/schema\\\/person\\\/5dcfdd3db3a6f7e7906ef5d92cf7340b\",\"name\":\"Redaccion\",\"image\":{\"@type\":\"ImageObject\",\"inLanguage\":\"es\",\"@id\":\"https:\\\/\\\/secure.gravatar.com\\\/avatar\\\/f65b913d6e7be363e7396f7fad32ab76d311fbb575fa7e623ec3ea4799f3b718?s=96&d=mm&r=g\",\"url\":\"https:\\\/\\\/secure.gravatar.com\\\/avatar\\\/f65b913d6e7be363e7396f7fad32ab76d311fbb575fa7e623ec3ea4799f3b718?s=96&d=mm&r=g\",\"contentUrl\":\"https:\\\/\\\/secure.gravatar.com\\\/avatar\\\/f65b913d6e7be363e7396f7fad32ab76d311fbb575fa7e623ec3ea4799f3b718?s=96&d=mm&r=g\",\"caption\":\"Redaccion\"},\"sameAs\":[\"https:\\\/\\\/www.elhijodelllanero.mx\"],\"url\":\"https:\\\/\\\/elhijodelllanero.mx\\\/index.php\\\/author\\\/admin_6smc8z8t\\\/\"}]}<\/script>\n<!-- \/ Yoast SEO plugin. -->","yoast_head_json":{"title":"Va M\u00e9xico por el pase a los Cuartos de Final del Premundial Sub 20 de la Concacaf. - El Hijo del llanero solititito","robots":{"index":"index","follow":"follow","max-snippet":"max-snippet:-1","max-image-preview":"max-image-preview:large","max-video-preview":"max-video-preview:-1"},"canonical":"https:\/\/elhijodelllanero.mx\/index.php\/2024\/07\/24\/va-mexico-por-el-pase-a-los-cuartos-de-final-del-premundial-sub-20-de-la-concacaf\/","og_locale":"es_ES","og_type":"article","og_title":"Va M\u00e9xico por el pase a los Cuartos de Final del Premundial Sub 20 de la Concacaf. - El Hijo del llanero solititito","og_description":"&nbsp; Celaya, Gto., 24 julio 2024.- Con el objetivo de asegurar su boleto a los Cuartos de Final del Premundial Sub 20 de la Concacaf, la Selecci\u00f3n Mexicana jugar\u00e1 este mi\u00e9rcoles frente a Guatemala en el estadio &#8216;Sergio Le\u00f3n Ch\u00e1vez&#8217; de Irapuato. El equipo que dirige Eduardo Arce, gan\u00f3 en su primer duelo frente a [&hellip;]","og_url":"https:\/\/elhijodelllanero.mx\/index.php\/2024\/07\/24\/va-mexico-por-el-pase-a-los-cuartos-de-final-del-premundial-sub-20-de-la-concacaf\/","og_site_name":"El Hijo del llanero solititito","article_published_time":"2024-07-24T20:44:01+00:00","og_image":[{"width":1128,"height":750,"url":"https:\/\/elhijodelllanero.mx\/wp-content\/uploads\/2024\/07\/IMG-20240724-WA0054.jpg","type":"image\/jpeg"}],"author":"Redaccion","twitter_card":"summary_large_image","twitter_misc":{"Escrito por":"Redaccion","Tiempo de lectura":"2 minutos"},"schema":{"@context":"https:\/\/schema.org","@graph":[{"@type":"Article","@id":"https:\/\/elhijodelllanero.mx\/index.php\/2024\/07\/24\/va-mexico-por-el-pase-a-los-cuartos-de-final-del-premundial-sub-20-de-la-concacaf\/#article","isPartOf":{"@id":"https:\/\/elhijodelllanero.mx\/index.php\/2024\/07\/24\/va-mexico-por-el-pase-a-los-cuartos-de-final-del-premundial-sub-20-de-la-concacaf\/"},"author":{"name":"Redaccion","@id":"https:\/\/elhijodelllanero.mx\/#\/schema\/person\/5dcfdd3db3a6f7e7906ef5d92cf7340b"},"headline":"Va M\u00e9xico por el pase a los Cuartos de Final del Premundial Sub 20 de la Concacaf.","datePublished":"2024-07-24T20:44:01+00:00","mainEntityOfPage":{"@id":"https:\/\/elhijodelllanero.mx\/index.php\/2024\/07\/24\/va-mexico-por-el-pase-a-los-cuartos-de-final-del-premundial-sub-20-de-la-concacaf\/"},"wordCount":353,"commentCount":0,"image":{"@id":"https:\/\/elhijodelllanero.mx\/index.php\/2024\/07\/24\/va-mexico-por-el-pase-a-los-cuartos-de-final-del-premundial-sub-20-de-la-concacaf\/#primaryimage"},"thumbnailUrl":"https:\/\/i0.wp.com\/elhijodelllanero.mx\/wp-content\/uploads\/2024\/07\/IMG-20240724-WA0054.jpg?fit=1128%2C750&ssl=1","articleSection":["DEPORTES"],"inLanguage":"es","potentialAction":[{"@type":"CommentAction","name":"Comment","target":["https:\/\/elhijodelllanero.mx\/index.php\/2024\/07\/24\/va-mexico-por-el-pase-a-los-cuartos-de-final-del-premundial-sub-20-de-la-concacaf\/#respond"]}]},{"@type":"WebPage","@id":"https:\/\/elhijodelllanero.mx\/index.php\/2024\/07\/24\/va-mexico-por-el-pase-a-los-cuartos-de-final-del-premundial-sub-20-de-la-concacaf\/","url":"https:\/\/elhijodelllanero.mx\/index.php\/2024\/07\/24\/va-mexico-por-el-pase-a-los-cuartos-de-final-del-premundial-sub-20-de-la-concacaf\/","name":"Va M\u00e9xico por el pase a los Cuartos de Final del Premundial Sub 20 de la Concacaf. - El Hijo del llanero solititito","isPartOf":{"@id":"https:\/\/elhijodelllanero.mx\/#website"},"primaryImageOfPage":{"@id":"https:\/\/elhijodelllanero.mx\/index.php\/2024\/07\/24\/va-mexico-por-el-pase-a-los-cuartos-de-final-del-premundial-sub-20-de-la-concacaf\/#primaryimage"},"image":{"@id":"https:\/\/elhijodelllanero.mx\/index.php\/2024\/07\/24\/va-mexico-por-el-pase-a-los-cuartos-de-final-del-premundial-sub-20-de-la-concacaf\/#primaryimage"},"thumbnailUrl":"https:\/\/i0.wp.com\/elhijodelllanero.mx\/wp-content\/uploads\/2024\/07\/IMG-20240724-WA0054.jpg?fit=1128%2C750&ssl=1","datePublished":"2024-07-24T20:44:01+00:00","author":{"@id":"https:\/\/elhijodelllanero.mx\/#\/schema\/person\/5dcfdd3db3a6f7e7906ef5d92cf7340b"},"breadcrumb":{"@id":"https:\/\/elhijodelllanero.mx\/index.php\/2024\/07\/24\/va-mexico-por-el-pase-a-los-cuartos-de-final-del-premundial-sub-20-de-la-concacaf\/#breadcrumb"},"inLanguage":"es","potentialAction":[{"@type":"ReadAction","target":["https:\/\/elhijodelllanero.mx\/index.php\/2024\/07\/24\/va-mexico-por-el-pase-a-los-cuartos-de-final-del-premundial-sub-20-de-la-concacaf\/"]}]},{"@type":"ImageObject","inLanguage":"es","@id":"https:\/\/elhijodelllanero.mx\/index.php\/2024\/07\/24\/va-mexico-por-el-pase-a-los-cuartos-de-final-del-premundial-sub-20-de-la-concacaf\/#primaryimage","url":"https:\/\/i0.wp.com\/elhijodelllanero.mx\/wp-content\/uploads\/2024\/07\/IMG-20240724-WA0054.jpg?fit=1128%2C750&ssl=1","contentUrl":"https:\/\/i0.wp.com\/elhijodelllanero.mx\/wp-content\/uploads\/2024\/07\/IMG-20240724-WA0054.jpg?fit=1128%2C750&ssl=1","width":1128,"height":750},{"@type":"BreadcrumbList","@id":"https:\/\/elhijodelllanero.mx\/index.php\/2024\/07\/24\/va-mexico-por-el-pase-a-los-cuartos-de-final-del-premundial-sub-20-de-la-concacaf\/#breadcrumb","itemListElement":[{"@type":"ListItem","position":1,"name":"Portada","item":"https:\/\/elhijodelllanero.mx\/"},{"@type":"ListItem","position":2,"name":"Va M\u00e9xico por el pase a los Cuartos de Final del Premundial Sub 20 de la Concacaf."}]},{"@type":"WebSite","@id":"https:\/\/elhijodelllanero.mx\/#website","url":"https:\/\/elhijodelllanero.mx\/","name":"El Hijo del llanero solititito","description":"","potentialAction":[{"@type":"SearchAction","target":{"@type":"EntryPoint","urlTemplate":"https:\/\/elhijodelllanero.mx\/?s={search_term_string}"},"query-input":{"@type":"PropertyValueSpecification","valueRequired":true,"valueName":"search_term_string"}}],"inLanguage":"es"},{"@type":"Person","@id":"https:\/\/elhijodelllanero.mx\/#\/schema\/person\/5dcfdd3db3a6f7e7906ef5d92cf7340b","name":"Redaccion","image":{"@type":"ImageObject","inLanguage":"es","@id":"https:\/\/secure.gravatar.com\/avatar\/f65b913d6e7be363e7396f7fad32ab76d311fbb575fa7e623ec3ea4799f3b718?s=96&d=mm&r=g","url":"https:\/\/secure.gravatar.com\/avatar\/f65b913d6e7be363e7396f7fad32ab76d311fbb575fa7e623ec3ea4799f3b718?s=96&d=mm&r=g","contentUrl":"https:\/\/secure.gravatar.com\/avatar\/f65b913d6e7be363e7396f7fad32ab76d311fbb575fa7e623ec3ea4799f3b718?s=96&d=mm&r=g","caption":"Redaccion"},"sameAs":["https:\/\/www.elhijodelllanero.mx"],"url":"https:\/\/elhijodelllanero.mx\/index.php\/author\/admin_6smc8z8t\/"}]}},"jetpack_featured_media_url":"https:\/\/i0.wp.com\/elhijodelllanero.mx\/wp-content\/uploads\/2024\/07\/IMG-20240724-WA0054.jpg?fit=1128%2C750&ssl=1","jetpack-related-posts":[],"jetpack_sharing_enabled":true,"_links":{"self":[{"href":"https:\/\/elhijodelllanero.mx\/index.php\/wp-json\/wp\/v2\/posts\/8364","targetHints":{"allow":["GET"]}}],"collection":[{"href":"https:\/\/elhijodelllanero.mx\/index.php\/wp-json\/wp\/v2\/posts"}],"about":[{"href":"https:\/\/elhijodelllanero.mx\/index.php\/wp-json\/wp\/v2\/types\/post"}],"author":[{"embeddable":true,"href":"https:\/\/elhijodelllanero.mx\/index.php\/wp-json\/wp\/v2\/users\/1"}],"replies":[{"embeddable":true,"href":"https:\/\/elhijodelllanero.mx\/index.php\/wp-json\/wp\/v2\/comments?post=8364"}],"version-history":[{"count":1,"href":"https:\/\/elhijodelllanero.mx\/index.php\/wp-json\/wp\/v2\/posts\/8364\/revisions"}],"predecessor-version":[{"id":8366,"href":"https:\/\/elhijodelllanero.mx\/index.php\/wp-json\/wp\/v2\/posts\/8364\/revisions\/8366"}],"wp:featuredmedia":[{"embeddable":true,"href":"https:\/\/elhijodelllanero.mx\/index.php\/wp-json\/wp\/v2\/media\/8365"}],"wp:attachment":[{"href":"https:\/\/elhijodelllanero.mx\/index.php\/wp-json\/wp\/v2\/media?parent=8364"}],"wp:term":[{"taxonomy":"category","embeddable":true,"href":"https:\/\/elhijodelllanero.mx\/index.php\/wp-json\/wp\/v2\/categories?post=8364"},{"taxonomy":"post_tag","embeddable":true,"href":"https:\/\/elhijodelllanero.mx\/index.php\/wp-json\/wp\/v2\/tags?post=8364"}],"curies":[{"name":"wp","href":"https:\/\/api.w.org\/{rel}","templated":true}]}}