{"id":8387,"date":"2024-07-25T20:08:59","date_gmt":"2024-07-25T20:08:59","guid":{"rendered":"https:\/\/elhijodelllanero.mx\/?p=8387"},"modified":"2024-07-25T20:08:59","modified_gmt":"2024-07-25T20:08:59","slug":"se-foguean-jovenes-practicantes-del-deporte-de-las-orejas-de-coliflor","status":"publish","type":"post","link":"https:\/\/elhijodelllanero.mx\/index.php\/2024\/07\/25\/se-foguean-jovenes-practicantes-del-deporte-de-las-orejas-de-coliflor\/","title":{"rendered":"Se foguean j\u00f3venes practicantes del deporte de las \u201corejas de coliflor\u201d."},"content":{"rendered":"<p>Celaya, Gto., 25 julio 2024.- Con la finalidad de brindar un espacio para la preparaci\u00f3n y el fogueo de los nuevos talentos box\u00edsticos de cara al pr\u00f3ximo proceso de Nacionales CONADE 2025, se llevaron a cabo diferentes combates, en el Multideportivo Galaxias del Parque.<br \/>\nEl entrenador C\u00e1ndido Mart\u00ednez del gimnasio \u2018Luis \u00c1ngel Mel\u00e9ndez\u2019, organiz\u00f3 dichas peleas, en conjunto con el Gobierno Municipal a trav\u00e9s del Sistema de Cultura F\u00edsica y Deporte de Celaya (SIDEC), efectu\u00e1ndose un total de 12 combates tanto en rama varonil como femenil.<br \/>\nEl gimnasio \u2018Luis \u00c1ngel Mel\u00e9ndez\u2019 aport\u00f3 10 boxeadores, quienes tuvieron la oportunidad de enfrentarse a rivales de la Ciudad de M\u00e9xico, Villagr\u00e1n y Valle de Santiago, con el objetivo de foguearse y adquirir experiencia en el cuadril\u00e1tero.<br \/>\nDe acuerdo con C\u00e1ndido Mart\u00ednez, se espera seguir realizando este tipo de fogueo para ayudar a los nuevos talentos celayenses a tomar nivel, aunado con los entrenamientos rumbo al proceso de NC 2025.<\/p>\n","protected":false},"excerpt":{"rendered":"<p>Celaya, Gto., 25 julio 2024.- Con la finalidad de brindar un espacio para la preparaci\u00f3n y el fogueo de los nuevos talentos box\u00edsticos de cara al pr\u00f3ximo proceso de Nacionales CONADE 2025, se llevaron a cabo diferentes combates, en el Multideportivo Galaxias del Parque. El entrenador C\u00e1ndido Mart\u00ednez del gimnasio \u2018Luis \u00c1ngel Mel\u00e9ndez\u2019, organiz\u00f3 dichas [&hellip;]<\/p>\n","protected":false},"author":1,"featured_media":8388,"comment_status":"open","ping_status":"closed","sticky":false,"template":"","format":"standard","meta":{"_jetpack_newsletter_access":"","_jetpack_dont_email_post_to_subs":false,"_jetpack_newsletter_tier_id":0,"_jetpack_memberships_contains_paywalled_content":false,"_jetpack_memberships_contains_paid_content":false,"footnotes":""},"categories":[40],"tags":[],"class_list":{"0":"post-8387","1":"post","2":"type-post","3":"status-publish","4":"format-standard","5":"has-post-thumbnail","7":"category-deportes"},"yoast_head":"<!-- This site is optimized with the Yoast SEO plugin v27.3 - https:\/\/yoast.com\/product\/yoast-seo-wordpress\/ -->\n<title>Se foguean j\u00f3venes practicantes del deporte de las \u201corejas de coliflor\u201d. - El Hijo del llanero solititito<\/title>\n<meta name=\"robots\" content=\"index, follow, max-snippet:-1, max-image-preview:large, max-video-preview:-1\" \/>\n<link rel=\"canonical\" href=\"https:\/\/elhijodelllanero.mx\/index.php\/2024\/07\/25\/se-foguean-jovenes-practicantes-del-deporte-de-las-orejas-de-coliflor\/\" \/>\n<meta property=\"og:locale\" content=\"es_ES\" \/>\n<meta property=\"og:type\" content=\"article\" \/>\n<meta property=\"og:title\" content=\"Se foguean j\u00f3venes practicantes del deporte de las \u201corejas de coliflor\u201d. - El Hijo del llanero solititito\" \/>\n<meta property=\"og:description\" content=\"Celaya, Gto., 25 julio 2024.- Con la finalidad de brindar un espacio para la preparaci\u00f3n y el fogueo de los nuevos talentos box\u00edsticos de cara al pr\u00f3ximo proceso de Nacionales CONADE 2025, se llevaron a cabo diferentes combates, en el Multideportivo Galaxias del Parque. El entrenador C\u00e1ndido Mart\u00ednez del gimnasio \u2018Luis \u00c1ngel Mel\u00e9ndez\u2019, organiz\u00f3 dichas [&hellip;]\" \/>\n<meta property=\"og:url\" content=\"https:\/\/elhijodelllanero.mx\/index.php\/2024\/07\/25\/se-foguean-jovenes-practicantes-del-deporte-de-las-orejas-de-coliflor\/\" \/>\n<meta property=\"og:site_name\" content=\"El Hijo del llanero solititito\" \/>\n<meta property=\"article:published_time\" content=\"2024-07-25T20:08:59+00:00\" \/>\n<meta property=\"og:image\" content=\"https:\/\/elhijodelllanero.mx\/wp-content\/uploads\/2024\/07\/IMG-20240725-WA0023.jpg\" \/>\n\t<meta property=\"og:image:width\" content=\"1600\" \/>\n\t<meta property=\"og:image:height\" content=\"900\" \/>\n\t<meta property=\"og:image:type\" content=\"image\/jpeg\" \/>\n<meta name=\"author\" content=\"Redaccion\" \/>\n<meta name=\"twitter:card\" content=\"summary_large_image\" \/>\n<meta name=\"twitter:label1\" content=\"Escrito por\" \/>\n\t<meta name=\"twitter:data1\" content=\"Redaccion\" \/>\n\t<meta name=\"twitter:label2\" content=\"Tiempo de lectura\" \/>\n\t<meta name=\"twitter:data2\" content=\"1 minuto\" \/>\n<script type=\"application\/ld+json\" class=\"yoast-schema-graph\">{\"@context\":\"https:\\\/\\\/schema.org\",\"@graph\":[{\"@type\":\"Article\",\"@id\":\"https:\\\/\\\/elhijodelllanero.mx\\\/index.php\\\/2024\\\/07\\\/25\\\/se-foguean-jovenes-practicantes-del-deporte-de-las-orejas-de-coliflor\\\/#article\",\"isPartOf\":{\"@id\":\"https:\\\/\\\/elhijodelllanero.mx\\\/index.php\\\/2024\\\/07\\\/25\\\/se-foguean-jovenes-practicantes-del-deporte-de-las-orejas-de-coliflor\\\/\"},\"author\":{\"name\":\"Redaccion\",\"@id\":\"https:\\\/\\\/elhijodelllanero.mx\\\/#\\\/schema\\\/person\\\/5dcfdd3db3a6f7e7906ef5d92cf7340b\"},\"headline\":\"Se foguean j\u00f3venes practicantes del deporte de las \u201corejas de coliflor\u201d.\",\"datePublished\":\"2024-07-25T20:08:59+00:00\",\"mainEntityOfPage\":{\"@id\":\"https:\\\/\\\/elhijodelllanero.mx\\\/index.php\\\/2024\\\/07\\\/25\\\/se-foguean-jovenes-practicantes-del-deporte-de-las-orejas-de-coliflor\\\/\"},\"wordCount\":178,\"commentCount\":0,\"image\":{\"@id\":\"https:\\\/\\\/elhijodelllanero.mx\\\/index.php\\\/2024\\\/07\\\/25\\\/se-foguean-jovenes-practicantes-del-deporte-de-las-orejas-de-coliflor\\\/#primaryimage\"},\"thumbnailUrl\":\"https:\\\/\\\/i0.wp.com\\\/elhijodelllanero.mx\\\/wp-content\\\/uploads\\\/2024\\\/07\\\/IMG-20240725-WA0023.jpg?fit=1600%2C900&ssl=1\",\"articleSection\":[\"DEPORTES\"],\"inLanguage\":\"es\",\"potentialAction\":[{\"@type\":\"CommentAction\",\"name\":\"Comment\",\"target\":[\"https:\\\/\\\/elhijodelllanero.mx\\\/index.php\\\/2024\\\/07\\\/25\\\/se-foguean-jovenes-practicantes-del-deporte-de-las-orejas-de-coliflor\\\/#respond\"]}]},{\"@type\":\"WebPage\",\"@id\":\"https:\\\/\\\/elhijodelllanero.mx\\\/index.php\\\/2024\\\/07\\\/25\\\/se-foguean-jovenes-practicantes-del-deporte-de-las-orejas-de-coliflor\\\/\",\"url\":\"https:\\\/\\\/elhijodelllanero.mx\\\/index.php\\\/2024\\\/07\\\/25\\\/se-foguean-jovenes-practicantes-del-deporte-de-las-orejas-de-coliflor\\\/\",\"name\":\"Se foguean j\u00f3venes practicantes del deporte de las \u201corejas de coliflor\u201d. - El Hijo del llanero solititito\",\"isPartOf\":{\"@id\":\"https:\\\/\\\/elhijodelllanero.mx\\\/#website\"},\"primaryImageOfPage\":{\"@id\":\"https:\\\/\\\/elhijodelllanero.mx\\\/index.php\\\/2024\\\/07\\\/25\\\/se-foguean-jovenes-practicantes-del-deporte-de-las-orejas-de-coliflor\\\/#primaryimage\"},\"image\":{\"@id\":\"https:\\\/\\\/elhijodelllanero.mx\\\/index.php\\\/2024\\\/07\\\/25\\\/se-foguean-jovenes-practicantes-del-deporte-de-las-orejas-de-coliflor\\\/#primaryimage\"},\"thumbnailUrl\":\"https:\\\/\\\/i0.wp.com\\\/elhijodelllanero.mx\\\/wp-content\\\/uploads\\\/2024\\\/07\\\/IMG-20240725-WA0023.jpg?fit=1600%2C900&ssl=1\",\"datePublished\":\"2024-07-25T20:08:59+00:00\",\"author\":{\"@id\":\"https:\\\/\\\/elhijodelllanero.mx\\\/#\\\/schema\\\/person\\\/5dcfdd3db3a6f7e7906ef5d92cf7340b\"},\"breadcrumb\":{\"@id\":\"https:\\\/\\\/elhijodelllanero.mx\\\/index.php\\\/2024\\\/07\\\/25\\\/se-foguean-jovenes-practicantes-del-deporte-de-las-orejas-de-coliflor\\\/#breadcrumb\"},\"inLanguage\":\"es\",\"potentialAction\":[{\"@type\":\"ReadAction\",\"target\":[\"https:\\\/\\\/elhijodelllanero.mx\\\/index.php\\\/2024\\\/07\\\/25\\\/se-foguean-jovenes-practicantes-del-deporte-de-las-orejas-de-coliflor\\\/\"]}]},{\"@type\":\"ImageObject\",\"inLanguage\":\"es\",\"@id\":\"https:\\\/\\\/elhijodelllanero.mx\\\/index.php\\\/2024\\\/07\\\/25\\\/se-foguean-jovenes-practicantes-del-deporte-de-las-orejas-de-coliflor\\\/#primaryimage\",\"url\":\"https:\\\/\\\/i0.wp.com\\\/elhijodelllanero.mx\\\/wp-content\\\/uploads\\\/2024\\\/07\\\/IMG-20240725-WA0023.jpg?fit=1600%2C900&ssl=1\",\"contentUrl\":\"https:\\\/\\\/i0.wp.com\\\/elhijodelllanero.mx\\\/wp-content\\\/uploads\\\/2024\\\/07\\\/IMG-20240725-WA0023.jpg?fit=1600%2C900&ssl=1\",\"width\":1600,\"height\":900},{\"@type\":\"BreadcrumbList\",\"@id\":\"https:\\\/\\\/elhijodelllanero.mx\\\/index.php\\\/2024\\\/07\\\/25\\\/se-foguean-jovenes-practicantes-del-deporte-de-las-orejas-de-coliflor\\\/#breadcrumb\",\"itemListElement\":[{\"@type\":\"ListItem\",\"position\":1,\"name\":\"Portada\",\"item\":\"https:\\\/\\\/elhijodelllanero.mx\\\/\"},{\"@type\":\"ListItem\",\"position\":2,\"name\":\"Se foguean j\u00f3venes practicantes del deporte de las \u201corejas de coliflor\u201d.\"}]},{\"@type\":\"WebSite\",\"@id\":\"https:\\\/\\\/elhijodelllanero.mx\\\/#website\",\"url\":\"https:\\\/\\\/elhijodelllanero.mx\\\/\",\"name\":\"El Hijo del llanero solititito\",\"description\":\"\",\"potentialAction\":[{\"@type\":\"SearchAction\",\"target\":{\"@type\":\"EntryPoint\",\"urlTemplate\":\"https:\\\/\\\/elhijodelllanero.mx\\\/?s={search_term_string}\"},\"query-input\":{\"@type\":\"PropertyValueSpecification\",\"valueRequired\":true,\"valueName\":\"search_term_string\"}}],\"inLanguage\":\"es\"},{\"@type\":\"Person\",\"@id\":\"https:\\\/\\\/elhijodelllanero.mx\\\/#\\\/schema\\\/person\\\/5dcfdd3db3a6f7e7906ef5d92cf7340b\",\"name\":\"Redaccion\",\"image\":{\"@type\":\"ImageObject\",\"inLanguage\":\"es\",\"@id\":\"https:\\\/\\\/secure.gravatar.com\\\/avatar\\\/f65b913d6e7be363e7396f7fad32ab76d311fbb575fa7e623ec3ea4799f3b718?s=96&d=mm&r=g\",\"url\":\"https:\\\/\\\/secure.gravatar.com\\\/avatar\\\/f65b913d6e7be363e7396f7fad32ab76d311fbb575fa7e623ec3ea4799f3b718?s=96&d=mm&r=g\",\"contentUrl\":\"https:\\\/\\\/secure.gravatar.com\\\/avatar\\\/f65b913d6e7be363e7396f7fad32ab76d311fbb575fa7e623ec3ea4799f3b718?s=96&d=mm&r=g\",\"caption\":\"Redaccion\"},\"sameAs\":[\"https:\\\/\\\/www.elhijodelllanero.mx\"],\"url\":\"https:\\\/\\\/elhijodelllanero.mx\\\/index.php\\\/author\\\/admin_6smc8z8t\\\/\"}]}<\/script>\n<!-- \/ Yoast SEO plugin. -->","yoast_head_json":{"title":"Se foguean j\u00f3venes practicantes del deporte de las \u201corejas de coliflor\u201d. - El Hijo del llanero solititito","robots":{"index":"index","follow":"follow","max-snippet":"max-snippet:-1","max-image-preview":"max-image-preview:large","max-video-preview":"max-video-preview:-1"},"canonical":"https:\/\/elhijodelllanero.mx\/index.php\/2024\/07\/25\/se-foguean-jovenes-practicantes-del-deporte-de-las-orejas-de-coliflor\/","og_locale":"es_ES","og_type":"article","og_title":"Se foguean j\u00f3venes practicantes del deporte de las \u201corejas de coliflor\u201d. - El Hijo del llanero solititito","og_description":"Celaya, Gto., 25 julio 2024.- Con la finalidad de brindar un espacio para la preparaci\u00f3n y el fogueo de los nuevos talentos box\u00edsticos de cara al pr\u00f3ximo proceso de Nacionales CONADE 2025, se llevaron a cabo diferentes combates, en el Multideportivo Galaxias del Parque. El entrenador C\u00e1ndido Mart\u00ednez del gimnasio \u2018Luis \u00c1ngel Mel\u00e9ndez\u2019, organiz\u00f3 dichas [&hellip;]","og_url":"https:\/\/elhijodelllanero.mx\/index.php\/2024\/07\/25\/se-foguean-jovenes-practicantes-del-deporte-de-las-orejas-de-coliflor\/","og_site_name":"El Hijo del llanero solititito","article_published_time":"2024-07-25T20:08:59+00:00","og_image":[{"width":1600,"height":900,"url":"https:\/\/elhijodelllanero.mx\/wp-content\/uploads\/2024\/07\/IMG-20240725-WA0023.jpg","type":"image\/jpeg"}],"author":"Redaccion","twitter_card":"summary_large_image","twitter_misc":{"Escrito por":"Redaccion","Tiempo de lectura":"1 minuto"},"schema":{"@context":"https:\/\/schema.org","@graph":[{"@type":"Article","@id":"https:\/\/elhijodelllanero.mx\/index.php\/2024\/07\/25\/se-foguean-jovenes-practicantes-del-deporte-de-las-orejas-de-coliflor\/#article","isPartOf":{"@id":"https:\/\/elhijodelllanero.mx\/index.php\/2024\/07\/25\/se-foguean-jovenes-practicantes-del-deporte-de-las-orejas-de-coliflor\/"},"author":{"name":"Redaccion","@id":"https:\/\/elhijodelllanero.mx\/#\/schema\/person\/5dcfdd3db3a6f7e7906ef5d92cf7340b"},"headline":"Se foguean j\u00f3venes practicantes del deporte de las \u201corejas de coliflor\u201d.","datePublished":"2024-07-25T20:08:59+00:00","mainEntityOfPage":{"@id":"https:\/\/elhijodelllanero.mx\/index.php\/2024\/07\/25\/se-foguean-jovenes-practicantes-del-deporte-de-las-orejas-de-coliflor\/"},"wordCount":178,"commentCount":0,"image":{"@id":"https:\/\/elhijodelllanero.mx\/index.php\/2024\/07\/25\/se-foguean-jovenes-practicantes-del-deporte-de-las-orejas-de-coliflor\/#primaryimage"},"thumbnailUrl":"https:\/\/i0.wp.com\/elhijodelllanero.mx\/wp-content\/uploads\/2024\/07\/IMG-20240725-WA0023.jpg?fit=1600%2C900&ssl=1","articleSection":["DEPORTES"],"inLanguage":"es","potentialAction":[{"@type":"CommentAction","name":"Comment","target":["https:\/\/elhijodelllanero.mx\/index.php\/2024\/07\/25\/se-foguean-jovenes-practicantes-del-deporte-de-las-orejas-de-coliflor\/#respond"]}]},{"@type":"WebPage","@id":"https:\/\/elhijodelllanero.mx\/index.php\/2024\/07\/25\/se-foguean-jovenes-practicantes-del-deporte-de-las-orejas-de-coliflor\/","url":"https:\/\/elhijodelllanero.mx\/index.php\/2024\/07\/25\/se-foguean-jovenes-practicantes-del-deporte-de-las-orejas-de-coliflor\/","name":"Se foguean j\u00f3venes practicantes del deporte de las \u201corejas de coliflor\u201d. - El Hijo del llanero solititito","isPartOf":{"@id":"https:\/\/elhijodelllanero.mx\/#website"},"primaryImageOfPage":{"@id":"https:\/\/elhijodelllanero.mx\/index.php\/2024\/07\/25\/se-foguean-jovenes-practicantes-del-deporte-de-las-orejas-de-coliflor\/#primaryimage"},"image":{"@id":"https:\/\/elhijodelllanero.mx\/index.php\/2024\/07\/25\/se-foguean-jovenes-practicantes-del-deporte-de-las-orejas-de-coliflor\/#primaryimage"},"thumbnailUrl":"https:\/\/i0.wp.com\/elhijodelllanero.mx\/wp-content\/uploads\/2024\/07\/IMG-20240725-WA0023.jpg?fit=1600%2C900&ssl=1","datePublished":"2024-07-25T20:08:59+00:00","author":{"@id":"https:\/\/elhijodelllanero.mx\/#\/schema\/person\/5dcfdd3db3a6f7e7906ef5d92cf7340b"},"breadcrumb":{"@id":"https:\/\/elhijodelllanero.mx\/index.php\/2024\/07\/25\/se-foguean-jovenes-practicantes-del-deporte-de-las-orejas-de-coliflor\/#breadcrumb"},"inLanguage":"es","potentialAction":[{"@type":"ReadAction","target":["https:\/\/elhijodelllanero.mx\/index.php\/2024\/07\/25\/se-foguean-jovenes-practicantes-del-deporte-de-las-orejas-de-coliflor\/"]}]},{"@type":"ImageObject","inLanguage":"es","@id":"https:\/\/elhijodelllanero.mx\/index.php\/2024\/07\/25\/se-foguean-jovenes-practicantes-del-deporte-de-las-orejas-de-coliflor\/#primaryimage","url":"https:\/\/i0.wp.com\/elhijodelllanero.mx\/wp-content\/uploads\/2024\/07\/IMG-20240725-WA0023.jpg?fit=1600%2C900&ssl=1","contentUrl":"https:\/\/i0.wp.com\/elhijodelllanero.mx\/wp-content\/uploads\/2024\/07\/IMG-20240725-WA0023.jpg?fit=1600%2C900&ssl=1","width":1600,"height":900},{"@type":"BreadcrumbList","@id":"https:\/\/elhijodelllanero.mx\/index.php\/2024\/07\/25\/se-foguean-jovenes-practicantes-del-deporte-de-las-orejas-de-coliflor\/#breadcrumb","itemListElement":[{"@type":"ListItem","position":1,"name":"Portada","item":"https:\/\/elhijodelllanero.mx\/"},{"@type":"ListItem","position":2,"name":"Se foguean j\u00f3venes practicantes del deporte de las \u201corejas de coliflor\u201d."}]},{"@type":"WebSite","@id":"https:\/\/elhijodelllanero.mx\/#website","url":"https:\/\/elhijodelllanero.mx\/","name":"El Hijo del llanero solititito","description":"","potentialAction":[{"@type":"SearchAction","target":{"@type":"EntryPoint","urlTemplate":"https:\/\/elhijodelllanero.mx\/?s={search_term_string}"},"query-input":{"@type":"PropertyValueSpecification","valueRequired":true,"valueName":"search_term_string"}}],"inLanguage":"es"},{"@type":"Person","@id":"https:\/\/elhijodelllanero.mx\/#\/schema\/person\/5dcfdd3db3a6f7e7906ef5d92cf7340b","name":"Redaccion","image":{"@type":"ImageObject","inLanguage":"es","@id":"https:\/\/secure.gravatar.com\/avatar\/f65b913d6e7be363e7396f7fad32ab76d311fbb575fa7e623ec3ea4799f3b718?s=96&d=mm&r=g","url":"https:\/\/secure.gravatar.com\/avatar\/f65b913d6e7be363e7396f7fad32ab76d311fbb575fa7e623ec3ea4799f3b718?s=96&d=mm&r=g","contentUrl":"https:\/\/secure.gravatar.com\/avatar\/f65b913d6e7be363e7396f7fad32ab76d311fbb575fa7e623ec3ea4799f3b718?s=96&d=mm&r=g","caption":"Redaccion"},"sameAs":["https:\/\/www.elhijodelllanero.mx"],"url":"https:\/\/elhijodelllanero.mx\/index.php\/author\/admin_6smc8z8t\/"}]}},"jetpack_featured_media_url":"https:\/\/i0.wp.com\/elhijodelllanero.mx\/wp-content\/uploads\/2024\/07\/IMG-20240725-WA0023.jpg?fit=1600%2C900&ssl=1","jetpack-related-posts":[],"jetpack_sharing_enabled":true,"_links":{"self":[{"href":"https:\/\/elhijodelllanero.mx\/index.php\/wp-json\/wp\/v2\/posts\/8387","targetHints":{"allow":["GET"]}}],"collection":[{"href":"https:\/\/elhijodelllanero.mx\/index.php\/wp-json\/wp\/v2\/posts"}],"about":[{"href":"https:\/\/elhijodelllanero.mx\/index.php\/wp-json\/wp\/v2\/types\/post"}],"author":[{"embeddable":true,"href":"https:\/\/elhijodelllanero.mx\/index.php\/wp-json\/wp\/v2\/users\/1"}],"replies":[{"embeddable":true,"href":"https:\/\/elhijodelllanero.mx\/index.php\/wp-json\/wp\/v2\/comments?post=8387"}],"version-history":[{"count":1,"href":"https:\/\/elhijodelllanero.mx\/index.php\/wp-json\/wp\/v2\/posts\/8387\/revisions"}],"predecessor-version":[{"id":8389,"href":"https:\/\/elhijodelllanero.mx\/index.php\/wp-json\/wp\/v2\/posts\/8387\/revisions\/8389"}],"wp:featuredmedia":[{"embeddable":true,"href":"https:\/\/elhijodelllanero.mx\/index.php\/wp-json\/wp\/v2\/media\/8388"}],"wp:attachment":[{"href":"https:\/\/elhijodelllanero.mx\/index.php\/wp-json\/wp\/v2\/media?parent=8387"}],"wp:term":[{"taxonomy":"category","embeddable":true,"href":"https:\/\/elhijodelllanero.mx\/index.php\/wp-json\/wp\/v2\/categories?post=8387"},{"taxonomy":"post_tag","embeddable":true,"href":"https:\/\/elhijodelllanero.mx\/index.php\/wp-json\/wp\/v2\/tags?post=8387"}],"curies":[{"name":"wp","href":"https:\/\/api.w.org\/{rel}","templated":true}]}}