{"id":8405,"date":"2024-07-26T16:29:39","date_gmt":"2024-07-26T16:29:39","guid":{"rendered":"https:\/\/elhijodelllanero.mx\/?p=8405"},"modified":"2024-07-26T16:29:39","modified_gmt":"2024-07-26T16:29:39","slug":"iniciaron-obras-complementarias-de-la-planta-de-tratamiento-de-aguas-negras-dren-merino","status":"publish","type":"post","link":"https:\/\/elhijodelllanero.mx\/index.php\/2024\/07\/26\/iniciaron-obras-complementarias-de-la-planta-de-tratamiento-de-aguas-negras-dren-merino\/","title":{"rendered":"Iniciaron obras complementarias de la planta de tratamiento de aguas negras \u201cDren Merino\u201d."},"content":{"rendered":"<p>&nbsp;<\/p>\n<p>Cortazar, Gto., 26 julio 2024.- Con una inversi\u00f3n conjunta de m\u00e1s de 48 millones de pesos entre la Federaci\u00f3n, el Estado y la Junta Municipal de Agua Potable de Cortazar (JUMAPAC), se dio el banderazo de arranque a los trabajos del Proyecto de Obras Complementarias para la Planta de Tratamiento de Aguas Residuales Dren Merino.<br \/>\nLa inauguraci\u00f3n de las Obras Complementarias para la Planta de Tratamiento de Aguas Residuales Dren Merino representa un logro significativo en la b\u00fasqueda de soluciones integrales para la gesti\u00f3n del agua.<br \/>\nEste proyecto no solo contribuir\u00e1 a preservar el medio ambiente, sino que tambi\u00e9n tendr\u00e1 un impacto directo en la salud y calidad de vida de los habitantes de Cortazar, quienes ahora podr\u00e1n disfrutar de un entorno m\u00e1s limpio y seguro.<br \/>\nEl Secretario del Ayuntamiento, Alejandro Perea Castro, resalt\u00f3 el compromiso del Gobierno Municipal para realizar una gesti\u00f3n integral del recurso h\u00eddrico, esto con el fin de coadyuvar a que la poblaci\u00f3n tenga abasto de agua potable, as\u00ed como el debido tratamiento a las aguas residuales.<br \/>\nCon estas acciones, la planta aumentar\u00e1 su capacidad de tratamiento de 50 litros por segundo, a 110 litros por segundo, mediante la construcci\u00f3n y equipamiento de tina compacta de pretratamiento, construcci\u00f3n y equipamiento de reactor anaerobio de flujo ascendente, rehabilitaci\u00f3n de dos sedimentadores secundarios, y equipamiento de cuatro bombas sumergibles de c\u00e1rcamo de aguas residuales existente, con una inversi\u00f3n conjunta entre el Estado y la JUMAPAC, de 27 millones 843 mil 203.98 pesos.<br \/>\nDe esa cantidad, el Estado aport\u00f3 8 millones 188 mil 686.29 pesos, y el organismo operador 19 millones 654 mil 517 pesos.<br \/>\nEn conjunto con estos trabajos, se llevaron a cabo obras complementarias para fortalecer el sistema integral de tratamiento de aguas residuales en Cortazar, entre ellas se destacan las obras de rehabilitaci\u00f3n de la red de distribuci\u00f3n secundaria del sector 18, donde se realiz\u00f3 la construcci\u00f3n de una l\u00ednea de alimentaci\u00f3n de 2 mil 344 metros de tuber\u00eda de 6 y 8 pulgadas de di\u00e1metro de tuber\u00eda de PVC, y la rehabilitaci\u00f3n secundaria de ambas aceras por 5 mil 717 metros de tuber\u00eda de 2 y 3 pulgadas de di\u00e1metro de material de PVC, con una inversi\u00f3n de 7 millones 882 mil 282 pesos, de los cuales la federaci\u00f3n aport\u00f3 3 millones 177 mil 614 pesos, el Estado un mill\u00f3n 977 mil 182 pesos, y la JUMAPACC aport\u00f3 2 millones 727 mil 486 pesos, en beneficio de 16 mil 549 personas.<br \/>\nPerea Castro, subray\u00f3 que el progreso y la modernizaci\u00f3n de la infraestructura municipal son fundamentales para el bienestar de la poblaci\u00f3n, y Cortazar es ahora un claro ejemplo de transformaci\u00f3n y reconciliaci\u00f3n con sus ciudadanos, ya que, con este importante paso, se sientan las bases para un futuro pr\u00f3spero y sostenible en el municipio.<br \/>\nEn su intervenci\u00f3n, Francisco de Jes\u00fas Garc\u00eda Le\u00f3n, director general de la Comisi\u00f3n Estatal del Agua de Guanajuato, resalt\u00f3 que actualmente el Gobierno del Estado trabaja en el saneamiento de las aguas con una visi\u00f3n integral de reutilizar el vital l\u00edquido, y destac\u00f3 que el compromiso del gobierno local y su apuesta por la inversi\u00f3n en infraestructuras es un claro indicador de la preocupaci\u00f3n por el desarrollo sostenible y el bienestar de la comunidad, en la construcci\u00f3n de un futuro pr\u00f3spero y equitativo para todos los habitantes.<br \/>\nEn el evento estuvieron presentes: El Secretario del Ayuntamiento, Alejandro Perea Castro; Francisco de Jes\u00fas Garc\u00eda Le\u00f3n, director general de la Comisi\u00f3n Estatal del Agua de Guanajuato; Hugo Ernesto Arias, regidor del Ayuntamiento y presidente del Consejo Directivo de JUMAPAC; Valent\u00edn Lerma Arriaga, secretario del Consejo Directivo de JUMAPAC; Luz Mar\u00eda Cuevas Ju\u00e1rez, tesorera del Consejo Directivo de JUMAPAC; Luis Manuel Villag\u00f3mez Le\u00f3n, vocal del Consejo Directivo de JUMAPAC; Josefa Rivera Villagr\u00e1n, vocal del Consejo Directivo de JUMAPAC; y Hugo Oviedo Oviedo, director general de JUMAPAC.<\/p>\n","protected":false},"excerpt":{"rendered":"<p>&nbsp; Cortazar, Gto., 26 julio 2024.- Con una inversi\u00f3n conjunta de m\u00e1s de 48 millones de pesos entre la Federaci\u00f3n, el Estado y la Junta Municipal de Agua Potable de Cortazar (JUMAPAC), se dio el banderazo de arranque a los trabajos del Proyecto de Obras Complementarias para la Planta de Tratamiento de Aguas Residuales Dren [&hellip;]<\/p>\n","protected":false},"author":1,"featured_media":8406,"comment_status":"open","ping_status":"closed","sticky":false,"template":"","format":"standard","meta":{"_jetpack_newsletter_access":"","_jetpack_dont_email_post_to_subs":false,"_jetpack_newsletter_tier_id":0,"_jetpack_memberships_contains_paywalled_content":false,"_jetpack_memberships_contains_paid_content":false,"footnotes":""},"categories":[77],"tags":[],"class_list":{"0":"post-8405","1":"post","2":"type-post","3":"status-publish","4":"format-standard","5":"has-post-thumbnail","7":"category-cortazar"},"yoast_head":"<!-- This site is optimized with the Yoast SEO plugin v27.3 - https:\/\/yoast.com\/product\/yoast-seo-wordpress\/ -->\n<title>Iniciaron obras complementarias de la planta de tratamiento de aguas negras \u201cDren Merino\u201d. - El Hijo del llanero solititito<\/title>\n<meta name=\"robots\" content=\"index, follow, max-snippet:-1, max-image-preview:large, max-video-preview:-1\" \/>\n<link rel=\"canonical\" href=\"https:\/\/elhijodelllanero.mx\/index.php\/2024\/07\/26\/iniciaron-obras-complementarias-de-la-planta-de-tratamiento-de-aguas-negras-dren-merino\/\" \/>\n<meta property=\"og:locale\" content=\"es_ES\" \/>\n<meta property=\"og:type\" content=\"article\" \/>\n<meta property=\"og:title\" content=\"Iniciaron obras complementarias de la planta de tratamiento de aguas negras \u201cDren Merino\u201d. - El Hijo del llanero solititito\" \/>\n<meta property=\"og:description\" content=\"&nbsp; Cortazar, Gto., 26 julio 2024.- Con una inversi\u00f3n conjunta de m\u00e1s de 48 millones de pesos entre la Federaci\u00f3n, el Estado y la Junta Municipal de Agua Potable de Cortazar (JUMAPAC), se dio el banderazo de arranque a los trabajos del Proyecto de Obras Complementarias para la Planta de Tratamiento de Aguas Residuales Dren [&hellip;]\" \/>\n<meta property=\"og:url\" content=\"https:\/\/elhijodelllanero.mx\/index.php\/2024\/07\/26\/iniciaron-obras-complementarias-de-la-planta-de-tratamiento-de-aguas-negras-dren-merino\/\" \/>\n<meta property=\"og:site_name\" content=\"El Hijo del llanero solititito\" \/>\n<meta property=\"article:published_time\" content=\"2024-07-26T16:29:39+00:00\" \/>\n<meta property=\"og:image\" content=\"https:\/\/elhijodelllanero.mx\/wp-content\/uploads\/2024\/07\/IMG-20240726-WA0008.jpg\" \/>\n\t<meta property=\"og:image:width\" content=\"1600\" \/>\n\t<meta property=\"og:image:height\" content=\"1064\" \/>\n\t<meta property=\"og:image:type\" content=\"image\/jpeg\" \/>\n<meta name=\"author\" content=\"Redaccion\" \/>\n<meta name=\"twitter:card\" content=\"summary_large_image\" \/>\n<meta name=\"twitter:label1\" content=\"Escrito por\" \/>\n\t<meta name=\"twitter:data1\" content=\"Redaccion\" \/>\n\t<meta name=\"twitter:label2\" content=\"Tiempo de lectura\" \/>\n\t<meta name=\"twitter:data2\" content=\"4 minutos\" \/>\n<script type=\"application\/ld+json\" class=\"yoast-schema-graph\">{\"@context\":\"https:\\\/\\\/schema.org\",\"@graph\":[{\"@type\":\"Article\",\"@id\":\"https:\\\/\\\/elhijodelllanero.mx\\\/index.php\\\/2024\\\/07\\\/26\\\/iniciaron-obras-complementarias-de-la-planta-de-tratamiento-de-aguas-negras-dren-merino\\\/#article\",\"isPartOf\":{\"@id\":\"https:\\\/\\\/elhijodelllanero.mx\\\/index.php\\\/2024\\\/07\\\/26\\\/iniciaron-obras-complementarias-de-la-planta-de-tratamiento-de-aguas-negras-dren-merino\\\/\"},\"author\":{\"name\":\"Redaccion\",\"@id\":\"https:\\\/\\\/elhijodelllanero.mx\\\/#\\\/schema\\\/person\\\/5dcfdd3db3a6f7e7906ef5d92cf7340b\"},\"headline\":\"Iniciaron obras complementarias de la planta de tratamiento de aguas negras \u201cDren Merino\u201d.\",\"datePublished\":\"2024-07-26T16:29:39+00:00\",\"mainEntityOfPage\":{\"@id\":\"https:\\\/\\\/elhijodelllanero.mx\\\/index.php\\\/2024\\\/07\\\/26\\\/iniciaron-obras-complementarias-de-la-planta-de-tratamiento-de-aguas-negras-dren-merino\\\/\"},\"wordCount\":669,\"commentCount\":0,\"image\":{\"@id\":\"https:\\\/\\\/elhijodelllanero.mx\\\/index.php\\\/2024\\\/07\\\/26\\\/iniciaron-obras-complementarias-de-la-planta-de-tratamiento-de-aguas-negras-dren-merino\\\/#primaryimage\"},\"thumbnailUrl\":\"https:\\\/\\\/i0.wp.com\\\/elhijodelllanero.mx\\\/wp-content\\\/uploads\\\/2024\\\/07\\\/IMG-20240726-WA0008.jpg?fit=1600%2C1064&ssl=1\",\"articleSection\":[\"CORTAZAR\"],\"inLanguage\":\"es\",\"potentialAction\":[{\"@type\":\"CommentAction\",\"name\":\"Comment\",\"target\":[\"https:\\\/\\\/elhijodelllanero.mx\\\/index.php\\\/2024\\\/07\\\/26\\\/iniciaron-obras-complementarias-de-la-planta-de-tratamiento-de-aguas-negras-dren-merino\\\/#respond\"]}]},{\"@type\":\"WebPage\",\"@id\":\"https:\\\/\\\/elhijodelllanero.mx\\\/index.php\\\/2024\\\/07\\\/26\\\/iniciaron-obras-complementarias-de-la-planta-de-tratamiento-de-aguas-negras-dren-merino\\\/\",\"url\":\"https:\\\/\\\/elhijodelllanero.mx\\\/index.php\\\/2024\\\/07\\\/26\\\/iniciaron-obras-complementarias-de-la-planta-de-tratamiento-de-aguas-negras-dren-merino\\\/\",\"name\":\"Iniciaron obras complementarias de la planta de tratamiento de aguas negras \u201cDren Merino\u201d. - El Hijo del llanero solititito\",\"isPartOf\":{\"@id\":\"https:\\\/\\\/elhijodelllanero.mx\\\/#website\"},\"primaryImageOfPage\":{\"@id\":\"https:\\\/\\\/elhijodelllanero.mx\\\/index.php\\\/2024\\\/07\\\/26\\\/iniciaron-obras-complementarias-de-la-planta-de-tratamiento-de-aguas-negras-dren-merino\\\/#primaryimage\"},\"image\":{\"@id\":\"https:\\\/\\\/elhijodelllanero.mx\\\/index.php\\\/2024\\\/07\\\/26\\\/iniciaron-obras-complementarias-de-la-planta-de-tratamiento-de-aguas-negras-dren-merino\\\/#primaryimage\"},\"thumbnailUrl\":\"https:\\\/\\\/i0.wp.com\\\/elhijodelllanero.mx\\\/wp-content\\\/uploads\\\/2024\\\/07\\\/IMG-20240726-WA0008.jpg?fit=1600%2C1064&ssl=1\",\"datePublished\":\"2024-07-26T16:29:39+00:00\",\"author\":{\"@id\":\"https:\\\/\\\/elhijodelllanero.mx\\\/#\\\/schema\\\/person\\\/5dcfdd3db3a6f7e7906ef5d92cf7340b\"},\"breadcrumb\":{\"@id\":\"https:\\\/\\\/elhijodelllanero.mx\\\/index.php\\\/2024\\\/07\\\/26\\\/iniciaron-obras-complementarias-de-la-planta-de-tratamiento-de-aguas-negras-dren-merino\\\/#breadcrumb\"},\"inLanguage\":\"es\",\"potentialAction\":[{\"@type\":\"ReadAction\",\"target\":[\"https:\\\/\\\/elhijodelllanero.mx\\\/index.php\\\/2024\\\/07\\\/26\\\/iniciaron-obras-complementarias-de-la-planta-de-tratamiento-de-aguas-negras-dren-merino\\\/\"]}]},{\"@type\":\"ImageObject\",\"inLanguage\":\"es\",\"@id\":\"https:\\\/\\\/elhijodelllanero.mx\\\/index.php\\\/2024\\\/07\\\/26\\\/iniciaron-obras-complementarias-de-la-planta-de-tratamiento-de-aguas-negras-dren-merino\\\/#primaryimage\",\"url\":\"https:\\\/\\\/i0.wp.com\\\/elhijodelllanero.mx\\\/wp-content\\\/uploads\\\/2024\\\/07\\\/IMG-20240726-WA0008.jpg?fit=1600%2C1064&ssl=1\",\"contentUrl\":\"https:\\\/\\\/i0.wp.com\\\/elhijodelllanero.mx\\\/wp-content\\\/uploads\\\/2024\\\/07\\\/IMG-20240726-WA0008.jpg?fit=1600%2C1064&ssl=1\",\"width\":1600,\"height\":1064},{\"@type\":\"BreadcrumbList\",\"@id\":\"https:\\\/\\\/elhijodelllanero.mx\\\/index.php\\\/2024\\\/07\\\/26\\\/iniciaron-obras-complementarias-de-la-planta-de-tratamiento-de-aguas-negras-dren-merino\\\/#breadcrumb\",\"itemListElement\":[{\"@type\":\"ListItem\",\"position\":1,\"name\":\"Portada\",\"item\":\"https:\\\/\\\/elhijodelllanero.mx\\\/\"},{\"@type\":\"ListItem\",\"position\":2,\"name\":\"Iniciaron obras complementarias de la planta de tratamiento de aguas negras \u201cDren Merino\u201d.\"}]},{\"@type\":\"WebSite\",\"@id\":\"https:\\\/\\\/elhijodelllanero.mx\\\/#website\",\"url\":\"https:\\\/\\\/elhijodelllanero.mx\\\/\",\"name\":\"El Hijo del llanero solititito\",\"description\":\"\",\"potentialAction\":[{\"@type\":\"SearchAction\",\"target\":{\"@type\":\"EntryPoint\",\"urlTemplate\":\"https:\\\/\\\/elhijodelllanero.mx\\\/?s={search_term_string}\"},\"query-input\":{\"@type\":\"PropertyValueSpecification\",\"valueRequired\":true,\"valueName\":\"search_term_string\"}}],\"inLanguage\":\"es\"},{\"@type\":\"Person\",\"@id\":\"https:\\\/\\\/elhijodelllanero.mx\\\/#\\\/schema\\\/person\\\/5dcfdd3db3a6f7e7906ef5d92cf7340b\",\"name\":\"Redaccion\",\"image\":{\"@type\":\"ImageObject\",\"inLanguage\":\"es\",\"@id\":\"https:\\\/\\\/secure.gravatar.com\\\/avatar\\\/f65b913d6e7be363e7396f7fad32ab76d311fbb575fa7e623ec3ea4799f3b718?s=96&d=mm&r=g\",\"url\":\"https:\\\/\\\/secure.gravatar.com\\\/avatar\\\/f65b913d6e7be363e7396f7fad32ab76d311fbb575fa7e623ec3ea4799f3b718?s=96&d=mm&r=g\",\"contentUrl\":\"https:\\\/\\\/secure.gravatar.com\\\/avatar\\\/f65b913d6e7be363e7396f7fad32ab76d311fbb575fa7e623ec3ea4799f3b718?s=96&d=mm&r=g\",\"caption\":\"Redaccion\"},\"sameAs\":[\"https:\\\/\\\/www.elhijodelllanero.mx\"],\"url\":\"https:\\\/\\\/elhijodelllanero.mx\\\/index.php\\\/author\\\/admin_6smc8z8t\\\/\"}]}<\/script>\n<!-- \/ Yoast SEO plugin. -->","yoast_head_json":{"title":"Iniciaron obras complementarias de la planta de tratamiento de aguas negras \u201cDren Merino\u201d. - El Hijo del llanero solititito","robots":{"index":"index","follow":"follow","max-snippet":"max-snippet:-1","max-image-preview":"max-image-preview:large","max-video-preview":"max-video-preview:-1"},"canonical":"https:\/\/elhijodelllanero.mx\/index.php\/2024\/07\/26\/iniciaron-obras-complementarias-de-la-planta-de-tratamiento-de-aguas-negras-dren-merino\/","og_locale":"es_ES","og_type":"article","og_title":"Iniciaron obras complementarias de la planta de tratamiento de aguas negras \u201cDren Merino\u201d. - El Hijo del llanero solititito","og_description":"&nbsp; Cortazar, Gto., 26 julio 2024.- Con una inversi\u00f3n conjunta de m\u00e1s de 48 millones de pesos entre la Federaci\u00f3n, el Estado y la Junta Municipal de Agua Potable de Cortazar (JUMAPAC), se dio el banderazo de arranque a los trabajos del Proyecto de Obras Complementarias para la Planta de Tratamiento de Aguas Residuales Dren [&hellip;]","og_url":"https:\/\/elhijodelllanero.mx\/index.php\/2024\/07\/26\/iniciaron-obras-complementarias-de-la-planta-de-tratamiento-de-aguas-negras-dren-merino\/","og_site_name":"El Hijo del llanero solititito","article_published_time":"2024-07-26T16:29:39+00:00","og_image":[{"width":1600,"height":1064,"url":"https:\/\/elhijodelllanero.mx\/wp-content\/uploads\/2024\/07\/IMG-20240726-WA0008.jpg","type":"image\/jpeg"}],"author":"Redaccion","twitter_card":"summary_large_image","twitter_misc":{"Escrito por":"Redaccion","Tiempo de lectura":"4 minutos"},"schema":{"@context":"https:\/\/schema.org","@graph":[{"@type":"Article","@id":"https:\/\/elhijodelllanero.mx\/index.php\/2024\/07\/26\/iniciaron-obras-complementarias-de-la-planta-de-tratamiento-de-aguas-negras-dren-merino\/#article","isPartOf":{"@id":"https:\/\/elhijodelllanero.mx\/index.php\/2024\/07\/26\/iniciaron-obras-complementarias-de-la-planta-de-tratamiento-de-aguas-negras-dren-merino\/"},"author":{"name":"Redaccion","@id":"https:\/\/elhijodelllanero.mx\/#\/schema\/person\/5dcfdd3db3a6f7e7906ef5d92cf7340b"},"headline":"Iniciaron obras complementarias de la planta de tratamiento de aguas negras \u201cDren Merino\u201d.","datePublished":"2024-07-26T16:29:39+00:00","mainEntityOfPage":{"@id":"https:\/\/elhijodelllanero.mx\/index.php\/2024\/07\/26\/iniciaron-obras-complementarias-de-la-planta-de-tratamiento-de-aguas-negras-dren-merino\/"},"wordCount":669,"commentCount":0,"image":{"@id":"https:\/\/elhijodelllanero.mx\/index.php\/2024\/07\/26\/iniciaron-obras-complementarias-de-la-planta-de-tratamiento-de-aguas-negras-dren-merino\/#primaryimage"},"thumbnailUrl":"https:\/\/i0.wp.com\/elhijodelllanero.mx\/wp-content\/uploads\/2024\/07\/IMG-20240726-WA0008.jpg?fit=1600%2C1064&ssl=1","articleSection":["CORTAZAR"],"inLanguage":"es","potentialAction":[{"@type":"CommentAction","name":"Comment","target":["https:\/\/elhijodelllanero.mx\/index.php\/2024\/07\/26\/iniciaron-obras-complementarias-de-la-planta-de-tratamiento-de-aguas-negras-dren-merino\/#respond"]}]},{"@type":"WebPage","@id":"https:\/\/elhijodelllanero.mx\/index.php\/2024\/07\/26\/iniciaron-obras-complementarias-de-la-planta-de-tratamiento-de-aguas-negras-dren-merino\/","url":"https:\/\/elhijodelllanero.mx\/index.php\/2024\/07\/26\/iniciaron-obras-complementarias-de-la-planta-de-tratamiento-de-aguas-negras-dren-merino\/","name":"Iniciaron obras complementarias de la planta de tratamiento de aguas negras \u201cDren Merino\u201d. - El Hijo del llanero solititito","isPartOf":{"@id":"https:\/\/elhijodelllanero.mx\/#website"},"primaryImageOfPage":{"@id":"https:\/\/elhijodelllanero.mx\/index.php\/2024\/07\/26\/iniciaron-obras-complementarias-de-la-planta-de-tratamiento-de-aguas-negras-dren-merino\/#primaryimage"},"image":{"@id":"https:\/\/elhijodelllanero.mx\/index.php\/2024\/07\/26\/iniciaron-obras-complementarias-de-la-planta-de-tratamiento-de-aguas-negras-dren-merino\/#primaryimage"},"thumbnailUrl":"https:\/\/i0.wp.com\/elhijodelllanero.mx\/wp-content\/uploads\/2024\/07\/IMG-20240726-WA0008.jpg?fit=1600%2C1064&ssl=1","datePublished":"2024-07-26T16:29:39+00:00","author":{"@id":"https:\/\/elhijodelllanero.mx\/#\/schema\/person\/5dcfdd3db3a6f7e7906ef5d92cf7340b"},"breadcrumb":{"@id":"https:\/\/elhijodelllanero.mx\/index.php\/2024\/07\/26\/iniciaron-obras-complementarias-de-la-planta-de-tratamiento-de-aguas-negras-dren-merino\/#breadcrumb"},"inLanguage":"es","potentialAction":[{"@type":"ReadAction","target":["https:\/\/elhijodelllanero.mx\/index.php\/2024\/07\/26\/iniciaron-obras-complementarias-de-la-planta-de-tratamiento-de-aguas-negras-dren-merino\/"]}]},{"@type":"ImageObject","inLanguage":"es","@id":"https:\/\/elhijodelllanero.mx\/index.php\/2024\/07\/26\/iniciaron-obras-complementarias-de-la-planta-de-tratamiento-de-aguas-negras-dren-merino\/#primaryimage","url":"https:\/\/i0.wp.com\/elhijodelllanero.mx\/wp-content\/uploads\/2024\/07\/IMG-20240726-WA0008.jpg?fit=1600%2C1064&ssl=1","contentUrl":"https:\/\/i0.wp.com\/elhijodelllanero.mx\/wp-content\/uploads\/2024\/07\/IMG-20240726-WA0008.jpg?fit=1600%2C1064&ssl=1","width":1600,"height":1064},{"@type":"BreadcrumbList","@id":"https:\/\/elhijodelllanero.mx\/index.php\/2024\/07\/26\/iniciaron-obras-complementarias-de-la-planta-de-tratamiento-de-aguas-negras-dren-merino\/#breadcrumb","itemListElement":[{"@type":"ListItem","position":1,"name":"Portada","item":"https:\/\/elhijodelllanero.mx\/"},{"@type":"ListItem","position":2,"name":"Iniciaron obras complementarias de la planta de tratamiento de aguas negras \u201cDren Merino\u201d."}]},{"@type":"WebSite","@id":"https:\/\/elhijodelllanero.mx\/#website","url":"https:\/\/elhijodelllanero.mx\/","name":"El Hijo del llanero solititito","description":"","potentialAction":[{"@type":"SearchAction","target":{"@type":"EntryPoint","urlTemplate":"https:\/\/elhijodelllanero.mx\/?s={search_term_string}"},"query-input":{"@type":"PropertyValueSpecification","valueRequired":true,"valueName":"search_term_string"}}],"inLanguage":"es"},{"@type":"Person","@id":"https:\/\/elhijodelllanero.mx\/#\/schema\/person\/5dcfdd3db3a6f7e7906ef5d92cf7340b","name":"Redaccion","image":{"@type":"ImageObject","inLanguage":"es","@id":"https:\/\/secure.gravatar.com\/avatar\/f65b913d6e7be363e7396f7fad32ab76d311fbb575fa7e623ec3ea4799f3b718?s=96&d=mm&r=g","url":"https:\/\/secure.gravatar.com\/avatar\/f65b913d6e7be363e7396f7fad32ab76d311fbb575fa7e623ec3ea4799f3b718?s=96&d=mm&r=g","contentUrl":"https:\/\/secure.gravatar.com\/avatar\/f65b913d6e7be363e7396f7fad32ab76d311fbb575fa7e623ec3ea4799f3b718?s=96&d=mm&r=g","caption":"Redaccion"},"sameAs":["https:\/\/www.elhijodelllanero.mx"],"url":"https:\/\/elhijodelllanero.mx\/index.php\/author\/admin_6smc8z8t\/"}]}},"jetpack_featured_media_url":"https:\/\/i0.wp.com\/elhijodelllanero.mx\/wp-content\/uploads\/2024\/07\/IMG-20240726-WA0008.jpg?fit=1600%2C1064&ssl=1","jetpack-related-posts":[],"jetpack_sharing_enabled":true,"_links":{"self":[{"href":"https:\/\/elhijodelllanero.mx\/index.php\/wp-json\/wp\/v2\/posts\/8405","targetHints":{"allow":["GET"]}}],"collection":[{"href":"https:\/\/elhijodelllanero.mx\/index.php\/wp-json\/wp\/v2\/posts"}],"about":[{"href":"https:\/\/elhijodelllanero.mx\/index.php\/wp-json\/wp\/v2\/types\/post"}],"author":[{"embeddable":true,"href":"https:\/\/elhijodelllanero.mx\/index.php\/wp-json\/wp\/v2\/users\/1"}],"replies":[{"embeddable":true,"href":"https:\/\/elhijodelllanero.mx\/index.php\/wp-json\/wp\/v2\/comments?post=8405"}],"version-history":[{"count":1,"href":"https:\/\/elhijodelllanero.mx\/index.php\/wp-json\/wp\/v2\/posts\/8405\/revisions"}],"predecessor-version":[{"id":8407,"href":"https:\/\/elhijodelllanero.mx\/index.php\/wp-json\/wp\/v2\/posts\/8405\/revisions\/8407"}],"wp:featuredmedia":[{"embeddable":true,"href":"https:\/\/elhijodelllanero.mx\/index.php\/wp-json\/wp\/v2\/media\/8406"}],"wp:attachment":[{"href":"https:\/\/elhijodelllanero.mx\/index.php\/wp-json\/wp\/v2\/media?parent=8405"}],"wp:term":[{"taxonomy":"category","embeddable":true,"href":"https:\/\/elhijodelllanero.mx\/index.php\/wp-json\/wp\/v2\/categories?post=8405"},{"taxonomy":"post_tag","embeddable":true,"href":"https:\/\/elhijodelllanero.mx\/index.php\/wp-json\/wp\/v2\/tags?post=8405"}],"curies":[{"name":"wp","href":"https:\/\/api.w.org\/{rel}","templated":true}]}}