{"id":8412,"date":"2024-07-26T16:57:53","date_gmt":"2024-07-26T16:57:53","guid":{"rendered":"https:\/\/elhijodelllanero.mx\/?p=8412"},"modified":"2024-07-26T16:57:53","modified_gmt":"2024-07-26T16:57:53","slug":"concreto-gobierno-salmantino-la-donacion-de-un-predio-para-la-conagua","status":"publish","type":"post","link":"https:\/\/elhijodelllanero.mx\/index.php\/2024\/07\/26\/concreto-gobierno-salmantino-la-donacion-de-un-predio-para-la-conagua\/","title":{"rendered":"Concret\u00f3 gobierno salmantino la donaci\u00f3n de un predio para la Conagua."},"content":{"rendered":"<p>&nbsp;<\/p>\n<p>Salamanca, Gto., 26 julio 2024.- El Gobierno de Salamanca, anunci\u00f3 la donaci\u00f3n de un bien inmueble en favor del Gobierno Federal para la Comisi\u00f3n Nacional del Agua (CONAGUA).<br \/>\nEsta significativa contribuci\u00f3n, permitir\u00e1 la construcci\u00f3n y operaci\u00f3n de un Centro Regional equipado y especializado en atenci\u00f3n de emergencias hidrometeorol\u00f3gicas.<br \/>\nEl inmueble donado, ubicado de manera estrat\u00e9gica en la carretera Salamanca \u2013 Celaya, frente a la salida de la comunidad de Valtierrilla, albergar\u00e1 un nuevo centro regional, el cual jugar\u00e1 un papel crucial en la gesti\u00f3n y respuesta a emergencias hidrometeorol\u00f3gicas en los estados de Guanajuato, Michoac\u00e1n y Aguascalientes.<br \/>\nEl desarrollo de este proyecto busca fortalecer la infraestructura y capacidades operativas en cuanto a la atenci\u00f3n de desastres naturales.<br \/>\nEstar\u00e1 equipado con tecnolog\u00eda avanzada y contar\u00e1 con personal altamente capacitado para asegurar una respuesta eficiente ante eventos extremos, protegiendo as\u00ed la vida y el bienestar de los ciudadanos.<br \/>\nEl Gobierno Municipal que encabeza C\u00e9sar Prieto, trabaja mano a mano con el Gobierno Federal y la CONAGUA, para garantizar el \u00e9xito de este proyecto, que sin duda, fortalecer\u00e1 la capacidad de respuesta ante emergencias hidrometeorol\u00f3gicas y contribuir\u00e1 al desarrollo y seguridad de nuestra comunidad y los estados vecinos.<\/p>\n","protected":false},"excerpt":{"rendered":"<p>&nbsp; Salamanca, Gto., 26 julio 2024.- El Gobierno de Salamanca, anunci\u00f3 la donaci\u00f3n de un bien inmueble en favor del Gobierno Federal para la Comisi\u00f3n Nacional del Agua (CONAGUA). Esta significativa contribuci\u00f3n, permitir\u00e1 la construcci\u00f3n y operaci\u00f3n de un Centro Regional equipado y especializado en atenci\u00f3n de emergencias hidrometeorol\u00f3gicas. El inmueble donado, ubicado de manera [&hellip;]<\/p>\n","protected":false},"author":1,"featured_media":8413,"comment_status":"open","ping_status":"closed","sticky":false,"template":"","format":"standard","meta":{"_jetpack_newsletter_access":"","_jetpack_dont_email_post_to_subs":false,"_jetpack_newsletter_tier_id":0,"_jetpack_memberships_contains_paywalled_content":false,"_jetpack_memberships_contains_paid_content":false,"footnotes":""},"categories":[84],"tags":[],"class_list":{"0":"post-8412","1":"post","2":"type-post","3":"status-publish","4":"format-standard","5":"has-post-thumbnail","7":"category-salamanca"},"yoast_head":"<!-- This site is optimized with the Yoast SEO plugin v27.3 - https:\/\/yoast.com\/product\/yoast-seo-wordpress\/ -->\n<title>Concret\u00f3 gobierno salmantino la donaci\u00f3n de un predio para la Conagua. - El Hijo del llanero solititito<\/title>\n<meta name=\"robots\" content=\"index, follow, max-snippet:-1, max-image-preview:large, max-video-preview:-1\" \/>\n<link rel=\"canonical\" href=\"https:\/\/elhijodelllanero.mx\/index.php\/2024\/07\/26\/concreto-gobierno-salmantino-la-donacion-de-un-predio-para-la-conagua\/\" \/>\n<meta property=\"og:locale\" content=\"es_ES\" \/>\n<meta property=\"og:type\" content=\"article\" \/>\n<meta property=\"og:title\" content=\"Concret\u00f3 gobierno salmantino la donaci\u00f3n de un predio para la Conagua. - El Hijo del llanero solititito\" \/>\n<meta property=\"og:description\" content=\"&nbsp; Salamanca, Gto., 26 julio 2024.- El Gobierno de Salamanca, anunci\u00f3 la donaci\u00f3n de un bien inmueble en favor del Gobierno Federal para la Comisi\u00f3n Nacional del Agua (CONAGUA). Esta significativa contribuci\u00f3n, permitir\u00e1 la construcci\u00f3n y operaci\u00f3n de un Centro Regional equipado y especializado en atenci\u00f3n de emergencias hidrometeorol\u00f3gicas. El inmueble donado, ubicado de manera [&hellip;]\" \/>\n<meta property=\"og:url\" content=\"https:\/\/elhijodelllanero.mx\/index.php\/2024\/07\/26\/concreto-gobierno-salmantino-la-donacion-de-un-predio-para-la-conagua\/\" \/>\n<meta property=\"og:site_name\" content=\"El Hijo del llanero solititito\" \/>\n<meta property=\"article:published_time\" content=\"2024-07-26T16:57:53+00:00\" \/>\n<meta property=\"og:image\" content=\"https:\/\/elhijodelllanero.mx\/wp-content\/uploads\/2024\/07\/IMG-20240726-WA0017.jpg\" \/>\n\t<meta property=\"og:image:width\" content=\"1284\" \/>\n\t<meta property=\"og:image:height\" content=\"819\" \/>\n\t<meta property=\"og:image:type\" content=\"image\/jpeg\" \/>\n<meta name=\"author\" content=\"Redaccion\" \/>\n<meta name=\"twitter:card\" content=\"summary_large_image\" \/>\n<meta name=\"twitter:label1\" content=\"Escrito por\" \/>\n\t<meta name=\"twitter:data1\" content=\"Redaccion\" \/>\n\t<meta name=\"twitter:label2\" content=\"Tiempo de lectura\" \/>\n\t<meta name=\"twitter:data2\" content=\"2 minutos\" \/>\n<script type=\"application\/ld+json\" class=\"yoast-schema-graph\">{\"@context\":\"https:\\\/\\\/schema.org\",\"@graph\":[{\"@type\":\"Article\",\"@id\":\"https:\\\/\\\/elhijodelllanero.mx\\\/index.php\\\/2024\\\/07\\\/26\\\/concreto-gobierno-salmantino-la-donacion-de-un-predio-para-la-conagua\\\/#article\",\"isPartOf\":{\"@id\":\"https:\\\/\\\/elhijodelllanero.mx\\\/index.php\\\/2024\\\/07\\\/26\\\/concreto-gobierno-salmantino-la-donacion-de-un-predio-para-la-conagua\\\/\"},\"author\":{\"name\":\"Redaccion\",\"@id\":\"https:\\\/\\\/elhijodelllanero.mx\\\/#\\\/schema\\\/person\\\/5dcfdd3db3a6f7e7906ef5d92cf7340b\"},\"headline\":\"Concret\u00f3 gobierno salmantino la donaci\u00f3n de un predio para la Conagua.\",\"datePublished\":\"2024-07-26T16:57:53+00:00\",\"mainEntityOfPage\":{\"@id\":\"https:\\\/\\\/elhijodelllanero.mx\\\/index.php\\\/2024\\\/07\\\/26\\\/concreto-gobierno-salmantino-la-donacion-de-un-predio-para-la-conagua\\\/\"},\"wordCount\":221,\"commentCount\":0,\"image\":{\"@id\":\"https:\\\/\\\/elhijodelllanero.mx\\\/index.php\\\/2024\\\/07\\\/26\\\/concreto-gobierno-salmantino-la-donacion-de-un-predio-para-la-conagua\\\/#primaryimage\"},\"thumbnailUrl\":\"https:\\\/\\\/i0.wp.com\\\/elhijodelllanero.mx\\\/wp-content\\\/uploads\\\/2024\\\/07\\\/IMG-20240726-WA0017.jpg?fit=1284%2C819&ssl=1\",\"articleSection\":[\"SALAMANCA\"],\"inLanguage\":\"es\",\"potentialAction\":[{\"@type\":\"CommentAction\",\"name\":\"Comment\",\"target\":[\"https:\\\/\\\/elhijodelllanero.mx\\\/index.php\\\/2024\\\/07\\\/26\\\/concreto-gobierno-salmantino-la-donacion-de-un-predio-para-la-conagua\\\/#respond\"]}]},{\"@type\":\"WebPage\",\"@id\":\"https:\\\/\\\/elhijodelllanero.mx\\\/index.php\\\/2024\\\/07\\\/26\\\/concreto-gobierno-salmantino-la-donacion-de-un-predio-para-la-conagua\\\/\",\"url\":\"https:\\\/\\\/elhijodelllanero.mx\\\/index.php\\\/2024\\\/07\\\/26\\\/concreto-gobierno-salmantino-la-donacion-de-un-predio-para-la-conagua\\\/\",\"name\":\"Concret\u00f3 gobierno salmantino la donaci\u00f3n de un predio para la Conagua. - El Hijo del llanero solititito\",\"isPartOf\":{\"@id\":\"https:\\\/\\\/elhijodelllanero.mx\\\/#website\"},\"primaryImageOfPage\":{\"@id\":\"https:\\\/\\\/elhijodelllanero.mx\\\/index.php\\\/2024\\\/07\\\/26\\\/concreto-gobierno-salmantino-la-donacion-de-un-predio-para-la-conagua\\\/#primaryimage\"},\"image\":{\"@id\":\"https:\\\/\\\/elhijodelllanero.mx\\\/index.php\\\/2024\\\/07\\\/26\\\/concreto-gobierno-salmantino-la-donacion-de-un-predio-para-la-conagua\\\/#primaryimage\"},\"thumbnailUrl\":\"https:\\\/\\\/i0.wp.com\\\/elhijodelllanero.mx\\\/wp-content\\\/uploads\\\/2024\\\/07\\\/IMG-20240726-WA0017.jpg?fit=1284%2C819&ssl=1\",\"datePublished\":\"2024-07-26T16:57:53+00:00\",\"author\":{\"@id\":\"https:\\\/\\\/elhijodelllanero.mx\\\/#\\\/schema\\\/person\\\/5dcfdd3db3a6f7e7906ef5d92cf7340b\"},\"breadcrumb\":{\"@id\":\"https:\\\/\\\/elhijodelllanero.mx\\\/index.php\\\/2024\\\/07\\\/26\\\/concreto-gobierno-salmantino-la-donacion-de-un-predio-para-la-conagua\\\/#breadcrumb\"},\"inLanguage\":\"es\",\"potentialAction\":[{\"@type\":\"ReadAction\",\"target\":[\"https:\\\/\\\/elhijodelllanero.mx\\\/index.php\\\/2024\\\/07\\\/26\\\/concreto-gobierno-salmantino-la-donacion-de-un-predio-para-la-conagua\\\/\"]}]},{\"@type\":\"ImageObject\",\"inLanguage\":\"es\",\"@id\":\"https:\\\/\\\/elhijodelllanero.mx\\\/index.php\\\/2024\\\/07\\\/26\\\/concreto-gobierno-salmantino-la-donacion-de-un-predio-para-la-conagua\\\/#primaryimage\",\"url\":\"https:\\\/\\\/i0.wp.com\\\/elhijodelllanero.mx\\\/wp-content\\\/uploads\\\/2024\\\/07\\\/IMG-20240726-WA0017.jpg?fit=1284%2C819&ssl=1\",\"contentUrl\":\"https:\\\/\\\/i0.wp.com\\\/elhijodelllanero.mx\\\/wp-content\\\/uploads\\\/2024\\\/07\\\/IMG-20240726-WA0017.jpg?fit=1284%2C819&ssl=1\",\"width\":1284,\"height\":819},{\"@type\":\"BreadcrumbList\",\"@id\":\"https:\\\/\\\/elhijodelllanero.mx\\\/index.php\\\/2024\\\/07\\\/26\\\/concreto-gobierno-salmantino-la-donacion-de-un-predio-para-la-conagua\\\/#breadcrumb\",\"itemListElement\":[{\"@type\":\"ListItem\",\"position\":1,\"name\":\"Portada\",\"item\":\"https:\\\/\\\/elhijodelllanero.mx\\\/\"},{\"@type\":\"ListItem\",\"position\":2,\"name\":\"Concret\u00f3 gobierno salmantino la donaci\u00f3n de un predio para la Conagua.\"}]},{\"@type\":\"WebSite\",\"@id\":\"https:\\\/\\\/elhijodelllanero.mx\\\/#website\",\"url\":\"https:\\\/\\\/elhijodelllanero.mx\\\/\",\"name\":\"El Hijo del llanero solititito\",\"description\":\"\",\"potentialAction\":[{\"@type\":\"SearchAction\",\"target\":{\"@type\":\"EntryPoint\",\"urlTemplate\":\"https:\\\/\\\/elhijodelllanero.mx\\\/?s={search_term_string}\"},\"query-input\":{\"@type\":\"PropertyValueSpecification\",\"valueRequired\":true,\"valueName\":\"search_term_string\"}}],\"inLanguage\":\"es\"},{\"@type\":\"Person\",\"@id\":\"https:\\\/\\\/elhijodelllanero.mx\\\/#\\\/schema\\\/person\\\/5dcfdd3db3a6f7e7906ef5d92cf7340b\",\"name\":\"Redaccion\",\"image\":{\"@type\":\"ImageObject\",\"inLanguage\":\"es\",\"@id\":\"https:\\\/\\\/secure.gravatar.com\\\/avatar\\\/f65b913d6e7be363e7396f7fad32ab76d311fbb575fa7e623ec3ea4799f3b718?s=96&d=mm&r=g\",\"url\":\"https:\\\/\\\/secure.gravatar.com\\\/avatar\\\/f65b913d6e7be363e7396f7fad32ab76d311fbb575fa7e623ec3ea4799f3b718?s=96&d=mm&r=g\",\"contentUrl\":\"https:\\\/\\\/secure.gravatar.com\\\/avatar\\\/f65b913d6e7be363e7396f7fad32ab76d311fbb575fa7e623ec3ea4799f3b718?s=96&d=mm&r=g\",\"caption\":\"Redaccion\"},\"sameAs\":[\"https:\\\/\\\/www.elhijodelllanero.mx\"],\"url\":\"https:\\\/\\\/elhijodelllanero.mx\\\/index.php\\\/author\\\/admin_6smc8z8t\\\/\"}]}<\/script>\n<!-- \/ Yoast SEO plugin. -->","yoast_head_json":{"title":"Concret\u00f3 gobierno salmantino la donaci\u00f3n de un predio para la Conagua. - El Hijo del llanero solititito","robots":{"index":"index","follow":"follow","max-snippet":"max-snippet:-1","max-image-preview":"max-image-preview:large","max-video-preview":"max-video-preview:-1"},"canonical":"https:\/\/elhijodelllanero.mx\/index.php\/2024\/07\/26\/concreto-gobierno-salmantino-la-donacion-de-un-predio-para-la-conagua\/","og_locale":"es_ES","og_type":"article","og_title":"Concret\u00f3 gobierno salmantino la donaci\u00f3n de un predio para la Conagua. - El Hijo del llanero solititito","og_description":"&nbsp; Salamanca, Gto., 26 julio 2024.- El Gobierno de Salamanca, anunci\u00f3 la donaci\u00f3n de un bien inmueble en favor del Gobierno Federal para la Comisi\u00f3n Nacional del Agua (CONAGUA). Esta significativa contribuci\u00f3n, permitir\u00e1 la construcci\u00f3n y operaci\u00f3n de un Centro Regional equipado y especializado en atenci\u00f3n de emergencias hidrometeorol\u00f3gicas. El inmueble donado, ubicado de manera [&hellip;]","og_url":"https:\/\/elhijodelllanero.mx\/index.php\/2024\/07\/26\/concreto-gobierno-salmantino-la-donacion-de-un-predio-para-la-conagua\/","og_site_name":"El Hijo del llanero solititito","article_published_time":"2024-07-26T16:57:53+00:00","og_image":[{"width":1284,"height":819,"url":"https:\/\/elhijodelllanero.mx\/wp-content\/uploads\/2024\/07\/IMG-20240726-WA0017.jpg","type":"image\/jpeg"}],"author":"Redaccion","twitter_card":"summary_large_image","twitter_misc":{"Escrito por":"Redaccion","Tiempo de lectura":"2 minutos"},"schema":{"@context":"https:\/\/schema.org","@graph":[{"@type":"Article","@id":"https:\/\/elhijodelllanero.mx\/index.php\/2024\/07\/26\/concreto-gobierno-salmantino-la-donacion-de-un-predio-para-la-conagua\/#article","isPartOf":{"@id":"https:\/\/elhijodelllanero.mx\/index.php\/2024\/07\/26\/concreto-gobierno-salmantino-la-donacion-de-un-predio-para-la-conagua\/"},"author":{"name":"Redaccion","@id":"https:\/\/elhijodelllanero.mx\/#\/schema\/person\/5dcfdd3db3a6f7e7906ef5d92cf7340b"},"headline":"Concret\u00f3 gobierno salmantino la donaci\u00f3n de un predio para la Conagua.","datePublished":"2024-07-26T16:57:53+00:00","mainEntityOfPage":{"@id":"https:\/\/elhijodelllanero.mx\/index.php\/2024\/07\/26\/concreto-gobierno-salmantino-la-donacion-de-un-predio-para-la-conagua\/"},"wordCount":221,"commentCount":0,"image":{"@id":"https:\/\/elhijodelllanero.mx\/index.php\/2024\/07\/26\/concreto-gobierno-salmantino-la-donacion-de-un-predio-para-la-conagua\/#primaryimage"},"thumbnailUrl":"https:\/\/i0.wp.com\/elhijodelllanero.mx\/wp-content\/uploads\/2024\/07\/IMG-20240726-WA0017.jpg?fit=1284%2C819&ssl=1","articleSection":["SALAMANCA"],"inLanguage":"es","potentialAction":[{"@type":"CommentAction","name":"Comment","target":["https:\/\/elhijodelllanero.mx\/index.php\/2024\/07\/26\/concreto-gobierno-salmantino-la-donacion-de-un-predio-para-la-conagua\/#respond"]}]},{"@type":"WebPage","@id":"https:\/\/elhijodelllanero.mx\/index.php\/2024\/07\/26\/concreto-gobierno-salmantino-la-donacion-de-un-predio-para-la-conagua\/","url":"https:\/\/elhijodelllanero.mx\/index.php\/2024\/07\/26\/concreto-gobierno-salmantino-la-donacion-de-un-predio-para-la-conagua\/","name":"Concret\u00f3 gobierno salmantino la donaci\u00f3n de un predio para la Conagua. - El Hijo del llanero solititito","isPartOf":{"@id":"https:\/\/elhijodelllanero.mx\/#website"},"primaryImageOfPage":{"@id":"https:\/\/elhijodelllanero.mx\/index.php\/2024\/07\/26\/concreto-gobierno-salmantino-la-donacion-de-un-predio-para-la-conagua\/#primaryimage"},"image":{"@id":"https:\/\/elhijodelllanero.mx\/index.php\/2024\/07\/26\/concreto-gobierno-salmantino-la-donacion-de-un-predio-para-la-conagua\/#primaryimage"},"thumbnailUrl":"https:\/\/i0.wp.com\/elhijodelllanero.mx\/wp-content\/uploads\/2024\/07\/IMG-20240726-WA0017.jpg?fit=1284%2C819&ssl=1","datePublished":"2024-07-26T16:57:53+00:00","author":{"@id":"https:\/\/elhijodelllanero.mx\/#\/schema\/person\/5dcfdd3db3a6f7e7906ef5d92cf7340b"},"breadcrumb":{"@id":"https:\/\/elhijodelllanero.mx\/index.php\/2024\/07\/26\/concreto-gobierno-salmantino-la-donacion-de-un-predio-para-la-conagua\/#breadcrumb"},"inLanguage":"es","potentialAction":[{"@type":"ReadAction","target":["https:\/\/elhijodelllanero.mx\/index.php\/2024\/07\/26\/concreto-gobierno-salmantino-la-donacion-de-un-predio-para-la-conagua\/"]}]},{"@type":"ImageObject","inLanguage":"es","@id":"https:\/\/elhijodelllanero.mx\/index.php\/2024\/07\/26\/concreto-gobierno-salmantino-la-donacion-de-un-predio-para-la-conagua\/#primaryimage","url":"https:\/\/i0.wp.com\/elhijodelllanero.mx\/wp-content\/uploads\/2024\/07\/IMG-20240726-WA0017.jpg?fit=1284%2C819&ssl=1","contentUrl":"https:\/\/i0.wp.com\/elhijodelllanero.mx\/wp-content\/uploads\/2024\/07\/IMG-20240726-WA0017.jpg?fit=1284%2C819&ssl=1","width":1284,"height":819},{"@type":"BreadcrumbList","@id":"https:\/\/elhijodelllanero.mx\/index.php\/2024\/07\/26\/concreto-gobierno-salmantino-la-donacion-de-un-predio-para-la-conagua\/#breadcrumb","itemListElement":[{"@type":"ListItem","position":1,"name":"Portada","item":"https:\/\/elhijodelllanero.mx\/"},{"@type":"ListItem","position":2,"name":"Concret\u00f3 gobierno salmantino la donaci\u00f3n de un predio para la Conagua."}]},{"@type":"WebSite","@id":"https:\/\/elhijodelllanero.mx\/#website","url":"https:\/\/elhijodelllanero.mx\/","name":"El Hijo del llanero solititito","description":"","potentialAction":[{"@type":"SearchAction","target":{"@type":"EntryPoint","urlTemplate":"https:\/\/elhijodelllanero.mx\/?s={search_term_string}"},"query-input":{"@type":"PropertyValueSpecification","valueRequired":true,"valueName":"search_term_string"}}],"inLanguage":"es"},{"@type":"Person","@id":"https:\/\/elhijodelllanero.mx\/#\/schema\/person\/5dcfdd3db3a6f7e7906ef5d92cf7340b","name":"Redaccion","image":{"@type":"ImageObject","inLanguage":"es","@id":"https:\/\/secure.gravatar.com\/avatar\/f65b913d6e7be363e7396f7fad32ab76d311fbb575fa7e623ec3ea4799f3b718?s=96&d=mm&r=g","url":"https:\/\/secure.gravatar.com\/avatar\/f65b913d6e7be363e7396f7fad32ab76d311fbb575fa7e623ec3ea4799f3b718?s=96&d=mm&r=g","contentUrl":"https:\/\/secure.gravatar.com\/avatar\/f65b913d6e7be363e7396f7fad32ab76d311fbb575fa7e623ec3ea4799f3b718?s=96&d=mm&r=g","caption":"Redaccion"},"sameAs":["https:\/\/www.elhijodelllanero.mx"],"url":"https:\/\/elhijodelllanero.mx\/index.php\/author\/admin_6smc8z8t\/"}]}},"jetpack_featured_media_url":"https:\/\/i0.wp.com\/elhijodelllanero.mx\/wp-content\/uploads\/2024\/07\/IMG-20240726-WA0017.jpg?fit=1284%2C819&ssl=1","jetpack-related-posts":[],"jetpack_sharing_enabled":true,"_links":{"self":[{"href":"https:\/\/elhijodelllanero.mx\/index.php\/wp-json\/wp\/v2\/posts\/8412","targetHints":{"allow":["GET"]}}],"collection":[{"href":"https:\/\/elhijodelllanero.mx\/index.php\/wp-json\/wp\/v2\/posts"}],"about":[{"href":"https:\/\/elhijodelllanero.mx\/index.php\/wp-json\/wp\/v2\/types\/post"}],"author":[{"embeddable":true,"href":"https:\/\/elhijodelllanero.mx\/index.php\/wp-json\/wp\/v2\/users\/1"}],"replies":[{"embeddable":true,"href":"https:\/\/elhijodelllanero.mx\/index.php\/wp-json\/wp\/v2\/comments?post=8412"}],"version-history":[{"count":1,"href":"https:\/\/elhijodelllanero.mx\/index.php\/wp-json\/wp\/v2\/posts\/8412\/revisions"}],"predecessor-version":[{"id":8414,"href":"https:\/\/elhijodelllanero.mx\/index.php\/wp-json\/wp\/v2\/posts\/8412\/revisions\/8414"}],"wp:featuredmedia":[{"embeddable":true,"href":"https:\/\/elhijodelllanero.mx\/index.php\/wp-json\/wp\/v2\/media\/8413"}],"wp:attachment":[{"href":"https:\/\/elhijodelllanero.mx\/index.php\/wp-json\/wp\/v2\/media?parent=8412"}],"wp:term":[{"taxonomy":"category","embeddable":true,"href":"https:\/\/elhijodelllanero.mx\/index.php\/wp-json\/wp\/v2\/categories?post=8412"},{"taxonomy":"post_tag","embeddable":true,"href":"https:\/\/elhijodelllanero.mx\/index.php\/wp-json\/wp\/v2\/tags?post=8412"}],"curies":[{"name":"wp","href":"https:\/\/api.w.org\/{rel}","templated":true}]}}