{"id":8463,"date":"2024-07-29T22:04:12","date_gmt":"2024-07-29T22:04:12","guid":{"rendered":"https:\/\/elhijodelllanero.mx\/?p=8463"},"modified":"2024-07-29T22:04:12","modified_gmt":"2024-07-29T22:04:12","slug":"rastro-municipal-quedara-funcional-y-la-proxima-administracion-municipal-debera-concluirlo","status":"publish","type":"post","link":"https:\/\/elhijodelllanero.mx\/index.php\/2024\/07\/29\/rastro-municipal-quedara-funcional-y-la-proxima-administracion-municipal-debera-concluirlo\/","title":{"rendered":"Rastro municipal quedar\u00e1 funcional y la pr\u00f3xima administraci\u00f3n municipal deber\u00e1 concluirlo."},"content":{"rendered":"<p>&nbsp;<\/p>\n<p>Juventino Rosas, Gto., 29 julio 2024.- Aunque quedar\u00e1n pendientes para la tecnificaci\u00f3n del espacio, el rastro municipal de Juventino Rosas quedar\u00e1 funcional al t\u00e9rmino de la actual administraci\u00f3n.<br \/>\nEl alcalde, Fernando Gasca Almanza, indic\u00f3 que dejar\u00e1 resuelto el tema legal luego de inconsistencias en su rehabilitaci\u00f3n durante la administraci\u00f3n previa.<br \/>\nGasca Almanza explic\u00f3 que despu\u00e9s de la clausura, hace dos a\u00f1os, en su gobierno logr\u00f3 tener los aspectos indispensables para su funcionamiento y explic\u00f3 que a\u00fan falta integrar una planta de tratamiento de aguas residuales, el horno crematorio y la divisi\u00f3n para el tratado de diferentes animales.<br \/>\nAsegur\u00f3 que, actualmente, el centro de matanza es funcional y cumple con parte de las medidas requeridas por la Secretar\u00eda de Salud.<br \/>\nArgumento, que tambi\u00e9n hay un tema legal, el cual est\u00e1n buscando resolver, donde un litigio con una empresa constructora, tras fallas presentadas en el lugar desde la administraci\u00f3n anterior, impide que la empresa pueda tener obras y tambi\u00e9n realizar adecuaciones estructurales en el rastro.<br \/>\nCabe mencionar, que al inicio de la administraci\u00f3n, la secretar\u00eda de salud realiz\u00f3 una clausura parcial del rastro, debido a que no cumpl\u00eda con las normas m\u00ednimas de funcionamiento, sin embargo, se realizaron las adecuaciones que se permitieron, ya que a\u00fan no se pueden realizar obras mayores, pero se espera dejar todo result\u00f3 para la siguiente administraci\u00f3n.<\/p>\n","protected":false},"excerpt":{"rendered":"<p>&nbsp; Juventino Rosas, Gto., 29 julio 2024.- Aunque quedar\u00e1n pendientes para la tecnificaci\u00f3n del espacio, el rastro municipal de Juventino Rosas quedar\u00e1 funcional al t\u00e9rmino de la actual administraci\u00f3n. El alcalde, Fernando Gasca Almanza, indic\u00f3 que dejar\u00e1 resuelto el tema legal luego de inconsistencias en su rehabilitaci\u00f3n durante la administraci\u00f3n previa. Gasca Almanza explic\u00f3 que [&hellip;]<\/p>\n","protected":false},"author":1,"featured_media":8464,"comment_status":"open","ping_status":"closed","sticky":false,"template":"","format":"standard","meta":{"_jetpack_newsletter_access":"","_jetpack_dont_email_post_to_subs":false,"_jetpack_newsletter_tier_id":0,"_jetpack_memberships_contains_paywalled_content":false,"_jetpack_memberships_contains_paid_content":false,"footnotes":""},"categories":[81],"tags":[],"class_list":{"0":"post-8463","1":"post","2":"type-post","3":"status-publish","4":"format-standard","5":"has-post-thumbnail","7":"category-juventino-rosas"},"yoast_head":"<!-- This site is optimized with the Yoast SEO plugin v27.3 - https:\/\/yoast.com\/product\/yoast-seo-wordpress\/ -->\n<title>Rastro municipal quedar\u00e1 funcional y la pr\u00f3xima administraci\u00f3n municipal deber\u00e1 concluirlo. - El Hijo del llanero solititito<\/title>\n<meta name=\"robots\" content=\"index, follow, max-snippet:-1, max-image-preview:large, max-video-preview:-1\" \/>\n<link rel=\"canonical\" href=\"https:\/\/elhijodelllanero.mx\/index.php\/2024\/07\/29\/rastro-municipal-quedara-funcional-y-la-proxima-administracion-municipal-debera-concluirlo\/\" \/>\n<meta property=\"og:locale\" content=\"es_ES\" \/>\n<meta property=\"og:type\" content=\"article\" \/>\n<meta property=\"og:title\" content=\"Rastro municipal quedar\u00e1 funcional y la pr\u00f3xima administraci\u00f3n municipal deber\u00e1 concluirlo. - El Hijo del llanero solititito\" \/>\n<meta property=\"og:description\" content=\"&nbsp; Juventino Rosas, Gto., 29 julio 2024.- Aunque quedar\u00e1n pendientes para la tecnificaci\u00f3n del espacio, el rastro municipal de Juventino Rosas quedar\u00e1 funcional al t\u00e9rmino de la actual administraci\u00f3n. El alcalde, Fernando Gasca Almanza, indic\u00f3 que dejar\u00e1 resuelto el tema legal luego de inconsistencias en su rehabilitaci\u00f3n durante la administraci\u00f3n previa. Gasca Almanza explic\u00f3 que [&hellip;]\" \/>\n<meta property=\"og:url\" content=\"https:\/\/elhijodelllanero.mx\/index.php\/2024\/07\/29\/rastro-municipal-quedara-funcional-y-la-proxima-administracion-municipal-debera-concluirlo\/\" \/>\n<meta property=\"og:site_name\" content=\"El Hijo del llanero solititito\" \/>\n<meta property=\"article:published_time\" content=\"2024-07-29T22:04:12+00:00\" \/>\n<meta property=\"og:image\" content=\"https:\/\/elhijodelllanero.mx\/wp-content\/uploads\/2024\/07\/IMG-20240729-WA0034.jpg\" \/>\n\t<meta property=\"og:image:width\" content=\"641\" \/>\n\t<meta property=\"og:image:height\" content=\"462\" \/>\n\t<meta property=\"og:image:type\" content=\"image\/jpeg\" \/>\n<meta name=\"author\" content=\"Redaccion\" \/>\n<meta name=\"twitter:card\" content=\"summary_large_image\" \/>\n<meta name=\"twitter:label1\" content=\"Escrito por\" \/>\n\t<meta name=\"twitter:data1\" content=\"Redaccion\" \/>\n\t<meta name=\"twitter:label2\" content=\"Tiempo de lectura\" \/>\n\t<meta name=\"twitter:data2\" content=\"2 minutos\" \/>\n<script type=\"application\/ld+json\" class=\"yoast-schema-graph\">{\"@context\":\"https:\\\/\\\/schema.org\",\"@graph\":[{\"@type\":\"Article\",\"@id\":\"https:\\\/\\\/elhijodelllanero.mx\\\/index.php\\\/2024\\\/07\\\/29\\\/rastro-municipal-quedara-funcional-y-la-proxima-administracion-municipal-debera-concluirlo\\\/#article\",\"isPartOf\":{\"@id\":\"https:\\\/\\\/elhijodelllanero.mx\\\/index.php\\\/2024\\\/07\\\/29\\\/rastro-municipal-quedara-funcional-y-la-proxima-administracion-municipal-debera-concluirlo\\\/\"},\"author\":{\"name\":\"Redaccion\",\"@id\":\"https:\\\/\\\/elhijodelllanero.mx\\\/#\\\/schema\\\/person\\\/5dcfdd3db3a6f7e7906ef5d92cf7340b\"},\"headline\":\"Rastro municipal quedar\u00e1 funcional y la pr\u00f3xima administraci\u00f3n municipal deber\u00e1 concluirlo.\",\"datePublished\":\"2024-07-29T22:04:12+00:00\",\"mainEntityOfPage\":{\"@id\":\"https:\\\/\\\/elhijodelllanero.mx\\\/index.php\\\/2024\\\/07\\\/29\\\/rastro-municipal-quedara-funcional-y-la-proxima-administracion-municipal-debera-concluirlo\\\/\"},\"wordCount\":254,\"commentCount\":0,\"image\":{\"@id\":\"https:\\\/\\\/elhijodelllanero.mx\\\/index.php\\\/2024\\\/07\\\/29\\\/rastro-municipal-quedara-funcional-y-la-proxima-administracion-municipal-debera-concluirlo\\\/#primaryimage\"},\"thumbnailUrl\":\"https:\\\/\\\/i0.wp.com\\\/elhijodelllanero.mx\\\/wp-content\\\/uploads\\\/2024\\\/07\\\/IMG-20240729-WA0034.jpg?fit=641%2C462&ssl=1\",\"articleSection\":[\"JUVENTINO ROSAS\"],\"inLanguage\":\"es\",\"potentialAction\":[{\"@type\":\"CommentAction\",\"name\":\"Comment\",\"target\":[\"https:\\\/\\\/elhijodelllanero.mx\\\/index.php\\\/2024\\\/07\\\/29\\\/rastro-municipal-quedara-funcional-y-la-proxima-administracion-municipal-debera-concluirlo\\\/#respond\"]}]},{\"@type\":\"WebPage\",\"@id\":\"https:\\\/\\\/elhijodelllanero.mx\\\/index.php\\\/2024\\\/07\\\/29\\\/rastro-municipal-quedara-funcional-y-la-proxima-administracion-municipal-debera-concluirlo\\\/\",\"url\":\"https:\\\/\\\/elhijodelllanero.mx\\\/index.php\\\/2024\\\/07\\\/29\\\/rastro-municipal-quedara-funcional-y-la-proxima-administracion-municipal-debera-concluirlo\\\/\",\"name\":\"Rastro municipal quedar\u00e1 funcional y la pr\u00f3xima administraci\u00f3n municipal deber\u00e1 concluirlo. - El Hijo del llanero solititito\",\"isPartOf\":{\"@id\":\"https:\\\/\\\/elhijodelllanero.mx\\\/#website\"},\"primaryImageOfPage\":{\"@id\":\"https:\\\/\\\/elhijodelllanero.mx\\\/index.php\\\/2024\\\/07\\\/29\\\/rastro-municipal-quedara-funcional-y-la-proxima-administracion-municipal-debera-concluirlo\\\/#primaryimage\"},\"image\":{\"@id\":\"https:\\\/\\\/elhijodelllanero.mx\\\/index.php\\\/2024\\\/07\\\/29\\\/rastro-municipal-quedara-funcional-y-la-proxima-administracion-municipal-debera-concluirlo\\\/#primaryimage\"},\"thumbnailUrl\":\"https:\\\/\\\/i0.wp.com\\\/elhijodelllanero.mx\\\/wp-content\\\/uploads\\\/2024\\\/07\\\/IMG-20240729-WA0034.jpg?fit=641%2C462&ssl=1\",\"datePublished\":\"2024-07-29T22:04:12+00:00\",\"author\":{\"@id\":\"https:\\\/\\\/elhijodelllanero.mx\\\/#\\\/schema\\\/person\\\/5dcfdd3db3a6f7e7906ef5d92cf7340b\"},\"breadcrumb\":{\"@id\":\"https:\\\/\\\/elhijodelllanero.mx\\\/index.php\\\/2024\\\/07\\\/29\\\/rastro-municipal-quedara-funcional-y-la-proxima-administracion-municipal-debera-concluirlo\\\/#breadcrumb\"},\"inLanguage\":\"es\",\"potentialAction\":[{\"@type\":\"ReadAction\",\"target\":[\"https:\\\/\\\/elhijodelllanero.mx\\\/index.php\\\/2024\\\/07\\\/29\\\/rastro-municipal-quedara-funcional-y-la-proxima-administracion-municipal-debera-concluirlo\\\/\"]}]},{\"@type\":\"ImageObject\",\"inLanguage\":\"es\",\"@id\":\"https:\\\/\\\/elhijodelllanero.mx\\\/index.php\\\/2024\\\/07\\\/29\\\/rastro-municipal-quedara-funcional-y-la-proxima-administracion-municipal-debera-concluirlo\\\/#primaryimage\",\"url\":\"https:\\\/\\\/i0.wp.com\\\/elhijodelllanero.mx\\\/wp-content\\\/uploads\\\/2024\\\/07\\\/IMG-20240729-WA0034.jpg?fit=641%2C462&ssl=1\",\"contentUrl\":\"https:\\\/\\\/i0.wp.com\\\/elhijodelllanero.mx\\\/wp-content\\\/uploads\\\/2024\\\/07\\\/IMG-20240729-WA0034.jpg?fit=641%2C462&ssl=1\",\"width\":641,\"height\":462},{\"@type\":\"BreadcrumbList\",\"@id\":\"https:\\\/\\\/elhijodelllanero.mx\\\/index.php\\\/2024\\\/07\\\/29\\\/rastro-municipal-quedara-funcional-y-la-proxima-administracion-municipal-debera-concluirlo\\\/#breadcrumb\",\"itemListElement\":[{\"@type\":\"ListItem\",\"position\":1,\"name\":\"Portada\",\"item\":\"https:\\\/\\\/elhijodelllanero.mx\\\/\"},{\"@type\":\"ListItem\",\"position\":2,\"name\":\"Rastro municipal quedar\u00e1 funcional y la pr\u00f3xima administraci\u00f3n municipal deber\u00e1 concluirlo.\"}]},{\"@type\":\"WebSite\",\"@id\":\"https:\\\/\\\/elhijodelllanero.mx\\\/#website\",\"url\":\"https:\\\/\\\/elhijodelllanero.mx\\\/\",\"name\":\"El Hijo del llanero solititito\",\"description\":\"\",\"potentialAction\":[{\"@type\":\"SearchAction\",\"target\":{\"@type\":\"EntryPoint\",\"urlTemplate\":\"https:\\\/\\\/elhijodelllanero.mx\\\/?s={search_term_string}\"},\"query-input\":{\"@type\":\"PropertyValueSpecification\",\"valueRequired\":true,\"valueName\":\"search_term_string\"}}],\"inLanguage\":\"es\"},{\"@type\":\"Person\",\"@id\":\"https:\\\/\\\/elhijodelllanero.mx\\\/#\\\/schema\\\/person\\\/5dcfdd3db3a6f7e7906ef5d92cf7340b\",\"name\":\"Redaccion\",\"image\":{\"@type\":\"ImageObject\",\"inLanguage\":\"es\",\"@id\":\"https:\\\/\\\/secure.gravatar.com\\\/avatar\\\/f65b913d6e7be363e7396f7fad32ab76d311fbb575fa7e623ec3ea4799f3b718?s=96&d=mm&r=g\",\"url\":\"https:\\\/\\\/secure.gravatar.com\\\/avatar\\\/f65b913d6e7be363e7396f7fad32ab76d311fbb575fa7e623ec3ea4799f3b718?s=96&d=mm&r=g\",\"contentUrl\":\"https:\\\/\\\/secure.gravatar.com\\\/avatar\\\/f65b913d6e7be363e7396f7fad32ab76d311fbb575fa7e623ec3ea4799f3b718?s=96&d=mm&r=g\",\"caption\":\"Redaccion\"},\"sameAs\":[\"https:\\\/\\\/www.elhijodelllanero.mx\"],\"url\":\"https:\\\/\\\/elhijodelllanero.mx\\\/index.php\\\/author\\\/admin_6smc8z8t\\\/\"}]}<\/script>\n<!-- \/ Yoast SEO plugin. -->","yoast_head_json":{"title":"Rastro municipal quedar\u00e1 funcional y la pr\u00f3xima administraci\u00f3n municipal deber\u00e1 concluirlo. - El Hijo del llanero solititito","robots":{"index":"index","follow":"follow","max-snippet":"max-snippet:-1","max-image-preview":"max-image-preview:large","max-video-preview":"max-video-preview:-1"},"canonical":"https:\/\/elhijodelllanero.mx\/index.php\/2024\/07\/29\/rastro-municipal-quedara-funcional-y-la-proxima-administracion-municipal-debera-concluirlo\/","og_locale":"es_ES","og_type":"article","og_title":"Rastro municipal quedar\u00e1 funcional y la pr\u00f3xima administraci\u00f3n municipal deber\u00e1 concluirlo. - El Hijo del llanero solititito","og_description":"&nbsp; Juventino Rosas, Gto., 29 julio 2024.- Aunque quedar\u00e1n pendientes para la tecnificaci\u00f3n del espacio, el rastro municipal de Juventino Rosas quedar\u00e1 funcional al t\u00e9rmino de la actual administraci\u00f3n. El alcalde, Fernando Gasca Almanza, indic\u00f3 que dejar\u00e1 resuelto el tema legal luego de inconsistencias en su rehabilitaci\u00f3n durante la administraci\u00f3n previa. Gasca Almanza explic\u00f3 que [&hellip;]","og_url":"https:\/\/elhijodelllanero.mx\/index.php\/2024\/07\/29\/rastro-municipal-quedara-funcional-y-la-proxima-administracion-municipal-debera-concluirlo\/","og_site_name":"El Hijo del llanero solititito","article_published_time":"2024-07-29T22:04:12+00:00","og_image":[{"width":641,"height":462,"url":"https:\/\/elhijodelllanero.mx\/wp-content\/uploads\/2024\/07\/IMG-20240729-WA0034.jpg","type":"image\/jpeg"}],"author":"Redaccion","twitter_card":"summary_large_image","twitter_misc":{"Escrito por":"Redaccion","Tiempo de lectura":"2 minutos"},"schema":{"@context":"https:\/\/schema.org","@graph":[{"@type":"Article","@id":"https:\/\/elhijodelllanero.mx\/index.php\/2024\/07\/29\/rastro-municipal-quedara-funcional-y-la-proxima-administracion-municipal-debera-concluirlo\/#article","isPartOf":{"@id":"https:\/\/elhijodelllanero.mx\/index.php\/2024\/07\/29\/rastro-municipal-quedara-funcional-y-la-proxima-administracion-municipal-debera-concluirlo\/"},"author":{"name":"Redaccion","@id":"https:\/\/elhijodelllanero.mx\/#\/schema\/person\/5dcfdd3db3a6f7e7906ef5d92cf7340b"},"headline":"Rastro municipal quedar\u00e1 funcional y la pr\u00f3xima administraci\u00f3n municipal deber\u00e1 concluirlo.","datePublished":"2024-07-29T22:04:12+00:00","mainEntityOfPage":{"@id":"https:\/\/elhijodelllanero.mx\/index.php\/2024\/07\/29\/rastro-municipal-quedara-funcional-y-la-proxima-administracion-municipal-debera-concluirlo\/"},"wordCount":254,"commentCount":0,"image":{"@id":"https:\/\/elhijodelllanero.mx\/index.php\/2024\/07\/29\/rastro-municipal-quedara-funcional-y-la-proxima-administracion-municipal-debera-concluirlo\/#primaryimage"},"thumbnailUrl":"https:\/\/i0.wp.com\/elhijodelllanero.mx\/wp-content\/uploads\/2024\/07\/IMG-20240729-WA0034.jpg?fit=641%2C462&ssl=1","articleSection":["JUVENTINO ROSAS"],"inLanguage":"es","potentialAction":[{"@type":"CommentAction","name":"Comment","target":["https:\/\/elhijodelllanero.mx\/index.php\/2024\/07\/29\/rastro-municipal-quedara-funcional-y-la-proxima-administracion-municipal-debera-concluirlo\/#respond"]}]},{"@type":"WebPage","@id":"https:\/\/elhijodelllanero.mx\/index.php\/2024\/07\/29\/rastro-municipal-quedara-funcional-y-la-proxima-administracion-municipal-debera-concluirlo\/","url":"https:\/\/elhijodelllanero.mx\/index.php\/2024\/07\/29\/rastro-municipal-quedara-funcional-y-la-proxima-administracion-municipal-debera-concluirlo\/","name":"Rastro municipal quedar\u00e1 funcional y la pr\u00f3xima administraci\u00f3n municipal deber\u00e1 concluirlo. - El Hijo del llanero solititito","isPartOf":{"@id":"https:\/\/elhijodelllanero.mx\/#website"},"primaryImageOfPage":{"@id":"https:\/\/elhijodelllanero.mx\/index.php\/2024\/07\/29\/rastro-municipal-quedara-funcional-y-la-proxima-administracion-municipal-debera-concluirlo\/#primaryimage"},"image":{"@id":"https:\/\/elhijodelllanero.mx\/index.php\/2024\/07\/29\/rastro-municipal-quedara-funcional-y-la-proxima-administracion-municipal-debera-concluirlo\/#primaryimage"},"thumbnailUrl":"https:\/\/i0.wp.com\/elhijodelllanero.mx\/wp-content\/uploads\/2024\/07\/IMG-20240729-WA0034.jpg?fit=641%2C462&ssl=1","datePublished":"2024-07-29T22:04:12+00:00","author":{"@id":"https:\/\/elhijodelllanero.mx\/#\/schema\/person\/5dcfdd3db3a6f7e7906ef5d92cf7340b"},"breadcrumb":{"@id":"https:\/\/elhijodelllanero.mx\/index.php\/2024\/07\/29\/rastro-municipal-quedara-funcional-y-la-proxima-administracion-municipal-debera-concluirlo\/#breadcrumb"},"inLanguage":"es","potentialAction":[{"@type":"ReadAction","target":["https:\/\/elhijodelllanero.mx\/index.php\/2024\/07\/29\/rastro-municipal-quedara-funcional-y-la-proxima-administracion-municipal-debera-concluirlo\/"]}]},{"@type":"ImageObject","inLanguage":"es","@id":"https:\/\/elhijodelllanero.mx\/index.php\/2024\/07\/29\/rastro-municipal-quedara-funcional-y-la-proxima-administracion-municipal-debera-concluirlo\/#primaryimage","url":"https:\/\/i0.wp.com\/elhijodelllanero.mx\/wp-content\/uploads\/2024\/07\/IMG-20240729-WA0034.jpg?fit=641%2C462&ssl=1","contentUrl":"https:\/\/i0.wp.com\/elhijodelllanero.mx\/wp-content\/uploads\/2024\/07\/IMG-20240729-WA0034.jpg?fit=641%2C462&ssl=1","width":641,"height":462},{"@type":"BreadcrumbList","@id":"https:\/\/elhijodelllanero.mx\/index.php\/2024\/07\/29\/rastro-municipal-quedara-funcional-y-la-proxima-administracion-municipal-debera-concluirlo\/#breadcrumb","itemListElement":[{"@type":"ListItem","position":1,"name":"Portada","item":"https:\/\/elhijodelllanero.mx\/"},{"@type":"ListItem","position":2,"name":"Rastro municipal quedar\u00e1 funcional y la pr\u00f3xima administraci\u00f3n municipal deber\u00e1 concluirlo."}]},{"@type":"WebSite","@id":"https:\/\/elhijodelllanero.mx\/#website","url":"https:\/\/elhijodelllanero.mx\/","name":"El Hijo del llanero solititito","description":"","potentialAction":[{"@type":"SearchAction","target":{"@type":"EntryPoint","urlTemplate":"https:\/\/elhijodelllanero.mx\/?s={search_term_string}"},"query-input":{"@type":"PropertyValueSpecification","valueRequired":true,"valueName":"search_term_string"}}],"inLanguage":"es"},{"@type":"Person","@id":"https:\/\/elhijodelllanero.mx\/#\/schema\/person\/5dcfdd3db3a6f7e7906ef5d92cf7340b","name":"Redaccion","image":{"@type":"ImageObject","inLanguage":"es","@id":"https:\/\/secure.gravatar.com\/avatar\/f65b913d6e7be363e7396f7fad32ab76d311fbb575fa7e623ec3ea4799f3b718?s=96&d=mm&r=g","url":"https:\/\/secure.gravatar.com\/avatar\/f65b913d6e7be363e7396f7fad32ab76d311fbb575fa7e623ec3ea4799f3b718?s=96&d=mm&r=g","contentUrl":"https:\/\/secure.gravatar.com\/avatar\/f65b913d6e7be363e7396f7fad32ab76d311fbb575fa7e623ec3ea4799f3b718?s=96&d=mm&r=g","caption":"Redaccion"},"sameAs":["https:\/\/www.elhijodelllanero.mx"],"url":"https:\/\/elhijodelllanero.mx\/index.php\/author\/admin_6smc8z8t\/"}]}},"jetpack_featured_media_url":"https:\/\/i0.wp.com\/elhijodelllanero.mx\/wp-content\/uploads\/2024\/07\/IMG-20240729-WA0034.jpg?fit=641%2C462&ssl=1","jetpack-related-posts":[],"jetpack_sharing_enabled":true,"_links":{"self":[{"href":"https:\/\/elhijodelllanero.mx\/index.php\/wp-json\/wp\/v2\/posts\/8463","targetHints":{"allow":["GET"]}}],"collection":[{"href":"https:\/\/elhijodelllanero.mx\/index.php\/wp-json\/wp\/v2\/posts"}],"about":[{"href":"https:\/\/elhijodelllanero.mx\/index.php\/wp-json\/wp\/v2\/types\/post"}],"author":[{"embeddable":true,"href":"https:\/\/elhijodelllanero.mx\/index.php\/wp-json\/wp\/v2\/users\/1"}],"replies":[{"embeddable":true,"href":"https:\/\/elhijodelllanero.mx\/index.php\/wp-json\/wp\/v2\/comments?post=8463"}],"version-history":[{"count":1,"href":"https:\/\/elhijodelllanero.mx\/index.php\/wp-json\/wp\/v2\/posts\/8463\/revisions"}],"predecessor-version":[{"id":8465,"href":"https:\/\/elhijodelllanero.mx\/index.php\/wp-json\/wp\/v2\/posts\/8463\/revisions\/8465"}],"wp:featuredmedia":[{"embeddable":true,"href":"https:\/\/elhijodelllanero.mx\/index.php\/wp-json\/wp\/v2\/media\/8464"}],"wp:attachment":[{"href":"https:\/\/elhijodelllanero.mx\/index.php\/wp-json\/wp\/v2\/media?parent=8463"}],"wp:term":[{"taxonomy":"category","embeddable":true,"href":"https:\/\/elhijodelllanero.mx\/index.php\/wp-json\/wp\/v2\/categories?post=8463"},{"taxonomy":"post_tag","embeddable":true,"href":"https:\/\/elhijodelllanero.mx\/index.php\/wp-json\/wp\/v2\/tags?post=8463"}],"curies":[{"name":"wp","href":"https:\/\/api.w.org\/{rel}","templated":true}]}}