{"id":8480,"date":"2024-07-29T23:34:25","date_gmt":"2024-07-29T23:34:25","guid":{"rendered":"https:\/\/elhijodelllanero.mx\/?p=8480"},"modified":"2024-07-29T23:34:25","modified_gmt":"2024-07-29T23:34:25","slug":"vinculan-a-jose-n-alias-el-toro-por-disparo-que-dejo-herido-a-un-hombre-en-penjamo","status":"publish","type":"post","link":"https:\/\/elhijodelllanero.mx\/index.php\/2024\/07\/29\/vinculan-a-jose-n-alias-el-toro-por-disparo-que-dejo-herido-a-un-hombre-en-penjamo\/","title":{"rendered":"Vinculan a Jos\u00e9 \u2018N\u2019, alias \u2018El Toro\u2019, por Disparo que Dej\u00f3 Herido a un Hombre en P\u00e9njamo"},"content":{"rendered":"<p><strong>P\u00e9njamo, Gto. 29 de julio de 2024.-<\/strong> JOS\u00c9 \u201cN\u201d alias \u201cEl Toro\u201d fue vinculado a proceso penal por intentar asesinar a un hombre, quien sobrevivi\u00f3 a una herida de proyectil de arma de fuego en el est\u00f3mago, en hechos ocurridos en el municipio de P\u00e9njamo.<\/p>\n<p>Sustentado en las pruebas y testimonios obtenidos durante la investigaci\u00f3n, el Ministerio P\u00fablico obtuvo una orden de aprehensi\u00f3n con la que Agentes de Investigaci\u00f3n Criminal capturaron a \u201cEl Toro\u201d, quien el 26 de junio del 2024, entre las 20:30 y 21:00 horas, a bordo de un veh\u00edculo sac\u00f3 un arma de fuego y dispar\u00f3 contra el ofendido, quien viajaba en una motocicleta por la calle Allende de la Comunidad Estaci\u00f3n P\u00e9njamo.<\/p>\n<p>JOS\u00c9 \u201cN\u201d accion\u00f3 el arma al tener cerca a la v\u00edctima pero no logr\u00f3 impactar la bala, por lo que dispar\u00f3 nuevamente y lo lesion\u00f3 en el est\u00f3mago, causa de su traslado a recibir atenci\u00f3n m\u00e9dica a un hospital.<\/p>\n<p>En la calificaci\u00f3n jur\u00eddica que realiz\u00f3 el Ministerio P\u00fablico, los hechos imputados al acusado est\u00e1n considerados como homicidio en grado de tentativa.<\/p>\n","protected":false},"excerpt":{"rendered":"<p>P\u00e9njamo, Gto. 29 de julio de 2024.- JOS\u00c9 \u201cN\u201d alias \u201cEl Toro\u201d fue vinculado a proceso penal por intentar asesinar a un hombre, quien sobrevivi\u00f3 a una herida de proyectil de arma de fuego en el est\u00f3mago, en hechos ocurridos en el municipio de P\u00e9njamo. Sustentado en las pruebas y testimonios obtenidos durante la investigaci\u00f3n, [&hellip;]<\/p>\n","protected":false},"author":1,"featured_media":8481,"comment_status":"open","ping_status":"closed","sticky":false,"template":"","format":"standard","meta":{"_jetpack_newsletter_access":"","_jetpack_dont_email_post_to_subs":false,"_jetpack_newsletter_tier_id":0,"_jetpack_memberships_contains_paywalled_content":false,"_jetpack_memberships_contains_paid_content":false,"footnotes":""},"categories":[1],"tags":[],"class_list":{"0":"post-8480","1":"post","2":"type-post","3":"status-publish","4":"format-standard","5":"has-post-thumbnail","7":"category-uncategorized"},"yoast_head":"<!-- This site is optimized with the Yoast SEO plugin v27.3 - https:\/\/yoast.com\/product\/yoast-seo-wordpress\/ -->\n<title>Vinculan a Jos\u00e9 \u2018N\u2019, alias \u2018El Toro\u2019, por Disparo que Dej\u00f3 Herido a un Hombre en P\u00e9njamo - El Hijo del llanero solititito<\/title>\n<meta name=\"robots\" content=\"index, follow, max-snippet:-1, max-image-preview:large, max-video-preview:-1\" \/>\n<link rel=\"canonical\" href=\"https:\/\/elhijodelllanero.mx\/index.php\/2024\/07\/29\/vinculan-a-jose-n-alias-el-toro-por-disparo-que-dejo-herido-a-un-hombre-en-penjamo\/\" \/>\n<meta property=\"og:locale\" content=\"es_ES\" \/>\n<meta property=\"og:type\" content=\"article\" \/>\n<meta property=\"og:title\" content=\"Vinculan a Jos\u00e9 \u2018N\u2019, alias \u2018El Toro\u2019, por Disparo que Dej\u00f3 Herido a un Hombre en P\u00e9njamo - El Hijo del llanero solititito\" \/>\n<meta property=\"og:description\" content=\"P\u00e9njamo, Gto. 29 de julio de 2024.- JOS\u00c9 \u201cN\u201d alias \u201cEl Toro\u201d fue vinculado a proceso penal por intentar asesinar a un hombre, quien sobrevivi\u00f3 a una herida de proyectil de arma de fuego en el est\u00f3mago, en hechos ocurridos en el municipio de P\u00e9njamo. Sustentado en las pruebas y testimonios obtenidos durante la investigaci\u00f3n, [&hellip;]\" \/>\n<meta property=\"og:url\" content=\"https:\/\/elhijodelllanero.mx\/index.php\/2024\/07\/29\/vinculan-a-jose-n-alias-el-toro-por-disparo-que-dejo-herido-a-un-hombre-en-penjamo\/\" \/>\n<meta property=\"og:site_name\" content=\"El Hijo del llanero solititito\" \/>\n<meta property=\"article:published_time\" content=\"2024-07-29T23:34:25+00:00\" \/>\n<meta property=\"og:image\" content=\"https:\/\/elhijodelllanero.mx\/wp-content\/uploads\/2024\/07\/Imagen-de-WhatsApp-2024-07-29-a-las-15.53.46_8db1d7d3.jpg\" \/>\n\t<meta property=\"og:image:width\" content=\"1080\" \/>\n\t<meta property=\"og:image:height\" content=\"1350\" \/>\n\t<meta property=\"og:image:type\" content=\"image\/jpeg\" \/>\n<meta name=\"author\" content=\"Redaccion\" \/>\n<meta name=\"twitter:card\" content=\"summary_large_image\" \/>\n<meta name=\"twitter:label1\" content=\"Escrito por\" \/>\n\t<meta name=\"twitter:data1\" content=\"Redaccion\" \/>\n\t<meta name=\"twitter:label2\" content=\"Tiempo de lectura\" \/>\n\t<meta name=\"twitter:data2\" content=\"2 minutos\" \/>\n<script type=\"application\/ld+json\" class=\"yoast-schema-graph\">{\"@context\":\"https:\\\/\\\/schema.org\",\"@graph\":[{\"@type\":\"Article\",\"@id\":\"https:\\\/\\\/elhijodelllanero.mx\\\/index.php\\\/2024\\\/07\\\/29\\\/vinculan-a-jose-n-alias-el-toro-por-disparo-que-dejo-herido-a-un-hombre-en-penjamo\\\/#article\",\"isPartOf\":{\"@id\":\"https:\\\/\\\/elhijodelllanero.mx\\\/index.php\\\/2024\\\/07\\\/29\\\/vinculan-a-jose-n-alias-el-toro-por-disparo-que-dejo-herido-a-un-hombre-en-penjamo\\\/\"},\"author\":{\"name\":\"Redaccion\",\"@id\":\"https:\\\/\\\/elhijodelllanero.mx\\\/#\\\/schema\\\/person\\\/5dcfdd3db3a6f7e7906ef5d92cf7340b\"},\"headline\":\"Vinculan a Jos\u00e9 \u2018N\u2019, alias \u2018El Toro\u2019, por Disparo que Dej\u00f3 Herido a un Hombre en P\u00e9njamo\",\"datePublished\":\"2024-07-29T23:34:25+00:00\",\"mainEntityOfPage\":{\"@id\":\"https:\\\/\\\/elhijodelllanero.mx\\\/index.php\\\/2024\\\/07\\\/29\\\/vinculan-a-jose-n-alias-el-toro-por-disparo-que-dejo-herido-a-un-hombre-en-penjamo\\\/\"},\"wordCount\":208,\"commentCount\":0,\"image\":{\"@id\":\"https:\\\/\\\/elhijodelllanero.mx\\\/index.php\\\/2024\\\/07\\\/29\\\/vinculan-a-jose-n-alias-el-toro-por-disparo-que-dejo-herido-a-un-hombre-en-penjamo\\\/#primaryimage\"},\"thumbnailUrl\":\"https:\\\/\\\/i0.wp.com\\\/elhijodelllanero.mx\\\/wp-content\\\/uploads\\\/2024\\\/07\\\/Imagen-de-WhatsApp-2024-07-29-a-las-15.53.46_8db1d7d3.jpg?fit=1080%2C1350&ssl=1\",\"articleSection\":[\"Uncategorized\"],\"inLanguage\":\"es\",\"potentialAction\":[{\"@type\":\"CommentAction\",\"name\":\"Comment\",\"target\":[\"https:\\\/\\\/elhijodelllanero.mx\\\/index.php\\\/2024\\\/07\\\/29\\\/vinculan-a-jose-n-alias-el-toro-por-disparo-que-dejo-herido-a-un-hombre-en-penjamo\\\/#respond\"]}]},{\"@type\":\"WebPage\",\"@id\":\"https:\\\/\\\/elhijodelllanero.mx\\\/index.php\\\/2024\\\/07\\\/29\\\/vinculan-a-jose-n-alias-el-toro-por-disparo-que-dejo-herido-a-un-hombre-en-penjamo\\\/\",\"url\":\"https:\\\/\\\/elhijodelllanero.mx\\\/index.php\\\/2024\\\/07\\\/29\\\/vinculan-a-jose-n-alias-el-toro-por-disparo-que-dejo-herido-a-un-hombre-en-penjamo\\\/\",\"name\":\"Vinculan a Jos\u00e9 \u2018N\u2019, alias \u2018El Toro\u2019, por Disparo que Dej\u00f3 Herido a un Hombre en P\u00e9njamo - El Hijo del llanero solititito\",\"isPartOf\":{\"@id\":\"https:\\\/\\\/elhijodelllanero.mx\\\/#website\"},\"primaryImageOfPage\":{\"@id\":\"https:\\\/\\\/elhijodelllanero.mx\\\/index.php\\\/2024\\\/07\\\/29\\\/vinculan-a-jose-n-alias-el-toro-por-disparo-que-dejo-herido-a-un-hombre-en-penjamo\\\/#primaryimage\"},\"image\":{\"@id\":\"https:\\\/\\\/elhijodelllanero.mx\\\/index.php\\\/2024\\\/07\\\/29\\\/vinculan-a-jose-n-alias-el-toro-por-disparo-que-dejo-herido-a-un-hombre-en-penjamo\\\/#primaryimage\"},\"thumbnailUrl\":\"https:\\\/\\\/i0.wp.com\\\/elhijodelllanero.mx\\\/wp-content\\\/uploads\\\/2024\\\/07\\\/Imagen-de-WhatsApp-2024-07-29-a-las-15.53.46_8db1d7d3.jpg?fit=1080%2C1350&ssl=1\",\"datePublished\":\"2024-07-29T23:34:25+00:00\",\"author\":{\"@id\":\"https:\\\/\\\/elhijodelllanero.mx\\\/#\\\/schema\\\/person\\\/5dcfdd3db3a6f7e7906ef5d92cf7340b\"},\"breadcrumb\":{\"@id\":\"https:\\\/\\\/elhijodelllanero.mx\\\/index.php\\\/2024\\\/07\\\/29\\\/vinculan-a-jose-n-alias-el-toro-por-disparo-que-dejo-herido-a-un-hombre-en-penjamo\\\/#breadcrumb\"},\"inLanguage\":\"es\",\"potentialAction\":[{\"@type\":\"ReadAction\",\"target\":[\"https:\\\/\\\/elhijodelllanero.mx\\\/index.php\\\/2024\\\/07\\\/29\\\/vinculan-a-jose-n-alias-el-toro-por-disparo-que-dejo-herido-a-un-hombre-en-penjamo\\\/\"]}]},{\"@type\":\"ImageObject\",\"inLanguage\":\"es\",\"@id\":\"https:\\\/\\\/elhijodelllanero.mx\\\/index.php\\\/2024\\\/07\\\/29\\\/vinculan-a-jose-n-alias-el-toro-por-disparo-que-dejo-herido-a-un-hombre-en-penjamo\\\/#primaryimage\",\"url\":\"https:\\\/\\\/i0.wp.com\\\/elhijodelllanero.mx\\\/wp-content\\\/uploads\\\/2024\\\/07\\\/Imagen-de-WhatsApp-2024-07-29-a-las-15.53.46_8db1d7d3.jpg?fit=1080%2C1350&ssl=1\",\"contentUrl\":\"https:\\\/\\\/i0.wp.com\\\/elhijodelllanero.mx\\\/wp-content\\\/uploads\\\/2024\\\/07\\\/Imagen-de-WhatsApp-2024-07-29-a-las-15.53.46_8db1d7d3.jpg?fit=1080%2C1350&ssl=1\",\"width\":1080,\"height\":1350},{\"@type\":\"BreadcrumbList\",\"@id\":\"https:\\\/\\\/elhijodelllanero.mx\\\/index.php\\\/2024\\\/07\\\/29\\\/vinculan-a-jose-n-alias-el-toro-por-disparo-que-dejo-herido-a-un-hombre-en-penjamo\\\/#breadcrumb\",\"itemListElement\":[{\"@type\":\"ListItem\",\"position\":1,\"name\":\"Portada\",\"item\":\"https:\\\/\\\/elhijodelllanero.mx\\\/\"},{\"@type\":\"ListItem\",\"position\":2,\"name\":\"Vinculan a Jos\u00e9 \u2018N\u2019, alias \u2018El Toro\u2019, por Disparo que Dej\u00f3 Herido a un Hombre en P\u00e9njamo\"}]},{\"@type\":\"WebSite\",\"@id\":\"https:\\\/\\\/elhijodelllanero.mx\\\/#website\",\"url\":\"https:\\\/\\\/elhijodelllanero.mx\\\/\",\"name\":\"El Hijo del llanero solititito\",\"description\":\"\",\"potentialAction\":[{\"@type\":\"SearchAction\",\"target\":{\"@type\":\"EntryPoint\",\"urlTemplate\":\"https:\\\/\\\/elhijodelllanero.mx\\\/?s={search_term_string}\"},\"query-input\":{\"@type\":\"PropertyValueSpecification\",\"valueRequired\":true,\"valueName\":\"search_term_string\"}}],\"inLanguage\":\"es\"},{\"@type\":\"Person\",\"@id\":\"https:\\\/\\\/elhijodelllanero.mx\\\/#\\\/schema\\\/person\\\/5dcfdd3db3a6f7e7906ef5d92cf7340b\",\"name\":\"Redaccion\",\"image\":{\"@type\":\"ImageObject\",\"inLanguage\":\"es\",\"@id\":\"https:\\\/\\\/secure.gravatar.com\\\/avatar\\\/f65b913d6e7be363e7396f7fad32ab76d311fbb575fa7e623ec3ea4799f3b718?s=96&d=mm&r=g\",\"url\":\"https:\\\/\\\/secure.gravatar.com\\\/avatar\\\/f65b913d6e7be363e7396f7fad32ab76d311fbb575fa7e623ec3ea4799f3b718?s=96&d=mm&r=g\",\"contentUrl\":\"https:\\\/\\\/secure.gravatar.com\\\/avatar\\\/f65b913d6e7be363e7396f7fad32ab76d311fbb575fa7e623ec3ea4799f3b718?s=96&d=mm&r=g\",\"caption\":\"Redaccion\"},\"sameAs\":[\"https:\\\/\\\/www.elhijodelllanero.mx\"],\"url\":\"https:\\\/\\\/elhijodelllanero.mx\\\/index.php\\\/author\\\/admin_6smc8z8t\\\/\"}]}<\/script>\n<!-- \/ Yoast SEO plugin. -->","yoast_head_json":{"title":"Vinculan a Jos\u00e9 \u2018N\u2019, alias \u2018El Toro\u2019, por Disparo que Dej\u00f3 Herido a un Hombre en P\u00e9njamo - El Hijo del llanero solititito","robots":{"index":"index","follow":"follow","max-snippet":"max-snippet:-1","max-image-preview":"max-image-preview:large","max-video-preview":"max-video-preview:-1"},"canonical":"https:\/\/elhijodelllanero.mx\/index.php\/2024\/07\/29\/vinculan-a-jose-n-alias-el-toro-por-disparo-que-dejo-herido-a-un-hombre-en-penjamo\/","og_locale":"es_ES","og_type":"article","og_title":"Vinculan a Jos\u00e9 \u2018N\u2019, alias \u2018El Toro\u2019, por Disparo que Dej\u00f3 Herido a un Hombre en P\u00e9njamo - El Hijo del llanero solititito","og_description":"P\u00e9njamo, Gto. 29 de julio de 2024.- JOS\u00c9 \u201cN\u201d alias \u201cEl Toro\u201d fue vinculado a proceso penal por intentar asesinar a un hombre, quien sobrevivi\u00f3 a una herida de proyectil de arma de fuego en el est\u00f3mago, en hechos ocurridos en el municipio de P\u00e9njamo. Sustentado en las pruebas y testimonios obtenidos durante la investigaci\u00f3n, [&hellip;]","og_url":"https:\/\/elhijodelllanero.mx\/index.php\/2024\/07\/29\/vinculan-a-jose-n-alias-el-toro-por-disparo-que-dejo-herido-a-un-hombre-en-penjamo\/","og_site_name":"El Hijo del llanero solititito","article_published_time":"2024-07-29T23:34:25+00:00","og_image":[{"width":1080,"height":1350,"url":"https:\/\/elhijodelllanero.mx\/wp-content\/uploads\/2024\/07\/Imagen-de-WhatsApp-2024-07-29-a-las-15.53.46_8db1d7d3.jpg","type":"image\/jpeg"}],"author":"Redaccion","twitter_card":"summary_large_image","twitter_misc":{"Escrito por":"Redaccion","Tiempo de lectura":"2 minutos"},"schema":{"@context":"https:\/\/schema.org","@graph":[{"@type":"Article","@id":"https:\/\/elhijodelllanero.mx\/index.php\/2024\/07\/29\/vinculan-a-jose-n-alias-el-toro-por-disparo-que-dejo-herido-a-un-hombre-en-penjamo\/#article","isPartOf":{"@id":"https:\/\/elhijodelllanero.mx\/index.php\/2024\/07\/29\/vinculan-a-jose-n-alias-el-toro-por-disparo-que-dejo-herido-a-un-hombre-en-penjamo\/"},"author":{"name":"Redaccion","@id":"https:\/\/elhijodelllanero.mx\/#\/schema\/person\/5dcfdd3db3a6f7e7906ef5d92cf7340b"},"headline":"Vinculan a Jos\u00e9 \u2018N\u2019, alias \u2018El Toro\u2019, por Disparo que Dej\u00f3 Herido a un Hombre en P\u00e9njamo","datePublished":"2024-07-29T23:34:25+00:00","mainEntityOfPage":{"@id":"https:\/\/elhijodelllanero.mx\/index.php\/2024\/07\/29\/vinculan-a-jose-n-alias-el-toro-por-disparo-que-dejo-herido-a-un-hombre-en-penjamo\/"},"wordCount":208,"commentCount":0,"image":{"@id":"https:\/\/elhijodelllanero.mx\/index.php\/2024\/07\/29\/vinculan-a-jose-n-alias-el-toro-por-disparo-que-dejo-herido-a-un-hombre-en-penjamo\/#primaryimage"},"thumbnailUrl":"https:\/\/i0.wp.com\/elhijodelllanero.mx\/wp-content\/uploads\/2024\/07\/Imagen-de-WhatsApp-2024-07-29-a-las-15.53.46_8db1d7d3.jpg?fit=1080%2C1350&ssl=1","articleSection":["Uncategorized"],"inLanguage":"es","potentialAction":[{"@type":"CommentAction","name":"Comment","target":["https:\/\/elhijodelllanero.mx\/index.php\/2024\/07\/29\/vinculan-a-jose-n-alias-el-toro-por-disparo-que-dejo-herido-a-un-hombre-en-penjamo\/#respond"]}]},{"@type":"WebPage","@id":"https:\/\/elhijodelllanero.mx\/index.php\/2024\/07\/29\/vinculan-a-jose-n-alias-el-toro-por-disparo-que-dejo-herido-a-un-hombre-en-penjamo\/","url":"https:\/\/elhijodelllanero.mx\/index.php\/2024\/07\/29\/vinculan-a-jose-n-alias-el-toro-por-disparo-que-dejo-herido-a-un-hombre-en-penjamo\/","name":"Vinculan a Jos\u00e9 \u2018N\u2019, alias \u2018El Toro\u2019, por Disparo que Dej\u00f3 Herido a un Hombre en P\u00e9njamo - El Hijo del llanero solititito","isPartOf":{"@id":"https:\/\/elhijodelllanero.mx\/#website"},"primaryImageOfPage":{"@id":"https:\/\/elhijodelllanero.mx\/index.php\/2024\/07\/29\/vinculan-a-jose-n-alias-el-toro-por-disparo-que-dejo-herido-a-un-hombre-en-penjamo\/#primaryimage"},"image":{"@id":"https:\/\/elhijodelllanero.mx\/index.php\/2024\/07\/29\/vinculan-a-jose-n-alias-el-toro-por-disparo-que-dejo-herido-a-un-hombre-en-penjamo\/#primaryimage"},"thumbnailUrl":"https:\/\/i0.wp.com\/elhijodelllanero.mx\/wp-content\/uploads\/2024\/07\/Imagen-de-WhatsApp-2024-07-29-a-las-15.53.46_8db1d7d3.jpg?fit=1080%2C1350&ssl=1","datePublished":"2024-07-29T23:34:25+00:00","author":{"@id":"https:\/\/elhijodelllanero.mx\/#\/schema\/person\/5dcfdd3db3a6f7e7906ef5d92cf7340b"},"breadcrumb":{"@id":"https:\/\/elhijodelllanero.mx\/index.php\/2024\/07\/29\/vinculan-a-jose-n-alias-el-toro-por-disparo-que-dejo-herido-a-un-hombre-en-penjamo\/#breadcrumb"},"inLanguage":"es","potentialAction":[{"@type":"ReadAction","target":["https:\/\/elhijodelllanero.mx\/index.php\/2024\/07\/29\/vinculan-a-jose-n-alias-el-toro-por-disparo-que-dejo-herido-a-un-hombre-en-penjamo\/"]}]},{"@type":"ImageObject","inLanguage":"es","@id":"https:\/\/elhijodelllanero.mx\/index.php\/2024\/07\/29\/vinculan-a-jose-n-alias-el-toro-por-disparo-que-dejo-herido-a-un-hombre-en-penjamo\/#primaryimage","url":"https:\/\/i0.wp.com\/elhijodelllanero.mx\/wp-content\/uploads\/2024\/07\/Imagen-de-WhatsApp-2024-07-29-a-las-15.53.46_8db1d7d3.jpg?fit=1080%2C1350&ssl=1","contentUrl":"https:\/\/i0.wp.com\/elhijodelllanero.mx\/wp-content\/uploads\/2024\/07\/Imagen-de-WhatsApp-2024-07-29-a-las-15.53.46_8db1d7d3.jpg?fit=1080%2C1350&ssl=1","width":1080,"height":1350},{"@type":"BreadcrumbList","@id":"https:\/\/elhijodelllanero.mx\/index.php\/2024\/07\/29\/vinculan-a-jose-n-alias-el-toro-por-disparo-que-dejo-herido-a-un-hombre-en-penjamo\/#breadcrumb","itemListElement":[{"@type":"ListItem","position":1,"name":"Portada","item":"https:\/\/elhijodelllanero.mx\/"},{"@type":"ListItem","position":2,"name":"Vinculan a Jos\u00e9 \u2018N\u2019, alias \u2018El Toro\u2019, por Disparo que Dej\u00f3 Herido a un Hombre en P\u00e9njamo"}]},{"@type":"WebSite","@id":"https:\/\/elhijodelllanero.mx\/#website","url":"https:\/\/elhijodelllanero.mx\/","name":"El Hijo del llanero solititito","description":"","potentialAction":[{"@type":"SearchAction","target":{"@type":"EntryPoint","urlTemplate":"https:\/\/elhijodelllanero.mx\/?s={search_term_string}"},"query-input":{"@type":"PropertyValueSpecification","valueRequired":true,"valueName":"search_term_string"}}],"inLanguage":"es"},{"@type":"Person","@id":"https:\/\/elhijodelllanero.mx\/#\/schema\/person\/5dcfdd3db3a6f7e7906ef5d92cf7340b","name":"Redaccion","image":{"@type":"ImageObject","inLanguage":"es","@id":"https:\/\/secure.gravatar.com\/avatar\/f65b913d6e7be363e7396f7fad32ab76d311fbb575fa7e623ec3ea4799f3b718?s=96&d=mm&r=g","url":"https:\/\/secure.gravatar.com\/avatar\/f65b913d6e7be363e7396f7fad32ab76d311fbb575fa7e623ec3ea4799f3b718?s=96&d=mm&r=g","contentUrl":"https:\/\/secure.gravatar.com\/avatar\/f65b913d6e7be363e7396f7fad32ab76d311fbb575fa7e623ec3ea4799f3b718?s=96&d=mm&r=g","caption":"Redaccion"},"sameAs":["https:\/\/www.elhijodelllanero.mx"],"url":"https:\/\/elhijodelllanero.mx\/index.php\/author\/admin_6smc8z8t\/"}]}},"jetpack_featured_media_url":"https:\/\/i0.wp.com\/elhijodelllanero.mx\/wp-content\/uploads\/2024\/07\/Imagen-de-WhatsApp-2024-07-29-a-las-15.53.46_8db1d7d3.jpg?fit=1080%2C1350&ssl=1","jetpack-related-posts":[],"jetpack_sharing_enabled":true,"_links":{"self":[{"href":"https:\/\/elhijodelllanero.mx\/index.php\/wp-json\/wp\/v2\/posts\/8480","targetHints":{"allow":["GET"]}}],"collection":[{"href":"https:\/\/elhijodelllanero.mx\/index.php\/wp-json\/wp\/v2\/posts"}],"about":[{"href":"https:\/\/elhijodelllanero.mx\/index.php\/wp-json\/wp\/v2\/types\/post"}],"author":[{"embeddable":true,"href":"https:\/\/elhijodelllanero.mx\/index.php\/wp-json\/wp\/v2\/users\/1"}],"replies":[{"embeddable":true,"href":"https:\/\/elhijodelllanero.mx\/index.php\/wp-json\/wp\/v2\/comments?post=8480"}],"version-history":[{"count":1,"href":"https:\/\/elhijodelllanero.mx\/index.php\/wp-json\/wp\/v2\/posts\/8480\/revisions"}],"predecessor-version":[{"id":8482,"href":"https:\/\/elhijodelllanero.mx\/index.php\/wp-json\/wp\/v2\/posts\/8480\/revisions\/8482"}],"wp:featuredmedia":[{"embeddable":true,"href":"https:\/\/elhijodelllanero.mx\/index.php\/wp-json\/wp\/v2\/media\/8481"}],"wp:attachment":[{"href":"https:\/\/elhijodelllanero.mx\/index.php\/wp-json\/wp\/v2\/media?parent=8480"}],"wp:term":[{"taxonomy":"category","embeddable":true,"href":"https:\/\/elhijodelllanero.mx\/index.php\/wp-json\/wp\/v2\/categories?post=8480"},{"taxonomy":"post_tag","embeddable":true,"href":"https:\/\/elhijodelllanero.mx\/index.php\/wp-json\/wp\/v2\/tags?post=8480"}],"curies":[{"name":"wp","href":"https:\/\/api.w.org\/{rel}","templated":true}]}}