{"id":8483,"date":"2024-07-30T18:25:18","date_gmt":"2024-07-30T18:25:18","guid":{"rendered":"https:\/\/elhijodelllanero.mx\/?p=8483"},"modified":"2024-07-30T18:25:18","modified_gmt":"2024-07-30T18:25:18","slug":"desde-francia-se-trajo-plata-prisca-guadalupe-awiti-alcaraz-atleta-orgullo-celayense","status":"publish","type":"post","link":"https:\/\/elhijodelllanero.mx\/index.php\/2024\/07\/30\/desde-francia-se-trajo-plata-prisca-guadalupe-awiti-alcaraz-atleta-orgullo-celayense\/","title":{"rendered":"Desde Francia, se trajo Plata Prisca Guadalupe Awiti Alcar\u00e1z, atleta \u201corgullo celayense\u201d."},"content":{"rendered":"<p>Celaya, Gto., 30 julio 2024.- Prisca Guadalupe Awiti Alcaraz hizo historia en el judo mexicano luego de colgarse la plata en los Juegos Ol\u00edmpicos de Par\u00eds 2024, siendo la primera medalla para nuestro pa\u00eds en lo que se refiere a este deporte.<br \/>\nAwiti lleg\u00f3 a la final contra la eslovena Andreja Leski, campeona europea en el 2023 en categor\u00eda de -63 kilogramos, combate donde la mexicana tom\u00f3 la ventaja al ponerse 1-0, sin embargo, perdi\u00f3 por ippon al que fue sometida por su rival, cuando a\u00fan faltaban m\u00e1s de 2 minutos de pelea.<br \/>\nEl camino de nuestra atleta Orgullo Celayense, comenz\u00f3 con una victoria 10-0 ante Nigara Shaheen, originaria de Afganist\u00e1n, pero representante del equipo de refugiados, esto en la ronda de los dieciseisavos. En la siguiente ronda, Prisca se midi\u00f3 a la polaca Angelika Szymanska, con resultado 1-0.<br \/>\nYa instalada en los cuartos de final, la mexicana volvi\u00f3 a alzarse con el triunfo ante Lubjana Piovesana, de Austria, por 1-0, dando as\u00ed su boleto a semifinales donde super\u00f3 a la croata Katarina Kristo por 11-0 y as\u00ed meterse a la disputa por el oro ol\u00edmpico.<br \/>\n\u201cEs una medalla hist\u00f3rica para nuestro deporte y por supuesto para nuestro y pa\u00eds; estamos emocionados y contentos por este excelente resultado de Prisca, quien tuvo una sobresaliente actuaci\u00f3n en Par\u00eds. Asimismo, felicitamos a Paulina Mart\u00ednez, quien tambi\u00e9n representa a Guanajuato y a Celaya, al igual que Prisca que desde hace m\u00e1s de dos a\u00f1os se nos acerc\u00f3 para que la afili\u00e1ramos en la asociaci\u00f3n\u201d, dijo C\u00e9sar Mart\u00ednez, presidente de la Asociaci\u00f3n Guanajuatense de Judo.<br \/>\nPrisca Awiti Alcaraz es una judoca de 28 a\u00f1os, nacida en Londres e hija de padre keniano y madre mexicana, por lo que la atleta decidi\u00f3 representar a nuestro pa\u00eds, siendo ya estos, sus segundos Juegos Ol\u00edmpicos.<br \/>\nDe acuerdo a lo expresado por el presidente de la Asociaci\u00f3n Guanajuatense de Judo, C\u00e9sar Mart\u00ednez, fue Prisca quien busc\u00f3 a la asociaci\u00f3n para afiliarse, lo cual se realiz\u00f3 con gusto por parte de sus dirigentes hace m\u00e1s de dos a\u00f1os y medio, por lo que Awiti Alcaraz est\u00e1 debidamente afiliada y representa a Guanajuato y a Celaya.<br \/>\nCabe recordar que Prisca Awiti gan\u00f3 una medalla de bronce en los Juegos Panamericanos de 2023, adem\u00e1s de dos medallas de plata en el Campeonato Panamericano de Judo, en los a\u00f1os 2021 y 2023.<\/p>\n","protected":false},"excerpt":{"rendered":"<p>Celaya, Gto., 30 julio 2024.- Prisca Guadalupe Awiti Alcaraz hizo historia en el judo mexicano luego de colgarse la plata en los Juegos Ol\u00edmpicos de Par\u00eds 2024, siendo la primera medalla para nuestro pa\u00eds en lo que se refiere a este deporte. Awiti lleg\u00f3 a la final contra la eslovena Andreja Leski, campeona europea en [&hellip;]<\/p>\n","protected":false},"author":1,"featured_media":8484,"comment_status":"open","ping_status":"closed","sticky":false,"template":"","format":"standard","meta":{"_jetpack_newsletter_access":"","_jetpack_dont_email_post_to_subs":false,"_jetpack_newsletter_tier_id":0,"_jetpack_memberships_contains_paywalled_content":false,"_jetpack_memberships_contains_paid_content":false,"footnotes":""},"categories":[40],"tags":[],"class_list":{"0":"post-8483","1":"post","2":"type-post","3":"status-publish","4":"format-standard","5":"has-post-thumbnail","7":"category-deportes"},"yoast_head":"<!-- This site is optimized with the Yoast SEO plugin v27.3 - https:\/\/yoast.com\/product\/yoast-seo-wordpress\/ -->\n<title>Desde Francia, se trajo Plata Prisca Guadalupe Awiti Alcar\u00e1z, atleta \u201corgullo celayense\u201d. - El Hijo del llanero solititito<\/title>\n<meta name=\"robots\" content=\"index, follow, max-snippet:-1, max-image-preview:large, max-video-preview:-1\" \/>\n<link rel=\"canonical\" href=\"https:\/\/elhijodelllanero.mx\/index.php\/2024\/07\/30\/desde-francia-se-trajo-plata-prisca-guadalupe-awiti-alcaraz-atleta-orgullo-celayense\/\" \/>\n<meta property=\"og:locale\" content=\"es_ES\" \/>\n<meta property=\"og:type\" content=\"article\" \/>\n<meta property=\"og:title\" content=\"Desde Francia, se trajo Plata Prisca Guadalupe Awiti Alcar\u00e1z, atleta \u201corgullo celayense\u201d. - El Hijo del llanero solititito\" \/>\n<meta property=\"og:description\" content=\"Celaya, Gto., 30 julio 2024.- Prisca Guadalupe Awiti Alcaraz hizo historia en el judo mexicano luego de colgarse la plata en los Juegos Ol\u00edmpicos de Par\u00eds 2024, siendo la primera medalla para nuestro pa\u00eds en lo que se refiere a este deporte. Awiti lleg\u00f3 a la final contra la eslovena Andreja Leski, campeona europea en [&hellip;]\" \/>\n<meta property=\"og:url\" content=\"https:\/\/elhijodelllanero.mx\/index.php\/2024\/07\/30\/desde-francia-se-trajo-plata-prisca-guadalupe-awiti-alcaraz-atleta-orgullo-celayense\/\" \/>\n<meta property=\"og:site_name\" content=\"El Hijo del llanero solititito\" \/>\n<meta property=\"article:published_time\" content=\"2024-07-30T18:25:18+00:00\" \/>\n<meta property=\"og:image\" content=\"https:\/\/elhijodelllanero.mx\/wp-content\/uploads\/2024\/07\/IMG-20240730-WA0010.jpg\" \/>\n\t<meta property=\"og:image:width\" content=\"1600\" \/>\n\t<meta property=\"og:image:height\" content=\"1066\" \/>\n\t<meta property=\"og:image:type\" content=\"image\/jpeg\" \/>\n<meta name=\"author\" content=\"Redaccion\" \/>\n<meta name=\"twitter:card\" content=\"summary_large_image\" \/>\n<meta name=\"twitter:label1\" content=\"Escrito por\" \/>\n\t<meta name=\"twitter:data1\" content=\"Redaccion\" \/>\n\t<meta name=\"twitter:label2\" content=\"Tiempo de lectura\" \/>\n\t<meta name=\"twitter:data2\" content=\"2 minutos\" \/>\n<script type=\"application\/ld+json\" class=\"yoast-schema-graph\">{\"@context\":\"https:\\\/\\\/schema.org\",\"@graph\":[{\"@type\":\"Article\",\"@id\":\"https:\\\/\\\/elhijodelllanero.mx\\\/index.php\\\/2024\\\/07\\\/30\\\/desde-francia-se-trajo-plata-prisca-guadalupe-awiti-alcaraz-atleta-orgullo-celayense\\\/#article\",\"isPartOf\":{\"@id\":\"https:\\\/\\\/elhijodelllanero.mx\\\/index.php\\\/2024\\\/07\\\/30\\\/desde-francia-se-trajo-plata-prisca-guadalupe-awiti-alcaraz-atleta-orgullo-celayense\\\/\"},\"author\":{\"name\":\"Redaccion\",\"@id\":\"https:\\\/\\\/elhijodelllanero.mx\\\/#\\\/schema\\\/person\\\/5dcfdd3db3a6f7e7906ef5d92cf7340b\"},\"headline\":\"Desde Francia, se trajo Plata Prisca Guadalupe Awiti Alcar\u00e1z, atleta \u201corgullo celayense\u201d.\",\"datePublished\":\"2024-07-30T18:25:18+00:00\",\"mainEntityOfPage\":{\"@id\":\"https:\\\/\\\/elhijodelllanero.mx\\\/index.php\\\/2024\\\/07\\\/30\\\/desde-francia-se-trajo-plata-prisca-guadalupe-awiti-alcaraz-atleta-orgullo-celayense\\\/\"},\"wordCount\":427,\"commentCount\":0,\"image\":{\"@id\":\"https:\\\/\\\/elhijodelllanero.mx\\\/index.php\\\/2024\\\/07\\\/30\\\/desde-francia-se-trajo-plata-prisca-guadalupe-awiti-alcaraz-atleta-orgullo-celayense\\\/#primaryimage\"},\"thumbnailUrl\":\"https:\\\/\\\/i0.wp.com\\\/elhijodelllanero.mx\\\/wp-content\\\/uploads\\\/2024\\\/07\\\/IMG-20240730-WA0010.jpg?fit=1600%2C1066&ssl=1\",\"articleSection\":[\"DEPORTES\"],\"inLanguage\":\"es\",\"potentialAction\":[{\"@type\":\"CommentAction\",\"name\":\"Comment\",\"target\":[\"https:\\\/\\\/elhijodelllanero.mx\\\/index.php\\\/2024\\\/07\\\/30\\\/desde-francia-se-trajo-plata-prisca-guadalupe-awiti-alcaraz-atleta-orgullo-celayense\\\/#respond\"]}]},{\"@type\":\"WebPage\",\"@id\":\"https:\\\/\\\/elhijodelllanero.mx\\\/index.php\\\/2024\\\/07\\\/30\\\/desde-francia-se-trajo-plata-prisca-guadalupe-awiti-alcaraz-atleta-orgullo-celayense\\\/\",\"url\":\"https:\\\/\\\/elhijodelllanero.mx\\\/index.php\\\/2024\\\/07\\\/30\\\/desde-francia-se-trajo-plata-prisca-guadalupe-awiti-alcaraz-atleta-orgullo-celayense\\\/\",\"name\":\"Desde Francia, se trajo Plata Prisca Guadalupe Awiti Alcar\u00e1z, atleta \u201corgullo celayense\u201d. - El Hijo del llanero solititito\",\"isPartOf\":{\"@id\":\"https:\\\/\\\/elhijodelllanero.mx\\\/#website\"},\"primaryImageOfPage\":{\"@id\":\"https:\\\/\\\/elhijodelllanero.mx\\\/index.php\\\/2024\\\/07\\\/30\\\/desde-francia-se-trajo-plata-prisca-guadalupe-awiti-alcaraz-atleta-orgullo-celayense\\\/#primaryimage\"},\"image\":{\"@id\":\"https:\\\/\\\/elhijodelllanero.mx\\\/index.php\\\/2024\\\/07\\\/30\\\/desde-francia-se-trajo-plata-prisca-guadalupe-awiti-alcaraz-atleta-orgullo-celayense\\\/#primaryimage\"},\"thumbnailUrl\":\"https:\\\/\\\/i0.wp.com\\\/elhijodelllanero.mx\\\/wp-content\\\/uploads\\\/2024\\\/07\\\/IMG-20240730-WA0010.jpg?fit=1600%2C1066&ssl=1\",\"datePublished\":\"2024-07-30T18:25:18+00:00\",\"author\":{\"@id\":\"https:\\\/\\\/elhijodelllanero.mx\\\/#\\\/schema\\\/person\\\/5dcfdd3db3a6f7e7906ef5d92cf7340b\"},\"breadcrumb\":{\"@id\":\"https:\\\/\\\/elhijodelllanero.mx\\\/index.php\\\/2024\\\/07\\\/30\\\/desde-francia-se-trajo-plata-prisca-guadalupe-awiti-alcaraz-atleta-orgullo-celayense\\\/#breadcrumb\"},\"inLanguage\":\"es\",\"potentialAction\":[{\"@type\":\"ReadAction\",\"target\":[\"https:\\\/\\\/elhijodelllanero.mx\\\/index.php\\\/2024\\\/07\\\/30\\\/desde-francia-se-trajo-plata-prisca-guadalupe-awiti-alcaraz-atleta-orgullo-celayense\\\/\"]}]},{\"@type\":\"ImageObject\",\"inLanguage\":\"es\",\"@id\":\"https:\\\/\\\/elhijodelllanero.mx\\\/index.php\\\/2024\\\/07\\\/30\\\/desde-francia-se-trajo-plata-prisca-guadalupe-awiti-alcaraz-atleta-orgullo-celayense\\\/#primaryimage\",\"url\":\"https:\\\/\\\/i0.wp.com\\\/elhijodelllanero.mx\\\/wp-content\\\/uploads\\\/2024\\\/07\\\/IMG-20240730-WA0010.jpg?fit=1600%2C1066&ssl=1\",\"contentUrl\":\"https:\\\/\\\/i0.wp.com\\\/elhijodelllanero.mx\\\/wp-content\\\/uploads\\\/2024\\\/07\\\/IMG-20240730-WA0010.jpg?fit=1600%2C1066&ssl=1\",\"width\":1600,\"height\":1066},{\"@type\":\"BreadcrumbList\",\"@id\":\"https:\\\/\\\/elhijodelllanero.mx\\\/index.php\\\/2024\\\/07\\\/30\\\/desde-francia-se-trajo-plata-prisca-guadalupe-awiti-alcaraz-atleta-orgullo-celayense\\\/#breadcrumb\",\"itemListElement\":[{\"@type\":\"ListItem\",\"position\":1,\"name\":\"Portada\",\"item\":\"https:\\\/\\\/elhijodelllanero.mx\\\/\"},{\"@type\":\"ListItem\",\"position\":2,\"name\":\"Desde Francia, se trajo Plata Prisca Guadalupe Awiti Alcar\u00e1z, atleta \u201corgullo celayense\u201d.\"}]},{\"@type\":\"WebSite\",\"@id\":\"https:\\\/\\\/elhijodelllanero.mx\\\/#website\",\"url\":\"https:\\\/\\\/elhijodelllanero.mx\\\/\",\"name\":\"El Hijo del llanero solititito\",\"description\":\"\",\"potentialAction\":[{\"@type\":\"SearchAction\",\"target\":{\"@type\":\"EntryPoint\",\"urlTemplate\":\"https:\\\/\\\/elhijodelllanero.mx\\\/?s={search_term_string}\"},\"query-input\":{\"@type\":\"PropertyValueSpecification\",\"valueRequired\":true,\"valueName\":\"search_term_string\"}}],\"inLanguage\":\"es\"},{\"@type\":\"Person\",\"@id\":\"https:\\\/\\\/elhijodelllanero.mx\\\/#\\\/schema\\\/person\\\/5dcfdd3db3a6f7e7906ef5d92cf7340b\",\"name\":\"Redaccion\",\"image\":{\"@type\":\"ImageObject\",\"inLanguage\":\"es\",\"@id\":\"https:\\\/\\\/secure.gravatar.com\\\/avatar\\\/f65b913d6e7be363e7396f7fad32ab76d311fbb575fa7e623ec3ea4799f3b718?s=96&d=mm&r=g\",\"url\":\"https:\\\/\\\/secure.gravatar.com\\\/avatar\\\/f65b913d6e7be363e7396f7fad32ab76d311fbb575fa7e623ec3ea4799f3b718?s=96&d=mm&r=g\",\"contentUrl\":\"https:\\\/\\\/secure.gravatar.com\\\/avatar\\\/f65b913d6e7be363e7396f7fad32ab76d311fbb575fa7e623ec3ea4799f3b718?s=96&d=mm&r=g\",\"caption\":\"Redaccion\"},\"sameAs\":[\"https:\\\/\\\/www.elhijodelllanero.mx\"],\"url\":\"https:\\\/\\\/elhijodelllanero.mx\\\/index.php\\\/author\\\/admin_6smc8z8t\\\/\"}]}<\/script>\n<!-- \/ Yoast SEO plugin. -->","yoast_head_json":{"title":"Desde Francia, se trajo Plata Prisca Guadalupe Awiti Alcar\u00e1z, atleta \u201corgullo celayense\u201d. - El Hijo del llanero solititito","robots":{"index":"index","follow":"follow","max-snippet":"max-snippet:-1","max-image-preview":"max-image-preview:large","max-video-preview":"max-video-preview:-1"},"canonical":"https:\/\/elhijodelllanero.mx\/index.php\/2024\/07\/30\/desde-francia-se-trajo-plata-prisca-guadalupe-awiti-alcaraz-atleta-orgullo-celayense\/","og_locale":"es_ES","og_type":"article","og_title":"Desde Francia, se trajo Plata Prisca Guadalupe Awiti Alcar\u00e1z, atleta \u201corgullo celayense\u201d. - El Hijo del llanero solititito","og_description":"Celaya, Gto., 30 julio 2024.- Prisca Guadalupe Awiti Alcaraz hizo historia en el judo mexicano luego de colgarse la plata en los Juegos Ol\u00edmpicos de Par\u00eds 2024, siendo la primera medalla para nuestro pa\u00eds en lo que se refiere a este deporte. Awiti lleg\u00f3 a la final contra la eslovena Andreja Leski, campeona europea en [&hellip;]","og_url":"https:\/\/elhijodelllanero.mx\/index.php\/2024\/07\/30\/desde-francia-se-trajo-plata-prisca-guadalupe-awiti-alcaraz-atleta-orgullo-celayense\/","og_site_name":"El Hijo del llanero solititito","article_published_time":"2024-07-30T18:25:18+00:00","og_image":[{"width":1600,"height":1066,"url":"https:\/\/elhijodelllanero.mx\/wp-content\/uploads\/2024\/07\/IMG-20240730-WA0010.jpg","type":"image\/jpeg"}],"author":"Redaccion","twitter_card":"summary_large_image","twitter_misc":{"Escrito por":"Redaccion","Tiempo de lectura":"2 minutos"},"schema":{"@context":"https:\/\/schema.org","@graph":[{"@type":"Article","@id":"https:\/\/elhijodelllanero.mx\/index.php\/2024\/07\/30\/desde-francia-se-trajo-plata-prisca-guadalupe-awiti-alcaraz-atleta-orgullo-celayense\/#article","isPartOf":{"@id":"https:\/\/elhijodelllanero.mx\/index.php\/2024\/07\/30\/desde-francia-se-trajo-plata-prisca-guadalupe-awiti-alcaraz-atleta-orgullo-celayense\/"},"author":{"name":"Redaccion","@id":"https:\/\/elhijodelllanero.mx\/#\/schema\/person\/5dcfdd3db3a6f7e7906ef5d92cf7340b"},"headline":"Desde Francia, se trajo Plata Prisca Guadalupe Awiti Alcar\u00e1z, atleta \u201corgullo celayense\u201d.","datePublished":"2024-07-30T18:25:18+00:00","mainEntityOfPage":{"@id":"https:\/\/elhijodelllanero.mx\/index.php\/2024\/07\/30\/desde-francia-se-trajo-plata-prisca-guadalupe-awiti-alcaraz-atleta-orgullo-celayense\/"},"wordCount":427,"commentCount":0,"image":{"@id":"https:\/\/elhijodelllanero.mx\/index.php\/2024\/07\/30\/desde-francia-se-trajo-plata-prisca-guadalupe-awiti-alcaraz-atleta-orgullo-celayense\/#primaryimage"},"thumbnailUrl":"https:\/\/i0.wp.com\/elhijodelllanero.mx\/wp-content\/uploads\/2024\/07\/IMG-20240730-WA0010.jpg?fit=1600%2C1066&ssl=1","articleSection":["DEPORTES"],"inLanguage":"es","potentialAction":[{"@type":"CommentAction","name":"Comment","target":["https:\/\/elhijodelllanero.mx\/index.php\/2024\/07\/30\/desde-francia-se-trajo-plata-prisca-guadalupe-awiti-alcaraz-atleta-orgullo-celayense\/#respond"]}]},{"@type":"WebPage","@id":"https:\/\/elhijodelllanero.mx\/index.php\/2024\/07\/30\/desde-francia-se-trajo-plata-prisca-guadalupe-awiti-alcaraz-atleta-orgullo-celayense\/","url":"https:\/\/elhijodelllanero.mx\/index.php\/2024\/07\/30\/desde-francia-se-trajo-plata-prisca-guadalupe-awiti-alcaraz-atleta-orgullo-celayense\/","name":"Desde Francia, se trajo Plata Prisca Guadalupe Awiti Alcar\u00e1z, atleta \u201corgullo celayense\u201d. - El Hijo del llanero solititito","isPartOf":{"@id":"https:\/\/elhijodelllanero.mx\/#website"},"primaryImageOfPage":{"@id":"https:\/\/elhijodelllanero.mx\/index.php\/2024\/07\/30\/desde-francia-se-trajo-plata-prisca-guadalupe-awiti-alcaraz-atleta-orgullo-celayense\/#primaryimage"},"image":{"@id":"https:\/\/elhijodelllanero.mx\/index.php\/2024\/07\/30\/desde-francia-se-trajo-plata-prisca-guadalupe-awiti-alcaraz-atleta-orgullo-celayense\/#primaryimage"},"thumbnailUrl":"https:\/\/i0.wp.com\/elhijodelllanero.mx\/wp-content\/uploads\/2024\/07\/IMG-20240730-WA0010.jpg?fit=1600%2C1066&ssl=1","datePublished":"2024-07-30T18:25:18+00:00","author":{"@id":"https:\/\/elhijodelllanero.mx\/#\/schema\/person\/5dcfdd3db3a6f7e7906ef5d92cf7340b"},"breadcrumb":{"@id":"https:\/\/elhijodelllanero.mx\/index.php\/2024\/07\/30\/desde-francia-se-trajo-plata-prisca-guadalupe-awiti-alcaraz-atleta-orgullo-celayense\/#breadcrumb"},"inLanguage":"es","potentialAction":[{"@type":"ReadAction","target":["https:\/\/elhijodelllanero.mx\/index.php\/2024\/07\/30\/desde-francia-se-trajo-plata-prisca-guadalupe-awiti-alcaraz-atleta-orgullo-celayense\/"]}]},{"@type":"ImageObject","inLanguage":"es","@id":"https:\/\/elhijodelllanero.mx\/index.php\/2024\/07\/30\/desde-francia-se-trajo-plata-prisca-guadalupe-awiti-alcaraz-atleta-orgullo-celayense\/#primaryimage","url":"https:\/\/i0.wp.com\/elhijodelllanero.mx\/wp-content\/uploads\/2024\/07\/IMG-20240730-WA0010.jpg?fit=1600%2C1066&ssl=1","contentUrl":"https:\/\/i0.wp.com\/elhijodelllanero.mx\/wp-content\/uploads\/2024\/07\/IMG-20240730-WA0010.jpg?fit=1600%2C1066&ssl=1","width":1600,"height":1066},{"@type":"BreadcrumbList","@id":"https:\/\/elhijodelllanero.mx\/index.php\/2024\/07\/30\/desde-francia-se-trajo-plata-prisca-guadalupe-awiti-alcaraz-atleta-orgullo-celayense\/#breadcrumb","itemListElement":[{"@type":"ListItem","position":1,"name":"Portada","item":"https:\/\/elhijodelllanero.mx\/"},{"@type":"ListItem","position":2,"name":"Desde Francia, se trajo Plata Prisca Guadalupe Awiti Alcar\u00e1z, atleta \u201corgullo celayense\u201d."}]},{"@type":"WebSite","@id":"https:\/\/elhijodelllanero.mx\/#website","url":"https:\/\/elhijodelllanero.mx\/","name":"El Hijo del llanero solititito","description":"","potentialAction":[{"@type":"SearchAction","target":{"@type":"EntryPoint","urlTemplate":"https:\/\/elhijodelllanero.mx\/?s={search_term_string}"},"query-input":{"@type":"PropertyValueSpecification","valueRequired":true,"valueName":"search_term_string"}}],"inLanguage":"es"},{"@type":"Person","@id":"https:\/\/elhijodelllanero.mx\/#\/schema\/person\/5dcfdd3db3a6f7e7906ef5d92cf7340b","name":"Redaccion","image":{"@type":"ImageObject","inLanguage":"es","@id":"https:\/\/secure.gravatar.com\/avatar\/f65b913d6e7be363e7396f7fad32ab76d311fbb575fa7e623ec3ea4799f3b718?s=96&d=mm&r=g","url":"https:\/\/secure.gravatar.com\/avatar\/f65b913d6e7be363e7396f7fad32ab76d311fbb575fa7e623ec3ea4799f3b718?s=96&d=mm&r=g","contentUrl":"https:\/\/secure.gravatar.com\/avatar\/f65b913d6e7be363e7396f7fad32ab76d311fbb575fa7e623ec3ea4799f3b718?s=96&d=mm&r=g","caption":"Redaccion"},"sameAs":["https:\/\/www.elhijodelllanero.mx"],"url":"https:\/\/elhijodelllanero.mx\/index.php\/author\/admin_6smc8z8t\/"}]}},"jetpack_featured_media_url":"https:\/\/i0.wp.com\/elhijodelllanero.mx\/wp-content\/uploads\/2024\/07\/IMG-20240730-WA0010.jpg?fit=1600%2C1066&ssl=1","jetpack-related-posts":[],"jetpack_sharing_enabled":true,"_links":{"self":[{"href":"https:\/\/elhijodelllanero.mx\/index.php\/wp-json\/wp\/v2\/posts\/8483","targetHints":{"allow":["GET"]}}],"collection":[{"href":"https:\/\/elhijodelllanero.mx\/index.php\/wp-json\/wp\/v2\/posts"}],"about":[{"href":"https:\/\/elhijodelllanero.mx\/index.php\/wp-json\/wp\/v2\/types\/post"}],"author":[{"embeddable":true,"href":"https:\/\/elhijodelllanero.mx\/index.php\/wp-json\/wp\/v2\/users\/1"}],"replies":[{"embeddable":true,"href":"https:\/\/elhijodelllanero.mx\/index.php\/wp-json\/wp\/v2\/comments?post=8483"}],"version-history":[{"count":1,"href":"https:\/\/elhijodelllanero.mx\/index.php\/wp-json\/wp\/v2\/posts\/8483\/revisions"}],"predecessor-version":[{"id":8485,"href":"https:\/\/elhijodelllanero.mx\/index.php\/wp-json\/wp\/v2\/posts\/8483\/revisions\/8485"}],"wp:featuredmedia":[{"embeddable":true,"href":"https:\/\/elhijodelllanero.mx\/index.php\/wp-json\/wp\/v2\/media\/8484"}],"wp:attachment":[{"href":"https:\/\/elhijodelllanero.mx\/index.php\/wp-json\/wp\/v2\/media?parent=8483"}],"wp:term":[{"taxonomy":"category","embeddable":true,"href":"https:\/\/elhijodelllanero.mx\/index.php\/wp-json\/wp\/v2\/categories?post=8483"},{"taxonomy":"post_tag","embeddable":true,"href":"https:\/\/elhijodelllanero.mx\/index.php\/wp-json\/wp\/v2\/tags?post=8483"}],"curies":[{"name":"wp","href":"https:\/\/api.w.org\/{rel}","templated":true}]}}