{"id":8497,"date":"2024-07-30T21:25:39","date_gmt":"2024-07-30T21:25:39","guid":{"rendered":"https:\/\/elhijodelllanero.mx\/?p=8497"},"modified":"2024-07-30T21:25:39","modified_gmt":"2024-07-30T21:25:39","slug":"conmemoraron-el-213-aniversario-luctuoso-de-miguel-hidalgo","status":"publish","type":"post","link":"https:\/\/elhijodelllanero.mx\/index.php\/2024\/07\/30\/conmemoraron-el-213-aniversario-luctuoso-de-miguel-hidalgo\/","title":{"rendered":"Conmemoraron el 213 aniversario luctuoso de Miguel Hidalgo."},"content":{"rendered":"<p>Celaya, Gto., 30 julio 2024.- Con un acto c\u00edvico y una rese\u00f1a hist\u00f3rica sobre su vida y obra, el Ayuntamiento y la Administraci\u00f3n Municipal conmemoraron el 213 Aniversario Luctuoso de Miguel Hidalgo, \u201cel Padre de la Patria\u201d.<br \/>\nEl presidente municipal, Javier Mendoza M\u00e1rquez, encabez\u00f3 el acto conmemorativo, acompa\u00f1ado por integrantes del Ayuntamiento y directores de diferentes dependencias de la administraci\u00f3n p\u00fablica, quienes rindieron los honores a la bandera en el patio de la Presidencia Municipal.<br \/>\nEl cronista de la ciudad, Fernando Amate, ofreci\u00f3 una rese\u00f1a hist\u00f3rica del llamado Padre de la Patria, quien la madrugada del 16 de septiembre de 1810 encabez\u00f3 la rebeli\u00f3n del pueblo menesteroso que culmin\u00f3 con la independencia y el nacimiento de M\u00e9xico.<br \/>\nEntre los acontecimientos que destac\u00f3 fue el arrib\u00f3 de Hidalgo a tierras celayenses, donde fue recibido por el Ayuntamiento de aquel tiempo y nombrado general del Ej\u00e9rcito Insurgente, justo en la Plaza de Armas que hoy es el jard\u00edn principal.<br \/>\n\u201cHoy rendimos honor y gloria al pensamiento libertario de Miguel Hidalgo; nuestro reconocimiento y aprecio como guanajuatense ilustre, el m\u00e1s grande de los guanajuatenses\u201d, dijo el cronista municipal, para cerrar su participaci\u00f3n.<br \/>\nPara finalizar el acto, los asistentes entonaron la Marcha a Celaya, acompa\u00f1ados por la escolta del Instituto de Formaci\u00f3n Policial (INFOPOL).<\/p>\n","protected":false},"excerpt":{"rendered":"<p>Celaya, Gto., 30 julio 2024.- Con un acto c\u00edvico y una rese\u00f1a hist\u00f3rica sobre su vida y obra, el Ayuntamiento y la Administraci\u00f3n Municipal conmemoraron el 213 Aniversario Luctuoso de Miguel Hidalgo, \u201cel Padre de la Patria\u201d. El presidente municipal, Javier Mendoza M\u00e1rquez, encabez\u00f3 el acto conmemorativo, acompa\u00f1ado por integrantes del Ayuntamiento y directores de [&hellip;]<\/p>\n","protected":false},"author":1,"featured_media":8498,"comment_status":"open","ping_status":"closed","sticky":false,"template":"","format":"standard","meta":{"_jetpack_newsletter_access":"","_jetpack_dont_email_post_to_subs":false,"_jetpack_newsletter_tier_id":0,"_jetpack_memberships_contains_paywalled_content":false,"_jetpack_memberships_contains_paid_content":false,"footnotes":""},"categories":[74],"tags":[],"class_list":{"0":"post-8497","1":"post","2":"type-post","3":"status-publish","4":"format-standard","5":"has-post-thumbnail","7":"category-celaya"},"yoast_head":"<!-- This site is optimized with the Yoast SEO plugin v27.3 - https:\/\/yoast.com\/product\/yoast-seo-wordpress\/ -->\n<title>Conmemoraron el 213 aniversario luctuoso de Miguel Hidalgo. - El Hijo del llanero solititito<\/title>\n<meta name=\"robots\" content=\"index, follow, max-snippet:-1, max-image-preview:large, max-video-preview:-1\" \/>\n<link rel=\"canonical\" href=\"https:\/\/elhijodelllanero.mx\/index.php\/2024\/07\/30\/conmemoraron-el-213-aniversario-luctuoso-de-miguel-hidalgo\/\" \/>\n<meta property=\"og:locale\" content=\"es_ES\" \/>\n<meta property=\"og:type\" content=\"article\" \/>\n<meta property=\"og:title\" content=\"Conmemoraron el 213 aniversario luctuoso de Miguel Hidalgo. - El Hijo del llanero solititito\" \/>\n<meta property=\"og:description\" content=\"Celaya, Gto., 30 julio 2024.- Con un acto c\u00edvico y una rese\u00f1a hist\u00f3rica sobre su vida y obra, el Ayuntamiento y la Administraci\u00f3n Municipal conmemoraron el 213 Aniversario Luctuoso de Miguel Hidalgo, \u201cel Padre de la Patria\u201d. El presidente municipal, Javier Mendoza M\u00e1rquez, encabez\u00f3 el acto conmemorativo, acompa\u00f1ado por integrantes del Ayuntamiento y directores de [&hellip;]\" \/>\n<meta property=\"og:url\" content=\"https:\/\/elhijodelllanero.mx\/index.php\/2024\/07\/30\/conmemoraron-el-213-aniversario-luctuoso-de-miguel-hidalgo\/\" \/>\n<meta property=\"og:site_name\" content=\"El Hijo del llanero solititito\" \/>\n<meta property=\"article:published_time\" content=\"2024-07-30T21:25:39+00:00\" \/>\n<meta property=\"og:image\" content=\"https:\/\/elhijodelllanero.mx\/wp-content\/uploads\/2024\/07\/IMG-20240730-WA0035.jpg\" \/>\n\t<meta property=\"og:image:width\" content=\"1280\" \/>\n\t<meta property=\"og:image:height\" content=\"853\" \/>\n\t<meta property=\"og:image:type\" content=\"image\/jpeg\" \/>\n<meta name=\"author\" content=\"Redaccion\" \/>\n<meta name=\"twitter:card\" content=\"summary_large_image\" \/>\n<meta name=\"twitter:label1\" content=\"Escrito por\" \/>\n\t<meta name=\"twitter:data1\" content=\"Redaccion\" \/>\n\t<meta name=\"twitter:label2\" content=\"Tiempo de lectura\" \/>\n\t<meta name=\"twitter:data2\" content=\"2 minutos\" \/>\n<script type=\"application\/ld+json\" class=\"yoast-schema-graph\">{\"@context\":\"https:\\\/\\\/schema.org\",\"@graph\":[{\"@type\":\"Article\",\"@id\":\"https:\\\/\\\/elhijodelllanero.mx\\\/index.php\\\/2024\\\/07\\\/30\\\/conmemoraron-el-213-aniversario-luctuoso-de-miguel-hidalgo\\\/#article\",\"isPartOf\":{\"@id\":\"https:\\\/\\\/elhijodelllanero.mx\\\/index.php\\\/2024\\\/07\\\/30\\\/conmemoraron-el-213-aniversario-luctuoso-de-miguel-hidalgo\\\/\"},\"author\":{\"name\":\"Redaccion\",\"@id\":\"https:\\\/\\\/elhijodelllanero.mx\\\/#\\\/schema\\\/person\\\/5dcfdd3db3a6f7e7906ef5d92cf7340b\"},\"headline\":\"Conmemoraron el 213 aniversario luctuoso de Miguel Hidalgo.\",\"datePublished\":\"2024-07-30T21:25:39+00:00\",\"mainEntityOfPage\":{\"@id\":\"https:\\\/\\\/elhijodelllanero.mx\\\/index.php\\\/2024\\\/07\\\/30\\\/conmemoraron-el-213-aniversario-luctuoso-de-miguel-hidalgo\\\/\"},\"wordCount\":231,\"commentCount\":0,\"image\":{\"@id\":\"https:\\\/\\\/elhijodelllanero.mx\\\/index.php\\\/2024\\\/07\\\/30\\\/conmemoraron-el-213-aniversario-luctuoso-de-miguel-hidalgo\\\/#primaryimage\"},\"thumbnailUrl\":\"https:\\\/\\\/i0.wp.com\\\/elhijodelllanero.mx\\\/wp-content\\\/uploads\\\/2024\\\/07\\\/IMG-20240730-WA0035.jpg?fit=1280%2C853&ssl=1\",\"articleSection\":[\"CELAYA\"],\"inLanguage\":\"es\",\"potentialAction\":[{\"@type\":\"CommentAction\",\"name\":\"Comment\",\"target\":[\"https:\\\/\\\/elhijodelllanero.mx\\\/index.php\\\/2024\\\/07\\\/30\\\/conmemoraron-el-213-aniversario-luctuoso-de-miguel-hidalgo\\\/#respond\"]}]},{\"@type\":\"WebPage\",\"@id\":\"https:\\\/\\\/elhijodelllanero.mx\\\/index.php\\\/2024\\\/07\\\/30\\\/conmemoraron-el-213-aniversario-luctuoso-de-miguel-hidalgo\\\/\",\"url\":\"https:\\\/\\\/elhijodelllanero.mx\\\/index.php\\\/2024\\\/07\\\/30\\\/conmemoraron-el-213-aniversario-luctuoso-de-miguel-hidalgo\\\/\",\"name\":\"Conmemoraron el 213 aniversario luctuoso de Miguel Hidalgo. - El Hijo del llanero solititito\",\"isPartOf\":{\"@id\":\"https:\\\/\\\/elhijodelllanero.mx\\\/#website\"},\"primaryImageOfPage\":{\"@id\":\"https:\\\/\\\/elhijodelllanero.mx\\\/index.php\\\/2024\\\/07\\\/30\\\/conmemoraron-el-213-aniversario-luctuoso-de-miguel-hidalgo\\\/#primaryimage\"},\"image\":{\"@id\":\"https:\\\/\\\/elhijodelllanero.mx\\\/index.php\\\/2024\\\/07\\\/30\\\/conmemoraron-el-213-aniversario-luctuoso-de-miguel-hidalgo\\\/#primaryimage\"},\"thumbnailUrl\":\"https:\\\/\\\/i0.wp.com\\\/elhijodelllanero.mx\\\/wp-content\\\/uploads\\\/2024\\\/07\\\/IMG-20240730-WA0035.jpg?fit=1280%2C853&ssl=1\",\"datePublished\":\"2024-07-30T21:25:39+00:00\",\"author\":{\"@id\":\"https:\\\/\\\/elhijodelllanero.mx\\\/#\\\/schema\\\/person\\\/5dcfdd3db3a6f7e7906ef5d92cf7340b\"},\"breadcrumb\":{\"@id\":\"https:\\\/\\\/elhijodelllanero.mx\\\/index.php\\\/2024\\\/07\\\/30\\\/conmemoraron-el-213-aniversario-luctuoso-de-miguel-hidalgo\\\/#breadcrumb\"},\"inLanguage\":\"es\",\"potentialAction\":[{\"@type\":\"ReadAction\",\"target\":[\"https:\\\/\\\/elhijodelllanero.mx\\\/index.php\\\/2024\\\/07\\\/30\\\/conmemoraron-el-213-aniversario-luctuoso-de-miguel-hidalgo\\\/\"]}]},{\"@type\":\"ImageObject\",\"inLanguage\":\"es\",\"@id\":\"https:\\\/\\\/elhijodelllanero.mx\\\/index.php\\\/2024\\\/07\\\/30\\\/conmemoraron-el-213-aniversario-luctuoso-de-miguel-hidalgo\\\/#primaryimage\",\"url\":\"https:\\\/\\\/i0.wp.com\\\/elhijodelllanero.mx\\\/wp-content\\\/uploads\\\/2024\\\/07\\\/IMG-20240730-WA0035.jpg?fit=1280%2C853&ssl=1\",\"contentUrl\":\"https:\\\/\\\/i0.wp.com\\\/elhijodelllanero.mx\\\/wp-content\\\/uploads\\\/2024\\\/07\\\/IMG-20240730-WA0035.jpg?fit=1280%2C853&ssl=1\",\"width\":1280,\"height\":853},{\"@type\":\"BreadcrumbList\",\"@id\":\"https:\\\/\\\/elhijodelllanero.mx\\\/index.php\\\/2024\\\/07\\\/30\\\/conmemoraron-el-213-aniversario-luctuoso-de-miguel-hidalgo\\\/#breadcrumb\",\"itemListElement\":[{\"@type\":\"ListItem\",\"position\":1,\"name\":\"Portada\",\"item\":\"https:\\\/\\\/elhijodelllanero.mx\\\/\"},{\"@type\":\"ListItem\",\"position\":2,\"name\":\"Conmemoraron el 213 aniversario luctuoso de Miguel Hidalgo.\"}]},{\"@type\":\"WebSite\",\"@id\":\"https:\\\/\\\/elhijodelllanero.mx\\\/#website\",\"url\":\"https:\\\/\\\/elhijodelllanero.mx\\\/\",\"name\":\"El Hijo del llanero solititito\",\"description\":\"\",\"potentialAction\":[{\"@type\":\"SearchAction\",\"target\":{\"@type\":\"EntryPoint\",\"urlTemplate\":\"https:\\\/\\\/elhijodelllanero.mx\\\/?s={search_term_string}\"},\"query-input\":{\"@type\":\"PropertyValueSpecification\",\"valueRequired\":true,\"valueName\":\"search_term_string\"}}],\"inLanguage\":\"es\"},{\"@type\":\"Person\",\"@id\":\"https:\\\/\\\/elhijodelllanero.mx\\\/#\\\/schema\\\/person\\\/5dcfdd3db3a6f7e7906ef5d92cf7340b\",\"name\":\"Redaccion\",\"image\":{\"@type\":\"ImageObject\",\"inLanguage\":\"es\",\"@id\":\"https:\\\/\\\/secure.gravatar.com\\\/avatar\\\/f65b913d6e7be363e7396f7fad32ab76d311fbb575fa7e623ec3ea4799f3b718?s=96&d=mm&r=g\",\"url\":\"https:\\\/\\\/secure.gravatar.com\\\/avatar\\\/f65b913d6e7be363e7396f7fad32ab76d311fbb575fa7e623ec3ea4799f3b718?s=96&d=mm&r=g\",\"contentUrl\":\"https:\\\/\\\/secure.gravatar.com\\\/avatar\\\/f65b913d6e7be363e7396f7fad32ab76d311fbb575fa7e623ec3ea4799f3b718?s=96&d=mm&r=g\",\"caption\":\"Redaccion\"},\"sameAs\":[\"https:\\\/\\\/www.elhijodelllanero.mx\"],\"url\":\"https:\\\/\\\/elhijodelllanero.mx\\\/index.php\\\/author\\\/admin_6smc8z8t\\\/\"}]}<\/script>\n<!-- \/ Yoast SEO plugin. -->","yoast_head_json":{"title":"Conmemoraron el 213 aniversario luctuoso de Miguel Hidalgo. - El Hijo del llanero solititito","robots":{"index":"index","follow":"follow","max-snippet":"max-snippet:-1","max-image-preview":"max-image-preview:large","max-video-preview":"max-video-preview:-1"},"canonical":"https:\/\/elhijodelllanero.mx\/index.php\/2024\/07\/30\/conmemoraron-el-213-aniversario-luctuoso-de-miguel-hidalgo\/","og_locale":"es_ES","og_type":"article","og_title":"Conmemoraron el 213 aniversario luctuoso de Miguel Hidalgo. - El Hijo del llanero solititito","og_description":"Celaya, Gto., 30 julio 2024.- Con un acto c\u00edvico y una rese\u00f1a hist\u00f3rica sobre su vida y obra, el Ayuntamiento y la Administraci\u00f3n Municipal conmemoraron el 213 Aniversario Luctuoso de Miguel Hidalgo, \u201cel Padre de la Patria\u201d. El presidente municipal, Javier Mendoza M\u00e1rquez, encabez\u00f3 el acto conmemorativo, acompa\u00f1ado por integrantes del Ayuntamiento y directores de [&hellip;]","og_url":"https:\/\/elhijodelllanero.mx\/index.php\/2024\/07\/30\/conmemoraron-el-213-aniversario-luctuoso-de-miguel-hidalgo\/","og_site_name":"El Hijo del llanero solititito","article_published_time":"2024-07-30T21:25:39+00:00","og_image":[{"width":1280,"height":853,"url":"https:\/\/elhijodelllanero.mx\/wp-content\/uploads\/2024\/07\/IMG-20240730-WA0035.jpg","type":"image\/jpeg"}],"author":"Redaccion","twitter_card":"summary_large_image","twitter_misc":{"Escrito por":"Redaccion","Tiempo de lectura":"2 minutos"},"schema":{"@context":"https:\/\/schema.org","@graph":[{"@type":"Article","@id":"https:\/\/elhijodelllanero.mx\/index.php\/2024\/07\/30\/conmemoraron-el-213-aniversario-luctuoso-de-miguel-hidalgo\/#article","isPartOf":{"@id":"https:\/\/elhijodelllanero.mx\/index.php\/2024\/07\/30\/conmemoraron-el-213-aniversario-luctuoso-de-miguel-hidalgo\/"},"author":{"name":"Redaccion","@id":"https:\/\/elhijodelllanero.mx\/#\/schema\/person\/5dcfdd3db3a6f7e7906ef5d92cf7340b"},"headline":"Conmemoraron el 213 aniversario luctuoso de Miguel Hidalgo.","datePublished":"2024-07-30T21:25:39+00:00","mainEntityOfPage":{"@id":"https:\/\/elhijodelllanero.mx\/index.php\/2024\/07\/30\/conmemoraron-el-213-aniversario-luctuoso-de-miguel-hidalgo\/"},"wordCount":231,"commentCount":0,"image":{"@id":"https:\/\/elhijodelllanero.mx\/index.php\/2024\/07\/30\/conmemoraron-el-213-aniversario-luctuoso-de-miguel-hidalgo\/#primaryimage"},"thumbnailUrl":"https:\/\/i0.wp.com\/elhijodelllanero.mx\/wp-content\/uploads\/2024\/07\/IMG-20240730-WA0035.jpg?fit=1280%2C853&ssl=1","articleSection":["CELAYA"],"inLanguage":"es","potentialAction":[{"@type":"CommentAction","name":"Comment","target":["https:\/\/elhijodelllanero.mx\/index.php\/2024\/07\/30\/conmemoraron-el-213-aniversario-luctuoso-de-miguel-hidalgo\/#respond"]}]},{"@type":"WebPage","@id":"https:\/\/elhijodelllanero.mx\/index.php\/2024\/07\/30\/conmemoraron-el-213-aniversario-luctuoso-de-miguel-hidalgo\/","url":"https:\/\/elhijodelllanero.mx\/index.php\/2024\/07\/30\/conmemoraron-el-213-aniversario-luctuoso-de-miguel-hidalgo\/","name":"Conmemoraron el 213 aniversario luctuoso de Miguel Hidalgo. - El Hijo del llanero solititito","isPartOf":{"@id":"https:\/\/elhijodelllanero.mx\/#website"},"primaryImageOfPage":{"@id":"https:\/\/elhijodelllanero.mx\/index.php\/2024\/07\/30\/conmemoraron-el-213-aniversario-luctuoso-de-miguel-hidalgo\/#primaryimage"},"image":{"@id":"https:\/\/elhijodelllanero.mx\/index.php\/2024\/07\/30\/conmemoraron-el-213-aniversario-luctuoso-de-miguel-hidalgo\/#primaryimage"},"thumbnailUrl":"https:\/\/i0.wp.com\/elhijodelllanero.mx\/wp-content\/uploads\/2024\/07\/IMG-20240730-WA0035.jpg?fit=1280%2C853&ssl=1","datePublished":"2024-07-30T21:25:39+00:00","author":{"@id":"https:\/\/elhijodelllanero.mx\/#\/schema\/person\/5dcfdd3db3a6f7e7906ef5d92cf7340b"},"breadcrumb":{"@id":"https:\/\/elhijodelllanero.mx\/index.php\/2024\/07\/30\/conmemoraron-el-213-aniversario-luctuoso-de-miguel-hidalgo\/#breadcrumb"},"inLanguage":"es","potentialAction":[{"@type":"ReadAction","target":["https:\/\/elhijodelllanero.mx\/index.php\/2024\/07\/30\/conmemoraron-el-213-aniversario-luctuoso-de-miguel-hidalgo\/"]}]},{"@type":"ImageObject","inLanguage":"es","@id":"https:\/\/elhijodelllanero.mx\/index.php\/2024\/07\/30\/conmemoraron-el-213-aniversario-luctuoso-de-miguel-hidalgo\/#primaryimage","url":"https:\/\/i0.wp.com\/elhijodelllanero.mx\/wp-content\/uploads\/2024\/07\/IMG-20240730-WA0035.jpg?fit=1280%2C853&ssl=1","contentUrl":"https:\/\/i0.wp.com\/elhijodelllanero.mx\/wp-content\/uploads\/2024\/07\/IMG-20240730-WA0035.jpg?fit=1280%2C853&ssl=1","width":1280,"height":853},{"@type":"BreadcrumbList","@id":"https:\/\/elhijodelllanero.mx\/index.php\/2024\/07\/30\/conmemoraron-el-213-aniversario-luctuoso-de-miguel-hidalgo\/#breadcrumb","itemListElement":[{"@type":"ListItem","position":1,"name":"Portada","item":"https:\/\/elhijodelllanero.mx\/"},{"@type":"ListItem","position":2,"name":"Conmemoraron el 213 aniversario luctuoso de Miguel Hidalgo."}]},{"@type":"WebSite","@id":"https:\/\/elhijodelllanero.mx\/#website","url":"https:\/\/elhijodelllanero.mx\/","name":"El Hijo del llanero solititito","description":"","potentialAction":[{"@type":"SearchAction","target":{"@type":"EntryPoint","urlTemplate":"https:\/\/elhijodelllanero.mx\/?s={search_term_string}"},"query-input":{"@type":"PropertyValueSpecification","valueRequired":true,"valueName":"search_term_string"}}],"inLanguage":"es"},{"@type":"Person","@id":"https:\/\/elhijodelllanero.mx\/#\/schema\/person\/5dcfdd3db3a6f7e7906ef5d92cf7340b","name":"Redaccion","image":{"@type":"ImageObject","inLanguage":"es","@id":"https:\/\/secure.gravatar.com\/avatar\/f65b913d6e7be363e7396f7fad32ab76d311fbb575fa7e623ec3ea4799f3b718?s=96&d=mm&r=g","url":"https:\/\/secure.gravatar.com\/avatar\/f65b913d6e7be363e7396f7fad32ab76d311fbb575fa7e623ec3ea4799f3b718?s=96&d=mm&r=g","contentUrl":"https:\/\/secure.gravatar.com\/avatar\/f65b913d6e7be363e7396f7fad32ab76d311fbb575fa7e623ec3ea4799f3b718?s=96&d=mm&r=g","caption":"Redaccion"},"sameAs":["https:\/\/www.elhijodelllanero.mx"],"url":"https:\/\/elhijodelllanero.mx\/index.php\/author\/admin_6smc8z8t\/"}]}},"jetpack_featured_media_url":"https:\/\/i0.wp.com\/elhijodelllanero.mx\/wp-content\/uploads\/2024\/07\/IMG-20240730-WA0035.jpg?fit=1280%2C853&ssl=1","jetpack-related-posts":[],"jetpack_sharing_enabled":true,"_links":{"self":[{"href":"https:\/\/elhijodelllanero.mx\/index.php\/wp-json\/wp\/v2\/posts\/8497","targetHints":{"allow":["GET"]}}],"collection":[{"href":"https:\/\/elhijodelllanero.mx\/index.php\/wp-json\/wp\/v2\/posts"}],"about":[{"href":"https:\/\/elhijodelllanero.mx\/index.php\/wp-json\/wp\/v2\/types\/post"}],"author":[{"embeddable":true,"href":"https:\/\/elhijodelllanero.mx\/index.php\/wp-json\/wp\/v2\/users\/1"}],"replies":[{"embeddable":true,"href":"https:\/\/elhijodelllanero.mx\/index.php\/wp-json\/wp\/v2\/comments?post=8497"}],"version-history":[{"count":1,"href":"https:\/\/elhijodelllanero.mx\/index.php\/wp-json\/wp\/v2\/posts\/8497\/revisions"}],"predecessor-version":[{"id":8499,"href":"https:\/\/elhijodelllanero.mx\/index.php\/wp-json\/wp\/v2\/posts\/8497\/revisions\/8499"}],"wp:featuredmedia":[{"embeddable":true,"href":"https:\/\/elhijodelllanero.mx\/index.php\/wp-json\/wp\/v2\/media\/8498"}],"wp:attachment":[{"href":"https:\/\/elhijodelllanero.mx\/index.php\/wp-json\/wp\/v2\/media?parent=8497"}],"wp:term":[{"taxonomy":"category","embeddable":true,"href":"https:\/\/elhijodelllanero.mx\/index.php\/wp-json\/wp\/v2\/categories?post=8497"},{"taxonomy":"post_tag","embeddable":true,"href":"https:\/\/elhijodelllanero.mx\/index.php\/wp-json\/wp\/v2\/tags?post=8497"}],"curies":[{"name":"wp","href":"https:\/\/api.w.org\/{rel}","templated":true}]}}