{"id":8512,"date":"2024-07-30T23:40:58","date_gmt":"2024-07-30T23:40:58","guid":{"rendered":"https:\/\/elhijodelllanero.mx\/?p=8512"},"modified":"2024-07-30T23:40:58","modified_gmt":"2024-07-30T23:40:58","slug":"vinculado-a-proceso-penal-por-explotacion-sexual-lo-detuvieron-tras-operativo-de-guardia-nacional-aic-y-hsi","status":"publish","type":"post","link":"https:\/\/elhijodelllanero.mx\/index.php\/2024\/07\/30\/vinculado-a-proceso-penal-por-explotacion-sexual-lo-detuvieron-tras-operativo-de-guardia-nacional-aic-y-hsi\/","title":{"rendered":"Vinculado a proceso penal por explotaci\u00f3n sexual, lo detuvieron tras operativo de Guardia Nacional, AIC y HSI."},"content":{"rendered":"<p>&nbsp;<\/p>\n<p>Salamanca, Gto., 30 julio 2024.- Involucrados en la lucha contra la Trata de Personas, la Fiscal\u00eda de Guanajuato a trav\u00e9s de la Unidad Especializada en Combate a la Trata de Personas (UECOT), logr\u00f3 la captura de Miguel Ren\u00e9, acusado como autor en el delito de explotaci\u00f3n sexual, en la ciudad de Salamanca.<br \/>\nUn Agente del Ministerio P\u00fablico de la UECOT tuvo conocimiento de los hechos por parte de la Divisi\u00f3n Cient\u00edfica de la Guardia Nacional, en colaboraci\u00f3n con Agentes Especiales de Homeland Security Investigation en EUA, quienes detectaron un grupo de mensajer\u00eda instant\u00e1nea donde se distribu\u00eda contenido relacionado con abuso sexual.<br \/>\nUna vez atra\u00eddo el caso, la Agencia de Investigaci\u00f3n Criminal de Guanajuato (AIC) en colaboraci\u00f3n con el Centro Nacional de Ni\u00f1os Desaparecidos y Explotados, lograron identificar al presunto responsable, quien fue ubicado y capturado con orden de aprehensi\u00f3n por una c\u00e9lula ministerial de la UECOT.<br \/>\nTras ser detenido, hoy que se conmemora el D\u00eda Mundial Contra la Trata de Personas, el inculpado fue vinculado a proceso penal por el delito de explotaci\u00f3n sexual hasta que se determinen las sanciones penales a las que ser\u00e1 sometido por su conducta criminal.<\/p>\n","protected":false},"excerpt":{"rendered":"<p>&nbsp; Salamanca, Gto., 30 julio 2024.- Involucrados en la lucha contra la Trata de Personas, la Fiscal\u00eda de Guanajuato a trav\u00e9s de la Unidad Especializada en Combate a la Trata de Personas (UECOT), logr\u00f3 la captura de Miguel Ren\u00e9, acusado como autor en el delito de explotaci\u00f3n sexual, en la ciudad de Salamanca. Un Agente [&hellip;]<\/p>\n","protected":false},"author":1,"featured_media":8513,"comment_status":"open","ping_status":"closed","sticky":false,"template":"","format":"standard","meta":{"_jetpack_newsletter_access":"","_jetpack_dont_email_post_to_subs":false,"_jetpack_newsletter_tier_id":0,"_jetpack_memberships_contains_paywalled_content":false,"_jetpack_memberships_contains_paid_content":false,"footnotes":""},"categories":[82],"tags":[],"class_list":{"0":"post-8512","1":"post","2":"type-post","3":"status-publish","4":"format-standard","5":"has-post-thumbnail","7":"category-policiaco"},"yoast_head":"<!-- This site is optimized with the Yoast SEO plugin v27.3 - https:\/\/yoast.com\/product\/yoast-seo-wordpress\/ -->\n<title>Vinculado a proceso penal por explotaci\u00f3n sexual, lo detuvieron tras operativo de Guardia Nacional, AIC y HSI. - El Hijo del llanero solititito<\/title>\n<meta name=\"robots\" content=\"index, follow, max-snippet:-1, max-image-preview:large, max-video-preview:-1\" \/>\n<link rel=\"canonical\" href=\"https:\/\/elhijodelllanero.mx\/index.php\/2024\/07\/30\/vinculado-a-proceso-penal-por-explotacion-sexual-lo-detuvieron-tras-operativo-de-guardia-nacional-aic-y-hsi\/\" \/>\n<meta property=\"og:locale\" content=\"es_ES\" \/>\n<meta property=\"og:type\" content=\"article\" \/>\n<meta property=\"og:title\" content=\"Vinculado a proceso penal por explotaci\u00f3n sexual, lo detuvieron tras operativo de Guardia Nacional, AIC y HSI. - El Hijo del llanero solititito\" \/>\n<meta property=\"og:description\" content=\"&nbsp; Salamanca, Gto., 30 julio 2024.- Involucrados en la lucha contra la Trata de Personas, la Fiscal\u00eda de Guanajuato a trav\u00e9s de la Unidad Especializada en Combate a la Trata de Personas (UECOT), logr\u00f3 la captura de Miguel Ren\u00e9, acusado como autor en el delito de explotaci\u00f3n sexual, en la ciudad de Salamanca. Un Agente [&hellip;]\" \/>\n<meta property=\"og:url\" content=\"https:\/\/elhijodelllanero.mx\/index.php\/2024\/07\/30\/vinculado-a-proceso-penal-por-explotacion-sexual-lo-detuvieron-tras-operativo-de-guardia-nacional-aic-y-hsi\/\" \/>\n<meta property=\"og:site_name\" content=\"El Hijo del llanero solititito\" \/>\n<meta property=\"article:published_time\" content=\"2024-07-30T23:40:58+00:00\" \/>\n<meta property=\"og:image\" content=\"https:\/\/elhijodelllanero.mx\/wp-content\/uploads\/2024\/07\/IMG-20240730-WA0046.jpg\" \/>\n\t<meta property=\"og:image:width\" content=\"734\" \/>\n\t<meta property=\"og:image:height\" content=\"680\" \/>\n\t<meta property=\"og:image:type\" content=\"image\/jpeg\" \/>\n<meta name=\"author\" content=\"Redaccion\" \/>\n<meta name=\"twitter:card\" content=\"summary_large_image\" \/>\n<meta name=\"twitter:label1\" content=\"Escrito por\" \/>\n\t<meta name=\"twitter:data1\" content=\"Redaccion\" \/>\n\t<meta name=\"twitter:label2\" content=\"Tiempo de lectura\" \/>\n\t<meta name=\"twitter:data2\" content=\"2 minutos\" \/>\n<script type=\"application\/ld+json\" class=\"yoast-schema-graph\">{\"@context\":\"https:\\\/\\\/schema.org\",\"@graph\":[{\"@type\":\"Article\",\"@id\":\"https:\\\/\\\/elhijodelllanero.mx\\\/index.php\\\/2024\\\/07\\\/30\\\/vinculado-a-proceso-penal-por-explotacion-sexual-lo-detuvieron-tras-operativo-de-guardia-nacional-aic-y-hsi\\\/#article\",\"isPartOf\":{\"@id\":\"https:\\\/\\\/elhijodelllanero.mx\\\/index.php\\\/2024\\\/07\\\/30\\\/vinculado-a-proceso-penal-por-explotacion-sexual-lo-detuvieron-tras-operativo-de-guardia-nacional-aic-y-hsi\\\/\"},\"author\":{\"name\":\"Redaccion\",\"@id\":\"https:\\\/\\\/elhijodelllanero.mx\\\/#\\\/schema\\\/person\\\/5dcfdd3db3a6f7e7906ef5d92cf7340b\"},\"headline\":\"Vinculado a proceso penal por explotaci\u00f3n sexual, lo detuvieron tras operativo de Guardia Nacional, AIC y HSI.\",\"datePublished\":\"2024-07-30T23:40:58+00:00\",\"mainEntityOfPage\":{\"@id\":\"https:\\\/\\\/elhijodelllanero.mx\\\/index.php\\\/2024\\\/07\\\/30\\\/vinculado-a-proceso-penal-por-explotacion-sexual-lo-detuvieron-tras-operativo-de-guardia-nacional-aic-y-hsi\\\/\"},\"wordCount\":226,\"commentCount\":0,\"image\":{\"@id\":\"https:\\\/\\\/elhijodelllanero.mx\\\/index.php\\\/2024\\\/07\\\/30\\\/vinculado-a-proceso-penal-por-explotacion-sexual-lo-detuvieron-tras-operativo-de-guardia-nacional-aic-y-hsi\\\/#primaryimage\"},\"thumbnailUrl\":\"https:\\\/\\\/i0.wp.com\\\/elhijodelllanero.mx\\\/wp-content\\\/uploads\\\/2024\\\/07\\\/IMG-20240730-WA0046.jpg?fit=734%2C680&ssl=1\",\"articleSection\":[\"POLICIACO\"],\"inLanguage\":\"es\",\"potentialAction\":[{\"@type\":\"CommentAction\",\"name\":\"Comment\",\"target\":[\"https:\\\/\\\/elhijodelllanero.mx\\\/index.php\\\/2024\\\/07\\\/30\\\/vinculado-a-proceso-penal-por-explotacion-sexual-lo-detuvieron-tras-operativo-de-guardia-nacional-aic-y-hsi\\\/#respond\"]}]},{\"@type\":\"WebPage\",\"@id\":\"https:\\\/\\\/elhijodelllanero.mx\\\/index.php\\\/2024\\\/07\\\/30\\\/vinculado-a-proceso-penal-por-explotacion-sexual-lo-detuvieron-tras-operativo-de-guardia-nacional-aic-y-hsi\\\/\",\"url\":\"https:\\\/\\\/elhijodelllanero.mx\\\/index.php\\\/2024\\\/07\\\/30\\\/vinculado-a-proceso-penal-por-explotacion-sexual-lo-detuvieron-tras-operativo-de-guardia-nacional-aic-y-hsi\\\/\",\"name\":\"Vinculado a proceso penal por explotaci\u00f3n sexual, lo detuvieron tras operativo de Guardia Nacional, AIC y HSI. - El Hijo del llanero solititito\",\"isPartOf\":{\"@id\":\"https:\\\/\\\/elhijodelllanero.mx\\\/#website\"},\"primaryImageOfPage\":{\"@id\":\"https:\\\/\\\/elhijodelllanero.mx\\\/index.php\\\/2024\\\/07\\\/30\\\/vinculado-a-proceso-penal-por-explotacion-sexual-lo-detuvieron-tras-operativo-de-guardia-nacional-aic-y-hsi\\\/#primaryimage\"},\"image\":{\"@id\":\"https:\\\/\\\/elhijodelllanero.mx\\\/index.php\\\/2024\\\/07\\\/30\\\/vinculado-a-proceso-penal-por-explotacion-sexual-lo-detuvieron-tras-operativo-de-guardia-nacional-aic-y-hsi\\\/#primaryimage\"},\"thumbnailUrl\":\"https:\\\/\\\/i0.wp.com\\\/elhijodelllanero.mx\\\/wp-content\\\/uploads\\\/2024\\\/07\\\/IMG-20240730-WA0046.jpg?fit=734%2C680&ssl=1\",\"datePublished\":\"2024-07-30T23:40:58+00:00\",\"author\":{\"@id\":\"https:\\\/\\\/elhijodelllanero.mx\\\/#\\\/schema\\\/person\\\/5dcfdd3db3a6f7e7906ef5d92cf7340b\"},\"breadcrumb\":{\"@id\":\"https:\\\/\\\/elhijodelllanero.mx\\\/index.php\\\/2024\\\/07\\\/30\\\/vinculado-a-proceso-penal-por-explotacion-sexual-lo-detuvieron-tras-operativo-de-guardia-nacional-aic-y-hsi\\\/#breadcrumb\"},\"inLanguage\":\"es\",\"potentialAction\":[{\"@type\":\"ReadAction\",\"target\":[\"https:\\\/\\\/elhijodelllanero.mx\\\/index.php\\\/2024\\\/07\\\/30\\\/vinculado-a-proceso-penal-por-explotacion-sexual-lo-detuvieron-tras-operativo-de-guardia-nacional-aic-y-hsi\\\/\"]}]},{\"@type\":\"ImageObject\",\"inLanguage\":\"es\",\"@id\":\"https:\\\/\\\/elhijodelllanero.mx\\\/index.php\\\/2024\\\/07\\\/30\\\/vinculado-a-proceso-penal-por-explotacion-sexual-lo-detuvieron-tras-operativo-de-guardia-nacional-aic-y-hsi\\\/#primaryimage\",\"url\":\"https:\\\/\\\/i0.wp.com\\\/elhijodelllanero.mx\\\/wp-content\\\/uploads\\\/2024\\\/07\\\/IMG-20240730-WA0046.jpg?fit=734%2C680&ssl=1\",\"contentUrl\":\"https:\\\/\\\/i0.wp.com\\\/elhijodelllanero.mx\\\/wp-content\\\/uploads\\\/2024\\\/07\\\/IMG-20240730-WA0046.jpg?fit=734%2C680&ssl=1\",\"width\":734,\"height\":680},{\"@type\":\"BreadcrumbList\",\"@id\":\"https:\\\/\\\/elhijodelllanero.mx\\\/index.php\\\/2024\\\/07\\\/30\\\/vinculado-a-proceso-penal-por-explotacion-sexual-lo-detuvieron-tras-operativo-de-guardia-nacional-aic-y-hsi\\\/#breadcrumb\",\"itemListElement\":[{\"@type\":\"ListItem\",\"position\":1,\"name\":\"Portada\",\"item\":\"https:\\\/\\\/elhijodelllanero.mx\\\/\"},{\"@type\":\"ListItem\",\"position\":2,\"name\":\"Vinculado a proceso penal por explotaci\u00f3n sexual, lo detuvieron tras operativo de Guardia Nacional, AIC y HSI.\"}]},{\"@type\":\"WebSite\",\"@id\":\"https:\\\/\\\/elhijodelllanero.mx\\\/#website\",\"url\":\"https:\\\/\\\/elhijodelllanero.mx\\\/\",\"name\":\"El Hijo del llanero solititito\",\"description\":\"\",\"potentialAction\":[{\"@type\":\"SearchAction\",\"target\":{\"@type\":\"EntryPoint\",\"urlTemplate\":\"https:\\\/\\\/elhijodelllanero.mx\\\/?s={search_term_string}\"},\"query-input\":{\"@type\":\"PropertyValueSpecification\",\"valueRequired\":true,\"valueName\":\"search_term_string\"}}],\"inLanguage\":\"es\"},{\"@type\":\"Person\",\"@id\":\"https:\\\/\\\/elhijodelllanero.mx\\\/#\\\/schema\\\/person\\\/5dcfdd3db3a6f7e7906ef5d92cf7340b\",\"name\":\"Redaccion\",\"image\":{\"@type\":\"ImageObject\",\"inLanguage\":\"es\",\"@id\":\"https:\\\/\\\/secure.gravatar.com\\\/avatar\\\/f65b913d6e7be363e7396f7fad32ab76d311fbb575fa7e623ec3ea4799f3b718?s=96&d=mm&r=g\",\"url\":\"https:\\\/\\\/secure.gravatar.com\\\/avatar\\\/f65b913d6e7be363e7396f7fad32ab76d311fbb575fa7e623ec3ea4799f3b718?s=96&d=mm&r=g\",\"contentUrl\":\"https:\\\/\\\/secure.gravatar.com\\\/avatar\\\/f65b913d6e7be363e7396f7fad32ab76d311fbb575fa7e623ec3ea4799f3b718?s=96&d=mm&r=g\",\"caption\":\"Redaccion\"},\"sameAs\":[\"https:\\\/\\\/www.elhijodelllanero.mx\"],\"url\":\"https:\\\/\\\/elhijodelllanero.mx\\\/index.php\\\/author\\\/admin_6smc8z8t\\\/\"}]}<\/script>\n<!-- \/ Yoast SEO plugin. -->","yoast_head_json":{"title":"Vinculado a proceso penal por explotaci\u00f3n sexual, lo detuvieron tras operativo de Guardia Nacional, AIC y HSI. - El Hijo del llanero solititito","robots":{"index":"index","follow":"follow","max-snippet":"max-snippet:-1","max-image-preview":"max-image-preview:large","max-video-preview":"max-video-preview:-1"},"canonical":"https:\/\/elhijodelllanero.mx\/index.php\/2024\/07\/30\/vinculado-a-proceso-penal-por-explotacion-sexual-lo-detuvieron-tras-operativo-de-guardia-nacional-aic-y-hsi\/","og_locale":"es_ES","og_type":"article","og_title":"Vinculado a proceso penal por explotaci\u00f3n sexual, lo detuvieron tras operativo de Guardia Nacional, AIC y HSI. - El Hijo del llanero solititito","og_description":"&nbsp; Salamanca, Gto., 30 julio 2024.- Involucrados en la lucha contra la Trata de Personas, la Fiscal\u00eda de Guanajuato a trav\u00e9s de la Unidad Especializada en Combate a la Trata de Personas (UECOT), logr\u00f3 la captura de Miguel Ren\u00e9, acusado como autor en el delito de explotaci\u00f3n sexual, en la ciudad de Salamanca. Un Agente [&hellip;]","og_url":"https:\/\/elhijodelllanero.mx\/index.php\/2024\/07\/30\/vinculado-a-proceso-penal-por-explotacion-sexual-lo-detuvieron-tras-operativo-de-guardia-nacional-aic-y-hsi\/","og_site_name":"El Hijo del llanero solititito","article_published_time":"2024-07-30T23:40:58+00:00","og_image":[{"width":734,"height":680,"url":"https:\/\/elhijodelllanero.mx\/wp-content\/uploads\/2024\/07\/IMG-20240730-WA0046.jpg","type":"image\/jpeg"}],"author":"Redaccion","twitter_card":"summary_large_image","twitter_misc":{"Escrito por":"Redaccion","Tiempo de lectura":"2 minutos"},"schema":{"@context":"https:\/\/schema.org","@graph":[{"@type":"Article","@id":"https:\/\/elhijodelllanero.mx\/index.php\/2024\/07\/30\/vinculado-a-proceso-penal-por-explotacion-sexual-lo-detuvieron-tras-operativo-de-guardia-nacional-aic-y-hsi\/#article","isPartOf":{"@id":"https:\/\/elhijodelllanero.mx\/index.php\/2024\/07\/30\/vinculado-a-proceso-penal-por-explotacion-sexual-lo-detuvieron-tras-operativo-de-guardia-nacional-aic-y-hsi\/"},"author":{"name":"Redaccion","@id":"https:\/\/elhijodelllanero.mx\/#\/schema\/person\/5dcfdd3db3a6f7e7906ef5d92cf7340b"},"headline":"Vinculado a proceso penal por explotaci\u00f3n sexual, lo detuvieron tras operativo de Guardia Nacional, AIC y HSI.","datePublished":"2024-07-30T23:40:58+00:00","mainEntityOfPage":{"@id":"https:\/\/elhijodelllanero.mx\/index.php\/2024\/07\/30\/vinculado-a-proceso-penal-por-explotacion-sexual-lo-detuvieron-tras-operativo-de-guardia-nacional-aic-y-hsi\/"},"wordCount":226,"commentCount":0,"image":{"@id":"https:\/\/elhijodelllanero.mx\/index.php\/2024\/07\/30\/vinculado-a-proceso-penal-por-explotacion-sexual-lo-detuvieron-tras-operativo-de-guardia-nacional-aic-y-hsi\/#primaryimage"},"thumbnailUrl":"https:\/\/i0.wp.com\/elhijodelllanero.mx\/wp-content\/uploads\/2024\/07\/IMG-20240730-WA0046.jpg?fit=734%2C680&ssl=1","articleSection":["POLICIACO"],"inLanguage":"es","potentialAction":[{"@type":"CommentAction","name":"Comment","target":["https:\/\/elhijodelllanero.mx\/index.php\/2024\/07\/30\/vinculado-a-proceso-penal-por-explotacion-sexual-lo-detuvieron-tras-operativo-de-guardia-nacional-aic-y-hsi\/#respond"]}]},{"@type":"WebPage","@id":"https:\/\/elhijodelllanero.mx\/index.php\/2024\/07\/30\/vinculado-a-proceso-penal-por-explotacion-sexual-lo-detuvieron-tras-operativo-de-guardia-nacional-aic-y-hsi\/","url":"https:\/\/elhijodelllanero.mx\/index.php\/2024\/07\/30\/vinculado-a-proceso-penal-por-explotacion-sexual-lo-detuvieron-tras-operativo-de-guardia-nacional-aic-y-hsi\/","name":"Vinculado a proceso penal por explotaci\u00f3n sexual, lo detuvieron tras operativo de Guardia Nacional, AIC y HSI. - El Hijo del llanero solititito","isPartOf":{"@id":"https:\/\/elhijodelllanero.mx\/#website"},"primaryImageOfPage":{"@id":"https:\/\/elhijodelllanero.mx\/index.php\/2024\/07\/30\/vinculado-a-proceso-penal-por-explotacion-sexual-lo-detuvieron-tras-operativo-de-guardia-nacional-aic-y-hsi\/#primaryimage"},"image":{"@id":"https:\/\/elhijodelllanero.mx\/index.php\/2024\/07\/30\/vinculado-a-proceso-penal-por-explotacion-sexual-lo-detuvieron-tras-operativo-de-guardia-nacional-aic-y-hsi\/#primaryimage"},"thumbnailUrl":"https:\/\/i0.wp.com\/elhijodelllanero.mx\/wp-content\/uploads\/2024\/07\/IMG-20240730-WA0046.jpg?fit=734%2C680&ssl=1","datePublished":"2024-07-30T23:40:58+00:00","author":{"@id":"https:\/\/elhijodelllanero.mx\/#\/schema\/person\/5dcfdd3db3a6f7e7906ef5d92cf7340b"},"breadcrumb":{"@id":"https:\/\/elhijodelllanero.mx\/index.php\/2024\/07\/30\/vinculado-a-proceso-penal-por-explotacion-sexual-lo-detuvieron-tras-operativo-de-guardia-nacional-aic-y-hsi\/#breadcrumb"},"inLanguage":"es","potentialAction":[{"@type":"ReadAction","target":["https:\/\/elhijodelllanero.mx\/index.php\/2024\/07\/30\/vinculado-a-proceso-penal-por-explotacion-sexual-lo-detuvieron-tras-operativo-de-guardia-nacional-aic-y-hsi\/"]}]},{"@type":"ImageObject","inLanguage":"es","@id":"https:\/\/elhijodelllanero.mx\/index.php\/2024\/07\/30\/vinculado-a-proceso-penal-por-explotacion-sexual-lo-detuvieron-tras-operativo-de-guardia-nacional-aic-y-hsi\/#primaryimage","url":"https:\/\/i0.wp.com\/elhijodelllanero.mx\/wp-content\/uploads\/2024\/07\/IMG-20240730-WA0046.jpg?fit=734%2C680&ssl=1","contentUrl":"https:\/\/i0.wp.com\/elhijodelllanero.mx\/wp-content\/uploads\/2024\/07\/IMG-20240730-WA0046.jpg?fit=734%2C680&ssl=1","width":734,"height":680},{"@type":"BreadcrumbList","@id":"https:\/\/elhijodelllanero.mx\/index.php\/2024\/07\/30\/vinculado-a-proceso-penal-por-explotacion-sexual-lo-detuvieron-tras-operativo-de-guardia-nacional-aic-y-hsi\/#breadcrumb","itemListElement":[{"@type":"ListItem","position":1,"name":"Portada","item":"https:\/\/elhijodelllanero.mx\/"},{"@type":"ListItem","position":2,"name":"Vinculado a proceso penal por explotaci\u00f3n sexual, lo detuvieron tras operativo de Guardia Nacional, AIC y HSI."}]},{"@type":"WebSite","@id":"https:\/\/elhijodelllanero.mx\/#website","url":"https:\/\/elhijodelllanero.mx\/","name":"El Hijo del llanero solititito","description":"","potentialAction":[{"@type":"SearchAction","target":{"@type":"EntryPoint","urlTemplate":"https:\/\/elhijodelllanero.mx\/?s={search_term_string}"},"query-input":{"@type":"PropertyValueSpecification","valueRequired":true,"valueName":"search_term_string"}}],"inLanguage":"es"},{"@type":"Person","@id":"https:\/\/elhijodelllanero.mx\/#\/schema\/person\/5dcfdd3db3a6f7e7906ef5d92cf7340b","name":"Redaccion","image":{"@type":"ImageObject","inLanguage":"es","@id":"https:\/\/secure.gravatar.com\/avatar\/f65b913d6e7be363e7396f7fad32ab76d311fbb575fa7e623ec3ea4799f3b718?s=96&d=mm&r=g","url":"https:\/\/secure.gravatar.com\/avatar\/f65b913d6e7be363e7396f7fad32ab76d311fbb575fa7e623ec3ea4799f3b718?s=96&d=mm&r=g","contentUrl":"https:\/\/secure.gravatar.com\/avatar\/f65b913d6e7be363e7396f7fad32ab76d311fbb575fa7e623ec3ea4799f3b718?s=96&d=mm&r=g","caption":"Redaccion"},"sameAs":["https:\/\/www.elhijodelllanero.mx"],"url":"https:\/\/elhijodelllanero.mx\/index.php\/author\/admin_6smc8z8t\/"}]}},"jetpack_featured_media_url":"https:\/\/i0.wp.com\/elhijodelllanero.mx\/wp-content\/uploads\/2024\/07\/IMG-20240730-WA0046.jpg?fit=734%2C680&ssl=1","jetpack-related-posts":[],"jetpack_sharing_enabled":true,"_links":{"self":[{"href":"https:\/\/elhijodelllanero.mx\/index.php\/wp-json\/wp\/v2\/posts\/8512","targetHints":{"allow":["GET"]}}],"collection":[{"href":"https:\/\/elhijodelllanero.mx\/index.php\/wp-json\/wp\/v2\/posts"}],"about":[{"href":"https:\/\/elhijodelllanero.mx\/index.php\/wp-json\/wp\/v2\/types\/post"}],"author":[{"embeddable":true,"href":"https:\/\/elhijodelllanero.mx\/index.php\/wp-json\/wp\/v2\/users\/1"}],"replies":[{"embeddable":true,"href":"https:\/\/elhijodelllanero.mx\/index.php\/wp-json\/wp\/v2\/comments?post=8512"}],"version-history":[{"count":1,"href":"https:\/\/elhijodelllanero.mx\/index.php\/wp-json\/wp\/v2\/posts\/8512\/revisions"}],"predecessor-version":[{"id":8514,"href":"https:\/\/elhijodelllanero.mx\/index.php\/wp-json\/wp\/v2\/posts\/8512\/revisions\/8514"}],"wp:featuredmedia":[{"embeddable":true,"href":"https:\/\/elhijodelllanero.mx\/index.php\/wp-json\/wp\/v2\/media\/8513"}],"wp:attachment":[{"href":"https:\/\/elhijodelllanero.mx\/index.php\/wp-json\/wp\/v2\/media?parent=8512"}],"wp:term":[{"taxonomy":"category","embeddable":true,"href":"https:\/\/elhijodelllanero.mx\/index.php\/wp-json\/wp\/v2\/categories?post=8512"},{"taxonomy":"post_tag","embeddable":true,"href":"https:\/\/elhijodelllanero.mx\/index.php\/wp-json\/wp\/v2\/tags?post=8512"}],"curies":[{"name":"wp","href":"https:\/\/api.w.org\/{rel}","templated":true}]}}