{"id":8518,"date":"2024-07-31T19:13:18","date_gmt":"2024-07-31T19:13:18","guid":{"rendered":"https:\/\/elhijodelllanero.mx\/?p=8518"},"modified":"2024-07-31T19:13:18","modified_gmt":"2024-07-31T19:13:18","slug":"inicia-curso-de-verano-por-parte-de-la-coordinacion-de-salud-comonforense","status":"publish","type":"post","link":"https:\/\/elhijodelllanero.mx\/index.php\/2024\/07\/31\/inicia-curso-de-verano-por-parte-de-la-coordinacion-de-salud-comonforense\/","title":{"rendered":"Inicia Curso de Verano por parte de la Coordinaci\u00f3n de Salud comonforense."},"content":{"rendered":"<p>&nbsp;<\/p>\n<p>Comonfort, Gto., 31 julio 2024.- Con el objetivo de brindar t\u00e9cnicas y actividades favorables para mantener a los ni\u00f1os entretenidos durante el periodo vacacional, la Coordinaci\u00f3n de Salud Municipal dio inicio a un Curso de Verano gratuito.<br \/>\nLos cursos de verano, complementan estrategias para el aprendizaje de los menores que, adem\u00e1s, est\u00e1n vinculados con diversas \u00e1reas de estudio o que contribuyen para tener un mejor desempe\u00f1o acad\u00e9mico y social.<br \/>\nEn este curso de verano se imparten clases de activaci\u00f3n f\u00edsica, pintura, cartoner\u00eda, elaboraci\u00f3n de nieve y t\u00e9cnicas de relajaci\u00f3n.<br \/>\nLas edades para inscripci\u00f3n van de los cuatro a 12 a\u00f1os, y es importante resaltar que es totalmente gratuito.<br \/>\nEl curso de verano se realiza los viernes, del 26 de julio al 23 de agosto en las instalaciones de la COMUDE, en un horario de 10 de la ma\u00f1ana a 12 del mediod\u00eda.<br \/>\nPara mayor informaci\u00f3n, es directamente en la oficina de la Coordinaci\u00f3n de Salud, en un horario de nueve de la ma\u00f1ana a cuatro de la tarde, el cupo es limitado.<\/p>\n","protected":false},"excerpt":{"rendered":"<p>&nbsp; Comonfort, Gto., 31 julio 2024.- Con el objetivo de brindar t\u00e9cnicas y actividades favorables para mantener a los ni\u00f1os entretenidos durante el periodo vacacional, la Coordinaci\u00f3n de Salud Municipal dio inicio a un Curso de Verano gratuito. Los cursos de verano, complementan estrategias para el aprendizaje de los menores que, adem\u00e1s, est\u00e1n vinculados con [&hellip;]<\/p>\n","protected":false},"author":1,"featured_media":8519,"comment_status":"open","ping_status":"closed","sticky":false,"template":"","format":"standard","meta":{"_jetpack_newsletter_access":"","_jetpack_dont_email_post_to_subs":false,"_jetpack_newsletter_tier_id":0,"_jetpack_memberships_contains_paywalled_content":false,"_jetpack_memberships_contains_paid_content":false,"footnotes":""},"categories":[83],"tags":[],"class_list":{"0":"post-8518","1":"post","2":"type-post","3":"status-publish","4":"format-standard","5":"has-post-thumbnail","7":"category-comonfort"},"yoast_head":"<!-- This site is optimized with the Yoast SEO plugin v27.3 - https:\/\/yoast.com\/product\/yoast-seo-wordpress\/ -->\n<title>Inicia Curso de Verano por parte de la Coordinaci\u00f3n de Salud comonforense. - El Hijo del llanero solititito<\/title>\n<meta name=\"robots\" content=\"index, follow, max-snippet:-1, max-image-preview:large, max-video-preview:-1\" \/>\n<link rel=\"canonical\" href=\"https:\/\/elhijodelllanero.mx\/index.php\/2024\/07\/31\/inicia-curso-de-verano-por-parte-de-la-coordinacion-de-salud-comonforense\/\" \/>\n<meta property=\"og:locale\" content=\"es_ES\" \/>\n<meta property=\"og:type\" content=\"article\" \/>\n<meta property=\"og:title\" content=\"Inicia Curso de Verano por parte de la Coordinaci\u00f3n de Salud comonforense. - El Hijo del llanero solititito\" \/>\n<meta property=\"og:description\" content=\"&nbsp; Comonfort, Gto., 31 julio 2024.- Con el objetivo de brindar t\u00e9cnicas y actividades favorables para mantener a los ni\u00f1os entretenidos durante el periodo vacacional, la Coordinaci\u00f3n de Salud Municipal dio inicio a un Curso de Verano gratuito. Los cursos de verano, complementan estrategias para el aprendizaje de los menores que, adem\u00e1s, est\u00e1n vinculados con [&hellip;]\" \/>\n<meta property=\"og:url\" content=\"https:\/\/elhijodelllanero.mx\/index.php\/2024\/07\/31\/inicia-curso-de-verano-por-parte-de-la-coordinacion-de-salud-comonforense\/\" \/>\n<meta property=\"og:site_name\" content=\"El Hijo del llanero solititito\" \/>\n<meta property=\"article:published_time\" content=\"2024-07-31T19:13:18+00:00\" \/>\n<meta property=\"og:image\" content=\"https:\/\/elhijodelllanero.mx\/wp-content\/uploads\/2024\/07\/IMG-20240731-WA0022.jpg\" \/>\n\t<meta property=\"og:image:width\" content=\"720\" \/>\n\t<meta property=\"og:image:height\" content=\"540\" \/>\n\t<meta property=\"og:image:type\" content=\"image\/jpeg\" \/>\n<meta name=\"author\" content=\"Redaccion\" \/>\n<meta name=\"twitter:card\" content=\"summary_large_image\" \/>\n<meta name=\"twitter:label1\" content=\"Escrito por\" \/>\n\t<meta name=\"twitter:data1\" content=\"Redaccion\" \/>\n\t<meta name=\"twitter:label2\" content=\"Tiempo de lectura\" \/>\n\t<meta name=\"twitter:data2\" content=\"1 minuto\" \/>\n<script type=\"application\/ld+json\" class=\"yoast-schema-graph\">{\"@context\":\"https:\\\/\\\/schema.org\",\"@graph\":[{\"@type\":\"Article\",\"@id\":\"https:\\\/\\\/elhijodelllanero.mx\\\/index.php\\\/2024\\\/07\\\/31\\\/inicia-curso-de-verano-por-parte-de-la-coordinacion-de-salud-comonforense\\\/#article\",\"isPartOf\":{\"@id\":\"https:\\\/\\\/elhijodelllanero.mx\\\/index.php\\\/2024\\\/07\\\/31\\\/inicia-curso-de-verano-por-parte-de-la-coordinacion-de-salud-comonforense\\\/\"},\"author\":{\"name\":\"Redaccion\",\"@id\":\"https:\\\/\\\/elhijodelllanero.mx\\\/#\\\/schema\\\/person\\\/5dcfdd3db3a6f7e7906ef5d92cf7340b\"},\"headline\":\"Inicia Curso de Verano por parte de la Coordinaci\u00f3n de Salud comonforense.\",\"datePublished\":\"2024-07-31T19:13:18+00:00\",\"mainEntityOfPage\":{\"@id\":\"https:\\\/\\\/elhijodelllanero.mx\\\/index.php\\\/2024\\\/07\\\/31\\\/inicia-curso-de-verano-por-parte-de-la-coordinacion-de-salud-comonforense\\\/\"},\"wordCount\":200,\"commentCount\":0,\"image\":{\"@id\":\"https:\\\/\\\/elhijodelllanero.mx\\\/index.php\\\/2024\\\/07\\\/31\\\/inicia-curso-de-verano-por-parte-de-la-coordinacion-de-salud-comonforense\\\/#primaryimage\"},\"thumbnailUrl\":\"https:\\\/\\\/i0.wp.com\\\/elhijodelllanero.mx\\\/wp-content\\\/uploads\\\/2024\\\/07\\\/IMG-20240731-WA0022.jpg?fit=720%2C540&ssl=1\",\"articleSection\":[\"COMONFORT\"],\"inLanguage\":\"es\",\"potentialAction\":[{\"@type\":\"CommentAction\",\"name\":\"Comment\",\"target\":[\"https:\\\/\\\/elhijodelllanero.mx\\\/index.php\\\/2024\\\/07\\\/31\\\/inicia-curso-de-verano-por-parte-de-la-coordinacion-de-salud-comonforense\\\/#respond\"]}]},{\"@type\":\"WebPage\",\"@id\":\"https:\\\/\\\/elhijodelllanero.mx\\\/index.php\\\/2024\\\/07\\\/31\\\/inicia-curso-de-verano-por-parte-de-la-coordinacion-de-salud-comonforense\\\/\",\"url\":\"https:\\\/\\\/elhijodelllanero.mx\\\/index.php\\\/2024\\\/07\\\/31\\\/inicia-curso-de-verano-por-parte-de-la-coordinacion-de-salud-comonforense\\\/\",\"name\":\"Inicia Curso de Verano por parte de la Coordinaci\u00f3n de Salud comonforense. - El Hijo del llanero solititito\",\"isPartOf\":{\"@id\":\"https:\\\/\\\/elhijodelllanero.mx\\\/#website\"},\"primaryImageOfPage\":{\"@id\":\"https:\\\/\\\/elhijodelllanero.mx\\\/index.php\\\/2024\\\/07\\\/31\\\/inicia-curso-de-verano-por-parte-de-la-coordinacion-de-salud-comonforense\\\/#primaryimage\"},\"image\":{\"@id\":\"https:\\\/\\\/elhijodelllanero.mx\\\/index.php\\\/2024\\\/07\\\/31\\\/inicia-curso-de-verano-por-parte-de-la-coordinacion-de-salud-comonforense\\\/#primaryimage\"},\"thumbnailUrl\":\"https:\\\/\\\/i0.wp.com\\\/elhijodelllanero.mx\\\/wp-content\\\/uploads\\\/2024\\\/07\\\/IMG-20240731-WA0022.jpg?fit=720%2C540&ssl=1\",\"datePublished\":\"2024-07-31T19:13:18+00:00\",\"author\":{\"@id\":\"https:\\\/\\\/elhijodelllanero.mx\\\/#\\\/schema\\\/person\\\/5dcfdd3db3a6f7e7906ef5d92cf7340b\"},\"breadcrumb\":{\"@id\":\"https:\\\/\\\/elhijodelllanero.mx\\\/index.php\\\/2024\\\/07\\\/31\\\/inicia-curso-de-verano-por-parte-de-la-coordinacion-de-salud-comonforense\\\/#breadcrumb\"},\"inLanguage\":\"es\",\"potentialAction\":[{\"@type\":\"ReadAction\",\"target\":[\"https:\\\/\\\/elhijodelllanero.mx\\\/index.php\\\/2024\\\/07\\\/31\\\/inicia-curso-de-verano-por-parte-de-la-coordinacion-de-salud-comonforense\\\/\"]}]},{\"@type\":\"ImageObject\",\"inLanguage\":\"es\",\"@id\":\"https:\\\/\\\/elhijodelllanero.mx\\\/index.php\\\/2024\\\/07\\\/31\\\/inicia-curso-de-verano-por-parte-de-la-coordinacion-de-salud-comonforense\\\/#primaryimage\",\"url\":\"https:\\\/\\\/i0.wp.com\\\/elhijodelllanero.mx\\\/wp-content\\\/uploads\\\/2024\\\/07\\\/IMG-20240731-WA0022.jpg?fit=720%2C540&ssl=1\",\"contentUrl\":\"https:\\\/\\\/i0.wp.com\\\/elhijodelllanero.mx\\\/wp-content\\\/uploads\\\/2024\\\/07\\\/IMG-20240731-WA0022.jpg?fit=720%2C540&ssl=1\",\"width\":720,\"height\":540},{\"@type\":\"BreadcrumbList\",\"@id\":\"https:\\\/\\\/elhijodelllanero.mx\\\/index.php\\\/2024\\\/07\\\/31\\\/inicia-curso-de-verano-por-parte-de-la-coordinacion-de-salud-comonforense\\\/#breadcrumb\",\"itemListElement\":[{\"@type\":\"ListItem\",\"position\":1,\"name\":\"Portada\",\"item\":\"https:\\\/\\\/elhijodelllanero.mx\\\/\"},{\"@type\":\"ListItem\",\"position\":2,\"name\":\"Inicia Curso de Verano por parte de la Coordinaci\u00f3n de Salud comonforense.\"}]},{\"@type\":\"WebSite\",\"@id\":\"https:\\\/\\\/elhijodelllanero.mx\\\/#website\",\"url\":\"https:\\\/\\\/elhijodelllanero.mx\\\/\",\"name\":\"El Hijo del llanero solititito\",\"description\":\"\",\"potentialAction\":[{\"@type\":\"SearchAction\",\"target\":{\"@type\":\"EntryPoint\",\"urlTemplate\":\"https:\\\/\\\/elhijodelllanero.mx\\\/?s={search_term_string}\"},\"query-input\":{\"@type\":\"PropertyValueSpecification\",\"valueRequired\":true,\"valueName\":\"search_term_string\"}}],\"inLanguage\":\"es\"},{\"@type\":\"Person\",\"@id\":\"https:\\\/\\\/elhijodelllanero.mx\\\/#\\\/schema\\\/person\\\/5dcfdd3db3a6f7e7906ef5d92cf7340b\",\"name\":\"Redaccion\",\"image\":{\"@type\":\"ImageObject\",\"inLanguage\":\"es\",\"@id\":\"https:\\\/\\\/secure.gravatar.com\\\/avatar\\\/f65b913d6e7be363e7396f7fad32ab76d311fbb575fa7e623ec3ea4799f3b718?s=96&d=mm&r=g\",\"url\":\"https:\\\/\\\/secure.gravatar.com\\\/avatar\\\/f65b913d6e7be363e7396f7fad32ab76d311fbb575fa7e623ec3ea4799f3b718?s=96&d=mm&r=g\",\"contentUrl\":\"https:\\\/\\\/secure.gravatar.com\\\/avatar\\\/f65b913d6e7be363e7396f7fad32ab76d311fbb575fa7e623ec3ea4799f3b718?s=96&d=mm&r=g\",\"caption\":\"Redaccion\"},\"sameAs\":[\"https:\\\/\\\/www.elhijodelllanero.mx\"],\"url\":\"https:\\\/\\\/elhijodelllanero.mx\\\/index.php\\\/author\\\/admin_6smc8z8t\\\/\"}]}<\/script>\n<!-- \/ Yoast SEO plugin. -->","yoast_head_json":{"title":"Inicia Curso de Verano por parte de la Coordinaci\u00f3n de Salud comonforense. - El Hijo del llanero solititito","robots":{"index":"index","follow":"follow","max-snippet":"max-snippet:-1","max-image-preview":"max-image-preview:large","max-video-preview":"max-video-preview:-1"},"canonical":"https:\/\/elhijodelllanero.mx\/index.php\/2024\/07\/31\/inicia-curso-de-verano-por-parte-de-la-coordinacion-de-salud-comonforense\/","og_locale":"es_ES","og_type":"article","og_title":"Inicia Curso de Verano por parte de la Coordinaci\u00f3n de Salud comonforense. - El Hijo del llanero solititito","og_description":"&nbsp; Comonfort, Gto., 31 julio 2024.- Con el objetivo de brindar t\u00e9cnicas y actividades favorables para mantener a los ni\u00f1os entretenidos durante el periodo vacacional, la Coordinaci\u00f3n de Salud Municipal dio inicio a un Curso de Verano gratuito. Los cursos de verano, complementan estrategias para el aprendizaje de los menores que, adem\u00e1s, est\u00e1n vinculados con [&hellip;]","og_url":"https:\/\/elhijodelllanero.mx\/index.php\/2024\/07\/31\/inicia-curso-de-verano-por-parte-de-la-coordinacion-de-salud-comonforense\/","og_site_name":"El Hijo del llanero solititito","article_published_time":"2024-07-31T19:13:18+00:00","og_image":[{"width":720,"height":540,"url":"https:\/\/elhijodelllanero.mx\/wp-content\/uploads\/2024\/07\/IMG-20240731-WA0022.jpg","type":"image\/jpeg"}],"author":"Redaccion","twitter_card":"summary_large_image","twitter_misc":{"Escrito por":"Redaccion","Tiempo de lectura":"1 minuto"},"schema":{"@context":"https:\/\/schema.org","@graph":[{"@type":"Article","@id":"https:\/\/elhijodelllanero.mx\/index.php\/2024\/07\/31\/inicia-curso-de-verano-por-parte-de-la-coordinacion-de-salud-comonforense\/#article","isPartOf":{"@id":"https:\/\/elhijodelllanero.mx\/index.php\/2024\/07\/31\/inicia-curso-de-verano-por-parte-de-la-coordinacion-de-salud-comonforense\/"},"author":{"name":"Redaccion","@id":"https:\/\/elhijodelllanero.mx\/#\/schema\/person\/5dcfdd3db3a6f7e7906ef5d92cf7340b"},"headline":"Inicia Curso de Verano por parte de la Coordinaci\u00f3n de Salud comonforense.","datePublished":"2024-07-31T19:13:18+00:00","mainEntityOfPage":{"@id":"https:\/\/elhijodelllanero.mx\/index.php\/2024\/07\/31\/inicia-curso-de-verano-por-parte-de-la-coordinacion-de-salud-comonforense\/"},"wordCount":200,"commentCount":0,"image":{"@id":"https:\/\/elhijodelllanero.mx\/index.php\/2024\/07\/31\/inicia-curso-de-verano-por-parte-de-la-coordinacion-de-salud-comonforense\/#primaryimage"},"thumbnailUrl":"https:\/\/i0.wp.com\/elhijodelllanero.mx\/wp-content\/uploads\/2024\/07\/IMG-20240731-WA0022.jpg?fit=720%2C540&ssl=1","articleSection":["COMONFORT"],"inLanguage":"es","potentialAction":[{"@type":"CommentAction","name":"Comment","target":["https:\/\/elhijodelllanero.mx\/index.php\/2024\/07\/31\/inicia-curso-de-verano-por-parte-de-la-coordinacion-de-salud-comonforense\/#respond"]}]},{"@type":"WebPage","@id":"https:\/\/elhijodelllanero.mx\/index.php\/2024\/07\/31\/inicia-curso-de-verano-por-parte-de-la-coordinacion-de-salud-comonforense\/","url":"https:\/\/elhijodelllanero.mx\/index.php\/2024\/07\/31\/inicia-curso-de-verano-por-parte-de-la-coordinacion-de-salud-comonforense\/","name":"Inicia Curso de Verano por parte de la Coordinaci\u00f3n de Salud comonforense. - El Hijo del llanero solititito","isPartOf":{"@id":"https:\/\/elhijodelllanero.mx\/#website"},"primaryImageOfPage":{"@id":"https:\/\/elhijodelllanero.mx\/index.php\/2024\/07\/31\/inicia-curso-de-verano-por-parte-de-la-coordinacion-de-salud-comonforense\/#primaryimage"},"image":{"@id":"https:\/\/elhijodelllanero.mx\/index.php\/2024\/07\/31\/inicia-curso-de-verano-por-parte-de-la-coordinacion-de-salud-comonforense\/#primaryimage"},"thumbnailUrl":"https:\/\/i0.wp.com\/elhijodelllanero.mx\/wp-content\/uploads\/2024\/07\/IMG-20240731-WA0022.jpg?fit=720%2C540&ssl=1","datePublished":"2024-07-31T19:13:18+00:00","author":{"@id":"https:\/\/elhijodelllanero.mx\/#\/schema\/person\/5dcfdd3db3a6f7e7906ef5d92cf7340b"},"breadcrumb":{"@id":"https:\/\/elhijodelllanero.mx\/index.php\/2024\/07\/31\/inicia-curso-de-verano-por-parte-de-la-coordinacion-de-salud-comonforense\/#breadcrumb"},"inLanguage":"es","potentialAction":[{"@type":"ReadAction","target":["https:\/\/elhijodelllanero.mx\/index.php\/2024\/07\/31\/inicia-curso-de-verano-por-parte-de-la-coordinacion-de-salud-comonforense\/"]}]},{"@type":"ImageObject","inLanguage":"es","@id":"https:\/\/elhijodelllanero.mx\/index.php\/2024\/07\/31\/inicia-curso-de-verano-por-parte-de-la-coordinacion-de-salud-comonforense\/#primaryimage","url":"https:\/\/i0.wp.com\/elhijodelllanero.mx\/wp-content\/uploads\/2024\/07\/IMG-20240731-WA0022.jpg?fit=720%2C540&ssl=1","contentUrl":"https:\/\/i0.wp.com\/elhijodelllanero.mx\/wp-content\/uploads\/2024\/07\/IMG-20240731-WA0022.jpg?fit=720%2C540&ssl=1","width":720,"height":540},{"@type":"BreadcrumbList","@id":"https:\/\/elhijodelllanero.mx\/index.php\/2024\/07\/31\/inicia-curso-de-verano-por-parte-de-la-coordinacion-de-salud-comonforense\/#breadcrumb","itemListElement":[{"@type":"ListItem","position":1,"name":"Portada","item":"https:\/\/elhijodelllanero.mx\/"},{"@type":"ListItem","position":2,"name":"Inicia Curso de Verano por parte de la Coordinaci\u00f3n de Salud comonforense."}]},{"@type":"WebSite","@id":"https:\/\/elhijodelllanero.mx\/#website","url":"https:\/\/elhijodelllanero.mx\/","name":"El Hijo del llanero solititito","description":"","potentialAction":[{"@type":"SearchAction","target":{"@type":"EntryPoint","urlTemplate":"https:\/\/elhijodelllanero.mx\/?s={search_term_string}"},"query-input":{"@type":"PropertyValueSpecification","valueRequired":true,"valueName":"search_term_string"}}],"inLanguage":"es"},{"@type":"Person","@id":"https:\/\/elhijodelllanero.mx\/#\/schema\/person\/5dcfdd3db3a6f7e7906ef5d92cf7340b","name":"Redaccion","image":{"@type":"ImageObject","inLanguage":"es","@id":"https:\/\/secure.gravatar.com\/avatar\/f65b913d6e7be363e7396f7fad32ab76d311fbb575fa7e623ec3ea4799f3b718?s=96&d=mm&r=g","url":"https:\/\/secure.gravatar.com\/avatar\/f65b913d6e7be363e7396f7fad32ab76d311fbb575fa7e623ec3ea4799f3b718?s=96&d=mm&r=g","contentUrl":"https:\/\/secure.gravatar.com\/avatar\/f65b913d6e7be363e7396f7fad32ab76d311fbb575fa7e623ec3ea4799f3b718?s=96&d=mm&r=g","caption":"Redaccion"},"sameAs":["https:\/\/www.elhijodelllanero.mx"],"url":"https:\/\/elhijodelllanero.mx\/index.php\/author\/admin_6smc8z8t\/"}]}},"jetpack_featured_media_url":"https:\/\/i0.wp.com\/elhijodelllanero.mx\/wp-content\/uploads\/2024\/07\/IMG-20240731-WA0022.jpg?fit=720%2C540&ssl=1","jetpack-related-posts":[],"jetpack_sharing_enabled":true,"_links":{"self":[{"href":"https:\/\/elhijodelllanero.mx\/index.php\/wp-json\/wp\/v2\/posts\/8518","targetHints":{"allow":["GET"]}}],"collection":[{"href":"https:\/\/elhijodelllanero.mx\/index.php\/wp-json\/wp\/v2\/posts"}],"about":[{"href":"https:\/\/elhijodelllanero.mx\/index.php\/wp-json\/wp\/v2\/types\/post"}],"author":[{"embeddable":true,"href":"https:\/\/elhijodelllanero.mx\/index.php\/wp-json\/wp\/v2\/users\/1"}],"replies":[{"embeddable":true,"href":"https:\/\/elhijodelllanero.mx\/index.php\/wp-json\/wp\/v2\/comments?post=8518"}],"version-history":[{"count":1,"href":"https:\/\/elhijodelllanero.mx\/index.php\/wp-json\/wp\/v2\/posts\/8518\/revisions"}],"predecessor-version":[{"id":8520,"href":"https:\/\/elhijodelllanero.mx\/index.php\/wp-json\/wp\/v2\/posts\/8518\/revisions\/8520"}],"wp:featuredmedia":[{"embeddable":true,"href":"https:\/\/elhijodelllanero.mx\/index.php\/wp-json\/wp\/v2\/media\/8519"}],"wp:attachment":[{"href":"https:\/\/elhijodelllanero.mx\/index.php\/wp-json\/wp\/v2\/media?parent=8518"}],"wp:term":[{"taxonomy":"category","embeddable":true,"href":"https:\/\/elhijodelllanero.mx\/index.php\/wp-json\/wp\/v2\/categories?post=8518"},{"taxonomy":"post_tag","embeddable":true,"href":"https:\/\/elhijodelllanero.mx\/index.php\/wp-json\/wp\/v2\/tags?post=8518"}],"curies":[{"name":"wp","href":"https:\/\/api.w.org\/{rel}","templated":true}]}}