{"id":8525,"date":"2024-07-31T19:23:47","date_gmt":"2024-07-31T19:23:47","guid":{"rendered":"https:\/\/elhijodelllanero.mx\/?p=8525"},"modified":"2024-07-31T19:23:47","modified_gmt":"2024-07-31T19:23:47","slug":"abren-convocatoria-para-otorgar-el-premio-municipal-de-la-juventud","status":"publish","type":"post","link":"https:\/\/elhijodelllanero.mx\/index.php\/2024\/07\/31\/abren-convocatoria-para-otorgar-el-premio-municipal-de-la-juventud\/","title":{"rendered":"Abren convocatoria para otorgar el Premio Municipal de la Juventud."},"content":{"rendered":"<p>&nbsp;<\/p>\n<p>Apaseo el Grande, Gto., 31 julio 2024.- Con el objetivo de impulsar y reconocer el talento juvenil apaseense, lanzaron la convocatoria para el premio municipal a la juventud.<br \/>\nEl proyecto, es organizado por el Instituto Municipal de Atenci\u00f3n Integral a la juventud, que en esta edici\u00f3n premiar\u00e1 al ganador de cada categor\u00eda con 10 mil pesos.<br \/>\nAlejandro Herrera, director del instituto, se\u00f1al\u00f3 que la convocatoria se abri\u00f3 el 16 de julio y estar\u00e1 hasta el 12 de agosto, contando con<br \/>\nlas categor\u00edas de logros acad\u00e9micos, artes, deportes, emprendedores, labor social y protecci\u00f3n al medio ambiente.<br \/>\nEntre los requisitos para participar, precisan que la edad es entre 15 a 30 a\u00f1os, no haber sido ganador en ediciones anteriores, no ser funcionario p\u00fablico o tener un familiar directo como funcionario municipal y participar solo en un m\u00e1ximo en dos categor\u00edas.<br \/>\n\u00abEstamos invitando a todos los j\u00f3venes de Apaseo el Grande a que se registren en el premio municipal de la Juventud 2024, donde en este a\u00f1o se tiene un apoyo econ\u00f3mico para los ganadores de 10 mil pesos, en las diferentes categor\u00edas que tenemos, la cual se conforma de seis en este concurso de la tercera edici\u00f3n del premio municipal de la Juventud\u201d, puntualiz\u00f3 el funcionario.<br \/>\nPara concluir, indic\u00f3 que en la convocatoria se encuentran establecidos los requisitos de inscripci\u00f3n en cada categor\u00eda, la cual pueden acceder por medio de las redes sociales del municipio.<br \/>\nDespu\u00e9s de un proceso de an\u00e1lisis a cargo de un comit\u00e9 t\u00e9cnico y jurado, se determinar\u00e1n los ganadores de cada categor\u00eda, la cual ser\u00e1 el pr\u00f3ximo 18 de agosto.<\/p>\n","protected":false},"excerpt":{"rendered":"<p>&nbsp; Apaseo el Grande, Gto., 31 julio 2024.- Con el objetivo de impulsar y reconocer el talento juvenil apaseense, lanzaron la convocatoria para el premio municipal a la juventud. El proyecto, es organizado por el Instituto Municipal de Atenci\u00f3n Integral a la juventud, que en esta edici\u00f3n premiar\u00e1 al ganador de cada categor\u00eda con 10 [&hellip;]<\/p>\n","protected":false},"author":1,"featured_media":8526,"comment_status":"open","ping_status":"closed","sticky":false,"template":"","format":"standard","meta":{"_jetpack_newsletter_access":"","_jetpack_dont_email_post_to_subs":false,"_jetpack_newsletter_tier_id":0,"_jetpack_memberships_contains_paywalled_content":false,"_jetpack_memberships_contains_paid_content":false,"footnotes":""},"categories":[78],"tags":[],"class_list":{"0":"post-8525","1":"post","2":"type-post","3":"status-publish","4":"format-standard","5":"has-post-thumbnail","7":"category-apaseo-el-grande"},"yoast_head":"<!-- This site is optimized with the Yoast SEO plugin v27.3 - https:\/\/yoast.com\/product\/yoast-seo-wordpress\/ -->\n<title>Abren convocatoria para otorgar el Premio Municipal de la Juventud. - El Hijo del llanero solititito<\/title>\n<meta name=\"robots\" content=\"index, follow, max-snippet:-1, max-image-preview:large, max-video-preview:-1\" \/>\n<link rel=\"canonical\" href=\"https:\/\/elhijodelllanero.mx\/index.php\/2024\/07\/31\/abren-convocatoria-para-otorgar-el-premio-municipal-de-la-juventud\/\" \/>\n<meta property=\"og:locale\" content=\"es_ES\" \/>\n<meta property=\"og:type\" content=\"article\" \/>\n<meta property=\"og:title\" content=\"Abren convocatoria para otorgar el Premio Municipal de la Juventud. - El Hijo del llanero solititito\" \/>\n<meta property=\"og:description\" content=\"&nbsp; Apaseo el Grande, Gto., 31 julio 2024.- Con el objetivo de impulsar y reconocer el talento juvenil apaseense, lanzaron la convocatoria para el premio municipal a la juventud. El proyecto, es organizado por el Instituto Municipal de Atenci\u00f3n Integral a la juventud, que en esta edici\u00f3n premiar\u00e1 al ganador de cada categor\u00eda con 10 [&hellip;]\" \/>\n<meta property=\"og:url\" content=\"https:\/\/elhijodelllanero.mx\/index.php\/2024\/07\/31\/abren-convocatoria-para-otorgar-el-premio-municipal-de-la-juventud\/\" \/>\n<meta property=\"og:site_name\" content=\"El Hijo del llanero solititito\" \/>\n<meta property=\"article:published_time\" content=\"2024-07-31T19:23:47+00:00\" \/>\n<meta property=\"og:image\" content=\"https:\/\/elhijodelllanero.mx\/wp-content\/uploads\/2024\/07\/IMG-20240731-WA0024.jpg\" \/>\n\t<meta property=\"og:image:width\" content=\"712\" \/>\n\t<meta property=\"og:image:height\" content=\"510\" \/>\n\t<meta property=\"og:image:type\" content=\"image\/jpeg\" \/>\n<meta name=\"author\" content=\"Redaccion\" \/>\n<meta name=\"twitter:card\" content=\"summary_large_image\" \/>\n<meta name=\"twitter:label1\" content=\"Escrito por\" \/>\n\t<meta name=\"twitter:data1\" content=\"Redaccion\" \/>\n\t<meta name=\"twitter:label2\" content=\"Tiempo de lectura\" \/>\n\t<meta name=\"twitter:data2\" content=\"2 minutos\" \/>\n<script type=\"application\/ld+json\" class=\"yoast-schema-graph\">{\"@context\":\"https:\\\/\\\/schema.org\",\"@graph\":[{\"@type\":\"Article\",\"@id\":\"https:\\\/\\\/elhijodelllanero.mx\\\/index.php\\\/2024\\\/07\\\/31\\\/abren-convocatoria-para-otorgar-el-premio-municipal-de-la-juventud\\\/#article\",\"isPartOf\":{\"@id\":\"https:\\\/\\\/elhijodelllanero.mx\\\/index.php\\\/2024\\\/07\\\/31\\\/abren-convocatoria-para-otorgar-el-premio-municipal-de-la-juventud\\\/\"},\"author\":{\"name\":\"Redaccion\",\"@id\":\"https:\\\/\\\/elhijodelllanero.mx\\\/#\\\/schema\\\/person\\\/5dcfdd3db3a6f7e7906ef5d92cf7340b\"},\"headline\":\"Abren convocatoria para otorgar el Premio Municipal de la Juventud.\",\"datePublished\":\"2024-07-31T19:23:47+00:00\",\"mainEntityOfPage\":{\"@id\":\"https:\\\/\\\/elhijodelllanero.mx\\\/index.php\\\/2024\\\/07\\\/31\\\/abren-convocatoria-para-otorgar-el-premio-municipal-de-la-juventud\\\/\"},\"wordCount\":288,\"commentCount\":0,\"image\":{\"@id\":\"https:\\\/\\\/elhijodelllanero.mx\\\/index.php\\\/2024\\\/07\\\/31\\\/abren-convocatoria-para-otorgar-el-premio-municipal-de-la-juventud\\\/#primaryimage\"},\"thumbnailUrl\":\"https:\\\/\\\/i0.wp.com\\\/elhijodelllanero.mx\\\/wp-content\\\/uploads\\\/2024\\\/07\\\/IMG-20240731-WA0024.jpg?fit=712%2C510&ssl=1\",\"articleSection\":[\"APASEO EL GRANDE\"],\"inLanguage\":\"es\",\"potentialAction\":[{\"@type\":\"CommentAction\",\"name\":\"Comment\",\"target\":[\"https:\\\/\\\/elhijodelllanero.mx\\\/index.php\\\/2024\\\/07\\\/31\\\/abren-convocatoria-para-otorgar-el-premio-municipal-de-la-juventud\\\/#respond\"]}]},{\"@type\":\"WebPage\",\"@id\":\"https:\\\/\\\/elhijodelllanero.mx\\\/index.php\\\/2024\\\/07\\\/31\\\/abren-convocatoria-para-otorgar-el-premio-municipal-de-la-juventud\\\/\",\"url\":\"https:\\\/\\\/elhijodelllanero.mx\\\/index.php\\\/2024\\\/07\\\/31\\\/abren-convocatoria-para-otorgar-el-premio-municipal-de-la-juventud\\\/\",\"name\":\"Abren convocatoria para otorgar el Premio Municipal de la Juventud. - El Hijo del llanero solititito\",\"isPartOf\":{\"@id\":\"https:\\\/\\\/elhijodelllanero.mx\\\/#website\"},\"primaryImageOfPage\":{\"@id\":\"https:\\\/\\\/elhijodelllanero.mx\\\/index.php\\\/2024\\\/07\\\/31\\\/abren-convocatoria-para-otorgar-el-premio-municipal-de-la-juventud\\\/#primaryimage\"},\"image\":{\"@id\":\"https:\\\/\\\/elhijodelllanero.mx\\\/index.php\\\/2024\\\/07\\\/31\\\/abren-convocatoria-para-otorgar-el-premio-municipal-de-la-juventud\\\/#primaryimage\"},\"thumbnailUrl\":\"https:\\\/\\\/i0.wp.com\\\/elhijodelllanero.mx\\\/wp-content\\\/uploads\\\/2024\\\/07\\\/IMG-20240731-WA0024.jpg?fit=712%2C510&ssl=1\",\"datePublished\":\"2024-07-31T19:23:47+00:00\",\"author\":{\"@id\":\"https:\\\/\\\/elhijodelllanero.mx\\\/#\\\/schema\\\/person\\\/5dcfdd3db3a6f7e7906ef5d92cf7340b\"},\"breadcrumb\":{\"@id\":\"https:\\\/\\\/elhijodelllanero.mx\\\/index.php\\\/2024\\\/07\\\/31\\\/abren-convocatoria-para-otorgar-el-premio-municipal-de-la-juventud\\\/#breadcrumb\"},\"inLanguage\":\"es\",\"potentialAction\":[{\"@type\":\"ReadAction\",\"target\":[\"https:\\\/\\\/elhijodelllanero.mx\\\/index.php\\\/2024\\\/07\\\/31\\\/abren-convocatoria-para-otorgar-el-premio-municipal-de-la-juventud\\\/\"]}]},{\"@type\":\"ImageObject\",\"inLanguage\":\"es\",\"@id\":\"https:\\\/\\\/elhijodelllanero.mx\\\/index.php\\\/2024\\\/07\\\/31\\\/abren-convocatoria-para-otorgar-el-premio-municipal-de-la-juventud\\\/#primaryimage\",\"url\":\"https:\\\/\\\/i0.wp.com\\\/elhijodelllanero.mx\\\/wp-content\\\/uploads\\\/2024\\\/07\\\/IMG-20240731-WA0024.jpg?fit=712%2C510&ssl=1\",\"contentUrl\":\"https:\\\/\\\/i0.wp.com\\\/elhijodelllanero.mx\\\/wp-content\\\/uploads\\\/2024\\\/07\\\/IMG-20240731-WA0024.jpg?fit=712%2C510&ssl=1\",\"width\":712,\"height\":510},{\"@type\":\"BreadcrumbList\",\"@id\":\"https:\\\/\\\/elhijodelllanero.mx\\\/index.php\\\/2024\\\/07\\\/31\\\/abren-convocatoria-para-otorgar-el-premio-municipal-de-la-juventud\\\/#breadcrumb\",\"itemListElement\":[{\"@type\":\"ListItem\",\"position\":1,\"name\":\"Portada\",\"item\":\"https:\\\/\\\/elhijodelllanero.mx\\\/\"},{\"@type\":\"ListItem\",\"position\":2,\"name\":\"Abren convocatoria para otorgar el Premio Municipal de la Juventud.\"}]},{\"@type\":\"WebSite\",\"@id\":\"https:\\\/\\\/elhijodelllanero.mx\\\/#website\",\"url\":\"https:\\\/\\\/elhijodelllanero.mx\\\/\",\"name\":\"El Hijo del llanero solititito\",\"description\":\"\",\"potentialAction\":[{\"@type\":\"SearchAction\",\"target\":{\"@type\":\"EntryPoint\",\"urlTemplate\":\"https:\\\/\\\/elhijodelllanero.mx\\\/?s={search_term_string}\"},\"query-input\":{\"@type\":\"PropertyValueSpecification\",\"valueRequired\":true,\"valueName\":\"search_term_string\"}}],\"inLanguage\":\"es\"},{\"@type\":\"Person\",\"@id\":\"https:\\\/\\\/elhijodelllanero.mx\\\/#\\\/schema\\\/person\\\/5dcfdd3db3a6f7e7906ef5d92cf7340b\",\"name\":\"Redaccion\",\"image\":{\"@type\":\"ImageObject\",\"inLanguage\":\"es\",\"@id\":\"https:\\\/\\\/secure.gravatar.com\\\/avatar\\\/f65b913d6e7be363e7396f7fad32ab76d311fbb575fa7e623ec3ea4799f3b718?s=96&d=mm&r=g\",\"url\":\"https:\\\/\\\/secure.gravatar.com\\\/avatar\\\/f65b913d6e7be363e7396f7fad32ab76d311fbb575fa7e623ec3ea4799f3b718?s=96&d=mm&r=g\",\"contentUrl\":\"https:\\\/\\\/secure.gravatar.com\\\/avatar\\\/f65b913d6e7be363e7396f7fad32ab76d311fbb575fa7e623ec3ea4799f3b718?s=96&d=mm&r=g\",\"caption\":\"Redaccion\"},\"sameAs\":[\"https:\\\/\\\/www.elhijodelllanero.mx\"],\"url\":\"https:\\\/\\\/elhijodelllanero.mx\\\/index.php\\\/author\\\/admin_6smc8z8t\\\/\"}]}<\/script>\n<!-- \/ Yoast SEO plugin. -->","yoast_head_json":{"title":"Abren convocatoria para otorgar el Premio Municipal de la Juventud. - El Hijo del llanero solititito","robots":{"index":"index","follow":"follow","max-snippet":"max-snippet:-1","max-image-preview":"max-image-preview:large","max-video-preview":"max-video-preview:-1"},"canonical":"https:\/\/elhijodelllanero.mx\/index.php\/2024\/07\/31\/abren-convocatoria-para-otorgar-el-premio-municipal-de-la-juventud\/","og_locale":"es_ES","og_type":"article","og_title":"Abren convocatoria para otorgar el Premio Municipal de la Juventud. - El Hijo del llanero solititito","og_description":"&nbsp; Apaseo el Grande, Gto., 31 julio 2024.- Con el objetivo de impulsar y reconocer el talento juvenil apaseense, lanzaron la convocatoria para el premio municipal a la juventud. El proyecto, es organizado por el Instituto Municipal de Atenci\u00f3n Integral a la juventud, que en esta edici\u00f3n premiar\u00e1 al ganador de cada categor\u00eda con 10 [&hellip;]","og_url":"https:\/\/elhijodelllanero.mx\/index.php\/2024\/07\/31\/abren-convocatoria-para-otorgar-el-premio-municipal-de-la-juventud\/","og_site_name":"El Hijo del llanero solititito","article_published_time":"2024-07-31T19:23:47+00:00","og_image":[{"width":712,"height":510,"url":"https:\/\/elhijodelllanero.mx\/wp-content\/uploads\/2024\/07\/IMG-20240731-WA0024.jpg","type":"image\/jpeg"}],"author":"Redaccion","twitter_card":"summary_large_image","twitter_misc":{"Escrito por":"Redaccion","Tiempo de lectura":"2 minutos"},"schema":{"@context":"https:\/\/schema.org","@graph":[{"@type":"Article","@id":"https:\/\/elhijodelllanero.mx\/index.php\/2024\/07\/31\/abren-convocatoria-para-otorgar-el-premio-municipal-de-la-juventud\/#article","isPartOf":{"@id":"https:\/\/elhijodelllanero.mx\/index.php\/2024\/07\/31\/abren-convocatoria-para-otorgar-el-premio-municipal-de-la-juventud\/"},"author":{"name":"Redaccion","@id":"https:\/\/elhijodelllanero.mx\/#\/schema\/person\/5dcfdd3db3a6f7e7906ef5d92cf7340b"},"headline":"Abren convocatoria para otorgar el Premio Municipal de la Juventud.","datePublished":"2024-07-31T19:23:47+00:00","mainEntityOfPage":{"@id":"https:\/\/elhijodelllanero.mx\/index.php\/2024\/07\/31\/abren-convocatoria-para-otorgar-el-premio-municipal-de-la-juventud\/"},"wordCount":288,"commentCount":0,"image":{"@id":"https:\/\/elhijodelllanero.mx\/index.php\/2024\/07\/31\/abren-convocatoria-para-otorgar-el-premio-municipal-de-la-juventud\/#primaryimage"},"thumbnailUrl":"https:\/\/i0.wp.com\/elhijodelllanero.mx\/wp-content\/uploads\/2024\/07\/IMG-20240731-WA0024.jpg?fit=712%2C510&ssl=1","articleSection":["APASEO EL GRANDE"],"inLanguage":"es","potentialAction":[{"@type":"CommentAction","name":"Comment","target":["https:\/\/elhijodelllanero.mx\/index.php\/2024\/07\/31\/abren-convocatoria-para-otorgar-el-premio-municipal-de-la-juventud\/#respond"]}]},{"@type":"WebPage","@id":"https:\/\/elhijodelllanero.mx\/index.php\/2024\/07\/31\/abren-convocatoria-para-otorgar-el-premio-municipal-de-la-juventud\/","url":"https:\/\/elhijodelllanero.mx\/index.php\/2024\/07\/31\/abren-convocatoria-para-otorgar-el-premio-municipal-de-la-juventud\/","name":"Abren convocatoria para otorgar el Premio Municipal de la Juventud. - El Hijo del llanero solititito","isPartOf":{"@id":"https:\/\/elhijodelllanero.mx\/#website"},"primaryImageOfPage":{"@id":"https:\/\/elhijodelllanero.mx\/index.php\/2024\/07\/31\/abren-convocatoria-para-otorgar-el-premio-municipal-de-la-juventud\/#primaryimage"},"image":{"@id":"https:\/\/elhijodelllanero.mx\/index.php\/2024\/07\/31\/abren-convocatoria-para-otorgar-el-premio-municipal-de-la-juventud\/#primaryimage"},"thumbnailUrl":"https:\/\/i0.wp.com\/elhijodelllanero.mx\/wp-content\/uploads\/2024\/07\/IMG-20240731-WA0024.jpg?fit=712%2C510&ssl=1","datePublished":"2024-07-31T19:23:47+00:00","author":{"@id":"https:\/\/elhijodelllanero.mx\/#\/schema\/person\/5dcfdd3db3a6f7e7906ef5d92cf7340b"},"breadcrumb":{"@id":"https:\/\/elhijodelllanero.mx\/index.php\/2024\/07\/31\/abren-convocatoria-para-otorgar-el-premio-municipal-de-la-juventud\/#breadcrumb"},"inLanguage":"es","potentialAction":[{"@type":"ReadAction","target":["https:\/\/elhijodelllanero.mx\/index.php\/2024\/07\/31\/abren-convocatoria-para-otorgar-el-premio-municipal-de-la-juventud\/"]}]},{"@type":"ImageObject","inLanguage":"es","@id":"https:\/\/elhijodelllanero.mx\/index.php\/2024\/07\/31\/abren-convocatoria-para-otorgar-el-premio-municipal-de-la-juventud\/#primaryimage","url":"https:\/\/i0.wp.com\/elhijodelllanero.mx\/wp-content\/uploads\/2024\/07\/IMG-20240731-WA0024.jpg?fit=712%2C510&ssl=1","contentUrl":"https:\/\/i0.wp.com\/elhijodelllanero.mx\/wp-content\/uploads\/2024\/07\/IMG-20240731-WA0024.jpg?fit=712%2C510&ssl=1","width":712,"height":510},{"@type":"BreadcrumbList","@id":"https:\/\/elhijodelllanero.mx\/index.php\/2024\/07\/31\/abren-convocatoria-para-otorgar-el-premio-municipal-de-la-juventud\/#breadcrumb","itemListElement":[{"@type":"ListItem","position":1,"name":"Portada","item":"https:\/\/elhijodelllanero.mx\/"},{"@type":"ListItem","position":2,"name":"Abren convocatoria para otorgar el Premio Municipal de la Juventud."}]},{"@type":"WebSite","@id":"https:\/\/elhijodelllanero.mx\/#website","url":"https:\/\/elhijodelllanero.mx\/","name":"El Hijo del llanero solititito","description":"","potentialAction":[{"@type":"SearchAction","target":{"@type":"EntryPoint","urlTemplate":"https:\/\/elhijodelllanero.mx\/?s={search_term_string}"},"query-input":{"@type":"PropertyValueSpecification","valueRequired":true,"valueName":"search_term_string"}}],"inLanguage":"es"},{"@type":"Person","@id":"https:\/\/elhijodelllanero.mx\/#\/schema\/person\/5dcfdd3db3a6f7e7906ef5d92cf7340b","name":"Redaccion","image":{"@type":"ImageObject","inLanguage":"es","@id":"https:\/\/secure.gravatar.com\/avatar\/f65b913d6e7be363e7396f7fad32ab76d311fbb575fa7e623ec3ea4799f3b718?s=96&d=mm&r=g","url":"https:\/\/secure.gravatar.com\/avatar\/f65b913d6e7be363e7396f7fad32ab76d311fbb575fa7e623ec3ea4799f3b718?s=96&d=mm&r=g","contentUrl":"https:\/\/secure.gravatar.com\/avatar\/f65b913d6e7be363e7396f7fad32ab76d311fbb575fa7e623ec3ea4799f3b718?s=96&d=mm&r=g","caption":"Redaccion"},"sameAs":["https:\/\/www.elhijodelllanero.mx"],"url":"https:\/\/elhijodelllanero.mx\/index.php\/author\/admin_6smc8z8t\/"}]}},"jetpack_featured_media_url":"https:\/\/i0.wp.com\/elhijodelllanero.mx\/wp-content\/uploads\/2024\/07\/IMG-20240731-WA0024.jpg?fit=712%2C510&ssl=1","jetpack-related-posts":[],"jetpack_sharing_enabled":true,"_links":{"self":[{"href":"https:\/\/elhijodelllanero.mx\/index.php\/wp-json\/wp\/v2\/posts\/8525","targetHints":{"allow":["GET"]}}],"collection":[{"href":"https:\/\/elhijodelllanero.mx\/index.php\/wp-json\/wp\/v2\/posts"}],"about":[{"href":"https:\/\/elhijodelllanero.mx\/index.php\/wp-json\/wp\/v2\/types\/post"}],"author":[{"embeddable":true,"href":"https:\/\/elhijodelllanero.mx\/index.php\/wp-json\/wp\/v2\/users\/1"}],"replies":[{"embeddable":true,"href":"https:\/\/elhijodelllanero.mx\/index.php\/wp-json\/wp\/v2\/comments?post=8525"}],"version-history":[{"count":1,"href":"https:\/\/elhijodelllanero.mx\/index.php\/wp-json\/wp\/v2\/posts\/8525\/revisions"}],"predecessor-version":[{"id":8527,"href":"https:\/\/elhijodelllanero.mx\/index.php\/wp-json\/wp\/v2\/posts\/8525\/revisions\/8527"}],"wp:featuredmedia":[{"embeddable":true,"href":"https:\/\/elhijodelllanero.mx\/index.php\/wp-json\/wp\/v2\/media\/8526"}],"wp:attachment":[{"href":"https:\/\/elhijodelllanero.mx\/index.php\/wp-json\/wp\/v2\/media?parent=8525"}],"wp:term":[{"taxonomy":"category","embeddable":true,"href":"https:\/\/elhijodelllanero.mx\/index.php\/wp-json\/wp\/v2\/categories?post=8525"},{"taxonomy":"post_tag","embeddable":true,"href":"https:\/\/elhijodelllanero.mx\/index.php\/wp-json\/wp\/v2\/tags?post=8525"}],"curies":[{"name":"wp","href":"https:\/\/api.w.org\/{rel}","templated":true}]}}