{"id":8528,"date":"2024-07-31T20:15:10","date_gmt":"2024-07-31T20:15:10","guid":{"rendered":"https:\/\/elhijodelllanero.mx\/?p=8528"},"modified":"2024-07-31T20:20:10","modified_gmt":"2024-07-31T20:20:10","slug":"optimizan-la-sincronizacion-de-semaforos-en-salamanca","status":"publish","type":"post","link":"https:\/\/elhijodelllanero.mx\/index.php\/2024\/07\/31\/optimizan-la-sincronizacion-de-semaforos-en-salamanca\/","title":{"rendered":"Optimizan la Sincronizaci\u00f3n de Sem\u00e1foros en Salamanca."},"content":{"rendered":"<p>&nbsp;<\/p>\n<p>Salamanca, Gto., 31 julio 2024.- El Gobierno Municipal informa a la ciudadan\u00eda sobre las recientes mejoras implementadas en la sincronizaci\u00f3n de sem\u00e1foros para optimizar el flujo vehicular en diversas zonas de la ciudad.<br \/>\nLas principales actualizaciones son las siguientes:<\/p>\n<p>1. *Intersecci\u00f3n de Pluripartidista y L\u00f3pez Velarde (IMSS):* Se ha sincronizado el sem\u00e1foro para mejorar significativamente el flujo vehicular en esta \u00e1rea clave.<\/p>\n<p>2. *Clouthier y Tenixtepec:* Los sem\u00e1foros est\u00e1n ahora sincronizados desde Clouthier y Bicentenario, permitiendo un alto en Tenixtepec con \u00c1rbol Grande para un tr\u00e1fico m\u00e1s ordenado.<\/p>\n<p>3. *Avenida Faja de Oro:* Se ha implementado una nueva sincronizaci\u00f3n para optimizar el tr\u00e1nsito en esta importante arteria de la ciudad.<\/p>\n<p>4. *Avenidas Zaragoza, Obreg\u00f3n, Morelos e Hidalgo:* Estos tramos han sido sincronizados para mejorar la fluidez del tr\u00e1fico, incluyendo la calle 5 de Mayo esquina Morelos.<\/p>\n<p>5. *Intersecci\u00f3n de Guerrero y Aldama:* Se ha optimizado mediante la sincronizaci\u00f3n de los sem\u00e1foros, mejorando el control del tr\u00e1fico en esta intersecci\u00f3n.<\/p>\n<p>6. *Crucero de Av. Valle de Santiago con calle Le\u00f3n:* Se ha solucionado el problema con una reprogramaci\u00f3n del sistema de sem\u00e1foros, estableciendo un ciclo alternado para facilitar la circulaci\u00f3n.<br \/>\nEstas mejoras buscan reducir los tiempos de espera y mejorar la fluidez del tr\u00e1fico en los puntos mencionados. Agradecemos a los ciudadanos su paciencia y cooperaci\u00f3n mientras implementamos estas mejoras.<\/p>\n","protected":false},"excerpt":{"rendered":"<p>&nbsp; Salamanca, Gto., 31 julio 2024.- El Gobierno Municipal informa a la ciudadan\u00eda sobre las recientes mejoras implementadas en la sincronizaci\u00f3n de sem\u00e1foros para optimizar el flujo vehicular en diversas zonas de la ciudad. Las principales actualizaciones son las siguientes: 1. *Intersecci\u00f3n de Pluripartidista y L\u00f3pez Velarde (IMSS):* Se ha sincronizado el sem\u00e1foro para mejorar [&hellip;]<\/p>\n","protected":false},"author":1,"featured_media":8529,"comment_status":"open","ping_status":"closed","sticky":false,"template":"","format":"standard","meta":{"_jetpack_newsletter_access":"","_jetpack_dont_email_post_to_subs":false,"_jetpack_newsletter_tier_id":0,"_jetpack_memberships_contains_paywalled_content":false,"_jetpack_memberships_contains_paid_content":false,"footnotes":""},"categories":[84],"tags":[],"class_list":{"0":"post-8528","1":"post","2":"type-post","3":"status-publish","4":"format-standard","5":"has-post-thumbnail","7":"category-salamanca"},"yoast_head":"<!-- This site is optimized with the Yoast SEO plugin v27.3 - https:\/\/yoast.com\/product\/yoast-seo-wordpress\/ -->\n<title>Optimizan la Sincronizaci\u00f3n de Sem\u00e1foros en Salamanca. - El Hijo del llanero solititito<\/title>\n<meta name=\"robots\" content=\"index, follow, max-snippet:-1, max-image-preview:large, max-video-preview:-1\" \/>\n<link rel=\"canonical\" href=\"https:\/\/elhijodelllanero.mx\/index.php\/2024\/07\/31\/optimizan-la-sincronizacion-de-semaforos-en-salamanca\/\" \/>\n<meta property=\"og:locale\" content=\"es_ES\" \/>\n<meta property=\"og:type\" content=\"article\" \/>\n<meta property=\"og:title\" content=\"Optimizan la Sincronizaci\u00f3n de Sem\u00e1foros en Salamanca. - El Hijo del llanero solititito\" \/>\n<meta property=\"og:description\" content=\"&nbsp; Salamanca, Gto., 31 julio 2024.- El Gobierno Municipal informa a la ciudadan\u00eda sobre las recientes mejoras implementadas en la sincronizaci\u00f3n de sem\u00e1foros para optimizar el flujo vehicular en diversas zonas de la ciudad. Las principales actualizaciones son las siguientes: 1. *Intersecci\u00f3n de Pluripartidista y L\u00f3pez Velarde (IMSS):* Se ha sincronizado el sem\u00e1foro para mejorar [&hellip;]\" \/>\n<meta property=\"og:url\" content=\"https:\/\/elhijodelllanero.mx\/index.php\/2024\/07\/31\/optimizan-la-sincronizacion-de-semaforos-en-salamanca\/\" \/>\n<meta property=\"og:site_name\" content=\"El Hijo del llanero solititito\" \/>\n<meta property=\"article:published_time\" content=\"2024-07-31T20:15:10+00:00\" \/>\n<meta property=\"article:modified_time\" content=\"2024-07-31T20:20:10+00:00\" \/>\n<meta property=\"og:image\" content=\"https:\/\/elhijodelllanero.mx\/wp-content\/uploads\/2024\/07\/IMG-20240731-WA0026.jpg\" \/>\n\t<meta property=\"og:image:width\" content=\"1600\" \/>\n\t<meta property=\"og:image:height\" content=\"1188\" \/>\n\t<meta property=\"og:image:type\" content=\"image\/jpeg\" \/>\n<meta name=\"author\" content=\"Redaccion\" \/>\n<meta name=\"twitter:card\" content=\"summary_large_image\" \/>\n<meta name=\"twitter:label1\" content=\"Escrito por\" \/>\n\t<meta name=\"twitter:data1\" content=\"Redaccion\" \/>\n\t<meta name=\"twitter:label2\" content=\"Tiempo de lectura\" \/>\n\t<meta name=\"twitter:data2\" content=\"2 minutos\" \/>\n<script type=\"application\/ld+json\" class=\"yoast-schema-graph\">{\"@context\":\"https:\\\/\\\/schema.org\",\"@graph\":[{\"@type\":\"Article\",\"@id\":\"https:\\\/\\\/elhijodelllanero.mx\\\/index.php\\\/2024\\\/07\\\/31\\\/optimizan-la-sincronizacion-de-semaforos-en-salamanca\\\/#article\",\"isPartOf\":{\"@id\":\"https:\\\/\\\/elhijodelllanero.mx\\\/index.php\\\/2024\\\/07\\\/31\\\/optimizan-la-sincronizacion-de-semaforos-en-salamanca\\\/\"},\"author\":{\"name\":\"Redaccion\",\"@id\":\"https:\\\/\\\/elhijodelllanero.mx\\\/#\\\/schema\\\/person\\\/5dcfdd3db3a6f7e7906ef5d92cf7340b\"},\"headline\":\"Optimizan la Sincronizaci\u00f3n de Sem\u00e1foros en Salamanca.\",\"datePublished\":\"2024-07-31T20:15:10+00:00\",\"dateModified\":\"2024-07-31T20:20:10+00:00\",\"mainEntityOfPage\":{\"@id\":\"https:\\\/\\\/elhijodelllanero.mx\\\/index.php\\\/2024\\\/07\\\/31\\\/optimizan-la-sincronizacion-de-semaforos-en-salamanca\\\/\"},\"wordCount\":246,\"commentCount\":0,\"image\":{\"@id\":\"https:\\\/\\\/elhijodelllanero.mx\\\/index.php\\\/2024\\\/07\\\/31\\\/optimizan-la-sincronizacion-de-semaforos-en-salamanca\\\/#primaryimage\"},\"thumbnailUrl\":\"https:\\\/\\\/i0.wp.com\\\/elhijodelllanero.mx\\\/wp-content\\\/uploads\\\/2024\\\/07\\\/IMG-20240731-WA0026.jpg?fit=1600%2C1188&ssl=1\",\"articleSection\":[\"SALAMANCA\"],\"inLanguage\":\"es\",\"potentialAction\":[{\"@type\":\"CommentAction\",\"name\":\"Comment\",\"target\":[\"https:\\\/\\\/elhijodelllanero.mx\\\/index.php\\\/2024\\\/07\\\/31\\\/optimizan-la-sincronizacion-de-semaforos-en-salamanca\\\/#respond\"]}]},{\"@type\":\"WebPage\",\"@id\":\"https:\\\/\\\/elhijodelllanero.mx\\\/index.php\\\/2024\\\/07\\\/31\\\/optimizan-la-sincronizacion-de-semaforos-en-salamanca\\\/\",\"url\":\"https:\\\/\\\/elhijodelllanero.mx\\\/index.php\\\/2024\\\/07\\\/31\\\/optimizan-la-sincronizacion-de-semaforos-en-salamanca\\\/\",\"name\":\"Optimizan la Sincronizaci\u00f3n de Sem\u00e1foros en Salamanca. - El Hijo del llanero solititito\",\"isPartOf\":{\"@id\":\"https:\\\/\\\/elhijodelllanero.mx\\\/#website\"},\"primaryImageOfPage\":{\"@id\":\"https:\\\/\\\/elhijodelllanero.mx\\\/index.php\\\/2024\\\/07\\\/31\\\/optimizan-la-sincronizacion-de-semaforos-en-salamanca\\\/#primaryimage\"},\"image\":{\"@id\":\"https:\\\/\\\/elhijodelllanero.mx\\\/index.php\\\/2024\\\/07\\\/31\\\/optimizan-la-sincronizacion-de-semaforos-en-salamanca\\\/#primaryimage\"},\"thumbnailUrl\":\"https:\\\/\\\/i0.wp.com\\\/elhijodelllanero.mx\\\/wp-content\\\/uploads\\\/2024\\\/07\\\/IMG-20240731-WA0026.jpg?fit=1600%2C1188&ssl=1\",\"datePublished\":\"2024-07-31T20:15:10+00:00\",\"dateModified\":\"2024-07-31T20:20:10+00:00\",\"author\":{\"@id\":\"https:\\\/\\\/elhijodelllanero.mx\\\/#\\\/schema\\\/person\\\/5dcfdd3db3a6f7e7906ef5d92cf7340b\"},\"breadcrumb\":{\"@id\":\"https:\\\/\\\/elhijodelllanero.mx\\\/index.php\\\/2024\\\/07\\\/31\\\/optimizan-la-sincronizacion-de-semaforos-en-salamanca\\\/#breadcrumb\"},\"inLanguage\":\"es\",\"potentialAction\":[{\"@type\":\"ReadAction\",\"target\":[\"https:\\\/\\\/elhijodelllanero.mx\\\/index.php\\\/2024\\\/07\\\/31\\\/optimizan-la-sincronizacion-de-semaforos-en-salamanca\\\/\"]}]},{\"@type\":\"ImageObject\",\"inLanguage\":\"es\",\"@id\":\"https:\\\/\\\/elhijodelllanero.mx\\\/index.php\\\/2024\\\/07\\\/31\\\/optimizan-la-sincronizacion-de-semaforos-en-salamanca\\\/#primaryimage\",\"url\":\"https:\\\/\\\/i0.wp.com\\\/elhijodelllanero.mx\\\/wp-content\\\/uploads\\\/2024\\\/07\\\/IMG-20240731-WA0026.jpg?fit=1600%2C1188&ssl=1\",\"contentUrl\":\"https:\\\/\\\/i0.wp.com\\\/elhijodelllanero.mx\\\/wp-content\\\/uploads\\\/2024\\\/07\\\/IMG-20240731-WA0026.jpg?fit=1600%2C1188&ssl=1\",\"width\":1600,\"height\":1188},{\"@type\":\"BreadcrumbList\",\"@id\":\"https:\\\/\\\/elhijodelllanero.mx\\\/index.php\\\/2024\\\/07\\\/31\\\/optimizan-la-sincronizacion-de-semaforos-en-salamanca\\\/#breadcrumb\",\"itemListElement\":[{\"@type\":\"ListItem\",\"position\":1,\"name\":\"Portada\",\"item\":\"https:\\\/\\\/elhijodelllanero.mx\\\/\"},{\"@type\":\"ListItem\",\"position\":2,\"name\":\"Optimizan la Sincronizaci\u00f3n de Sem\u00e1foros en Salamanca.\"}]},{\"@type\":\"WebSite\",\"@id\":\"https:\\\/\\\/elhijodelllanero.mx\\\/#website\",\"url\":\"https:\\\/\\\/elhijodelllanero.mx\\\/\",\"name\":\"El Hijo del llanero solititito\",\"description\":\"\",\"potentialAction\":[{\"@type\":\"SearchAction\",\"target\":{\"@type\":\"EntryPoint\",\"urlTemplate\":\"https:\\\/\\\/elhijodelllanero.mx\\\/?s={search_term_string}\"},\"query-input\":{\"@type\":\"PropertyValueSpecification\",\"valueRequired\":true,\"valueName\":\"search_term_string\"}}],\"inLanguage\":\"es\"},{\"@type\":\"Person\",\"@id\":\"https:\\\/\\\/elhijodelllanero.mx\\\/#\\\/schema\\\/person\\\/5dcfdd3db3a6f7e7906ef5d92cf7340b\",\"name\":\"Redaccion\",\"image\":{\"@type\":\"ImageObject\",\"inLanguage\":\"es\",\"@id\":\"https:\\\/\\\/secure.gravatar.com\\\/avatar\\\/f65b913d6e7be363e7396f7fad32ab76d311fbb575fa7e623ec3ea4799f3b718?s=96&d=mm&r=g\",\"url\":\"https:\\\/\\\/secure.gravatar.com\\\/avatar\\\/f65b913d6e7be363e7396f7fad32ab76d311fbb575fa7e623ec3ea4799f3b718?s=96&d=mm&r=g\",\"contentUrl\":\"https:\\\/\\\/secure.gravatar.com\\\/avatar\\\/f65b913d6e7be363e7396f7fad32ab76d311fbb575fa7e623ec3ea4799f3b718?s=96&d=mm&r=g\",\"caption\":\"Redaccion\"},\"sameAs\":[\"https:\\\/\\\/www.elhijodelllanero.mx\"],\"url\":\"https:\\\/\\\/elhijodelllanero.mx\\\/index.php\\\/author\\\/admin_6smc8z8t\\\/\"}]}<\/script>\n<!-- \/ Yoast SEO plugin. -->","yoast_head_json":{"title":"Optimizan la Sincronizaci\u00f3n de Sem\u00e1foros en Salamanca. - El Hijo del llanero solititito","robots":{"index":"index","follow":"follow","max-snippet":"max-snippet:-1","max-image-preview":"max-image-preview:large","max-video-preview":"max-video-preview:-1"},"canonical":"https:\/\/elhijodelllanero.mx\/index.php\/2024\/07\/31\/optimizan-la-sincronizacion-de-semaforos-en-salamanca\/","og_locale":"es_ES","og_type":"article","og_title":"Optimizan la Sincronizaci\u00f3n de Sem\u00e1foros en Salamanca. - El Hijo del llanero solititito","og_description":"&nbsp; Salamanca, Gto., 31 julio 2024.- El Gobierno Municipal informa a la ciudadan\u00eda sobre las recientes mejoras implementadas en la sincronizaci\u00f3n de sem\u00e1foros para optimizar el flujo vehicular en diversas zonas de la ciudad. Las principales actualizaciones son las siguientes: 1. *Intersecci\u00f3n de Pluripartidista y L\u00f3pez Velarde (IMSS):* Se ha sincronizado el sem\u00e1foro para mejorar [&hellip;]","og_url":"https:\/\/elhijodelllanero.mx\/index.php\/2024\/07\/31\/optimizan-la-sincronizacion-de-semaforos-en-salamanca\/","og_site_name":"El Hijo del llanero solititito","article_published_time":"2024-07-31T20:15:10+00:00","article_modified_time":"2024-07-31T20:20:10+00:00","og_image":[{"width":1600,"height":1188,"url":"https:\/\/elhijodelllanero.mx\/wp-content\/uploads\/2024\/07\/IMG-20240731-WA0026.jpg","type":"image\/jpeg"}],"author":"Redaccion","twitter_card":"summary_large_image","twitter_misc":{"Escrito por":"Redaccion","Tiempo de lectura":"2 minutos"},"schema":{"@context":"https:\/\/schema.org","@graph":[{"@type":"Article","@id":"https:\/\/elhijodelllanero.mx\/index.php\/2024\/07\/31\/optimizan-la-sincronizacion-de-semaforos-en-salamanca\/#article","isPartOf":{"@id":"https:\/\/elhijodelllanero.mx\/index.php\/2024\/07\/31\/optimizan-la-sincronizacion-de-semaforos-en-salamanca\/"},"author":{"name":"Redaccion","@id":"https:\/\/elhijodelllanero.mx\/#\/schema\/person\/5dcfdd3db3a6f7e7906ef5d92cf7340b"},"headline":"Optimizan la Sincronizaci\u00f3n de Sem\u00e1foros en Salamanca.","datePublished":"2024-07-31T20:15:10+00:00","dateModified":"2024-07-31T20:20:10+00:00","mainEntityOfPage":{"@id":"https:\/\/elhijodelllanero.mx\/index.php\/2024\/07\/31\/optimizan-la-sincronizacion-de-semaforos-en-salamanca\/"},"wordCount":246,"commentCount":0,"image":{"@id":"https:\/\/elhijodelllanero.mx\/index.php\/2024\/07\/31\/optimizan-la-sincronizacion-de-semaforos-en-salamanca\/#primaryimage"},"thumbnailUrl":"https:\/\/i0.wp.com\/elhijodelllanero.mx\/wp-content\/uploads\/2024\/07\/IMG-20240731-WA0026.jpg?fit=1600%2C1188&ssl=1","articleSection":["SALAMANCA"],"inLanguage":"es","potentialAction":[{"@type":"CommentAction","name":"Comment","target":["https:\/\/elhijodelllanero.mx\/index.php\/2024\/07\/31\/optimizan-la-sincronizacion-de-semaforos-en-salamanca\/#respond"]}]},{"@type":"WebPage","@id":"https:\/\/elhijodelllanero.mx\/index.php\/2024\/07\/31\/optimizan-la-sincronizacion-de-semaforos-en-salamanca\/","url":"https:\/\/elhijodelllanero.mx\/index.php\/2024\/07\/31\/optimizan-la-sincronizacion-de-semaforos-en-salamanca\/","name":"Optimizan la Sincronizaci\u00f3n de Sem\u00e1foros en Salamanca. - El Hijo del llanero solititito","isPartOf":{"@id":"https:\/\/elhijodelllanero.mx\/#website"},"primaryImageOfPage":{"@id":"https:\/\/elhijodelllanero.mx\/index.php\/2024\/07\/31\/optimizan-la-sincronizacion-de-semaforos-en-salamanca\/#primaryimage"},"image":{"@id":"https:\/\/elhijodelllanero.mx\/index.php\/2024\/07\/31\/optimizan-la-sincronizacion-de-semaforos-en-salamanca\/#primaryimage"},"thumbnailUrl":"https:\/\/i0.wp.com\/elhijodelllanero.mx\/wp-content\/uploads\/2024\/07\/IMG-20240731-WA0026.jpg?fit=1600%2C1188&ssl=1","datePublished":"2024-07-31T20:15:10+00:00","dateModified":"2024-07-31T20:20:10+00:00","author":{"@id":"https:\/\/elhijodelllanero.mx\/#\/schema\/person\/5dcfdd3db3a6f7e7906ef5d92cf7340b"},"breadcrumb":{"@id":"https:\/\/elhijodelllanero.mx\/index.php\/2024\/07\/31\/optimizan-la-sincronizacion-de-semaforos-en-salamanca\/#breadcrumb"},"inLanguage":"es","potentialAction":[{"@type":"ReadAction","target":["https:\/\/elhijodelllanero.mx\/index.php\/2024\/07\/31\/optimizan-la-sincronizacion-de-semaforos-en-salamanca\/"]}]},{"@type":"ImageObject","inLanguage":"es","@id":"https:\/\/elhijodelllanero.mx\/index.php\/2024\/07\/31\/optimizan-la-sincronizacion-de-semaforos-en-salamanca\/#primaryimage","url":"https:\/\/i0.wp.com\/elhijodelllanero.mx\/wp-content\/uploads\/2024\/07\/IMG-20240731-WA0026.jpg?fit=1600%2C1188&ssl=1","contentUrl":"https:\/\/i0.wp.com\/elhijodelllanero.mx\/wp-content\/uploads\/2024\/07\/IMG-20240731-WA0026.jpg?fit=1600%2C1188&ssl=1","width":1600,"height":1188},{"@type":"BreadcrumbList","@id":"https:\/\/elhijodelllanero.mx\/index.php\/2024\/07\/31\/optimizan-la-sincronizacion-de-semaforos-en-salamanca\/#breadcrumb","itemListElement":[{"@type":"ListItem","position":1,"name":"Portada","item":"https:\/\/elhijodelllanero.mx\/"},{"@type":"ListItem","position":2,"name":"Optimizan la Sincronizaci\u00f3n de Sem\u00e1foros en Salamanca."}]},{"@type":"WebSite","@id":"https:\/\/elhijodelllanero.mx\/#website","url":"https:\/\/elhijodelllanero.mx\/","name":"El Hijo del llanero solititito","description":"","potentialAction":[{"@type":"SearchAction","target":{"@type":"EntryPoint","urlTemplate":"https:\/\/elhijodelllanero.mx\/?s={search_term_string}"},"query-input":{"@type":"PropertyValueSpecification","valueRequired":true,"valueName":"search_term_string"}}],"inLanguage":"es"},{"@type":"Person","@id":"https:\/\/elhijodelllanero.mx\/#\/schema\/person\/5dcfdd3db3a6f7e7906ef5d92cf7340b","name":"Redaccion","image":{"@type":"ImageObject","inLanguage":"es","@id":"https:\/\/secure.gravatar.com\/avatar\/f65b913d6e7be363e7396f7fad32ab76d311fbb575fa7e623ec3ea4799f3b718?s=96&d=mm&r=g","url":"https:\/\/secure.gravatar.com\/avatar\/f65b913d6e7be363e7396f7fad32ab76d311fbb575fa7e623ec3ea4799f3b718?s=96&d=mm&r=g","contentUrl":"https:\/\/secure.gravatar.com\/avatar\/f65b913d6e7be363e7396f7fad32ab76d311fbb575fa7e623ec3ea4799f3b718?s=96&d=mm&r=g","caption":"Redaccion"},"sameAs":["https:\/\/www.elhijodelllanero.mx"],"url":"https:\/\/elhijodelllanero.mx\/index.php\/author\/admin_6smc8z8t\/"}]}},"jetpack_featured_media_url":"https:\/\/i0.wp.com\/elhijodelllanero.mx\/wp-content\/uploads\/2024\/07\/IMG-20240731-WA0026.jpg?fit=1600%2C1188&ssl=1","jetpack-related-posts":[],"jetpack_sharing_enabled":true,"_links":{"self":[{"href":"https:\/\/elhijodelllanero.mx\/index.php\/wp-json\/wp\/v2\/posts\/8528","targetHints":{"allow":["GET"]}}],"collection":[{"href":"https:\/\/elhijodelllanero.mx\/index.php\/wp-json\/wp\/v2\/posts"}],"about":[{"href":"https:\/\/elhijodelllanero.mx\/index.php\/wp-json\/wp\/v2\/types\/post"}],"author":[{"embeddable":true,"href":"https:\/\/elhijodelllanero.mx\/index.php\/wp-json\/wp\/v2\/users\/1"}],"replies":[{"embeddable":true,"href":"https:\/\/elhijodelllanero.mx\/index.php\/wp-json\/wp\/v2\/comments?post=8528"}],"version-history":[{"count":1,"href":"https:\/\/elhijodelllanero.mx\/index.php\/wp-json\/wp\/v2\/posts\/8528\/revisions"}],"predecessor-version":[{"id":8530,"href":"https:\/\/elhijodelllanero.mx\/index.php\/wp-json\/wp\/v2\/posts\/8528\/revisions\/8530"}],"wp:featuredmedia":[{"embeddable":true,"href":"https:\/\/elhijodelllanero.mx\/index.php\/wp-json\/wp\/v2\/media\/8529"}],"wp:attachment":[{"href":"https:\/\/elhijodelllanero.mx\/index.php\/wp-json\/wp\/v2\/media?parent=8528"}],"wp:term":[{"taxonomy":"category","embeddable":true,"href":"https:\/\/elhijodelllanero.mx\/index.php\/wp-json\/wp\/v2\/categories?post=8528"},{"taxonomy":"post_tag","embeddable":true,"href":"https:\/\/elhijodelllanero.mx\/index.php\/wp-json\/wp\/v2\/tags?post=8528"}],"curies":[{"name":"wp","href":"https:\/\/api.w.org\/{rel}","templated":true}]}}