{"id":8531,"date":"2024-07-31T20:27:32","date_gmt":"2024-07-31T20:27:32","guid":{"rendered":"https:\/\/elhijodelllanero.mx\/?p=8531"},"modified":"2024-07-31T20:27:32","modified_gmt":"2024-07-31T20:27:32","slug":"consejo-directivo-de-jumapa-promueve-reforestacion-y-plantan-200-arboles","status":"publish","type":"post","link":"https:\/\/elhijodelllanero.mx\/index.php\/2024\/07\/31\/consejo-directivo-de-jumapa-promueve-reforestacion-y-plantan-200-arboles\/","title":{"rendered":"Consejo Directivo de JUMAPA promueve reforestaci\u00f3n y plantan 200 \u00e1rboles."},"content":{"rendered":"<p>Celaya, Gto., 31 Julio 2024.- En una iniciativa del Consejo Directivo de la Junta Municipal de Agua Potable y Alcantarillado de Celaya (JUMAPA), personal del Organismo Operador reforest\u00f3 108 \u00e1rboles en el camell\u00f3n central del eje Manuel J. Clouthier.<br \/>\nFue a trav\u00e9s de la presidenta del Consejo Directivo, la Arq. Paulina Cruz Ram\u00edrez quien promovi\u00f3 esta actividad como parte del compromiso con el medio ambiente.<br \/>\n\u201cAnte el cambio clim\u00e1tico que estamos viviendo es importante tomar acciones urgentes, como plantar m\u00e1s \u00e1rboles que nos permitan contrarrestar temperaturas extremas como las que vivimos este a\u00f1o, ya que los \u00e1rboles nos dan sombra, atraen lluvia y mitigan las altas temperaturas\u201d, indic\u00f3.<br \/>\nAdem\u00e1s, con esta actividad JUMAPA da cumplimiento a la Norma ISO en sus modificaciones hacia el Cambio Clim\u00e1tico, como un Organismo Certificado en ISO 9001:2015 que ostenta actualmente.<br \/>\nEl tramo reforestado es el que comprende a la altura de la colonia \u00c1lamos, y las especies son Codo de fraile y Pata de vaca, especies nativas y adaptables a las condiciones del suelo, clima y topograf\u00eda de la ciudad.<br \/>\nPara su mantenimiento, este espacio est\u00e1 considerado regarse con agua tratada, al termino del periodo de lluvias.<br \/>\nEn esta actividad tambi\u00e9n participaron regidores del H. Ayuntamiento, Consejeros, y el director general de JUMAPA, Ing. Roberto Casta\u00f1eda Tejeda.<\/p>\n","protected":false},"excerpt":{"rendered":"<p>Celaya, Gto., 31 Julio 2024.- En una iniciativa del Consejo Directivo de la Junta Municipal de Agua Potable y Alcantarillado de Celaya (JUMAPA), personal del Organismo Operador reforest\u00f3 108 \u00e1rboles en el camell\u00f3n central del eje Manuel J. Clouthier. Fue a trav\u00e9s de la presidenta del Consejo Directivo, la Arq. Paulina Cruz Ram\u00edrez quien promovi\u00f3 [&hellip;]<\/p>\n","protected":false},"author":1,"featured_media":8532,"comment_status":"open","ping_status":"closed","sticky":false,"template":"","format":"standard","meta":{"_jetpack_newsletter_access":"","_jetpack_dont_email_post_to_subs":false,"_jetpack_newsletter_tier_id":0,"_jetpack_memberships_contains_paywalled_content":false,"_jetpack_memberships_contains_paid_content":false,"footnotes":""},"categories":[74],"tags":[],"class_list":{"0":"post-8531","1":"post","2":"type-post","3":"status-publish","4":"format-standard","5":"has-post-thumbnail","7":"category-celaya"},"yoast_head":"<!-- This site is optimized with the Yoast SEO plugin v27.3 - https:\/\/yoast.com\/product\/yoast-seo-wordpress\/ -->\n<title>Consejo Directivo de JUMAPA promueve reforestaci\u00f3n y plantan 200 \u00e1rboles. - El Hijo del llanero solititito<\/title>\n<meta name=\"robots\" content=\"index, follow, max-snippet:-1, max-image-preview:large, max-video-preview:-1\" \/>\n<link rel=\"canonical\" href=\"https:\/\/elhijodelllanero.mx\/index.php\/2024\/07\/31\/consejo-directivo-de-jumapa-promueve-reforestacion-y-plantan-200-arboles\/\" \/>\n<meta property=\"og:locale\" content=\"es_ES\" \/>\n<meta property=\"og:type\" content=\"article\" \/>\n<meta property=\"og:title\" content=\"Consejo Directivo de JUMAPA promueve reforestaci\u00f3n y plantan 200 \u00e1rboles. - El Hijo del llanero solititito\" \/>\n<meta property=\"og:description\" content=\"Celaya, Gto., 31 Julio 2024.- En una iniciativa del Consejo Directivo de la Junta Municipal de Agua Potable y Alcantarillado de Celaya (JUMAPA), personal del Organismo Operador reforest\u00f3 108 \u00e1rboles en el camell\u00f3n central del eje Manuel J. Clouthier. Fue a trav\u00e9s de la presidenta del Consejo Directivo, la Arq. Paulina Cruz Ram\u00edrez quien promovi\u00f3 [&hellip;]\" \/>\n<meta property=\"og:url\" content=\"https:\/\/elhijodelllanero.mx\/index.php\/2024\/07\/31\/consejo-directivo-de-jumapa-promueve-reforestacion-y-plantan-200-arboles\/\" \/>\n<meta property=\"og:site_name\" content=\"El Hijo del llanero solititito\" \/>\n<meta property=\"article:published_time\" content=\"2024-07-31T20:27:32+00:00\" \/>\n<meta property=\"og:image\" content=\"https:\/\/elhijodelllanero.mx\/wp-content\/uploads\/2024\/07\/IMG-20240731-WA0027.jpg\" \/>\n\t<meta property=\"og:image:width\" content=\"1280\" \/>\n\t<meta property=\"og:image:height\" content=\"960\" \/>\n\t<meta property=\"og:image:type\" content=\"image\/jpeg\" \/>\n<meta name=\"author\" content=\"Redaccion\" \/>\n<meta name=\"twitter:card\" content=\"summary_large_image\" \/>\n<meta name=\"twitter:label1\" content=\"Escrito por\" \/>\n\t<meta name=\"twitter:data1\" content=\"Redaccion\" \/>\n\t<meta name=\"twitter:label2\" content=\"Tiempo de lectura\" \/>\n\t<meta name=\"twitter:data2\" content=\"2 minutos\" \/>\n<script type=\"application\/ld+json\" class=\"yoast-schema-graph\">{\"@context\":\"https:\\\/\\\/schema.org\",\"@graph\":[{\"@type\":\"Article\",\"@id\":\"https:\\\/\\\/elhijodelllanero.mx\\\/index.php\\\/2024\\\/07\\\/31\\\/consejo-directivo-de-jumapa-promueve-reforestacion-y-plantan-200-arboles\\\/#article\",\"isPartOf\":{\"@id\":\"https:\\\/\\\/elhijodelllanero.mx\\\/index.php\\\/2024\\\/07\\\/31\\\/consejo-directivo-de-jumapa-promueve-reforestacion-y-plantan-200-arboles\\\/\"},\"author\":{\"name\":\"Redaccion\",\"@id\":\"https:\\\/\\\/elhijodelllanero.mx\\\/#\\\/schema\\\/person\\\/5dcfdd3db3a6f7e7906ef5d92cf7340b\"},\"headline\":\"Consejo Directivo de JUMAPA promueve reforestaci\u00f3n y plantan 200 \u00e1rboles.\",\"datePublished\":\"2024-07-31T20:27:32+00:00\",\"mainEntityOfPage\":{\"@id\":\"https:\\\/\\\/elhijodelllanero.mx\\\/index.php\\\/2024\\\/07\\\/31\\\/consejo-directivo-de-jumapa-promueve-reforestacion-y-plantan-200-arboles\\\/\"},\"wordCount\":231,\"commentCount\":0,\"image\":{\"@id\":\"https:\\\/\\\/elhijodelllanero.mx\\\/index.php\\\/2024\\\/07\\\/31\\\/consejo-directivo-de-jumapa-promueve-reforestacion-y-plantan-200-arboles\\\/#primaryimage\"},\"thumbnailUrl\":\"https:\\\/\\\/i0.wp.com\\\/elhijodelllanero.mx\\\/wp-content\\\/uploads\\\/2024\\\/07\\\/IMG-20240731-WA0027.jpg?fit=1280%2C960&ssl=1\",\"articleSection\":[\"CELAYA\"],\"inLanguage\":\"es\",\"potentialAction\":[{\"@type\":\"CommentAction\",\"name\":\"Comment\",\"target\":[\"https:\\\/\\\/elhijodelllanero.mx\\\/index.php\\\/2024\\\/07\\\/31\\\/consejo-directivo-de-jumapa-promueve-reforestacion-y-plantan-200-arboles\\\/#respond\"]}]},{\"@type\":\"WebPage\",\"@id\":\"https:\\\/\\\/elhijodelllanero.mx\\\/index.php\\\/2024\\\/07\\\/31\\\/consejo-directivo-de-jumapa-promueve-reforestacion-y-plantan-200-arboles\\\/\",\"url\":\"https:\\\/\\\/elhijodelllanero.mx\\\/index.php\\\/2024\\\/07\\\/31\\\/consejo-directivo-de-jumapa-promueve-reforestacion-y-plantan-200-arboles\\\/\",\"name\":\"Consejo Directivo de JUMAPA promueve reforestaci\u00f3n y plantan 200 \u00e1rboles. - El Hijo del llanero solititito\",\"isPartOf\":{\"@id\":\"https:\\\/\\\/elhijodelllanero.mx\\\/#website\"},\"primaryImageOfPage\":{\"@id\":\"https:\\\/\\\/elhijodelllanero.mx\\\/index.php\\\/2024\\\/07\\\/31\\\/consejo-directivo-de-jumapa-promueve-reforestacion-y-plantan-200-arboles\\\/#primaryimage\"},\"image\":{\"@id\":\"https:\\\/\\\/elhijodelllanero.mx\\\/index.php\\\/2024\\\/07\\\/31\\\/consejo-directivo-de-jumapa-promueve-reforestacion-y-plantan-200-arboles\\\/#primaryimage\"},\"thumbnailUrl\":\"https:\\\/\\\/i0.wp.com\\\/elhijodelllanero.mx\\\/wp-content\\\/uploads\\\/2024\\\/07\\\/IMG-20240731-WA0027.jpg?fit=1280%2C960&ssl=1\",\"datePublished\":\"2024-07-31T20:27:32+00:00\",\"author\":{\"@id\":\"https:\\\/\\\/elhijodelllanero.mx\\\/#\\\/schema\\\/person\\\/5dcfdd3db3a6f7e7906ef5d92cf7340b\"},\"breadcrumb\":{\"@id\":\"https:\\\/\\\/elhijodelllanero.mx\\\/index.php\\\/2024\\\/07\\\/31\\\/consejo-directivo-de-jumapa-promueve-reforestacion-y-plantan-200-arboles\\\/#breadcrumb\"},\"inLanguage\":\"es\",\"potentialAction\":[{\"@type\":\"ReadAction\",\"target\":[\"https:\\\/\\\/elhijodelllanero.mx\\\/index.php\\\/2024\\\/07\\\/31\\\/consejo-directivo-de-jumapa-promueve-reforestacion-y-plantan-200-arboles\\\/\"]}]},{\"@type\":\"ImageObject\",\"inLanguage\":\"es\",\"@id\":\"https:\\\/\\\/elhijodelllanero.mx\\\/index.php\\\/2024\\\/07\\\/31\\\/consejo-directivo-de-jumapa-promueve-reforestacion-y-plantan-200-arboles\\\/#primaryimage\",\"url\":\"https:\\\/\\\/i0.wp.com\\\/elhijodelllanero.mx\\\/wp-content\\\/uploads\\\/2024\\\/07\\\/IMG-20240731-WA0027.jpg?fit=1280%2C960&ssl=1\",\"contentUrl\":\"https:\\\/\\\/i0.wp.com\\\/elhijodelllanero.mx\\\/wp-content\\\/uploads\\\/2024\\\/07\\\/IMG-20240731-WA0027.jpg?fit=1280%2C960&ssl=1\",\"width\":1280,\"height\":960},{\"@type\":\"BreadcrumbList\",\"@id\":\"https:\\\/\\\/elhijodelllanero.mx\\\/index.php\\\/2024\\\/07\\\/31\\\/consejo-directivo-de-jumapa-promueve-reforestacion-y-plantan-200-arboles\\\/#breadcrumb\",\"itemListElement\":[{\"@type\":\"ListItem\",\"position\":1,\"name\":\"Portada\",\"item\":\"https:\\\/\\\/elhijodelllanero.mx\\\/\"},{\"@type\":\"ListItem\",\"position\":2,\"name\":\"Consejo Directivo de JUMAPA promueve reforestaci\u00f3n y plantan 200 \u00e1rboles.\"}]},{\"@type\":\"WebSite\",\"@id\":\"https:\\\/\\\/elhijodelllanero.mx\\\/#website\",\"url\":\"https:\\\/\\\/elhijodelllanero.mx\\\/\",\"name\":\"El Hijo del llanero solititito\",\"description\":\"\",\"potentialAction\":[{\"@type\":\"SearchAction\",\"target\":{\"@type\":\"EntryPoint\",\"urlTemplate\":\"https:\\\/\\\/elhijodelllanero.mx\\\/?s={search_term_string}\"},\"query-input\":{\"@type\":\"PropertyValueSpecification\",\"valueRequired\":true,\"valueName\":\"search_term_string\"}}],\"inLanguage\":\"es\"},{\"@type\":\"Person\",\"@id\":\"https:\\\/\\\/elhijodelllanero.mx\\\/#\\\/schema\\\/person\\\/5dcfdd3db3a6f7e7906ef5d92cf7340b\",\"name\":\"Redaccion\",\"image\":{\"@type\":\"ImageObject\",\"inLanguage\":\"es\",\"@id\":\"https:\\\/\\\/secure.gravatar.com\\\/avatar\\\/f65b913d6e7be363e7396f7fad32ab76d311fbb575fa7e623ec3ea4799f3b718?s=96&d=mm&r=g\",\"url\":\"https:\\\/\\\/secure.gravatar.com\\\/avatar\\\/f65b913d6e7be363e7396f7fad32ab76d311fbb575fa7e623ec3ea4799f3b718?s=96&d=mm&r=g\",\"contentUrl\":\"https:\\\/\\\/secure.gravatar.com\\\/avatar\\\/f65b913d6e7be363e7396f7fad32ab76d311fbb575fa7e623ec3ea4799f3b718?s=96&d=mm&r=g\",\"caption\":\"Redaccion\"},\"sameAs\":[\"https:\\\/\\\/www.elhijodelllanero.mx\"],\"url\":\"https:\\\/\\\/elhijodelllanero.mx\\\/index.php\\\/author\\\/admin_6smc8z8t\\\/\"}]}<\/script>\n<!-- \/ Yoast SEO plugin. -->","yoast_head_json":{"title":"Consejo Directivo de JUMAPA promueve reforestaci\u00f3n y plantan 200 \u00e1rboles. - El Hijo del llanero solititito","robots":{"index":"index","follow":"follow","max-snippet":"max-snippet:-1","max-image-preview":"max-image-preview:large","max-video-preview":"max-video-preview:-1"},"canonical":"https:\/\/elhijodelllanero.mx\/index.php\/2024\/07\/31\/consejo-directivo-de-jumapa-promueve-reforestacion-y-plantan-200-arboles\/","og_locale":"es_ES","og_type":"article","og_title":"Consejo Directivo de JUMAPA promueve reforestaci\u00f3n y plantan 200 \u00e1rboles. - El Hijo del llanero solititito","og_description":"Celaya, Gto., 31 Julio 2024.- En una iniciativa del Consejo Directivo de la Junta Municipal de Agua Potable y Alcantarillado de Celaya (JUMAPA), personal del Organismo Operador reforest\u00f3 108 \u00e1rboles en el camell\u00f3n central del eje Manuel J. Clouthier. Fue a trav\u00e9s de la presidenta del Consejo Directivo, la Arq. Paulina Cruz Ram\u00edrez quien promovi\u00f3 [&hellip;]","og_url":"https:\/\/elhijodelllanero.mx\/index.php\/2024\/07\/31\/consejo-directivo-de-jumapa-promueve-reforestacion-y-plantan-200-arboles\/","og_site_name":"El Hijo del llanero solititito","article_published_time":"2024-07-31T20:27:32+00:00","og_image":[{"width":1280,"height":960,"url":"https:\/\/elhijodelllanero.mx\/wp-content\/uploads\/2024\/07\/IMG-20240731-WA0027.jpg","type":"image\/jpeg"}],"author":"Redaccion","twitter_card":"summary_large_image","twitter_misc":{"Escrito por":"Redaccion","Tiempo de lectura":"2 minutos"},"schema":{"@context":"https:\/\/schema.org","@graph":[{"@type":"Article","@id":"https:\/\/elhijodelllanero.mx\/index.php\/2024\/07\/31\/consejo-directivo-de-jumapa-promueve-reforestacion-y-plantan-200-arboles\/#article","isPartOf":{"@id":"https:\/\/elhijodelllanero.mx\/index.php\/2024\/07\/31\/consejo-directivo-de-jumapa-promueve-reforestacion-y-plantan-200-arboles\/"},"author":{"name":"Redaccion","@id":"https:\/\/elhijodelllanero.mx\/#\/schema\/person\/5dcfdd3db3a6f7e7906ef5d92cf7340b"},"headline":"Consejo Directivo de JUMAPA promueve reforestaci\u00f3n y plantan 200 \u00e1rboles.","datePublished":"2024-07-31T20:27:32+00:00","mainEntityOfPage":{"@id":"https:\/\/elhijodelllanero.mx\/index.php\/2024\/07\/31\/consejo-directivo-de-jumapa-promueve-reforestacion-y-plantan-200-arboles\/"},"wordCount":231,"commentCount":0,"image":{"@id":"https:\/\/elhijodelllanero.mx\/index.php\/2024\/07\/31\/consejo-directivo-de-jumapa-promueve-reforestacion-y-plantan-200-arboles\/#primaryimage"},"thumbnailUrl":"https:\/\/i0.wp.com\/elhijodelllanero.mx\/wp-content\/uploads\/2024\/07\/IMG-20240731-WA0027.jpg?fit=1280%2C960&ssl=1","articleSection":["CELAYA"],"inLanguage":"es","potentialAction":[{"@type":"CommentAction","name":"Comment","target":["https:\/\/elhijodelllanero.mx\/index.php\/2024\/07\/31\/consejo-directivo-de-jumapa-promueve-reforestacion-y-plantan-200-arboles\/#respond"]}]},{"@type":"WebPage","@id":"https:\/\/elhijodelllanero.mx\/index.php\/2024\/07\/31\/consejo-directivo-de-jumapa-promueve-reforestacion-y-plantan-200-arboles\/","url":"https:\/\/elhijodelllanero.mx\/index.php\/2024\/07\/31\/consejo-directivo-de-jumapa-promueve-reforestacion-y-plantan-200-arboles\/","name":"Consejo Directivo de JUMAPA promueve reforestaci\u00f3n y plantan 200 \u00e1rboles. - El Hijo del llanero solititito","isPartOf":{"@id":"https:\/\/elhijodelllanero.mx\/#website"},"primaryImageOfPage":{"@id":"https:\/\/elhijodelllanero.mx\/index.php\/2024\/07\/31\/consejo-directivo-de-jumapa-promueve-reforestacion-y-plantan-200-arboles\/#primaryimage"},"image":{"@id":"https:\/\/elhijodelllanero.mx\/index.php\/2024\/07\/31\/consejo-directivo-de-jumapa-promueve-reforestacion-y-plantan-200-arboles\/#primaryimage"},"thumbnailUrl":"https:\/\/i0.wp.com\/elhijodelllanero.mx\/wp-content\/uploads\/2024\/07\/IMG-20240731-WA0027.jpg?fit=1280%2C960&ssl=1","datePublished":"2024-07-31T20:27:32+00:00","author":{"@id":"https:\/\/elhijodelllanero.mx\/#\/schema\/person\/5dcfdd3db3a6f7e7906ef5d92cf7340b"},"breadcrumb":{"@id":"https:\/\/elhijodelllanero.mx\/index.php\/2024\/07\/31\/consejo-directivo-de-jumapa-promueve-reforestacion-y-plantan-200-arboles\/#breadcrumb"},"inLanguage":"es","potentialAction":[{"@type":"ReadAction","target":["https:\/\/elhijodelllanero.mx\/index.php\/2024\/07\/31\/consejo-directivo-de-jumapa-promueve-reforestacion-y-plantan-200-arboles\/"]}]},{"@type":"ImageObject","inLanguage":"es","@id":"https:\/\/elhijodelllanero.mx\/index.php\/2024\/07\/31\/consejo-directivo-de-jumapa-promueve-reforestacion-y-plantan-200-arboles\/#primaryimage","url":"https:\/\/i0.wp.com\/elhijodelllanero.mx\/wp-content\/uploads\/2024\/07\/IMG-20240731-WA0027.jpg?fit=1280%2C960&ssl=1","contentUrl":"https:\/\/i0.wp.com\/elhijodelllanero.mx\/wp-content\/uploads\/2024\/07\/IMG-20240731-WA0027.jpg?fit=1280%2C960&ssl=1","width":1280,"height":960},{"@type":"BreadcrumbList","@id":"https:\/\/elhijodelllanero.mx\/index.php\/2024\/07\/31\/consejo-directivo-de-jumapa-promueve-reforestacion-y-plantan-200-arboles\/#breadcrumb","itemListElement":[{"@type":"ListItem","position":1,"name":"Portada","item":"https:\/\/elhijodelllanero.mx\/"},{"@type":"ListItem","position":2,"name":"Consejo Directivo de JUMAPA promueve reforestaci\u00f3n y plantan 200 \u00e1rboles."}]},{"@type":"WebSite","@id":"https:\/\/elhijodelllanero.mx\/#website","url":"https:\/\/elhijodelllanero.mx\/","name":"El Hijo del llanero solititito","description":"","potentialAction":[{"@type":"SearchAction","target":{"@type":"EntryPoint","urlTemplate":"https:\/\/elhijodelllanero.mx\/?s={search_term_string}"},"query-input":{"@type":"PropertyValueSpecification","valueRequired":true,"valueName":"search_term_string"}}],"inLanguage":"es"},{"@type":"Person","@id":"https:\/\/elhijodelllanero.mx\/#\/schema\/person\/5dcfdd3db3a6f7e7906ef5d92cf7340b","name":"Redaccion","image":{"@type":"ImageObject","inLanguage":"es","@id":"https:\/\/secure.gravatar.com\/avatar\/f65b913d6e7be363e7396f7fad32ab76d311fbb575fa7e623ec3ea4799f3b718?s=96&d=mm&r=g","url":"https:\/\/secure.gravatar.com\/avatar\/f65b913d6e7be363e7396f7fad32ab76d311fbb575fa7e623ec3ea4799f3b718?s=96&d=mm&r=g","contentUrl":"https:\/\/secure.gravatar.com\/avatar\/f65b913d6e7be363e7396f7fad32ab76d311fbb575fa7e623ec3ea4799f3b718?s=96&d=mm&r=g","caption":"Redaccion"},"sameAs":["https:\/\/www.elhijodelllanero.mx"],"url":"https:\/\/elhijodelllanero.mx\/index.php\/author\/admin_6smc8z8t\/"}]}},"jetpack_featured_media_url":"https:\/\/i0.wp.com\/elhijodelllanero.mx\/wp-content\/uploads\/2024\/07\/IMG-20240731-WA0027.jpg?fit=1280%2C960&ssl=1","jetpack-related-posts":[],"jetpack_sharing_enabled":true,"_links":{"self":[{"href":"https:\/\/elhijodelllanero.mx\/index.php\/wp-json\/wp\/v2\/posts\/8531","targetHints":{"allow":["GET"]}}],"collection":[{"href":"https:\/\/elhijodelllanero.mx\/index.php\/wp-json\/wp\/v2\/posts"}],"about":[{"href":"https:\/\/elhijodelllanero.mx\/index.php\/wp-json\/wp\/v2\/types\/post"}],"author":[{"embeddable":true,"href":"https:\/\/elhijodelllanero.mx\/index.php\/wp-json\/wp\/v2\/users\/1"}],"replies":[{"embeddable":true,"href":"https:\/\/elhijodelllanero.mx\/index.php\/wp-json\/wp\/v2\/comments?post=8531"}],"version-history":[{"count":1,"href":"https:\/\/elhijodelllanero.mx\/index.php\/wp-json\/wp\/v2\/posts\/8531\/revisions"}],"predecessor-version":[{"id":8533,"href":"https:\/\/elhijodelllanero.mx\/index.php\/wp-json\/wp\/v2\/posts\/8531\/revisions\/8533"}],"wp:featuredmedia":[{"embeddable":true,"href":"https:\/\/elhijodelllanero.mx\/index.php\/wp-json\/wp\/v2\/media\/8532"}],"wp:attachment":[{"href":"https:\/\/elhijodelllanero.mx\/index.php\/wp-json\/wp\/v2\/media?parent=8531"}],"wp:term":[{"taxonomy":"category","embeddable":true,"href":"https:\/\/elhijodelllanero.mx\/index.php\/wp-json\/wp\/v2\/categories?post=8531"},{"taxonomy":"post_tag","embeddable":true,"href":"https:\/\/elhijodelllanero.mx\/index.php\/wp-json\/wp\/v2\/tags?post=8531"}],"curies":[{"name":"wp","href":"https:\/\/api.w.org\/{rel}","templated":true}]}}