{"id":8564,"date":"2024-08-02T23:26:17","date_gmt":"2024-08-02T23:26:17","guid":{"rendered":"https:\/\/elhijodelllanero.mx\/?p=8564"},"modified":"2024-08-02T23:26:17","modified_gmt":"2024-08-02T23:26:17","slug":"juventino-rosas-esta-libre-de-catastrofes-por-lluvias-pc","status":"publish","type":"post","link":"https:\/\/elhijodelllanero.mx\/index.php\/2024\/08\/02\/juventino-rosas-esta-libre-de-catastrofes-por-lluvias-pc\/","title":{"rendered":"Juventino Rosas est\u00e1 libre de cat\u00e1strofes por lluvias: PC"},"content":{"rendered":"<p>&nbsp;<\/p>\n<p>Juventino Rosas, Gto., 2 agosto 2024.- Los trabajos previos y el constante monitoreo de los cuerpos de agua del municipio por parte de elementos de PC, mantiene a Juventino Rosas libre de cat\u00e1strofes derivado de la temporada de lluvias.<br \/>\nGilberto Le\u00f3n Alejos, titular de la direcci\u00f3n de Protecci\u00f3n Civil, explic\u00f3 que las precipitaciones que se han registrado las \u00faltimas dos semanas \u00fanicamente han arrojado reportes de encharcamientos,<br \/>\nen los cuales no se tuvo lesionados ni afectaciones a los bienes inmuebles de los ciudadanos.<br \/>\nAlgunos lugares fueron en la colonia nueva Santa Cruz, prolongaci\u00f3n Narciso Mendoza y en la Comunidad de Pozos en la calle Juventino Rosas.<br \/>\nLe\u00f3n Alejos, indic\u00f3 que ante est\u00e1s situaciones se realizaron trabajos transversales con el comit\u00e9 del agua potable y obras p\u00fablicas, para realizar los dezasolves en las zanjas y red de drenaje de los puntos afectados.<br \/>\nReferente a los niveles de los cuerpos de agua del municipio, el funcionario explic\u00f3 que la presa San Pedro se encuentra con un nivel de 50 por ciento, la presa de Guadalupe con un cinco por ciento y la Caja de Agua la pur\u00edsima con un 75 por ciento, siendo este sitio donde se presta mayor vigilacia.<br \/>\nCabe mencionar, que la dependencia realiza monitoreos permanentes en estos lugares con la finalidad de realizar acciones preventivas, adem\u00e1s de evitar que la gente acuda a ba\u00f1arse ya que podr\u00eda tener un fatal desenlace.<\/p>\n","protected":false},"excerpt":{"rendered":"<p>&nbsp; Juventino Rosas, Gto., 2 agosto 2024.- Los trabajos previos y el constante monitoreo de los cuerpos de agua del municipio por parte de elementos de PC, mantiene a Juventino Rosas libre de cat\u00e1strofes derivado de la temporada de lluvias. Gilberto Le\u00f3n Alejos, titular de la direcci\u00f3n de Protecci\u00f3n Civil, explic\u00f3 que las precipitaciones que [&hellip;]<\/p>\n","protected":false},"author":1,"featured_media":8565,"comment_status":"open","ping_status":"closed","sticky":false,"template":"","format":"standard","meta":{"_jetpack_newsletter_access":"","_jetpack_dont_email_post_to_subs":false,"_jetpack_newsletter_tier_id":0,"_jetpack_memberships_contains_paywalled_content":false,"_jetpack_memberships_contains_paid_content":false,"footnotes":""},"categories":[81],"tags":[],"class_list":{"0":"post-8564","1":"post","2":"type-post","3":"status-publish","4":"format-standard","5":"has-post-thumbnail","7":"category-juventino-rosas"},"yoast_head":"<!-- This site is optimized with the Yoast SEO plugin v27.3 - https:\/\/yoast.com\/product\/yoast-seo-wordpress\/ -->\n<title>Juventino Rosas est\u00e1 libre de cat\u00e1strofes por lluvias: PC - El Hijo del llanero solititito<\/title>\n<meta name=\"robots\" content=\"index, follow, max-snippet:-1, max-image-preview:large, max-video-preview:-1\" \/>\n<link rel=\"canonical\" href=\"https:\/\/elhijodelllanero.mx\/index.php\/2024\/08\/02\/juventino-rosas-esta-libre-de-catastrofes-por-lluvias-pc\/\" \/>\n<meta property=\"og:locale\" content=\"es_ES\" \/>\n<meta property=\"og:type\" content=\"article\" \/>\n<meta property=\"og:title\" content=\"Juventino Rosas est\u00e1 libre de cat\u00e1strofes por lluvias: PC - El Hijo del llanero solititito\" \/>\n<meta property=\"og:description\" content=\"&nbsp; Juventino Rosas, Gto., 2 agosto 2024.- Los trabajos previos y el constante monitoreo de los cuerpos de agua del municipio por parte de elementos de PC, mantiene a Juventino Rosas libre de cat\u00e1strofes derivado de la temporada de lluvias. Gilberto Le\u00f3n Alejos, titular de la direcci\u00f3n de Protecci\u00f3n Civil, explic\u00f3 que las precipitaciones que [&hellip;]\" \/>\n<meta property=\"og:url\" content=\"https:\/\/elhijodelllanero.mx\/index.php\/2024\/08\/02\/juventino-rosas-esta-libre-de-catastrofes-por-lluvias-pc\/\" \/>\n<meta property=\"og:site_name\" content=\"El Hijo del llanero solititito\" \/>\n<meta property=\"article:published_time\" content=\"2024-08-02T23:26:17+00:00\" \/>\n<meta property=\"og:image\" content=\"https:\/\/elhijodelllanero.mx\/wp-content\/uploads\/2024\/08\/IMG-20240802-WA0073.jpg\" \/>\n\t<meta property=\"og:image:width\" content=\"1280\" \/>\n\t<meta property=\"og:image:height\" content=\"960\" \/>\n\t<meta property=\"og:image:type\" content=\"image\/jpeg\" \/>\n<meta name=\"author\" content=\"Redaccion\" \/>\n<meta name=\"twitter:card\" content=\"summary_large_image\" \/>\n<meta name=\"twitter:label1\" content=\"Escrito por\" \/>\n\t<meta name=\"twitter:data1\" content=\"Redaccion\" \/>\n\t<meta name=\"twitter:label2\" content=\"Tiempo de lectura\" \/>\n\t<meta name=\"twitter:data2\" content=\"2 minutos\" \/>\n<script type=\"application\/ld+json\" class=\"yoast-schema-graph\">{\"@context\":\"https:\\\/\\\/schema.org\",\"@graph\":[{\"@type\":\"Article\",\"@id\":\"https:\\\/\\\/elhijodelllanero.mx\\\/index.php\\\/2024\\\/08\\\/02\\\/juventino-rosas-esta-libre-de-catastrofes-por-lluvias-pc\\\/#article\",\"isPartOf\":{\"@id\":\"https:\\\/\\\/elhijodelllanero.mx\\\/index.php\\\/2024\\\/08\\\/02\\\/juventino-rosas-esta-libre-de-catastrofes-por-lluvias-pc\\\/\"},\"author\":{\"name\":\"Redaccion\",\"@id\":\"https:\\\/\\\/elhijodelllanero.mx\\\/#\\\/schema\\\/person\\\/5dcfdd3db3a6f7e7906ef5d92cf7340b\"},\"headline\":\"Juventino Rosas est\u00e1 libre de cat\u00e1strofes por lluvias: PC\",\"datePublished\":\"2024-08-02T23:26:17+00:00\",\"mainEntityOfPage\":{\"@id\":\"https:\\\/\\\/elhijodelllanero.mx\\\/index.php\\\/2024\\\/08\\\/02\\\/juventino-rosas-esta-libre-de-catastrofes-por-lluvias-pc\\\/\"},\"wordCount\":252,\"commentCount\":0,\"image\":{\"@id\":\"https:\\\/\\\/elhijodelllanero.mx\\\/index.php\\\/2024\\\/08\\\/02\\\/juventino-rosas-esta-libre-de-catastrofes-por-lluvias-pc\\\/#primaryimage\"},\"thumbnailUrl\":\"https:\\\/\\\/i0.wp.com\\\/elhijodelllanero.mx\\\/wp-content\\\/uploads\\\/2024\\\/08\\\/IMG-20240802-WA0073.jpg?fit=1280%2C960&ssl=1\",\"articleSection\":[\"JUVENTINO ROSAS\"],\"inLanguage\":\"es\",\"potentialAction\":[{\"@type\":\"CommentAction\",\"name\":\"Comment\",\"target\":[\"https:\\\/\\\/elhijodelllanero.mx\\\/index.php\\\/2024\\\/08\\\/02\\\/juventino-rosas-esta-libre-de-catastrofes-por-lluvias-pc\\\/#respond\"]}]},{\"@type\":\"WebPage\",\"@id\":\"https:\\\/\\\/elhijodelllanero.mx\\\/index.php\\\/2024\\\/08\\\/02\\\/juventino-rosas-esta-libre-de-catastrofes-por-lluvias-pc\\\/\",\"url\":\"https:\\\/\\\/elhijodelllanero.mx\\\/index.php\\\/2024\\\/08\\\/02\\\/juventino-rosas-esta-libre-de-catastrofes-por-lluvias-pc\\\/\",\"name\":\"Juventino Rosas est\u00e1 libre de cat\u00e1strofes por lluvias: PC - El Hijo del llanero solititito\",\"isPartOf\":{\"@id\":\"https:\\\/\\\/elhijodelllanero.mx\\\/#website\"},\"primaryImageOfPage\":{\"@id\":\"https:\\\/\\\/elhijodelllanero.mx\\\/index.php\\\/2024\\\/08\\\/02\\\/juventino-rosas-esta-libre-de-catastrofes-por-lluvias-pc\\\/#primaryimage\"},\"image\":{\"@id\":\"https:\\\/\\\/elhijodelllanero.mx\\\/index.php\\\/2024\\\/08\\\/02\\\/juventino-rosas-esta-libre-de-catastrofes-por-lluvias-pc\\\/#primaryimage\"},\"thumbnailUrl\":\"https:\\\/\\\/i0.wp.com\\\/elhijodelllanero.mx\\\/wp-content\\\/uploads\\\/2024\\\/08\\\/IMG-20240802-WA0073.jpg?fit=1280%2C960&ssl=1\",\"datePublished\":\"2024-08-02T23:26:17+00:00\",\"author\":{\"@id\":\"https:\\\/\\\/elhijodelllanero.mx\\\/#\\\/schema\\\/person\\\/5dcfdd3db3a6f7e7906ef5d92cf7340b\"},\"breadcrumb\":{\"@id\":\"https:\\\/\\\/elhijodelllanero.mx\\\/index.php\\\/2024\\\/08\\\/02\\\/juventino-rosas-esta-libre-de-catastrofes-por-lluvias-pc\\\/#breadcrumb\"},\"inLanguage\":\"es\",\"potentialAction\":[{\"@type\":\"ReadAction\",\"target\":[\"https:\\\/\\\/elhijodelllanero.mx\\\/index.php\\\/2024\\\/08\\\/02\\\/juventino-rosas-esta-libre-de-catastrofes-por-lluvias-pc\\\/\"]}]},{\"@type\":\"ImageObject\",\"inLanguage\":\"es\",\"@id\":\"https:\\\/\\\/elhijodelllanero.mx\\\/index.php\\\/2024\\\/08\\\/02\\\/juventino-rosas-esta-libre-de-catastrofes-por-lluvias-pc\\\/#primaryimage\",\"url\":\"https:\\\/\\\/i0.wp.com\\\/elhijodelllanero.mx\\\/wp-content\\\/uploads\\\/2024\\\/08\\\/IMG-20240802-WA0073.jpg?fit=1280%2C960&ssl=1\",\"contentUrl\":\"https:\\\/\\\/i0.wp.com\\\/elhijodelllanero.mx\\\/wp-content\\\/uploads\\\/2024\\\/08\\\/IMG-20240802-WA0073.jpg?fit=1280%2C960&ssl=1\",\"width\":1280,\"height\":960},{\"@type\":\"BreadcrumbList\",\"@id\":\"https:\\\/\\\/elhijodelllanero.mx\\\/index.php\\\/2024\\\/08\\\/02\\\/juventino-rosas-esta-libre-de-catastrofes-por-lluvias-pc\\\/#breadcrumb\",\"itemListElement\":[{\"@type\":\"ListItem\",\"position\":1,\"name\":\"Portada\",\"item\":\"https:\\\/\\\/elhijodelllanero.mx\\\/\"},{\"@type\":\"ListItem\",\"position\":2,\"name\":\"Juventino Rosas est\u00e1 libre de cat\u00e1strofes por lluvias: PC\"}]},{\"@type\":\"WebSite\",\"@id\":\"https:\\\/\\\/elhijodelllanero.mx\\\/#website\",\"url\":\"https:\\\/\\\/elhijodelllanero.mx\\\/\",\"name\":\"El Hijo del llanero solititito\",\"description\":\"\",\"potentialAction\":[{\"@type\":\"SearchAction\",\"target\":{\"@type\":\"EntryPoint\",\"urlTemplate\":\"https:\\\/\\\/elhijodelllanero.mx\\\/?s={search_term_string}\"},\"query-input\":{\"@type\":\"PropertyValueSpecification\",\"valueRequired\":true,\"valueName\":\"search_term_string\"}}],\"inLanguage\":\"es\"},{\"@type\":\"Person\",\"@id\":\"https:\\\/\\\/elhijodelllanero.mx\\\/#\\\/schema\\\/person\\\/5dcfdd3db3a6f7e7906ef5d92cf7340b\",\"name\":\"Redaccion\",\"image\":{\"@type\":\"ImageObject\",\"inLanguage\":\"es\",\"@id\":\"https:\\\/\\\/secure.gravatar.com\\\/avatar\\\/f65b913d6e7be363e7396f7fad32ab76d311fbb575fa7e623ec3ea4799f3b718?s=96&d=mm&r=g\",\"url\":\"https:\\\/\\\/secure.gravatar.com\\\/avatar\\\/f65b913d6e7be363e7396f7fad32ab76d311fbb575fa7e623ec3ea4799f3b718?s=96&d=mm&r=g\",\"contentUrl\":\"https:\\\/\\\/secure.gravatar.com\\\/avatar\\\/f65b913d6e7be363e7396f7fad32ab76d311fbb575fa7e623ec3ea4799f3b718?s=96&d=mm&r=g\",\"caption\":\"Redaccion\"},\"sameAs\":[\"https:\\\/\\\/www.elhijodelllanero.mx\"],\"url\":\"https:\\\/\\\/elhijodelllanero.mx\\\/index.php\\\/author\\\/admin_6smc8z8t\\\/\"}]}<\/script>\n<!-- \/ Yoast SEO plugin. -->","yoast_head_json":{"title":"Juventino Rosas est\u00e1 libre de cat\u00e1strofes por lluvias: PC - El Hijo del llanero solititito","robots":{"index":"index","follow":"follow","max-snippet":"max-snippet:-1","max-image-preview":"max-image-preview:large","max-video-preview":"max-video-preview:-1"},"canonical":"https:\/\/elhijodelllanero.mx\/index.php\/2024\/08\/02\/juventino-rosas-esta-libre-de-catastrofes-por-lluvias-pc\/","og_locale":"es_ES","og_type":"article","og_title":"Juventino Rosas est\u00e1 libre de cat\u00e1strofes por lluvias: PC - El Hijo del llanero solititito","og_description":"&nbsp; Juventino Rosas, Gto., 2 agosto 2024.- Los trabajos previos y el constante monitoreo de los cuerpos de agua del municipio por parte de elementos de PC, mantiene a Juventino Rosas libre de cat\u00e1strofes derivado de la temporada de lluvias. Gilberto Le\u00f3n Alejos, titular de la direcci\u00f3n de Protecci\u00f3n Civil, explic\u00f3 que las precipitaciones que [&hellip;]","og_url":"https:\/\/elhijodelllanero.mx\/index.php\/2024\/08\/02\/juventino-rosas-esta-libre-de-catastrofes-por-lluvias-pc\/","og_site_name":"El Hijo del llanero solititito","article_published_time":"2024-08-02T23:26:17+00:00","og_image":[{"width":1280,"height":960,"url":"https:\/\/elhijodelllanero.mx\/wp-content\/uploads\/2024\/08\/IMG-20240802-WA0073.jpg","type":"image\/jpeg"}],"author":"Redaccion","twitter_card":"summary_large_image","twitter_misc":{"Escrito por":"Redaccion","Tiempo de lectura":"2 minutos"},"schema":{"@context":"https:\/\/schema.org","@graph":[{"@type":"Article","@id":"https:\/\/elhijodelllanero.mx\/index.php\/2024\/08\/02\/juventino-rosas-esta-libre-de-catastrofes-por-lluvias-pc\/#article","isPartOf":{"@id":"https:\/\/elhijodelllanero.mx\/index.php\/2024\/08\/02\/juventino-rosas-esta-libre-de-catastrofes-por-lluvias-pc\/"},"author":{"name":"Redaccion","@id":"https:\/\/elhijodelllanero.mx\/#\/schema\/person\/5dcfdd3db3a6f7e7906ef5d92cf7340b"},"headline":"Juventino Rosas est\u00e1 libre de cat\u00e1strofes por lluvias: PC","datePublished":"2024-08-02T23:26:17+00:00","mainEntityOfPage":{"@id":"https:\/\/elhijodelllanero.mx\/index.php\/2024\/08\/02\/juventino-rosas-esta-libre-de-catastrofes-por-lluvias-pc\/"},"wordCount":252,"commentCount":0,"image":{"@id":"https:\/\/elhijodelllanero.mx\/index.php\/2024\/08\/02\/juventino-rosas-esta-libre-de-catastrofes-por-lluvias-pc\/#primaryimage"},"thumbnailUrl":"https:\/\/i0.wp.com\/elhijodelllanero.mx\/wp-content\/uploads\/2024\/08\/IMG-20240802-WA0073.jpg?fit=1280%2C960&ssl=1","articleSection":["JUVENTINO ROSAS"],"inLanguage":"es","potentialAction":[{"@type":"CommentAction","name":"Comment","target":["https:\/\/elhijodelllanero.mx\/index.php\/2024\/08\/02\/juventino-rosas-esta-libre-de-catastrofes-por-lluvias-pc\/#respond"]}]},{"@type":"WebPage","@id":"https:\/\/elhijodelllanero.mx\/index.php\/2024\/08\/02\/juventino-rosas-esta-libre-de-catastrofes-por-lluvias-pc\/","url":"https:\/\/elhijodelllanero.mx\/index.php\/2024\/08\/02\/juventino-rosas-esta-libre-de-catastrofes-por-lluvias-pc\/","name":"Juventino Rosas est\u00e1 libre de cat\u00e1strofes por lluvias: PC - El Hijo del llanero solititito","isPartOf":{"@id":"https:\/\/elhijodelllanero.mx\/#website"},"primaryImageOfPage":{"@id":"https:\/\/elhijodelllanero.mx\/index.php\/2024\/08\/02\/juventino-rosas-esta-libre-de-catastrofes-por-lluvias-pc\/#primaryimage"},"image":{"@id":"https:\/\/elhijodelllanero.mx\/index.php\/2024\/08\/02\/juventino-rosas-esta-libre-de-catastrofes-por-lluvias-pc\/#primaryimage"},"thumbnailUrl":"https:\/\/i0.wp.com\/elhijodelllanero.mx\/wp-content\/uploads\/2024\/08\/IMG-20240802-WA0073.jpg?fit=1280%2C960&ssl=1","datePublished":"2024-08-02T23:26:17+00:00","author":{"@id":"https:\/\/elhijodelllanero.mx\/#\/schema\/person\/5dcfdd3db3a6f7e7906ef5d92cf7340b"},"breadcrumb":{"@id":"https:\/\/elhijodelllanero.mx\/index.php\/2024\/08\/02\/juventino-rosas-esta-libre-de-catastrofes-por-lluvias-pc\/#breadcrumb"},"inLanguage":"es","potentialAction":[{"@type":"ReadAction","target":["https:\/\/elhijodelllanero.mx\/index.php\/2024\/08\/02\/juventino-rosas-esta-libre-de-catastrofes-por-lluvias-pc\/"]}]},{"@type":"ImageObject","inLanguage":"es","@id":"https:\/\/elhijodelllanero.mx\/index.php\/2024\/08\/02\/juventino-rosas-esta-libre-de-catastrofes-por-lluvias-pc\/#primaryimage","url":"https:\/\/i0.wp.com\/elhijodelllanero.mx\/wp-content\/uploads\/2024\/08\/IMG-20240802-WA0073.jpg?fit=1280%2C960&ssl=1","contentUrl":"https:\/\/i0.wp.com\/elhijodelllanero.mx\/wp-content\/uploads\/2024\/08\/IMG-20240802-WA0073.jpg?fit=1280%2C960&ssl=1","width":1280,"height":960},{"@type":"BreadcrumbList","@id":"https:\/\/elhijodelllanero.mx\/index.php\/2024\/08\/02\/juventino-rosas-esta-libre-de-catastrofes-por-lluvias-pc\/#breadcrumb","itemListElement":[{"@type":"ListItem","position":1,"name":"Portada","item":"https:\/\/elhijodelllanero.mx\/"},{"@type":"ListItem","position":2,"name":"Juventino Rosas est\u00e1 libre de cat\u00e1strofes por lluvias: PC"}]},{"@type":"WebSite","@id":"https:\/\/elhijodelllanero.mx\/#website","url":"https:\/\/elhijodelllanero.mx\/","name":"El Hijo del llanero solititito","description":"","potentialAction":[{"@type":"SearchAction","target":{"@type":"EntryPoint","urlTemplate":"https:\/\/elhijodelllanero.mx\/?s={search_term_string}"},"query-input":{"@type":"PropertyValueSpecification","valueRequired":true,"valueName":"search_term_string"}}],"inLanguage":"es"},{"@type":"Person","@id":"https:\/\/elhijodelllanero.mx\/#\/schema\/person\/5dcfdd3db3a6f7e7906ef5d92cf7340b","name":"Redaccion","image":{"@type":"ImageObject","inLanguage":"es","@id":"https:\/\/secure.gravatar.com\/avatar\/f65b913d6e7be363e7396f7fad32ab76d311fbb575fa7e623ec3ea4799f3b718?s=96&d=mm&r=g","url":"https:\/\/secure.gravatar.com\/avatar\/f65b913d6e7be363e7396f7fad32ab76d311fbb575fa7e623ec3ea4799f3b718?s=96&d=mm&r=g","contentUrl":"https:\/\/secure.gravatar.com\/avatar\/f65b913d6e7be363e7396f7fad32ab76d311fbb575fa7e623ec3ea4799f3b718?s=96&d=mm&r=g","caption":"Redaccion"},"sameAs":["https:\/\/www.elhijodelllanero.mx"],"url":"https:\/\/elhijodelllanero.mx\/index.php\/author\/admin_6smc8z8t\/"}]}},"jetpack_featured_media_url":"https:\/\/i0.wp.com\/elhijodelllanero.mx\/wp-content\/uploads\/2024\/08\/IMG-20240802-WA0073.jpg?fit=1280%2C960&ssl=1","jetpack-related-posts":[],"jetpack_sharing_enabled":true,"_links":{"self":[{"href":"https:\/\/elhijodelllanero.mx\/index.php\/wp-json\/wp\/v2\/posts\/8564","targetHints":{"allow":["GET"]}}],"collection":[{"href":"https:\/\/elhijodelllanero.mx\/index.php\/wp-json\/wp\/v2\/posts"}],"about":[{"href":"https:\/\/elhijodelllanero.mx\/index.php\/wp-json\/wp\/v2\/types\/post"}],"author":[{"embeddable":true,"href":"https:\/\/elhijodelllanero.mx\/index.php\/wp-json\/wp\/v2\/users\/1"}],"replies":[{"embeddable":true,"href":"https:\/\/elhijodelllanero.mx\/index.php\/wp-json\/wp\/v2\/comments?post=8564"}],"version-history":[{"count":1,"href":"https:\/\/elhijodelllanero.mx\/index.php\/wp-json\/wp\/v2\/posts\/8564\/revisions"}],"predecessor-version":[{"id":8566,"href":"https:\/\/elhijodelllanero.mx\/index.php\/wp-json\/wp\/v2\/posts\/8564\/revisions\/8566"}],"wp:featuredmedia":[{"embeddable":true,"href":"https:\/\/elhijodelllanero.mx\/index.php\/wp-json\/wp\/v2\/media\/8565"}],"wp:attachment":[{"href":"https:\/\/elhijodelllanero.mx\/index.php\/wp-json\/wp\/v2\/media?parent=8564"}],"wp:term":[{"taxonomy":"category","embeddable":true,"href":"https:\/\/elhijodelllanero.mx\/index.php\/wp-json\/wp\/v2\/categories?post=8564"},{"taxonomy":"post_tag","embeddable":true,"href":"https:\/\/elhijodelllanero.mx\/index.php\/wp-json\/wp\/v2\/tags?post=8564"}],"curies":[{"name":"wp","href":"https:\/\/api.w.org\/{rel}","templated":true}]}}