{"id":8628,"date":"2024-09-27T20:04:33","date_gmt":"2024-09-27T20:04:33","guid":{"rendered":"https:\/\/elhijodelllanero.mx\/?p=8628"},"modified":"2024-09-27T20:04:33","modified_gmt":"2024-09-27T20:04:33","slug":"todo-listo-para-la-toma-de-protesta-del-ayuntamiento-2024-2027-en-villagran","status":"publish","type":"post","link":"https:\/\/elhijodelllanero.mx\/index.php\/2024\/09\/27\/todo-listo-para-la-toma-de-protesta-del-ayuntamiento-2024-2027-en-villagran\/","title":{"rendered":"TODO LISTO PARA LA TOMA DE PROTESTA DEL AYUNTAMIENTO 2024-2027 EN VILLAGRAN"},"content":{"rendered":"<p>&nbsp;<\/p>\n<p>Villagr\u00e1n, Gto.-27 de septiembre del 2024.- Ser\u00e1 p\u00fablica la Sesi\u00f3n Solemne de Instalaci\u00f3n del Ayuntamiento de la Administraci\u00f3n 2024-2027, que preside Cinthia Teniente Mendoza.<br \/>\nEl evento ser\u00e1 el 10 de octubre a las 10 de la ma\u00f1ana en el jard\u00edn Principal.<br \/>\nEl programa dar\u00e1 inicio los honores a la bandera, acto seguido por el pase de lista y comprobaci\u00f3n de Qu\u00f3rum.<br \/>\nEnsegida se realizar\u00e1 la instalaci\u00f3n legal de la asamblea, y se continuar\u00e1 con la instalaci\u00f3n del Secretario para efecto de levantar el acta de la Sesi\u00f3n Solemne, a cargo Pedro Angel P\u00e9rez Camacho, S\u00edndico Electo y realice la toma de protesta de la alcaldesa, licenciada Cinthia Teniente Mendoza,<br \/>\nDespu\u00e9s se realizar\u00e1 la protesta a los miembros del Ayuntamiento 2024-2027, y para concluir la ya nombrada alcaldesa, brindar\u00e1 un mensaje a la ciudadan\u00eda.<br \/>\nEn el lugar se contar\u00e1 con los miembros del nuevo Ayuntamiento que preside Cinthia Teniente Mendoza, confirmados por:<br \/>\nEl Sindico Pedro Angel P\u00e9rez Camacho, los regidores:<br \/>\nMartha Erika Guerrero Barriga un y<br \/>\nArianna Cuevas Tovar.<\/p>\n","protected":false},"excerpt":{"rendered":"<p>&nbsp; Villagr\u00e1n, Gto.-27 de septiembre del 2024.- Ser\u00e1 p\u00fablica la Sesi\u00f3n Solemne de Instalaci\u00f3n del Ayuntamiento de la Administraci\u00f3n 2024-2027, que preside Cinthia Teniente Mendoza. El evento ser\u00e1 el 10 de octubre a las 10 de la ma\u00f1ana en el jard\u00edn Principal. El programa dar\u00e1 inicio los honores a la bandera, acto seguido por el [&hellip;]<\/p>\n","protected":false},"author":1,"featured_media":8630,"comment_status":"open","ping_status":"closed","sticky":false,"template":"","format":"standard","meta":{"_jetpack_newsletter_access":"","_jetpack_dont_email_post_to_subs":false,"_jetpack_newsletter_tier_id":0,"_jetpack_memberships_contains_paywalled_content":false,"_jetpack_memberships_contains_paid_content":false,"footnotes":""},"categories":[85],"tags":[],"class_list":{"0":"post-8628","1":"post","2":"type-post","3":"status-publish","4":"format-standard","5":"has-post-thumbnail","7":"category-villagran"},"yoast_head":"<!-- This site is optimized with the Yoast SEO plugin v27.3 - https:\/\/yoast.com\/product\/yoast-seo-wordpress\/ -->\n<title>TODO LISTO PARA LA TOMA DE PROTESTA DEL AYUNTAMIENTO 2024-2027 EN VILLAGRAN - El Hijo del llanero solititito<\/title>\n<meta name=\"robots\" content=\"index, follow, max-snippet:-1, max-image-preview:large, max-video-preview:-1\" \/>\n<link rel=\"canonical\" href=\"https:\/\/elhijodelllanero.mx\/index.php\/2024\/09\/27\/todo-listo-para-la-toma-de-protesta-del-ayuntamiento-2024-2027-en-villagran\/\" \/>\n<meta property=\"og:locale\" content=\"es_ES\" \/>\n<meta property=\"og:type\" content=\"article\" \/>\n<meta property=\"og:title\" content=\"TODO LISTO PARA LA TOMA DE PROTESTA DEL AYUNTAMIENTO 2024-2027 EN VILLAGRAN - El Hijo del llanero solititito\" \/>\n<meta property=\"og:description\" content=\"&nbsp; Villagr\u00e1n, Gto.-27 de septiembre del 2024.- Ser\u00e1 p\u00fablica la Sesi\u00f3n Solemne de Instalaci\u00f3n del Ayuntamiento de la Administraci\u00f3n 2024-2027, que preside Cinthia Teniente Mendoza. El evento ser\u00e1 el 10 de octubre a las 10 de la ma\u00f1ana en el jard\u00edn Principal. El programa dar\u00e1 inicio los honores a la bandera, acto seguido por el [&hellip;]\" \/>\n<meta property=\"og:url\" content=\"https:\/\/elhijodelllanero.mx\/index.php\/2024\/09\/27\/todo-listo-para-la-toma-de-protesta-del-ayuntamiento-2024-2027-en-villagran\/\" \/>\n<meta property=\"og:site_name\" content=\"El Hijo del llanero solititito\" \/>\n<meta property=\"article:published_time\" content=\"2024-09-27T20:04:33+00:00\" \/>\n<meta property=\"og:image\" content=\"https:\/\/elhijodelllanero.mx\/wp-content\/uploads\/2024\/09\/IMG-20240926-WA0069.jpg\" \/>\n\t<meta property=\"og:image:width\" content=\"828\" \/>\n\t<meta property=\"og:image:height\" content=\"601\" \/>\n\t<meta property=\"og:image:type\" content=\"image\/jpeg\" \/>\n<meta name=\"author\" content=\"Redaccion\" \/>\n<meta name=\"twitter:card\" content=\"summary_large_image\" \/>\n<meta name=\"twitter:label1\" content=\"Escrito por\" \/>\n\t<meta name=\"twitter:data1\" content=\"Redaccion\" \/>\n\t<meta name=\"twitter:label2\" content=\"Tiempo de lectura\" \/>\n\t<meta name=\"twitter:data2\" content=\"1 minuto\" \/>\n<script type=\"application\/ld+json\" class=\"yoast-schema-graph\">{\"@context\":\"https:\\\/\\\/schema.org\",\"@graph\":[{\"@type\":\"Article\",\"@id\":\"https:\\\/\\\/elhijodelllanero.mx\\\/index.php\\\/2024\\\/09\\\/27\\\/todo-listo-para-la-toma-de-protesta-del-ayuntamiento-2024-2027-en-villagran\\\/#article\",\"isPartOf\":{\"@id\":\"https:\\\/\\\/elhijodelllanero.mx\\\/index.php\\\/2024\\\/09\\\/27\\\/todo-listo-para-la-toma-de-protesta-del-ayuntamiento-2024-2027-en-villagran\\\/\"},\"author\":{\"name\":\"Redaccion\",\"@id\":\"https:\\\/\\\/elhijodelllanero.mx\\\/#\\\/schema\\\/person\\\/5dcfdd3db3a6f7e7906ef5d92cf7340b\"},\"headline\":\"TODO LISTO PARA LA TOMA DE PROTESTA DEL AYUNTAMIENTO 2024-2027 EN VILLAGRAN\",\"datePublished\":\"2024-09-27T20:04:33+00:00\",\"mainEntityOfPage\":{\"@id\":\"https:\\\/\\\/elhijodelllanero.mx\\\/index.php\\\/2024\\\/09\\\/27\\\/todo-listo-para-la-toma-de-protesta-del-ayuntamiento-2024-2027-en-villagran\\\/\"},\"wordCount\":197,\"commentCount\":0,\"image\":{\"@id\":\"https:\\\/\\\/elhijodelllanero.mx\\\/index.php\\\/2024\\\/09\\\/27\\\/todo-listo-para-la-toma-de-protesta-del-ayuntamiento-2024-2027-en-villagran\\\/#primaryimage\"},\"thumbnailUrl\":\"https:\\\/\\\/i0.wp.com\\\/elhijodelllanero.mx\\\/wp-content\\\/uploads\\\/2024\\\/09\\\/IMG-20240926-WA0069.jpg?fit=828%2C601&ssl=1\",\"articleSection\":[\"Villagr\u00e1n\"],\"inLanguage\":\"es\",\"potentialAction\":[{\"@type\":\"CommentAction\",\"name\":\"Comment\",\"target\":[\"https:\\\/\\\/elhijodelllanero.mx\\\/index.php\\\/2024\\\/09\\\/27\\\/todo-listo-para-la-toma-de-protesta-del-ayuntamiento-2024-2027-en-villagran\\\/#respond\"]}]},{\"@type\":\"WebPage\",\"@id\":\"https:\\\/\\\/elhijodelllanero.mx\\\/index.php\\\/2024\\\/09\\\/27\\\/todo-listo-para-la-toma-de-protesta-del-ayuntamiento-2024-2027-en-villagran\\\/\",\"url\":\"https:\\\/\\\/elhijodelllanero.mx\\\/index.php\\\/2024\\\/09\\\/27\\\/todo-listo-para-la-toma-de-protesta-del-ayuntamiento-2024-2027-en-villagran\\\/\",\"name\":\"TODO LISTO PARA LA TOMA DE PROTESTA DEL AYUNTAMIENTO 2024-2027 EN VILLAGRAN - El Hijo del llanero solititito\",\"isPartOf\":{\"@id\":\"https:\\\/\\\/elhijodelllanero.mx\\\/#website\"},\"primaryImageOfPage\":{\"@id\":\"https:\\\/\\\/elhijodelllanero.mx\\\/index.php\\\/2024\\\/09\\\/27\\\/todo-listo-para-la-toma-de-protesta-del-ayuntamiento-2024-2027-en-villagran\\\/#primaryimage\"},\"image\":{\"@id\":\"https:\\\/\\\/elhijodelllanero.mx\\\/index.php\\\/2024\\\/09\\\/27\\\/todo-listo-para-la-toma-de-protesta-del-ayuntamiento-2024-2027-en-villagran\\\/#primaryimage\"},\"thumbnailUrl\":\"https:\\\/\\\/i0.wp.com\\\/elhijodelllanero.mx\\\/wp-content\\\/uploads\\\/2024\\\/09\\\/IMG-20240926-WA0069.jpg?fit=828%2C601&ssl=1\",\"datePublished\":\"2024-09-27T20:04:33+00:00\",\"author\":{\"@id\":\"https:\\\/\\\/elhijodelllanero.mx\\\/#\\\/schema\\\/person\\\/5dcfdd3db3a6f7e7906ef5d92cf7340b\"},\"breadcrumb\":{\"@id\":\"https:\\\/\\\/elhijodelllanero.mx\\\/index.php\\\/2024\\\/09\\\/27\\\/todo-listo-para-la-toma-de-protesta-del-ayuntamiento-2024-2027-en-villagran\\\/#breadcrumb\"},\"inLanguage\":\"es\",\"potentialAction\":[{\"@type\":\"ReadAction\",\"target\":[\"https:\\\/\\\/elhijodelllanero.mx\\\/index.php\\\/2024\\\/09\\\/27\\\/todo-listo-para-la-toma-de-protesta-del-ayuntamiento-2024-2027-en-villagran\\\/\"]}]},{\"@type\":\"ImageObject\",\"inLanguage\":\"es\",\"@id\":\"https:\\\/\\\/elhijodelllanero.mx\\\/index.php\\\/2024\\\/09\\\/27\\\/todo-listo-para-la-toma-de-protesta-del-ayuntamiento-2024-2027-en-villagran\\\/#primaryimage\",\"url\":\"https:\\\/\\\/i0.wp.com\\\/elhijodelllanero.mx\\\/wp-content\\\/uploads\\\/2024\\\/09\\\/IMG-20240926-WA0069.jpg?fit=828%2C601&ssl=1\",\"contentUrl\":\"https:\\\/\\\/i0.wp.com\\\/elhijodelllanero.mx\\\/wp-content\\\/uploads\\\/2024\\\/09\\\/IMG-20240926-WA0069.jpg?fit=828%2C601&ssl=1\",\"width\":828,\"height\":601},{\"@type\":\"BreadcrumbList\",\"@id\":\"https:\\\/\\\/elhijodelllanero.mx\\\/index.php\\\/2024\\\/09\\\/27\\\/todo-listo-para-la-toma-de-protesta-del-ayuntamiento-2024-2027-en-villagran\\\/#breadcrumb\",\"itemListElement\":[{\"@type\":\"ListItem\",\"position\":1,\"name\":\"Portada\",\"item\":\"https:\\\/\\\/elhijodelllanero.mx\\\/\"},{\"@type\":\"ListItem\",\"position\":2,\"name\":\"TODO LISTO PARA LA TOMA DE PROTESTA DEL AYUNTAMIENTO 2024-2027 EN VILLAGRAN\"}]},{\"@type\":\"WebSite\",\"@id\":\"https:\\\/\\\/elhijodelllanero.mx\\\/#website\",\"url\":\"https:\\\/\\\/elhijodelllanero.mx\\\/\",\"name\":\"El Hijo del llanero solititito\",\"description\":\"\",\"potentialAction\":[{\"@type\":\"SearchAction\",\"target\":{\"@type\":\"EntryPoint\",\"urlTemplate\":\"https:\\\/\\\/elhijodelllanero.mx\\\/?s={search_term_string}\"},\"query-input\":{\"@type\":\"PropertyValueSpecification\",\"valueRequired\":true,\"valueName\":\"search_term_string\"}}],\"inLanguage\":\"es\"},{\"@type\":\"Person\",\"@id\":\"https:\\\/\\\/elhijodelllanero.mx\\\/#\\\/schema\\\/person\\\/5dcfdd3db3a6f7e7906ef5d92cf7340b\",\"name\":\"Redaccion\",\"image\":{\"@type\":\"ImageObject\",\"inLanguage\":\"es\",\"@id\":\"https:\\\/\\\/secure.gravatar.com\\\/avatar\\\/f65b913d6e7be363e7396f7fad32ab76d311fbb575fa7e623ec3ea4799f3b718?s=96&d=mm&r=g\",\"url\":\"https:\\\/\\\/secure.gravatar.com\\\/avatar\\\/f65b913d6e7be363e7396f7fad32ab76d311fbb575fa7e623ec3ea4799f3b718?s=96&d=mm&r=g\",\"contentUrl\":\"https:\\\/\\\/secure.gravatar.com\\\/avatar\\\/f65b913d6e7be363e7396f7fad32ab76d311fbb575fa7e623ec3ea4799f3b718?s=96&d=mm&r=g\",\"caption\":\"Redaccion\"},\"sameAs\":[\"https:\\\/\\\/www.elhijodelllanero.mx\"],\"url\":\"https:\\\/\\\/elhijodelllanero.mx\\\/index.php\\\/author\\\/admin_6smc8z8t\\\/\"}]}<\/script>\n<!-- \/ Yoast SEO plugin. -->","yoast_head_json":{"title":"TODO LISTO PARA LA TOMA DE PROTESTA DEL AYUNTAMIENTO 2024-2027 EN VILLAGRAN - El Hijo del llanero solititito","robots":{"index":"index","follow":"follow","max-snippet":"max-snippet:-1","max-image-preview":"max-image-preview:large","max-video-preview":"max-video-preview:-1"},"canonical":"https:\/\/elhijodelllanero.mx\/index.php\/2024\/09\/27\/todo-listo-para-la-toma-de-protesta-del-ayuntamiento-2024-2027-en-villagran\/","og_locale":"es_ES","og_type":"article","og_title":"TODO LISTO PARA LA TOMA DE PROTESTA DEL AYUNTAMIENTO 2024-2027 EN VILLAGRAN - El Hijo del llanero solititito","og_description":"&nbsp; Villagr\u00e1n, Gto.-27 de septiembre del 2024.- Ser\u00e1 p\u00fablica la Sesi\u00f3n Solemne de Instalaci\u00f3n del Ayuntamiento de la Administraci\u00f3n 2024-2027, que preside Cinthia Teniente Mendoza. El evento ser\u00e1 el 10 de octubre a las 10 de la ma\u00f1ana en el jard\u00edn Principal. El programa dar\u00e1 inicio los honores a la bandera, acto seguido por el [&hellip;]","og_url":"https:\/\/elhijodelllanero.mx\/index.php\/2024\/09\/27\/todo-listo-para-la-toma-de-protesta-del-ayuntamiento-2024-2027-en-villagran\/","og_site_name":"El Hijo del llanero solititito","article_published_time":"2024-09-27T20:04:33+00:00","og_image":[{"width":828,"height":601,"url":"https:\/\/elhijodelllanero.mx\/wp-content\/uploads\/2024\/09\/IMG-20240926-WA0069.jpg","type":"image\/jpeg"}],"author":"Redaccion","twitter_card":"summary_large_image","twitter_misc":{"Escrito por":"Redaccion","Tiempo de lectura":"1 minuto"},"schema":{"@context":"https:\/\/schema.org","@graph":[{"@type":"Article","@id":"https:\/\/elhijodelllanero.mx\/index.php\/2024\/09\/27\/todo-listo-para-la-toma-de-protesta-del-ayuntamiento-2024-2027-en-villagran\/#article","isPartOf":{"@id":"https:\/\/elhijodelllanero.mx\/index.php\/2024\/09\/27\/todo-listo-para-la-toma-de-protesta-del-ayuntamiento-2024-2027-en-villagran\/"},"author":{"name":"Redaccion","@id":"https:\/\/elhijodelllanero.mx\/#\/schema\/person\/5dcfdd3db3a6f7e7906ef5d92cf7340b"},"headline":"TODO LISTO PARA LA TOMA DE PROTESTA DEL AYUNTAMIENTO 2024-2027 EN VILLAGRAN","datePublished":"2024-09-27T20:04:33+00:00","mainEntityOfPage":{"@id":"https:\/\/elhijodelllanero.mx\/index.php\/2024\/09\/27\/todo-listo-para-la-toma-de-protesta-del-ayuntamiento-2024-2027-en-villagran\/"},"wordCount":197,"commentCount":0,"image":{"@id":"https:\/\/elhijodelllanero.mx\/index.php\/2024\/09\/27\/todo-listo-para-la-toma-de-protesta-del-ayuntamiento-2024-2027-en-villagran\/#primaryimage"},"thumbnailUrl":"https:\/\/i0.wp.com\/elhijodelllanero.mx\/wp-content\/uploads\/2024\/09\/IMG-20240926-WA0069.jpg?fit=828%2C601&ssl=1","articleSection":["Villagr\u00e1n"],"inLanguage":"es","potentialAction":[{"@type":"CommentAction","name":"Comment","target":["https:\/\/elhijodelllanero.mx\/index.php\/2024\/09\/27\/todo-listo-para-la-toma-de-protesta-del-ayuntamiento-2024-2027-en-villagran\/#respond"]}]},{"@type":"WebPage","@id":"https:\/\/elhijodelllanero.mx\/index.php\/2024\/09\/27\/todo-listo-para-la-toma-de-protesta-del-ayuntamiento-2024-2027-en-villagran\/","url":"https:\/\/elhijodelllanero.mx\/index.php\/2024\/09\/27\/todo-listo-para-la-toma-de-protesta-del-ayuntamiento-2024-2027-en-villagran\/","name":"TODO LISTO PARA LA TOMA DE PROTESTA DEL AYUNTAMIENTO 2024-2027 EN VILLAGRAN - El Hijo del llanero solititito","isPartOf":{"@id":"https:\/\/elhijodelllanero.mx\/#website"},"primaryImageOfPage":{"@id":"https:\/\/elhijodelllanero.mx\/index.php\/2024\/09\/27\/todo-listo-para-la-toma-de-protesta-del-ayuntamiento-2024-2027-en-villagran\/#primaryimage"},"image":{"@id":"https:\/\/elhijodelllanero.mx\/index.php\/2024\/09\/27\/todo-listo-para-la-toma-de-protesta-del-ayuntamiento-2024-2027-en-villagran\/#primaryimage"},"thumbnailUrl":"https:\/\/i0.wp.com\/elhijodelllanero.mx\/wp-content\/uploads\/2024\/09\/IMG-20240926-WA0069.jpg?fit=828%2C601&ssl=1","datePublished":"2024-09-27T20:04:33+00:00","author":{"@id":"https:\/\/elhijodelllanero.mx\/#\/schema\/person\/5dcfdd3db3a6f7e7906ef5d92cf7340b"},"breadcrumb":{"@id":"https:\/\/elhijodelllanero.mx\/index.php\/2024\/09\/27\/todo-listo-para-la-toma-de-protesta-del-ayuntamiento-2024-2027-en-villagran\/#breadcrumb"},"inLanguage":"es","potentialAction":[{"@type":"ReadAction","target":["https:\/\/elhijodelllanero.mx\/index.php\/2024\/09\/27\/todo-listo-para-la-toma-de-protesta-del-ayuntamiento-2024-2027-en-villagran\/"]}]},{"@type":"ImageObject","inLanguage":"es","@id":"https:\/\/elhijodelllanero.mx\/index.php\/2024\/09\/27\/todo-listo-para-la-toma-de-protesta-del-ayuntamiento-2024-2027-en-villagran\/#primaryimage","url":"https:\/\/i0.wp.com\/elhijodelllanero.mx\/wp-content\/uploads\/2024\/09\/IMG-20240926-WA0069.jpg?fit=828%2C601&ssl=1","contentUrl":"https:\/\/i0.wp.com\/elhijodelllanero.mx\/wp-content\/uploads\/2024\/09\/IMG-20240926-WA0069.jpg?fit=828%2C601&ssl=1","width":828,"height":601},{"@type":"BreadcrumbList","@id":"https:\/\/elhijodelllanero.mx\/index.php\/2024\/09\/27\/todo-listo-para-la-toma-de-protesta-del-ayuntamiento-2024-2027-en-villagran\/#breadcrumb","itemListElement":[{"@type":"ListItem","position":1,"name":"Portada","item":"https:\/\/elhijodelllanero.mx\/"},{"@type":"ListItem","position":2,"name":"TODO LISTO PARA LA TOMA DE PROTESTA DEL AYUNTAMIENTO 2024-2027 EN VILLAGRAN"}]},{"@type":"WebSite","@id":"https:\/\/elhijodelllanero.mx\/#website","url":"https:\/\/elhijodelllanero.mx\/","name":"El Hijo del llanero solititito","description":"","potentialAction":[{"@type":"SearchAction","target":{"@type":"EntryPoint","urlTemplate":"https:\/\/elhijodelllanero.mx\/?s={search_term_string}"},"query-input":{"@type":"PropertyValueSpecification","valueRequired":true,"valueName":"search_term_string"}}],"inLanguage":"es"},{"@type":"Person","@id":"https:\/\/elhijodelllanero.mx\/#\/schema\/person\/5dcfdd3db3a6f7e7906ef5d92cf7340b","name":"Redaccion","image":{"@type":"ImageObject","inLanguage":"es","@id":"https:\/\/secure.gravatar.com\/avatar\/f65b913d6e7be363e7396f7fad32ab76d311fbb575fa7e623ec3ea4799f3b718?s=96&d=mm&r=g","url":"https:\/\/secure.gravatar.com\/avatar\/f65b913d6e7be363e7396f7fad32ab76d311fbb575fa7e623ec3ea4799f3b718?s=96&d=mm&r=g","contentUrl":"https:\/\/secure.gravatar.com\/avatar\/f65b913d6e7be363e7396f7fad32ab76d311fbb575fa7e623ec3ea4799f3b718?s=96&d=mm&r=g","caption":"Redaccion"},"sameAs":["https:\/\/www.elhijodelllanero.mx"],"url":"https:\/\/elhijodelllanero.mx\/index.php\/author\/admin_6smc8z8t\/"}]}},"jetpack_featured_media_url":"https:\/\/i0.wp.com\/elhijodelllanero.mx\/wp-content\/uploads\/2024\/09\/IMG-20240926-WA0069.jpg?fit=828%2C601&ssl=1","jetpack-related-posts":[],"jetpack_sharing_enabled":true,"_links":{"self":[{"href":"https:\/\/elhijodelllanero.mx\/index.php\/wp-json\/wp\/v2\/posts\/8628","targetHints":{"allow":["GET"]}}],"collection":[{"href":"https:\/\/elhijodelllanero.mx\/index.php\/wp-json\/wp\/v2\/posts"}],"about":[{"href":"https:\/\/elhijodelllanero.mx\/index.php\/wp-json\/wp\/v2\/types\/post"}],"author":[{"embeddable":true,"href":"https:\/\/elhijodelllanero.mx\/index.php\/wp-json\/wp\/v2\/users\/1"}],"replies":[{"embeddable":true,"href":"https:\/\/elhijodelllanero.mx\/index.php\/wp-json\/wp\/v2\/comments?post=8628"}],"version-history":[{"count":1,"href":"https:\/\/elhijodelllanero.mx\/index.php\/wp-json\/wp\/v2\/posts\/8628\/revisions"}],"predecessor-version":[{"id":8631,"href":"https:\/\/elhijodelllanero.mx\/index.php\/wp-json\/wp\/v2\/posts\/8628\/revisions\/8631"}],"wp:featuredmedia":[{"embeddable":true,"href":"https:\/\/elhijodelllanero.mx\/index.php\/wp-json\/wp\/v2\/media\/8630"}],"wp:attachment":[{"href":"https:\/\/elhijodelllanero.mx\/index.php\/wp-json\/wp\/v2\/media?parent=8628"}],"wp:term":[{"taxonomy":"category","embeddable":true,"href":"https:\/\/elhijodelllanero.mx\/index.php\/wp-json\/wp\/v2\/categories?post=8628"},{"taxonomy":"post_tag","embeddable":true,"href":"https:\/\/elhijodelllanero.mx\/index.php\/wp-json\/wp\/v2\/tags?post=8628"}],"curies":[{"name":"wp","href":"https:\/\/api.w.org\/{rel}","templated":true}]}}