{"id":8651,"date":"2024-09-30T22:36:41","date_gmt":"2024-09-30T22:36:41","guid":{"rendered":"https:\/\/elhijodelllanero.mx\/?p=8651"},"modified":"2024-09-30T22:36:41","modified_gmt":"2024-09-30T22:36:41","slug":"aprueban-cierre-del-programa-estimulos-a-la-educacion-primaria-2024-se-benefician-a-dos-mil-500-estudiantes","status":"publish","type":"post","link":"https:\/\/elhijodelllanero.mx\/index.php\/2024\/09\/30\/aprueban-cierre-del-programa-estimulos-a-la-educacion-primaria-2024-se-benefician-a-dos-mil-500-estudiantes\/","title":{"rendered":"APRUEBAN CIERRE DEL PROGRAMA EST\u00cdMULOS A LA EDUCACI\u00d3N PRIMARIA 2024, SE BENEFICIAN A DOS MIL 500 ESTUDIANTES."},"content":{"rendered":"<p>&nbsp;<\/p>\n<p>Celaya, Gto. 30 de septiembre del 2024.- Con un padr\u00f3n de dos mil 500 beneficiados y una inversi\u00f3n de tres millones de pesos, el Ayuntamiento aprob\u00f3 el cierre del programa \u201cEst\u00edmulos a la Educaci\u00f3n Primaria\u201d para el ejercicio 2024.<br \/>\nEn sesi\u00f3n de Ayuntamiento de este lunes, el regidor Michel \u00c1ngel Mart\u00ednez Orlanzzini, presidente de la Comisi\u00f3n de Educaci\u00f3n y Fomento a la Ciencia y la Tecnolog\u00eda, puso a consideraci\u00f3n del pleno el dictamen que contiene el cierre del del referido programa, mismo que qued\u00f3 aprobado.<br \/>\nDe igual manera present\u00f3 el dictamen que contiene la propuesta de reasignaci\u00f3n de 45 becas del programa \u201cBecas Municipales\u201d para el ejercicio 2024, igualmente aprobado.<br \/>\nEn la sesi\u00f3n ordinaria de este lunes, la n\u00famero 84, la regidora y presidenta de la Comisi\u00f3n de Obras P\u00fablicas y Servicios Municipales, Carmen Raquel Trejo, present\u00f3 el dictamen de la onceava modificaci\u00f3n al Programa General de Obra 2024.<br \/>\nCon dicha modificaci\u00f3n, el presupuesto contemplado para acciones de obras queda en 597 millones 214 mil 641.09 pesos y considera el ajuste de recursos en algunas obras, as\u00ed como la baja de una acci\u00f3n de ampliaci\u00f3n de electrificaci\u00f3n en la colonia La Huerta, obra que ya fue realizada por la CFE.<br \/>\nEn otro punto de la orden del d\u00eda la presidenta de la Comisi\u00f3n de Cultura, Recreaci\u00f3n, Deporte y Atenci\u00f3n a la Juventud, Mar\u00eda Elo\u00edsa Cholico, present\u00f3 el dictamen para autorizar la constituci\u00f3n e integraci\u00f3n del Comit\u00e9 de Preservaci\u00f3n de un espacio deportivo en la comunidad de Rinc\u00f3n de Tamayo, a cargo del SIDEC, y la correspondiente convocatoria. El dictamen qued\u00f3 aprobado por el pleno.<\/p>\n","protected":false},"excerpt":{"rendered":"<p>&nbsp; Celaya, Gto. 30 de septiembre del 2024.- Con un padr\u00f3n de dos mil 500 beneficiados y una inversi\u00f3n de tres millones de pesos, el Ayuntamiento aprob\u00f3 el cierre del programa \u201cEst\u00edmulos a la Educaci\u00f3n Primaria\u201d para el ejercicio 2024. En sesi\u00f3n de Ayuntamiento de este lunes, el regidor Michel \u00c1ngel Mart\u00ednez Orlanzzini, presidente de [&hellip;]<\/p>\n","protected":false},"author":1,"featured_media":8652,"comment_status":"open","ping_status":"closed","sticky":false,"template":"","format":"standard","meta":{"_jetpack_newsletter_access":"","_jetpack_dont_email_post_to_subs":false,"_jetpack_newsletter_tier_id":0,"_jetpack_memberships_contains_paywalled_content":false,"_jetpack_memberships_contains_paid_content":false,"footnotes":""},"categories":[74],"tags":[],"class_list":{"0":"post-8651","1":"post","2":"type-post","3":"status-publish","4":"format-standard","5":"has-post-thumbnail","7":"category-celaya"},"yoast_head":"<!-- This site is optimized with the Yoast SEO plugin v27.3 - https:\/\/yoast.com\/product\/yoast-seo-wordpress\/ -->\n<title>APRUEBAN CIERRE DEL PROGRAMA EST\u00cdMULOS A LA EDUCACI\u00d3N PRIMARIA 2024, SE BENEFICIAN A DOS MIL 500 ESTUDIANTES. - El Hijo del llanero solititito<\/title>\n<meta name=\"robots\" content=\"index, follow, max-snippet:-1, max-image-preview:large, max-video-preview:-1\" \/>\n<link rel=\"canonical\" href=\"https:\/\/elhijodelllanero.mx\/index.php\/2024\/09\/30\/aprueban-cierre-del-programa-estimulos-a-la-educacion-primaria-2024-se-benefician-a-dos-mil-500-estudiantes\/\" \/>\n<meta property=\"og:locale\" content=\"es_ES\" \/>\n<meta property=\"og:type\" content=\"article\" \/>\n<meta property=\"og:title\" content=\"APRUEBAN CIERRE DEL PROGRAMA EST\u00cdMULOS A LA EDUCACI\u00d3N PRIMARIA 2024, SE BENEFICIAN A DOS MIL 500 ESTUDIANTES. - El Hijo del llanero solititito\" \/>\n<meta property=\"og:description\" content=\"&nbsp; Celaya, Gto. 30 de septiembre del 2024.- Con un padr\u00f3n de dos mil 500 beneficiados y una inversi\u00f3n de tres millones de pesos, el Ayuntamiento aprob\u00f3 el cierre del programa \u201cEst\u00edmulos a la Educaci\u00f3n Primaria\u201d para el ejercicio 2024. En sesi\u00f3n de Ayuntamiento de este lunes, el regidor Michel \u00c1ngel Mart\u00ednez Orlanzzini, presidente de [&hellip;]\" \/>\n<meta property=\"og:url\" content=\"https:\/\/elhijodelllanero.mx\/index.php\/2024\/09\/30\/aprueban-cierre-del-programa-estimulos-a-la-educacion-primaria-2024-se-benefician-a-dos-mil-500-estudiantes\/\" \/>\n<meta property=\"og:site_name\" content=\"El Hijo del llanero solititito\" \/>\n<meta property=\"article:published_time\" content=\"2024-09-30T22:36:41+00:00\" \/>\n<meta property=\"og:image\" content=\"https:\/\/elhijodelllanero.mx\/wp-content\/uploads\/2024\/09\/IMG-20240930-WA0026.jpg\" \/>\n\t<meta property=\"og:image:width\" content=\"1532\" \/>\n\t<meta property=\"og:image:height\" content=\"864\" \/>\n\t<meta property=\"og:image:type\" content=\"image\/jpeg\" \/>\n<meta name=\"author\" content=\"Redaccion\" \/>\n<meta name=\"twitter:card\" content=\"summary_large_image\" \/>\n<meta name=\"twitter:label1\" content=\"Escrito por\" \/>\n\t<meta name=\"twitter:data1\" content=\"Redaccion\" \/>\n\t<meta name=\"twitter:label2\" content=\"Tiempo de lectura\" \/>\n\t<meta name=\"twitter:data2\" content=\"2 minutos\" \/>\n<script type=\"application\/ld+json\" class=\"yoast-schema-graph\">{\"@context\":\"https:\\\/\\\/schema.org\",\"@graph\":[{\"@type\":\"Article\",\"@id\":\"https:\\\/\\\/elhijodelllanero.mx\\\/index.php\\\/2024\\\/09\\\/30\\\/aprueban-cierre-del-programa-estimulos-a-la-educacion-primaria-2024-se-benefician-a-dos-mil-500-estudiantes\\\/#article\",\"isPartOf\":{\"@id\":\"https:\\\/\\\/elhijodelllanero.mx\\\/index.php\\\/2024\\\/09\\\/30\\\/aprueban-cierre-del-programa-estimulos-a-la-educacion-primaria-2024-se-benefician-a-dos-mil-500-estudiantes\\\/\"},\"author\":{\"name\":\"Redaccion\",\"@id\":\"https:\\\/\\\/elhijodelllanero.mx\\\/#\\\/schema\\\/person\\\/5dcfdd3db3a6f7e7906ef5d92cf7340b\"},\"headline\":\"APRUEBAN CIERRE DEL PROGRAMA EST\u00cdMULOS A LA EDUCACI\u00d3N PRIMARIA 2024, SE BENEFICIAN A DOS MIL 500 ESTUDIANTES.\",\"datePublished\":\"2024-09-30T22:36:41+00:00\",\"mainEntityOfPage\":{\"@id\":\"https:\\\/\\\/elhijodelllanero.mx\\\/index.php\\\/2024\\\/09\\\/30\\\/aprueban-cierre-del-programa-estimulos-a-la-educacion-primaria-2024-se-benefician-a-dos-mil-500-estudiantes\\\/\"},\"wordCount\":302,\"commentCount\":0,\"image\":{\"@id\":\"https:\\\/\\\/elhijodelllanero.mx\\\/index.php\\\/2024\\\/09\\\/30\\\/aprueban-cierre-del-programa-estimulos-a-la-educacion-primaria-2024-se-benefician-a-dos-mil-500-estudiantes\\\/#primaryimage\"},\"thumbnailUrl\":\"https:\\\/\\\/i0.wp.com\\\/elhijodelllanero.mx\\\/wp-content\\\/uploads\\\/2024\\\/09\\\/IMG-20240930-WA0026.jpg?fit=1532%2C864&ssl=1\",\"articleSection\":[\"CELAYA\"],\"inLanguage\":\"es\",\"potentialAction\":[{\"@type\":\"CommentAction\",\"name\":\"Comment\",\"target\":[\"https:\\\/\\\/elhijodelllanero.mx\\\/index.php\\\/2024\\\/09\\\/30\\\/aprueban-cierre-del-programa-estimulos-a-la-educacion-primaria-2024-se-benefician-a-dos-mil-500-estudiantes\\\/#respond\"]}]},{\"@type\":\"WebPage\",\"@id\":\"https:\\\/\\\/elhijodelllanero.mx\\\/index.php\\\/2024\\\/09\\\/30\\\/aprueban-cierre-del-programa-estimulos-a-la-educacion-primaria-2024-se-benefician-a-dos-mil-500-estudiantes\\\/\",\"url\":\"https:\\\/\\\/elhijodelllanero.mx\\\/index.php\\\/2024\\\/09\\\/30\\\/aprueban-cierre-del-programa-estimulos-a-la-educacion-primaria-2024-se-benefician-a-dos-mil-500-estudiantes\\\/\",\"name\":\"APRUEBAN CIERRE DEL PROGRAMA EST\u00cdMULOS A LA EDUCACI\u00d3N PRIMARIA 2024, SE BENEFICIAN A DOS MIL 500 ESTUDIANTES. - El Hijo del llanero solititito\",\"isPartOf\":{\"@id\":\"https:\\\/\\\/elhijodelllanero.mx\\\/#website\"},\"primaryImageOfPage\":{\"@id\":\"https:\\\/\\\/elhijodelllanero.mx\\\/index.php\\\/2024\\\/09\\\/30\\\/aprueban-cierre-del-programa-estimulos-a-la-educacion-primaria-2024-se-benefician-a-dos-mil-500-estudiantes\\\/#primaryimage\"},\"image\":{\"@id\":\"https:\\\/\\\/elhijodelllanero.mx\\\/index.php\\\/2024\\\/09\\\/30\\\/aprueban-cierre-del-programa-estimulos-a-la-educacion-primaria-2024-se-benefician-a-dos-mil-500-estudiantes\\\/#primaryimage\"},\"thumbnailUrl\":\"https:\\\/\\\/i0.wp.com\\\/elhijodelllanero.mx\\\/wp-content\\\/uploads\\\/2024\\\/09\\\/IMG-20240930-WA0026.jpg?fit=1532%2C864&ssl=1\",\"datePublished\":\"2024-09-30T22:36:41+00:00\",\"author\":{\"@id\":\"https:\\\/\\\/elhijodelllanero.mx\\\/#\\\/schema\\\/person\\\/5dcfdd3db3a6f7e7906ef5d92cf7340b\"},\"breadcrumb\":{\"@id\":\"https:\\\/\\\/elhijodelllanero.mx\\\/index.php\\\/2024\\\/09\\\/30\\\/aprueban-cierre-del-programa-estimulos-a-la-educacion-primaria-2024-se-benefician-a-dos-mil-500-estudiantes\\\/#breadcrumb\"},\"inLanguage\":\"es\",\"potentialAction\":[{\"@type\":\"ReadAction\",\"target\":[\"https:\\\/\\\/elhijodelllanero.mx\\\/index.php\\\/2024\\\/09\\\/30\\\/aprueban-cierre-del-programa-estimulos-a-la-educacion-primaria-2024-se-benefician-a-dos-mil-500-estudiantes\\\/\"]}]},{\"@type\":\"ImageObject\",\"inLanguage\":\"es\",\"@id\":\"https:\\\/\\\/elhijodelllanero.mx\\\/index.php\\\/2024\\\/09\\\/30\\\/aprueban-cierre-del-programa-estimulos-a-la-educacion-primaria-2024-se-benefician-a-dos-mil-500-estudiantes\\\/#primaryimage\",\"url\":\"https:\\\/\\\/i0.wp.com\\\/elhijodelllanero.mx\\\/wp-content\\\/uploads\\\/2024\\\/09\\\/IMG-20240930-WA0026.jpg?fit=1532%2C864&ssl=1\",\"contentUrl\":\"https:\\\/\\\/i0.wp.com\\\/elhijodelllanero.mx\\\/wp-content\\\/uploads\\\/2024\\\/09\\\/IMG-20240930-WA0026.jpg?fit=1532%2C864&ssl=1\",\"width\":1532,\"height\":864},{\"@type\":\"BreadcrumbList\",\"@id\":\"https:\\\/\\\/elhijodelllanero.mx\\\/index.php\\\/2024\\\/09\\\/30\\\/aprueban-cierre-del-programa-estimulos-a-la-educacion-primaria-2024-se-benefician-a-dos-mil-500-estudiantes\\\/#breadcrumb\",\"itemListElement\":[{\"@type\":\"ListItem\",\"position\":1,\"name\":\"Portada\",\"item\":\"https:\\\/\\\/elhijodelllanero.mx\\\/\"},{\"@type\":\"ListItem\",\"position\":2,\"name\":\"APRUEBAN CIERRE DEL PROGRAMA EST\u00cdMULOS A LA EDUCACI\u00d3N PRIMARIA 2024, SE BENEFICIAN A DOS MIL 500 ESTUDIANTES.\"}]},{\"@type\":\"WebSite\",\"@id\":\"https:\\\/\\\/elhijodelllanero.mx\\\/#website\",\"url\":\"https:\\\/\\\/elhijodelllanero.mx\\\/\",\"name\":\"El Hijo del llanero solititito\",\"description\":\"\",\"potentialAction\":[{\"@type\":\"SearchAction\",\"target\":{\"@type\":\"EntryPoint\",\"urlTemplate\":\"https:\\\/\\\/elhijodelllanero.mx\\\/?s={search_term_string}\"},\"query-input\":{\"@type\":\"PropertyValueSpecification\",\"valueRequired\":true,\"valueName\":\"search_term_string\"}}],\"inLanguage\":\"es\"},{\"@type\":\"Person\",\"@id\":\"https:\\\/\\\/elhijodelllanero.mx\\\/#\\\/schema\\\/person\\\/5dcfdd3db3a6f7e7906ef5d92cf7340b\",\"name\":\"Redaccion\",\"image\":{\"@type\":\"ImageObject\",\"inLanguage\":\"es\",\"@id\":\"https:\\\/\\\/secure.gravatar.com\\\/avatar\\\/f65b913d6e7be363e7396f7fad32ab76d311fbb575fa7e623ec3ea4799f3b718?s=96&d=mm&r=g\",\"url\":\"https:\\\/\\\/secure.gravatar.com\\\/avatar\\\/f65b913d6e7be363e7396f7fad32ab76d311fbb575fa7e623ec3ea4799f3b718?s=96&d=mm&r=g\",\"contentUrl\":\"https:\\\/\\\/secure.gravatar.com\\\/avatar\\\/f65b913d6e7be363e7396f7fad32ab76d311fbb575fa7e623ec3ea4799f3b718?s=96&d=mm&r=g\",\"caption\":\"Redaccion\"},\"sameAs\":[\"https:\\\/\\\/www.elhijodelllanero.mx\"],\"url\":\"https:\\\/\\\/elhijodelllanero.mx\\\/index.php\\\/author\\\/admin_6smc8z8t\\\/\"}]}<\/script>\n<!-- \/ Yoast SEO plugin. -->","yoast_head_json":{"title":"APRUEBAN CIERRE DEL PROGRAMA EST\u00cdMULOS A LA EDUCACI\u00d3N PRIMARIA 2024, SE BENEFICIAN A DOS MIL 500 ESTUDIANTES. - El Hijo del llanero solititito","robots":{"index":"index","follow":"follow","max-snippet":"max-snippet:-1","max-image-preview":"max-image-preview:large","max-video-preview":"max-video-preview:-1"},"canonical":"https:\/\/elhijodelllanero.mx\/index.php\/2024\/09\/30\/aprueban-cierre-del-programa-estimulos-a-la-educacion-primaria-2024-se-benefician-a-dos-mil-500-estudiantes\/","og_locale":"es_ES","og_type":"article","og_title":"APRUEBAN CIERRE DEL PROGRAMA EST\u00cdMULOS A LA EDUCACI\u00d3N PRIMARIA 2024, SE BENEFICIAN A DOS MIL 500 ESTUDIANTES. - El Hijo del llanero solititito","og_description":"&nbsp; Celaya, Gto. 30 de septiembre del 2024.- Con un padr\u00f3n de dos mil 500 beneficiados y una inversi\u00f3n de tres millones de pesos, el Ayuntamiento aprob\u00f3 el cierre del programa \u201cEst\u00edmulos a la Educaci\u00f3n Primaria\u201d para el ejercicio 2024. En sesi\u00f3n de Ayuntamiento de este lunes, el regidor Michel \u00c1ngel Mart\u00ednez Orlanzzini, presidente de [&hellip;]","og_url":"https:\/\/elhijodelllanero.mx\/index.php\/2024\/09\/30\/aprueban-cierre-del-programa-estimulos-a-la-educacion-primaria-2024-se-benefician-a-dos-mil-500-estudiantes\/","og_site_name":"El Hijo del llanero solititito","article_published_time":"2024-09-30T22:36:41+00:00","og_image":[{"width":1532,"height":864,"url":"https:\/\/elhijodelllanero.mx\/wp-content\/uploads\/2024\/09\/IMG-20240930-WA0026.jpg","type":"image\/jpeg"}],"author":"Redaccion","twitter_card":"summary_large_image","twitter_misc":{"Escrito por":"Redaccion","Tiempo de lectura":"2 minutos"},"schema":{"@context":"https:\/\/schema.org","@graph":[{"@type":"Article","@id":"https:\/\/elhijodelllanero.mx\/index.php\/2024\/09\/30\/aprueban-cierre-del-programa-estimulos-a-la-educacion-primaria-2024-se-benefician-a-dos-mil-500-estudiantes\/#article","isPartOf":{"@id":"https:\/\/elhijodelllanero.mx\/index.php\/2024\/09\/30\/aprueban-cierre-del-programa-estimulos-a-la-educacion-primaria-2024-se-benefician-a-dos-mil-500-estudiantes\/"},"author":{"name":"Redaccion","@id":"https:\/\/elhijodelllanero.mx\/#\/schema\/person\/5dcfdd3db3a6f7e7906ef5d92cf7340b"},"headline":"APRUEBAN CIERRE DEL PROGRAMA EST\u00cdMULOS A LA EDUCACI\u00d3N PRIMARIA 2024, SE BENEFICIAN A DOS MIL 500 ESTUDIANTES.","datePublished":"2024-09-30T22:36:41+00:00","mainEntityOfPage":{"@id":"https:\/\/elhijodelllanero.mx\/index.php\/2024\/09\/30\/aprueban-cierre-del-programa-estimulos-a-la-educacion-primaria-2024-se-benefician-a-dos-mil-500-estudiantes\/"},"wordCount":302,"commentCount":0,"image":{"@id":"https:\/\/elhijodelllanero.mx\/index.php\/2024\/09\/30\/aprueban-cierre-del-programa-estimulos-a-la-educacion-primaria-2024-se-benefician-a-dos-mil-500-estudiantes\/#primaryimage"},"thumbnailUrl":"https:\/\/i0.wp.com\/elhijodelllanero.mx\/wp-content\/uploads\/2024\/09\/IMG-20240930-WA0026.jpg?fit=1532%2C864&ssl=1","articleSection":["CELAYA"],"inLanguage":"es","potentialAction":[{"@type":"CommentAction","name":"Comment","target":["https:\/\/elhijodelllanero.mx\/index.php\/2024\/09\/30\/aprueban-cierre-del-programa-estimulos-a-la-educacion-primaria-2024-se-benefician-a-dos-mil-500-estudiantes\/#respond"]}]},{"@type":"WebPage","@id":"https:\/\/elhijodelllanero.mx\/index.php\/2024\/09\/30\/aprueban-cierre-del-programa-estimulos-a-la-educacion-primaria-2024-se-benefician-a-dos-mil-500-estudiantes\/","url":"https:\/\/elhijodelllanero.mx\/index.php\/2024\/09\/30\/aprueban-cierre-del-programa-estimulos-a-la-educacion-primaria-2024-se-benefician-a-dos-mil-500-estudiantes\/","name":"APRUEBAN CIERRE DEL PROGRAMA EST\u00cdMULOS A LA EDUCACI\u00d3N PRIMARIA 2024, SE BENEFICIAN A DOS MIL 500 ESTUDIANTES. - El Hijo del llanero solititito","isPartOf":{"@id":"https:\/\/elhijodelllanero.mx\/#website"},"primaryImageOfPage":{"@id":"https:\/\/elhijodelllanero.mx\/index.php\/2024\/09\/30\/aprueban-cierre-del-programa-estimulos-a-la-educacion-primaria-2024-se-benefician-a-dos-mil-500-estudiantes\/#primaryimage"},"image":{"@id":"https:\/\/elhijodelllanero.mx\/index.php\/2024\/09\/30\/aprueban-cierre-del-programa-estimulos-a-la-educacion-primaria-2024-se-benefician-a-dos-mil-500-estudiantes\/#primaryimage"},"thumbnailUrl":"https:\/\/i0.wp.com\/elhijodelllanero.mx\/wp-content\/uploads\/2024\/09\/IMG-20240930-WA0026.jpg?fit=1532%2C864&ssl=1","datePublished":"2024-09-30T22:36:41+00:00","author":{"@id":"https:\/\/elhijodelllanero.mx\/#\/schema\/person\/5dcfdd3db3a6f7e7906ef5d92cf7340b"},"breadcrumb":{"@id":"https:\/\/elhijodelllanero.mx\/index.php\/2024\/09\/30\/aprueban-cierre-del-programa-estimulos-a-la-educacion-primaria-2024-se-benefician-a-dos-mil-500-estudiantes\/#breadcrumb"},"inLanguage":"es","potentialAction":[{"@type":"ReadAction","target":["https:\/\/elhijodelllanero.mx\/index.php\/2024\/09\/30\/aprueban-cierre-del-programa-estimulos-a-la-educacion-primaria-2024-se-benefician-a-dos-mil-500-estudiantes\/"]}]},{"@type":"ImageObject","inLanguage":"es","@id":"https:\/\/elhijodelllanero.mx\/index.php\/2024\/09\/30\/aprueban-cierre-del-programa-estimulos-a-la-educacion-primaria-2024-se-benefician-a-dos-mil-500-estudiantes\/#primaryimage","url":"https:\/\/i0.wp.com\/elhijodelllanero.mx\/wp-content\/uploads\/2024\/09\/IMG-20240930-WA0026.jpg?fit=1532%2C864&ssl=1","contentUrl":"https:\/\/i0.wp.com\/elhijodelllanero.mx\/wp-content\/uploads\/2024\/09\/IMG-20240930-WA0026.jpg?fit=1532%2C864&ssl=1","width":1532,"height":864},{"@type":"BreadcrumbList","@id":"https:\/\/elhijodelllanero.mx\/index.php\/2024\/09\/30\/aprueban-cierre-del-programa-estimulos-a-la-educacion-primaria-2024-se-benefician-a-dos-mil-500-estudiantes\/#breadcrumb","itemListElement":[{"@type":"ListItem","position":1,"name":"Portada","item":"https:\/\/elhijodelllanero.mx\/"},{"@type":"ListItem","position":2,"name":"APRUEBAN CIERRE DEL PROGRAMA EST\u00cdMULOS A LA EDUCACI\u00d3N PRIMARIA 2024, SE BENEFICIAN A DOS MIL 500 ESTUDIANTES."}]},{"@type":"WebSite","@id":"https:\/\/elhijodelllanero.mx\/#website","url":"https:\/\/elhijodelllanero.mx\/","name":"El Hijo del llanero solititito","description":"","potentialAction":[{"@type":"SearchAction","target":{"@type":"EntryPoint","urlTemplate":"https:\/\/elhijodelllanero.mx\/?s={search_term_string}"},"query-input":{"@type":"PropertyValueSpecification","valueRequired":true,"valueName":"search_term_string"}}],"inLanguage":"es"},{"@type":"Person","@id":"https:\/\/elhijodelllanero.mx\/#\/schema\/person\/5dcfdd3db3a6f7e7906ef5d92cf7340b","name":"Redaccion","image":{"@type":"ImageObject","inLanguage":"es","@id":"https:\/\/secure.gravatar.com\/avatar\/f65b913d6e7be363e7396f7fad32ab76d311fbb575fa7e623ec3ea4799f3b718?s=96&d=mm&r=g","url":"https:\/\/secure.gravatar.com\/avatar\/f65b913d6e7be363e7396f7fad32ab76d311fbb575fa7e623ec3ea4799f3b718?s=96&d=mm&r=g","contentUrl":"https:\/\/secure.gravatar.com\/avatar\/f65b913d6e7be363e7396f7fad32ab76d311fbb575fa7e623ec3ea4799f3b718?s=96&d=mm&r=g","caption":"Redaccion"},"sameAs":["https:\/\/www.elhijodelllanero.mx"],"url":"https:\/\/elhijodelllanero.mx\/index.php\/author\/admin_6smc8z8t\/"}]}},"jetpack_featured_media_url":"https:\/\/i0.wp.com\/elhijodelllanero.mx\/wp-content\/uploads\/2024\/09\/IMG-20240930-WA0026.jpg?fit=1532%2C864&ssl=1","jetpack-related-posts":[],"jetpack_sharing_enabled":true,"_links":{"self":[{"href":"https:\/\/elhijodelllanero.mx\/index.php\/wp-json\/wp\/v2\/posts\/8651","targetHints":{"allow":["GET"]}}],"collection":[{"href":"https:\/\/elhijodelllanero.mx\/index.php\/wp-json\/wp\/v2\/posts"}],"about":[{"href":"https:\/\/elhijodelllanero.mx\/index.php\/wp-json\/wp\/v2\/types\/post"}],"author":[{"embeddable":true,"href":"https:\/\/elhijodelllanero.mx\/index.php\/wp-json\/wp\/v2\/users\/1"}],"replies":[{"embeddable":true,"href":"https:\/\/elhijodelllanero.mx\/index.php\/wp-json\/wp\/v2\/comments?post=8651"}],"version-history":[{"count":1,"href":"https:\/\/elhijodelllanero.mx\/index.php\/wp-json\/wp\/v2\/posts\/8651\/revisions"}],"predecessor-version":[{"id":8653,"href":"https:\/\/elhijodelllanero.mx\/index.php\/wp-json\/wp\/v2\/posts\/8651\/revisions\/8653"}],"wp:featuredmedia":[{"embeddable":true,"href":"https:\/\/elhijodelllanero.mx\/index.php\/wp-json\/wp\/v2\/media\/8652"}],"wp:attachment":[{"href":"https:\/\/elhijodelllanero.mx\/index.php\/wp-json\/wp\/v2\/media?parent=8651"}],"wp:term":[{"taxonomy":"category","embeddable":true,"href":"https:\/\/elhijodelllanero.mx\/index.php\/wp-json\/wp\/v2\/categories?post=8651"},{"taxonomy":"post_tag","embeddable":true,"href":"https:\/\/elhijodelllanero.mx\/index.php\/wp-json\/wp\/v2\/tags?post=8651"}],"curies":[{"name":"wp","href":"https:\/\/api.w.org\/{rel}","templated":true}]}}