{"id":8662,"date":"2024-10-02T18:42:09","date_gmt":"2024-10-02T18:42:09","guid":{"rendered":"https:\/\/elhijodelllanero.mx\/?p=8662"},"modified":"2024-10-02T19:12:27","modified_gmt":"2024-10-02T19:12:27","slug":"arranca-obra-de-optimizacion-del-bulevar-adolfo-lopez-mateos","status":"publish","type":"post","link":"https:\/\/elhijodelllanero.mx\/index.php\/2024\/10\/02\/arranca-obra-de-optimizacion-del-bulevar-adolfo-lopez-mateos\/","title":{"rendered":"ARRANCA OBRA DE OPTIMIZACI\u00d3N DEL BULEVAR ADOLFO L\u00d3PEZ MATEOS"},"content":{"rendered":"<p>Celaya,Gto. 2 de octubre del 2024.-Comenz\u00f3 la obra de optimizaci\u00f3n del bulevar Adolfo L\u00f3pez Mateos, en el tramo de la glorieta \u201cBatallas de Celaya\u201d a la calle Francisco Ju\u00e1rez, proyecto que consistir\u00e1 en mejoramiento de camell\u00f3n y banquetas, mejor iluminaci\u00f3n para seguridad de los peatones, entre otras acciones.<\/p>\n<p>El presidente municipal, Javier Mendoza M\u00e1rquez, encabez\u00f3 el banderazo de arranque de los trabajos que se realizar\u00e1n a partir de este mi\u00e9rcoles 2 de octubre y hasta el 30 de marzo del 2025, de acuerdo al contrato firmado con la empresa que se encargar\u00e1 de ejecutar el proyecto.<br \/>\nEl director de obras p\u00fablicas, Marco Antonio Hern\u00e1ndez, inform\u00f3 que la inversi\u00f3n de esta obra ser\u00e1 de 43 millones 875 mil 879 pesos, de los cuales 38 millones fueron aportados por el Gobierno del Estado y el resto por el municipio. El tiempo de ejecuci\u00f3n es de 180 d\u00edas.<br \/>\nDetall\u00f3 el proyecto consiste en mejoramiento del terreno, cambio de redes de agua, registros de alcantarillado, se colocar\u00e1 iluminaci\u00f3n en las banquetas. Se va a colocar una gu\u00eda de apoyo t\u00e1ctil longitudinalmente para las personas d\u00e9biles visuales y se colocar\u00e1 adocreto especial en la superficie para mejorar la movilidad de las personas con silla de ruedas.<br \/>\nTambi\u00e9n se reconstruir\u00e1 el camell\u00f3n central, se mejorar\u00e1n las jardineras, se colocar\u00e1 se\u00f1alizaci\u00f3n horizontal y vertical, se instalar\u00e1 mobiliario urbano como bolardos, ciclo puertos, bancas, botes de basura, paradas y macetas, entre otras acciones.<\/p>\n","protected":false},"excerpt":{"rendered":"<p>Celaya,Gto. 2 de octubre del 2024.-Comenz\u00f3 la obra de optimizaci\u00f3n del bulevar Adolfo L\u00f3pez Mateos, en el tramo de la glorieta \u201cBatallas de Celaya\u201d a la calle Francisco Ju\u00e1rez, proyecto que consistir\u00e1 en mejoramiento de camell\u00f3n y banquetas, mejor iluminaci\u00f3n para seguridad de los peatones, entre otras acciones. El presidente municipal, Javier Mendoza M\u00e1rquez, encabez\u00f3 [&hellip;]<\/p>\n","protected":false},"author":1,"featured_media":8665,"comment_status":"open","ping_status":"closed","sticky":false,"template":"","format":"standard","meta":{"_jetpack_newsletter_access":"","_jetpack_dont_email_post_to_subs":false,"_jetpack_newsletter_tier_id":0,"_jetpack_memberships_contains_paywalled_content":false,"_jetpack_memberships_contains_paid_content":false,"footnotes":""},"categories":[83],"tags":[],"class_list":{"0":"post-8662","1":"post","2":"type-post","3":"status-publish","4":"format-standard","5":"has-post-thumbnail","7":"category-comonfort"},"yoast_head":"<!-- This site is optimized with the Yoast SEO plugin v27.3 - https:\/\/yoast.com\/product\/yoast-seo-wordpress\/ -->\n<title>ARRANCA OBRA DE OPTIMIZACI\u00d3N DEL BULEVAR ADOLFO L\u00d3PEZ MATEOS - El Hijo del llanero solititito<\/title>\n<meta name=\"robots\" content=\"index, follow, max-snippet:-1, max-image-preview:large, max-video-preview:-1\" \/>\n<link rel=\"canonical\" href=\"https:\/\/elhijodelllanero.mx\/index.php\/2024\/10\/02\/arranca-obra-de-optimizacion-del-bulevar-adolfo-lopez-mateos\/\" \/>\n<meta property=\"og:locale\" content=\"es_ES\" \/>\n<meta property=\"og:type\" content=\"article\" \/>\n<meta property=\"og:title\" content=\"ARRANCA OBRA DE OPTIMIZACI\u00d3N DEL BULEVAR ADOLFO L\u00d3PEZ MATEOS - El Hijo del llanero solititito\" \/>\n<meta property=\"og:description\" content=\"Celaya,Gto. 2 de octubre del 2024.-Comenz\u00f3 la obra de optimizaci\u00f3n del bulevar Adolfo L\u00f3pez Mateos, en el tramo de la glorieta \u201cBatallas de Celaya\u201d a la calle Francisco Ju\u00e1rez, proyecto que consistir\u00e1 en mejoramiento de camell\u00f3n y banquetas, mejor iluminaci\u00f3n para seguridad de los peatones, entre otras acciones. El presidente municipal, Javier Mendoza M\u00e1rquez, encabez\u00f3 [&hellip;]\" \/>\n<meta property=\"og:url\" content=\"https:\/\/elhijodelllanero.mx\/index.php\/2024\/10\/02\/arranca-obra-de-optimizacion-del-bulevar-adolfo-lopez-mateos\/\" \/>\n<meta property=\"og:site_name\" content=\"El Hijo del llanero solititito\" \/>\n<meta property=\"article:published_time\" content=\"2024-10-02T18:42:09+00:00\" \/>\n<meta property=\"article:modified_time\" content=\"2024-10-02T19:12:27+00:00\" \/>\n<meta property=\"og:image\" content=\"https:\/\/elhijodelllanero.mx\/wp-content\/uploads\/2024\/10\/IMG-20241002-WA0021.jpg\" \/>\n\t<meta property=\"og:image:width\" content=\"1141\" \/>\n\t<meta property=\"og:image:height\" content=\"637\" \/>\n\t<meta property=\"og:image:type\" content=\"image\/jpeg\" \/>\n<meta name=\"author\" content=\"Redaccion\" \/>\n<meta name=\"twitter:card\" content=\"summary_large_image\" \/>\n<meta name=\"twitter:label1\" content=\"Escrito por\" \/>\n\t<meta name=\"twitter:data1\" content=\"Redaccion\" \/>\n\t<meta name=\"twitter:label2\" content=\"Tiempo de lectura\" \/>\n\t<meta name=\"twitter:data2\" content=\"2 minutos\" \/>\n<script type=\"application\/ld+json\" class=\"yoast-schema-graph\">{\"@context\":\"https:\\\/\\\/schema.org\",\"@graph\":[{\"@type\":\"Article\",\"@id\":\"https:\\\/\\\/elhijodelllanero.mx\\\/index.php\\\/2024\\\/10\\\/02\\\/arranca-obra-de-optimizacion-del-bulevar-adolfo-lopez-mateos\\\/#article\",\"isPartOf\":{\"@id\":\"https:\\\/\\\/elhijodelllanero.mx\\\/index.php\\\/2024\\\/10\\\/02\\\/arranca-obra-de-optimizacion-del-bulevar-adolfo-lopez-mateos\\\/\"},\"author\":{\"name\":\"Redaccion\",\"@id\":\"https:\\\/\\\/elhijodelllanero.mx\\\/#\\\/schema\\\/person\\\/5dcfdd3db3a6f7e7906ef5d92cf7340b\"},\"headline\":\"ARRANCA OBRA DE OPTIMIZACI\u00d3N DEL BULEVAR ADOLFO L\u00d3PEZ MATEOS\",\"datePublished\":\"2024-10-02T18:42:09+00:00\",\"dateModified\":\"2024-10-02T19:12:27+00:00\",\"mainEntityOfPage\":{\"@id\":\"https:\\\/\\\/elhijodelllanero.mx\\\/index.php\\\/2024\\\/10\\\/02\\\/arranca-obra-de-optimizacion-del-bulevar-adolfo-lopez-mateos\\\/\"},\"wordCount\":260,\"commentCount\":0,\"image\":{\"@id\":\"https:\\\/\\\/elhijodelllanero.mx\\\/index.php\\\/2024\\\/10\\\/02\\\/arranca-obra-de-optimizacion-del-bulevar-adolfo-lopez-mateos\\\/#primaryimage\"},\"thumbnailUrl\":\"https:\\\/\\\/i0.wp.com\\\/elhijodelllanero.mx\\\/wp-content\\\/uploads\\\/2024\\\/10\\\/IMG-20241002-WA0021.jpg?fit=1141%2C637&ssl=1\",\"articleSection\":[\"COMONFORT\"],\"inLanguage\":\"es\",\"potentialAction\":[{\"@type\":\"CommentAction\",\"name\":\"Comment\",\"target\":[\"https:\\\/\\\/elhijodelllanero.mx\\\/index.php\\\/2024\\\/10\\\/02\\\/arranca-obra-de-optimizacion-del-bulevar-adolfo-lopez-mateos\\\/#respond\"]}]},{\"@type\":\"WebPage\",\"@id\":\"https:\\\/\\\/elhijodelllanero.mx\\\/index.php\\\/2024\\\/10\\\/02\\\/arranca-obra-de-optimizacion-del-bulevar-adolfo-lopez-mateos\\\/\",\"url\":\"https:\\\/\\\/elhijodelllanero.mx\\\/index.php\\\/2024\\\/10\\\/02\\\/arranca-obra-de-optimizacion-del-bulevar-adolfo-lopez-mateos\\\/\",\"name\":\"ARRANCA OBRA DE OPTIMIZACI\u00d3N DEL BULEVAR ADOLFO L\u00d3PEZ MATEOS - El Hijo del llanero solititito\",\"isPartOf\":{\"@id\":\"https:\\\/\\\/elhijodelllanero.mx\\\/#website\"},\"primaryImageOfPage\":{\"@id\":\"https:\\\/\\\/elhijodelllanero.mx\\\/index.php\\\/2024\\\/10\\\/02\\\/arranca-obra-de-optimizacion-del-bulevar-adolfo-lopez-mateos\\\/#primaryimage\"},\"image\":{\"@id\":\"https:\\\/\\\/elhijodelllanero.mx\\\/index.php\\\/2024\\\/10\\\/02\\\/arranca-obra-de-optimizacion-del-bulevar-adolfo-lopez-mateos\\\/#primaryimage\"},\"thumbnailUrl\":\"https:\\\/\\\/i0.wp.com\\\/elhijodelllanero.mx\\\/wp-content\\\/uploads\\\/2024\\\/10\\\/IMG-20241002-WA0021.jpg?fit=1141%2C637&ssl=1\",\"datePublished\":\"2024-10-02T18:42:09+00:00\",\"dateModified\":\"2024-10-02T19:12:27+00:00\",\"author\":{\"@id\":\"https:\\\/\\\/elhijodelllanero.mx\\\/#\\\/schema\\\/person\\\/5dcfdd3db3a6f7e7906ef5d92cf7340b\"},\"breadcrumb\":{\"@id\":\"https:\\\/\\\/elhijodelllanero.mx\\\/index.php\\\/2024\\\/10\\\/02\\\/arranca-obra-de-optimizacion-del-bulevar-adolfo-lopez-mateos\\\/#breadcrumb\"},\"inLanguage\":\"es\",\"potentialAction\":[{\"@type\":\"ReadAction\",\"target\":[\"https:\\\/\\\/elhijodelllanero.mx\\\/index.php\\\/2024\\\/10\\\/02\\\/arranca-obra-de-optimizacion-del-bulevar-adolfo-lopez-mateos\\\/\"]}]},{\"@type\":\"ImageObject\",\"inLanguage\":\"es\",\"@id\":\"https:\\\/\\\/elhijodelllanero.mx\\\/index.php\\\/2024\\\/10\\\/02\\\/arranca-obra-de-optimizacion-del-bulevar-adolfo-lopez-mateos\\\/#primaryimage\",\"url\":\"https:\\\/\\\/i0.wp.com\\\/elhijodelllanero.mx\\\/wp-content\\\/uploads\\\/2024\\\/10\\\/IMG-20241002-WA0021.jpg?fit=1141%2C637&ssl=1\",\"contentUrl\":\"https:\\\/\\\/i0.wp.com\\\/elhijodelllanero.mx\\\/wp-content\\\/uploads\\\/2024\\\/10\\\/IMG-20241002-WA0021.jpg?fit=1141%2C637&ssl=1\",\"width\":1141,\"height\":637},{\"@type\":\"BreadcrumbList\",\"@id\":\"https:\\\/\\\/elhijodelllanero.mx\\\/index.php\\\/2024\\\/10\\\/02\\\/arranca-obra-de-optimizacion-del-bulevar-adolfo-lopez-mateos\\\/#breadcrumb\",\"itemListElement\":[{\"@type\":\"ListItem\",\"position\":1,\"name\":\"Portada\",\"item\":\"https:\\\/\\\/elhijodelllanero.mx\\\/\"},{\"@type\":\"ListItem\",\"position\":2,\"name\":\"ARRANCA OBRA DE OPTIMIZACI\u00d3N DEL BULEVAR ADOLFO L\u00d3PEZ MATEOS\"}]},{\"@type\":\"WebSite\",\"@id\":\"https:\\\/\\\/elhijodelllanero.mx\\\/#website\",\"url\":\"https:\\\/\\\/elhijodelllanero.mx\\\/\",\"name\":\"El Hijo del llanero solititito\",\"description\":\"\",\"potentialAction\":[{\"@type\":\"SearchAction\",\"target\":{\"@type\":\"EntryPoint\",\"urlTemplate\":\"https:\\\/\\\/elhijodelllanero.mx\\\/?s={search_term_string}\"},\"query-input\":{\"@type\":\"PropertyValueSpecification\",\"valueRequired\":true,\"valueName\":\"search_term_string\"}}],\"inLanguage\":\"es\"},{\"@type\":\"Person\",\"@id\":\"https:\\\/\\\/elhijodelllanero.mx\\\/#\\\/schema\\\/person\\\/5dcfdd3db3a6f7e7906ef5d92cf7340b\",\"name\":\"Redaccion\",\"image\":{\"@type\":\"ImageObject\",\"inLanguage\":\"es\",\"@id\":\"https:\\\/\\\/secure.gravatar.com\\\/avatar\\\/f65b913d6e7be363e7396f7fad32ab76d311fbb575fa7e623ec3ea4799f3b718?s=96&d=mm&r=g\",\"url\":\"https:\\\/\\\/secure.gravatar.com\\\/avatar\\\/f65b913d6e7be363e7396f7fad32ab76d311fbb575fa7e623ec3ea4799f3b718?s=96&d=mm&r=g\",\"contentUrl\":\"https:\\\/\\\/secure.gravatar.com\\\/avatar\\\/f65b913d6e7be363e7396f7fad32ab76d311fbb575fa7e623ec3ea4799f3b718?s=96&d=mm&r=g\",\"caption\":\"Redaccion\"},\"sameAs\":[\"https:\\\/\\\/www.elhijodelllanero.mx\"],\"url\":\"https:\\\/\\\/elhijodelllanero.mx\\\/index.php\\\/author\\\/admin_6smc8z8t\\\/\"}]}<\/script>\n<!-- \/ Yoast SEO plugin. -->","yoast_head_json":{"title":"ARRANCA OBRA DE OPTIMIZACI\u00d3N DEL BULEVAR ADOLFO L\u00d3PEZ MATEOS - El Hijo del llanero solititito","robots":{"index":"index","follow":"follow","max-snippet":"max-snippet:-1","max-image-preview":"max-image-preview:large","max-video-preview":"max-video-preview:-1"},"canonical":"https:\/\/elhijodelllanero.mx\/index.php\/2024\/10\/02\/arranca-obra-de-optimizacion-del-bulevar-adolfo-lopez-mateos\/","og_locale":"es_ES","og_type":"article","og_title":"ARRANCA OBRA DE OPTIMIZACI\u00d3N DEL BULEVAR ADOLFO L\u00d3PEZ MATEOS - El Hijo del llanero solititito","og_description":"Celaya,Gto. 2 de octubre del 2024.-Comenz\u00f3 la obra de optimizaci\u00f3n del bulevar Adolfo L\u00f3pez Mateos, en el tramo de la glorieta \u201cBatallas de Celaya\u201d a la calle Francisco Ju\u00e1rez, proyecto que consistir\u00e1 en mejoramiento de camell\u00f3n y banquetas, mejor iluminaci\u00f3n para seguridad de los peatones, entre otras acciones. El presidente municipal, Javier Mendoza M\u00e1rquez, encabez\u00f3 [&hellip;]","og_url":"https:\/\/elhijodelllanero.mx\/index.php\/2024\/10\/02\/arranca-obra-de-optimizacion-del-bulevar-adolfo-lopez-mateos\/","og_site_name":"El Hijo del llanero solititito","article_published_time":"2024-10-02T18:42:09+00:00","article_modified_time":"2024-10-02T19:12:27+00:00","og_image":[{"width":1141,"height":637,"url":"https:\/\/elhijodelllanero.mx\/wp-content\/uploads\/2024\/10\/IMG-20241002-WA0021.jpg","type":"image\/jpeg"}],"author":"Redaccion","twitter_card":"summary_large_image","twitter_misc":{"Escrito por":"Redaccion","Tiempo de lectura":"2 minutos"},"schema":{"@context":"https:\/\/schema.org","@graph":[{"@type":"Article","@id":"https:\/\/elhijodelllanero.mx\/index.php\/2024\/10\/02\/arranca-obra-de-optimizacion-del-bulevar-adolfo-lopez-mateos\/#article","isPartOf":{"@id":"https:\/\/elhijodelllanero.mx\/index.php\/2024\/10\/02\/arranca-obra-de-optimizacion-del-bulevar-adolfo-lopez-mateos\/"},"author":{"name":"Redaccion","@id":"https:\/\/elhijodelllanero.mx\/#\/schema\/person\/5dcfdd3db3a6f7e7906ef5d92cf7340b"},"headline":"ARRANCA OBRA DE OPTIMIZACI\u00d3N DEL BULEVAR ADOLFO L\u00d3PEZ MATEOS","datePublished":"2024-10-02T18:42:09+00:00","dateModified":"2024-10-02T19:12:27+00:00","mainEntityOfPage":{"@id":"https:\/\/elhijodelllanero.mx\/index.php\/2024\/10\/02\/arranca-obra-de-optimizacion-del-bulevar-adolfo-lopez-mateos\/"},"wordCount":260,"commentCount":0,"image":{"@id":"https:\/\/elhijodelllanero.mx\/index.php\/2024\/10\/02\/arranca-obra-de-optimizacion-del-bulevar-adolfo-lopez-mateos\/#primaryimage"},"thumbnailUrl":"https:\/\/i0.wp.com\/elhijodelllanero.mx\/wp-content\/uploads\/2024\/10\/IMG-20241002-WA0021.jpg?fit=1141%2C637&ssl=1","articleSection":["COMONFORT"],"inLanguage":"es","potentialAction":[{"@type":"CommentAction","name":"Comment","target":["https:\/\/elhijodelllanero.mx\/index.php\/2024\/10\/02\/arranca-obra-de-optimizacion-del-bulevar-adolfo-lopez-mateos\/#respond"]}]},{"@type":"WebPage","@id":"https:\/\/elhijodelllanero.mx\/index.php\/2024\/10\/02\/arranca-obra-de-optimizacion-del-bulevar-adolfo-lopez-mateos\/","url":"https:\/\/elhijodelllanero.mx\/index.php\/2024\/10\/02\/arranca-obra-de-optimizacion-del-bulevar-adolfo-lopez-mateos\/","name":"ARRANCA OBRA DE OPTIMIZACI\u00d3N DEL BULEVAR ADOLFO L\u00d3PEZ MATEOS - El Hijo del llanero solititito","isPartOf":{"@id":"https:\/\/elhijodelllanero.mx\/#website"},"primaryImageOfPage":{"@id":"https:\/\/elhijodelllanero.mx\/index.php\/2024\/10\/02\/arranca-obra-de-optimizacion-del-bulevar-adolfo-lopez-mateos\/#primaryimage"},"image":{"@id":"https:\/\/elhijodelllanero.mx\/index.php\/2024\/10\/02\/arranca-obra-de-optimizacion-del-bulevar-adolfo-lopez-mateos\/#primaryimage"},"thumbnailUrl":"https:\/\/i0.wp.com\/elhijodelllanero.mx\/wp-content\/uploads\/2024\/10\/IMG-20241002-WA0021.jpg?fit=1141%2C637&ssl=1","datePublished":"2024-10-02T18:42:09+00:00","dateModified":"2024-10-02T19:12:27+00:00","author":{"@id":"https:\/\/elhijodelllanero.mx\/#\/schema\/person\/5dcfdd3db3a6f7e7906ef5d92cf7340b"},"breadcrumb":{"@id":"https:\/\/elhijodelllanero.mx\/index.php\/2024\/10\/02\/arranca-obra-de-optimizacion-del-bulevar-adolfo-lopez-mateos\/#breadcrumb"},"inLanguage":"es","potentialAction":[{"@type":"ReadAction","target":["https:\/\/elhijodelllanero.mx\/index.php\/2024\/10\/02\/arranca-obra-de-optimizacion-del-bulevar-adolfo-lopez-mateos\/"]}]},{"@type":"ImageObject","inLanguage":"es","@id":"https:\/\/elhijodelllanero.mx\/index.php\/2024\/10\/02\/arranca-obra-de-optimizacion-del-bulevar-adolfo-lopez-mateos\/#primaryimage","url":"https:\/\/i0.wp.com\/elhijodelllanero.mx\/wp-content\/uploads\/2024\/10\/IMG-20241002-WA0021.jpg?fit=1141%2C637&ssl=1","contentUrl":"https:\/\/i0.wp.com\/elhijodelllanero.mx\/wp-content\/uploads\/2024\/10\/IMG-20241002-WA0021.jpg?fit=1141%2C637&ssl=1","width":1141,"height":637},{"@type":"BreadcrumbList","@id":"https:\/\/elhijodelllanero.mx\/index.php\/2024\/10\/02\/arranca-obra-de-optimizacion-del-bulevar-adolfo-lopez-mateos\/#breadcrumb","itemListElement":[{"@type":"ListItem","position":1,"name":"Portada","item":"https:\/\/elhijodelllanero.mx\/"},{"@type":"ListItem","position":2,"name":"ARRANCA OBRA DE OPTIMIZACI\u00d3N DEL BULEVAR ADOLFO L\u00d3PEZ MATEOS"}]},{"@type":"WebSite","@id":"https:\/\/elhijodelllanero.mx\/#website","url":"https:\/\/elhijodelllanero.mx\/","name":"El Hijo del llanero solititito","description":"","potentialAction":[{"@type":"SearchAction","target":{"@type":"EntryPoint","urlTemplate":"https:\/\/elhijodelllanero.mx\/?s={search_term_string}"},"query-input":{"@type":"PropertyValueSpecification","valueRequired":true,"valueName":"search_term_string"}}],"inLanguage":"es"},{"@type":"Person","@id":"https:\/\/elhijodelllanero.mx\/#\/schema\/person\/5dcfdd3db3a6f7e7906ef5d92cf7340b","name":"Redaccion","image":{"@type":"ImageObject","inLanguage":"es","@id":"https:\/\/secure.gravatar.com\/avatar\/f65b913d6e7be363e7396f7fad32ab76d311fbb575fa7e623ec3ea4799f3b718?s=96&d=mm&r=g","url":"https:\/\/secure.gravatar.com\/avatar\/f65b913d6e7be363e7396f7fad32ab76d311fbb575fa7e623ec3ea4799f3b718?s=96&d=mm&r=g","contentUrl":"https:\/\/secure.gravatar.com\/avatar\/f65b913d6e7be363e7396f7fad32ab76d311fbb575fa7e623ec3ea4799f3b718?s=96&d=mm&r=g","caption":"Redaccion"},"sameAs":["https:\/\/www.elhijodelllanero.mx"],"url":"https:\/\/elhijodelllanero.mx\/index.php\/author\/admin_6smc8z8t\/"}]}},"jetpack_featured_media_url":"https:\/\/i0.wp.com\/elhijodelllanero.mx\/wp-content\/uploads\/2024\/10\/IMG-20241002-WA0021.jpg?fit=1141%2C637&ssl=1","jetpack-related-posts":[],"jetpack_sharing_enabled":true,"_links":{"self":[{"href":"https:\/\/elhijodelllanero.mx\/index.php\/wp-json\/wp\/v2\/posts\/8662","targetHints":{"allow":["GET"]}}],"collection":[{"href":"https:\/\/elhijodelllanero.mx\/index.php\/wp-json\/wp\/v2\/posts"}],"about":[{"href":"https:\/\/elhijodelllanero.mx\/index.php\/wp-json\/wp\/v2\/types\/post"}],"author":[{"embeddable":true,"href":"https:\/\/elhijodelllanero.mx\/index.php\/wp-json\/wp\/v2\/users\/1"}],"replies":[{"embeddable":true,"href":"https:\/\/elhijodelllanero.mx\/index.php\/wp-json\/wp\/v2\/comments?post=8662"}],"version-history":[{"count":2,"href":"https:\/\/elhijodelllanero.mx\/index.php\/wp-json\/wp\/v2\/posts\/8662\/revisions"}],"predecessor-version":[{"id":8667,"href":"https:\/\/elhijodelllanero.mx\/index.php\/wp-json\/wp\/v2\/posts\/8662\/revisions\/8667"}],"wp:featuredmedia":[{"embeddable":true,"href":"https:\/\/elhijodelllanero.mx\/index.php\/wp-json\/wp\/v2\/media\/8665"}],"wp:attachment":[{"href":"https:\/\/elhijodelllanero.mx\/index.php\/wp-json\/wp\/v2\/media?parent=8662"}],"wp:term":[{"taxonomy":"category","embeddable":true,"href":"https:\/\/elhijodelllanero.mx\/index.php\/wp-json\/wp\/v2\/categories?post=8662"},{"taxonomy":"post_tag","embeddable":true,"href":"https:\/\/elhijodelllanero.mx\/index.php\/wp-json\/wp\/v2\/tags?post=8662"}],"curies":[{"name":"wp","href":"https:\/\/api.w.org\/{rel}","templated":true}]}}