{"id":8672,"date":"2024-10-04T19:09:00","date_gmt":"2024-10-04T19:09:00","guid":{"rendered":"https:\/\/elhijodelllanero.mx\/?p=8672"},"modified":"2024-10-04T19:09:00","modified_gmt":"2024-10-04T19:09:00","slug":"primer-expo-foro-proveeduria-region-metropolitana-bajio","status":"publish","type":"post","link":"https:\/\/elhijodelllanero.mx\/index.php\/2024\/10\/04\/primer-expo-foro-proveeduria-region-metropolitana-bajio\/","title":{"rendered":"PRIMER EXPO-FORO PROVEEDUR\u00cdA REGI\u00d3N METROPOLITANA BAJ\u00cdO"},"content":{"rendered":"<p>&nbsp;<\/p>\n<p>Apaseo el Grande,Gto. 4 de octubre del 2024.- Con el objetivo de impulsar el talento y producto de calidad local, se realizar\u00e1 la primer Expo-Foro Proveedur\u00eda Regi\u00f3n Metropolitana Baj\u00edo.<br \/>\nEn rueda de prensa se dieron a conocer la din\u00e1mica del evento, reafirmando que el evento gratuito y abierto para todos aquellos empresarios interesados en contactar con compradoras.<br \/>\nEl presidente municipal de Apaseo el Grande, Jos\u00e9 Luis Oliveros Usabiaga, explic\u00f3 que para el evento el municipio invertir\u00e1 300 mil pesos, reafirmando que conf\u00eda en que la Expo contribuir\u00e1 para acercar a la proveedur\u00eda local con empresas y el beneficio sea en cadena.<br \/>\nDe 15 a 20 compradoras participar\u00e1n en la Expo, y aunque hasta el momento solo se tienen siete provedurias, se reiter\u00f3 que los stans son gratuitos por lo que se exhorto a los interesados a registrarse.<\/p>\n","protected":false},"excerpt":{"rendered":"<p>&nbsp; Apaseo el Grande,Gto. 4 de octubre del 2024.- Con el objetivo de impulsar el talento y producto de calidad local, se realizar\u00e1 la primer Expo-Foro Proveedur\u00eda Regi\u00f3n Metropolitana Baj\u00edo. En rueda de prensa se dieron a conocer la din\u00e1mica del evento, reafirmando que el evento gratuito y abierto para todos aquellos empresarios interesados en [&hellip;]<\/p>\n","protected":false},"author":1,"featured_media":8673,"comment_status":"open","ping_status":"closed","sticky":false,"template":"","format":"standard","meta":{"_jetpack_newsletter_access":"","_jetpack_dont_email_post_to_subs":false,"_jetpack_newsletter_tier_id":0,"_jetpack_memberships_contains_paywalled_content":false,"_jetpack_memberships_contains_paid_content":false,"footnotes":""},"categories":[78],"tags":[],"class_list":{"0":"post-8672","1":"post","2":"type-post","3":"status-publish","4":"format-standard","5":"has-post-thumbnail","7":"category-apaseo-el-grande"},"yoast_head":"<!-- This site is optimized with the Yoast SEO plugin v27.3 - https:\/\/yoast.com\/product\/yoast-seo-wordpress\/ -->\n<title>PRIMER EXPO-FORO PROVEEDUR\u00cdA REGI\u00d3N METROPOLITANA BAJ\u00cdO - El Hijo del llanero solititito<\/title>\n<meta name=\"robots\" content=\"index, follow, max-snippet:-1, max-image-preview:large, max-video-preview:-1\" \/>\n<link rel=\"canonical\" href=\"https:\/\/elhijodelllanero.mx\/index.php\/2024\/10\/04\/primer-expo-foro-proveeduria-region-metropolitana-bajio\/\" \/>\n<meta property=\"og:locale\" content=\"es_ES\" \/>\n<meta property=\"og:type\" content=\"article\" \/>\n<meta property=\"og:title\" content=\"PRIMER EXPO-FORO PROVEEDUR\u00cdA REGI\u00d3N METROPOLITANA BAJ\u00cdO - El Hijo del llanero solititito\" \/>\n<meta property=\"og:description\" content=\"&nbsp; Apaseo el Grande,Gto. 4 de octubre del 2024.- Con el objetivo de impulsar el talento y producto de calidad local, se realizar\u00e1 la primer Expo-Foro Proveedur\u00eda Regi\u00f3n Metropolitana Baj\u00edo. En rueda de prensa se dieron a conocer la din\u00e1mica del evento, reafirmando que el evento gratuito y abierto para todos aquellos empresarios interesados en [&hellip;]\" \/>\n<meta property=\"og:url\" content=\"https:\/\/elhijodelllanero.mx\/index.php\/2024\/10\/04\/primer-expo-foro-proveeduria-region-metropolitana-bajio\/\" \/>\n<meta property=\"og:site_name\" content=\"El Hijo del llanero solititito\" \/>\n<meta property=\"article:published_time\" content=\"2024-10-04T19:09:00+00:00\" \/>\n<meta property=\"og:image\" content=\"https:\/\/elhijodelllanero.mx\/wp-content\/uploads\/2024\/10\/IMG-20241004-WA0010.jpg\" \/>\n\t<meta property=\"og:image:width\" content=\"1599\" \/>\n\t<meta property=\"og:image:height\" content=\"899\" \/>\n\t<meta property=\"og:image:type\" content=\"image\/jpeg\" \/>\n<meta name=\"author\" content=\"Redaccion\" \/>\n<meta name=\"twitter:card\" content=\"summary_large_image\" \/>\n<meta name=\"twitter:label1\" content=\"Escrito por\" \/>\n\t<meta name=\"twitter:data1\" content=\"Redaccion\" \/>\n\t<meta name=\"twitter:label2\" content=\"Tiempo de lectura\" \/>\n\t<meta name=\"twitter:data2\" content=\"1 minuto\" \/>\n<script type=\"application\/ld+json\" class=\"yoast-schema-graph\">{\"@context\":\"https:\\\/\\\/schema.org\",\"@graph\":[{\"@type\":\"Article\",\"@id\":\"https:\\\/\\\/elhijodelllanero.mx\\\/index.php\\\/2024\\\/10\\\/04\\\/primer-expo-foro-proveeduria-region-metropolitana-bajio\\\/#article\",\"isPartOf\":{\"@id\":\"https:\\\/\\\/elhijodelllanero.mx\\\/index.php\\\/2024\\\/10\\\/04\\\/primer-expo-foro-proveeduria-region-metropolitana-bajio\\\/\"},\"author\":{\"name\":\"Redaccion\",\"@id\":\"https:\\\/\\\/elhijodelllanero.mx\\\/#\\\/schema\\\/person\\\/5dcfdd3db3a6f7e7906ef5d92cf7340b\"},\"headline\":\"PRIMER EXPO-FORO PROVEEDUR\u00cdA REGI\u00d3N METROPOLITANA BAJ\u00cdO\",\"datePublished\":\"2024-10-04T19:09:00+00:00\",\"mainEntityOfPage\":{\"@id\":\"https:\\\/\\\/elhijodelllanero.mx\\\/index.php\\\/2024\\\/10\\\/04\\\/primer-expo-foro-proveeduria-region-metropolitana-bajio\\\/\"},\"wordCount\":151,\"commentCount\":0,\"image\":{\"@id\":\"https:\\\/\\\/elhijodelllanero.mx\\\/index.php\\\/2024\\\/10\\\/04\\\/primer-expo-foro-proveeduria-region-metropolitana-bajio\\\/#primaryimage\"},\"thumbnailUrl\":\"https:\\\/\\\/i0.wp.com\\\/elhijodelllanero.mx\\\/wp-content\\\/uploads\\\/2024\\\/10\\\/IMG-20241004-WA0010.jpg?fit=1599%2C899&ssl=1\",\"articleSection\":[\"APASEO EL GRANDE\"],\"inLanguage\":\"es\",\"potentialAction\":[{\"@type\":\"CommentAction\",\"name\":\"Comment\",\"target\":[\"https:\\\/\\\/elhijodelllanero.mx\\\/index.php\\\/2024\\\/10\\\/04\\\/primer-expo-foro-proveeduria-region-metropolitana-bajio\\\/#respond\"]}]},{\"@type\":\"WebPage\",\"@id\":\"https:\\\/\\\/elhijodelllanero.mx\\\/index.php\\\/2024\\\/10\\\/04\\\/primer-expo-foro-proveeduria-region-metropolitana-bajio\\\/\",\"url\":\"https:\\\/\\\/elhijodelllanero.mx\\\/index.php\\\/2024\\\/10\\\/04\\\/primer-expo-foro-proveeduria-region-metropolitana-bajio\\\/\",\"name\":\"PRIMER EXPO-FORO PROVEEDUR\u00cdA REGI\u00d3N METROPOLITANA BAJ\u00cdO - El Hijo del llanero solititito\",\"isPartOf\":{\"@id\":\"https:\\\/\\\/elhijodelllanero.mx\\\/#website\"},\"primaryImageOfPage\":{\"@id\":\"https:\\\/\\\/elhijodelllanero.mx\\\/index.php\\\/2024\\\/10\\\/04\\\/primer-expo-foro-proveeduria-region-metropolitana-bajio\\\/#primaryimage\"},\"image\":{\"@id\":\"https:\\\/\\\/elhijodelllanero.mx\\\/index.php\\\/2024\\\/10\\\/04\\\/primer-expo-foro-proveeduria-region-metropolitana-bajio\\\/#primaryimage\"},\"thumbnailUrl\":\"https:\\\/\\\/i0.wp.com\\\/elhijodelllanero.mx\\\/wp-content\\\/uploads\\\/2024\\\/10\\\/IMG-20241004-WA0010.jpg?fit=1599%2C899&ssl=1\",\"datePublished\":\"2024-10-04T19:09:00+00:00\",\"author\":{\"@id\":\"https:\\\/\\\/elhijodelllanero.mx\\\/#\\\/schema\\\/person\\\/5dcfdd3db3a6f7e7906ef5d92cf7340b\"},\"breadcrumb\":{\"@id\":\"https:\\\/\\\/elhijodelllanero.mx\\\/index.php\\\/2024\\\/10\\\/04\\\/primer-expo-foro-proveeduria-region-metropolitana-bajio\\\/#breadcrumb\"},\"inLanguage\":\"es\",\"potentialAction\":[{\"@type\":\"ReadAction\",\"target\":[\"https:\\\/\\\/elhijodelllanero.mx\\\/index.php\\\/2024\\\/10\\\/04\\\/primer-expo-foro-proveeduria-region-metropolitana-bajio\\\/\"]}]},{\"@type\":\"ImageObject\",\"inLanguage\":\"es\",\"@id\":\"https:\\\/\\\/elhijodelllanero.mx\\\/index.php\\\/2024\\\/10\\\/04\\\/primer-expo-foro-proveeduria-region-metropolitana-bajio\\\/#primaryimage\",\"url\":\"https:\\\/\\\/i0.wp.com\\\/elhijodelllanero.mx\\\/wp-content\\\/uploads\\\/2024\\\/10\\\/IMG-20241004-WA0010.jpg?fit=1599%2C899&ssl=1\",\"contentUrl\":\"https:\\\/\\\/i0.wp.com\\\/elhijodelllanero.mx\\\/wp-content\\\/uploads\\\/2024\\\/10\\\/IMG-20241004-WA0010.jpg?fit=1599%2C899&ssl=1\",\"width\":1599,\"height\":899},{\"@type\":\"BreadcrumbList\",\"@id\":\"https:\\\/\\\/elhijodelllanero.mx\\\/index.php\\\/2024\\\/10\\\/04\\\/primer-expo-foro-proveeduria-region-metropolitana-bajio\\\/#breadcrumb\",\"itemListElement\":[{\"@type\":\"ListItem\",\"position\":1,\"name\":\"Portada\",\"item\":\"https:\\\/\\\/elhijodelllanero.mx\\\/\"},{\"@type\":\"ListItem\",\"position\":2,\"name\":\"PRIMER EXPO-FORO PROVEEDUR\u00cdA REGI\u00d3N METROPOLITANA BAJ\u00cdO\"}]},{\"@type\":\"WebSite\",\"@id\":\"https:\\\/\\\/elhijodelllanero.mx\\\/#website\",\"url\":\"https:\\\/\\\/elhijodelllanero.mx\\\/\",\"name\":\"El Hijo del llanero solititito\",\"description\":\"\",\"potentialAction\":[{\"@type\":\"SearchAction\",\"target\":{\"@type\":\"EntryPoint\",\"urlTemplate\":\"https:\\\/\\\/elhijodelllanero.mx\\\/?s={search_term_string}\"},\"query-input\":{\"@type\":\"PropertyValueSpecification\",\"valueRequired\":true,\"valueName\":\"search_term_string\"}}],\"inLanguage\":\"es\"},{\"@type\":\"Person\",\"@id\":\"https:\\\/\\\/elhijodelllanero.mx\\\/#\\\/schema\\\/person\\\/5dcfdd3db3a6f7e7906ef5d92cf7340b\",\"name\":\"Redaccion\",\"image\":{\"@type\":\"ImageObject\",\"inLanguage\":\"es\",\"@id\":\"https:\\\/\\\/secure.gravatar.com\\\/avatar\\\/f65b913d6e7be363e7396f7fad32ab76d311fbb575fa7e623ec3ea4799f3b718?s=96&d=mm&r=g\",\"url\":\"https:\\\/\\\/secure.gravatar.com\\\/avatar\\\/f65b913d6e7be363e7396f7fad32ab76d311fbb575fa7e623ec3ea4799f3b718?s=96&d=mm&r=g\",\"contentUrl\":\"https:\\\/\\\/secure.gravatar.com\\\/avatar\\\/f65b913d6e7be363e7396f7fad32ab76d311fbb575fa7e623ec3ea4799f3b718?s=96&d=mm&r=g\",\"caption\":\"Redaccion\"},\"sameAs\":[\"https:\\\/\\\/www.elhijodelllanero.mx\"],\"url\":\"https:\\\/\\\/elhijodelllanero.mx\\\/index.php\\\/author\\\/admin_6smc8z8t\\\/\"}]}<\/script>\n<!-- \/ Yoast SEO plugin. -->","yoast_head_json":{"title":"PRIMER EXPO-FORO PROVEEDUR\u00cdA REGI\u00d3N METROPOLITANA BAJ\u00cdO - El Hijo del llanero solititito","robots":{"index":"index","follow":"follow","max-snippet":"max-snippet:-1","max-image-preview":"max-image-preview:large","max-video-preview":"max-video-preview:-1"},"canonical":"https:\/\/elhijodelllanero.mx\/index.php\/2024\/10\/04\/primer-expo-foro-proveeduria-region-metropolitana-bajio\/","og_locale":"es_ES","og_type":"article","og_title":"PRIMER EXPO-FORO PROVEEDUR\u00cdA REGI\u00d3N METROPOLITANA BAJ\u00cdO - El Hijo del llanero solititito","og_description":"&nbsp; Apaseo el Grande,Gto. 4 de octubre del 2024.- Con el objetivo de impulsar el talento y producto de calidad local, se realizar\u00e1 la primer Expo-Foro Proveedur\u00eda Regi\u00f3n Metropolitana Baj\u00edo. En rueda de prensa se dieron a conocer la din\u00e1mica del evento, reafirmando que el evento gratuito y abierto para todos aquellos empresarios interesados en [&hellip;]","og_url":"https:\/\/elhijodelllanero.mx\/index.php\/2024\/10\/04\/primer-expo-foro-proveeduria-region-metropolitana-bajio\/","og_site_name":"El Hijo del llanero solititito","article_published_time":"2024-10-04T19:09:00+00:00","og_image":[{"width":1599,"height":899,"url":"https:\/\/elhijodelllanero.mx\/wp-content\/uploads\/2024\/10\/IMG-20241004-WA0010.jpg","type":"image\/jpeg"}],"author":"Redaccion","twitter_card":"summary_large_image","twitter_misc":{"Escrito por":"Redaccion","Tiempo de lectura":"1 minuto"},"schema":{"@context":"https:\/\/schema.org","@graph":[{"@type":"Article","@id":"https:\/\/elhijodelllanero.mx\/index.php\/2024\/10\/04\/primer-expo-foro-proveeduria-region-metropolitana-bajio\/#article","isPartOf":{"@id":"https:\/\/elhijodelllanero.mx\/index.php\/2024\/10\/04\/primer-expo-foro-proveeduria-region-metropolitana-bajio\/"},"author":{"name":"Redaccion","@id":"https:\/\/elhijodelllanero.mx\/#\/schema\/person\/5dcfdd3db3a6f7e7906ef5d92cf7340b"},"headline":"PRIMER EXPO-FORO PROVEEDUR\u00cdA REGI\u00d3N METROPOLITANA BAJ\u00cdO","datePublished":"2024-10-04T19:09:00+00:00","mainEntityOfPage":{"@id":"https:\/\/elhijodelllanero.mx\/index.php\/2024\/10\/04\/primer-expo-foro-proveeduria-region-metropolitana-bajio\/"},"wordCount":151,"commentCount":0,"image":{"@id":"https:\/\/elhijodelllanero.mx\/index.php\/2024\/10\/04\/primer-expo-foro-proveeduria-region-metropolitana-bajio\/#primaryimage"},"thumbnailUrl":"https:\/\/i0.wp.com\/elhijodelllanero.mx\/wp-content\/uploads\/2024\/10\/IMG-20241004-WA0010.jpg?fit=1599%2C899&ssl=1","articleSection":["APASEO EL GRANDE"],"inLanguage":"es","potentialAction":[{"@type":"CommentAction","name":"Comment","target":["https:\/\/elhijodelllanero.mx\/index.php\/2024\/10\/04\/primer-expo-foro-proveeduria-region-metropolitana-bajio\/#respond"]}]},{"@type":"WebPage","@id":"https:\/\/elhijodelllanero.mx\/index.php\/2024\/10\/04\/primer-expo-foro-proveeduria-region-metropolitana-bajio\/","url":"https:\/\/elhijodelllanero.mx\/index.php\/2024\/10\/04\/primer-expo-foro-proveeduria-region-metropolitana-bajio\/","name":"PRIMER EXPO-FORO PROVEEDUR\u00cdA REGI\u00d3N METROPOLITANA BAJ\u00cdO - El Hijo del llanero solititito","isPartOf":{"@id":"https:\/\/elhijodelllanero.mx\/#website"},"primaryImageOfPage":{"@id":"https:\/\/elhijodelllanero.mx\/index.php\/2024\/10\/04\/primer-expo-foro-proveeduria-region-metropolitana-bajio\/#primaryimage"},"image":{"@id":"https:\/\/elhijodelllanero.mx\/index.php\/2024\/10\/04\/primer-expo-foro-proveeduria-region-metropolitana-bajio\/#primaryimage"},"thumbnailUrl":"https:\/\/i0.wp.com\/elhijodelllanero.mx\/wp-content\/uploads\/2024\/10\/IMG-20241004-WA0010.jpg?fit=1599%2C899&ssl=1","datePublished":"2024-10-04T19:09:00+00:00","author":{"@id":"https:\/\/elhijodelllanero.mx\/#\/schema\/person\/5dcfdd3db3a6f7e7906ef5d92cf7340b"},"breadcrumb":{"@id":"https:\/\/elhijodelllanero.mx\/index.php\/2024\/10\/04\/primer-expo-foro-proveeduria-region-metropolitana-bajio\/#breadcrumb"},"inLanguage":"es","potentialAction":[{"@type":"ReadAction","target":["https:\/\/elhijodelllanero.mx\/index.php\/2024\/10\/04\/primer-expo-foro-proveeduria-region-metropolitana-bajio\/"]}]},{"@type":"ImageObject","inLanguage":"es","@id":"https:\/\/elhijodelllanero.mx\/index.php\/2024\/10\/04\/primer-expo-foro-proveeduria-region-metropolitana-bajio\/#primaryimage","url":"https:\/\/i0.wp.com\/elhijodelllanero.mx\/wp-content\/uploads\/2024\/10\/IMG-20241004-WA0010.jpg?fit=1599%2C899&ssl=1","contentUrl":"https:\/\/i0.wp.com\/elhijodelllanero.mx\/wp-content\/uploads\/2024\/10\/IMG-20241004-WA0010.jpg?fit=1599%2C899&ssl=1","width":1599,"height":899},{"@type":"BreadcrumbList","@id":"https:\/\/elhijodelllanero.mx\/index.php\/2024\/10\/04\/primer-expo-foro-proveeduria-region-metropolitana-bajio\/#breadcrumb","itemListElement":[{"@type":"ListItem","position":1,"name":"Portada","item":"https:\/\/elhijodelllanero.mx\/"},{"@type":"ListItem","position":2,"name":"PRIMER EXPO-FORO PROVEEDUR\u00cdA REGI\u00d3N METROPOLITANA BAJ\u00cdO"}]},{"@type":"WebSite","@id":"https:\/\/elhijodelllanero.mx\/#website","url":"https:\/\/elhijodelllanero.mx\/","name":"El Hijo del llanero solititito","description":"","potentialAction":[{"@type":"SearchAction","target":{"@type":"EntryPoint","urlTemplate":"https:\/\/elhijodelllanero.mx\/?s={search_term_string}"},"query-input":{"@type":"PropertyValueSpecification","valueRequired":true,"valueName":"search_term_string"}}],"inLanguage":"es"},{"@type":"Person","@id":"https:\/\/elhijodelllanero.mx\/#\/schema\/person\/5dcfdd3db3a6f7e7906ef5d92cf7340b","name":"Redaccion","image":{"@type":"ImageObject","inLanguage":"es","@id":"https:\/\/secure.gravatar.com\/avatar\/f65b913d6e7be363e7396f7fad32ab76d311fbb575fa7e623ec3ea4799f3b718?s=96&d=mm&r=g","url":"https:\/\/secure.gravatar.com\/avatar\/f65b913d6e7be363e7396f7fad32ab76d311fbb575fa7e623ec3ea4799f3b718?s=96&d=mm&r=g","contentUrl":"https:\/\/secure.gravatar.com\/avatar\/f65b913d6e7be363e7396f7fad32ab76d311fbb575fa7e623ec3ea4799f3b718?s=96&d=mm&r=g","caption":"Redaccion"},"sameAs":["https:\/\/www.elhijodelllanero.mx"],"url":"https:\/\/elhijodelllanero.mx\/index.php\/author\/admin_6smc8z8t\/"}]}},"jetpack_featured_media_url":"https:\/\/i0.wp.com\/elhijodelllanero.mx\/wp-content\/uploads\/2024\/10\/IMG-20241004-WA0010.jpg?fit=1599%2C899&ssl=1","jetpack-related-posts":[],"jetpack_sharing_enabled":true,"_links":{"self":[{"href":"https:\/\/elhijodelllanero.mx\/index.php\/wp-json\/wp\/v2\/posts\/8672","targetHints":{"allow":["GET"]}}],"collection":[{"href":"https:\/\/elhijodelllanero.mx\/index.php\/wp-json\/wp\/v2\/posts"}],"about":[{"href":"https:\/\/elhijodelllanero.mx\/index.php\/wp-json\/wp\/v2\/types\/post"}],"author":[{"embeddable":true,"href":"https:\/\/elhijodelllanero.mx\/index.php\/wp-json\/wp\/v2\/users\/1"}],"replies":[{"embeddable":true,"href":"https:\/\/elhijodelllanero.mx\/index.php\/wp-json\/wp\/v2\/comments?post=8672"}],"version-history":[{"count":1,"href":"https:\/\/elhijodelllanero.mx\/index.php\/wp-json\/wp\/v2\/posts\/8672\/revisions"}],"predecessor-version":[{"id":8674,"href":"https:\/\/elhijodelllanero.mx\/index.php\/wp-json\/wp\/v2\/posts\/8672\/revisions\/8674"}],"wp:featuredmedia":[{"embeddable":true,"href":"https:\/\/elhijodelllanero.mx\/index.php\/wp-json\/wp\/v2\/media\/8673"}],"wp:attachment":[{"href":"https:\/\/elhijodelllanero.mx\/index.php\/wp-json\/wp\/v2\/media?parent=8672"}],"wp:term":[{"taxonomy":"category","embeddable":true,"href":"https:\/\/elhijodelllanero.mx\/index.php\/wp-json\/wp\/v2\/categories?post=8672"},{"taxonomy":"post_tag","embeddable":true,"href":"https:\/\/elhijodelllanero.mx\/index.php\/wp-json\/wp\/v2\/tags?post=8672"}],"curies":[{"name":"wp","href":"https:\/\/api.w.org\/{rel}","templated":true}]}}