{"id":8676,"date":"2024-10-04T19:28:55","date_gmt":"2024-10-04T19:28:55","guid":{"rendered":"https:\/\/elhijodelllanero.mx\/?p=8676"},"modified":"2024-10-04T19:28:55","modified_gmt":"2024-10-04T19:28:55","slug":"uniendo-lazos-familiares-junta-a-familias-villagranenses","status":"publish","type":"post","link":"https:\/\/elhijodelllanero.mx\/index.php\/2024\/10\/04\/uniendo-lazos-familiares-junta-a-familias-villagranenses\/","title":{"rendered":"UNIENDO LAZOS FAMILIARES JUNTA A FAMILIAS VILLAGRANENSES"},"content":{"rendered":"<blockquote><p>&nbsp;<\/p><\/blockquote>\n<p>VILLAGR\u00c1N, Gto.- 4 de octubre del 2024.- Emotivo encuentro tuvieron siete familias villagranenses, gracias al programa \u00abUniendo lazos familiares\u00bb y el gobierno municipal de Villagr\u00e1n.<br \/>\nLas personas, su mayoria de la tercera edad, despu\u00e9s de ser apoyados en el tr\u00e1mite de su visa, recorrieron muchos kilometros hasta llegar a Houston, TX, para ver a su familiar.<br \/>\nCabe mencionar que hab\u00eda quienes ten\u00edan m\u00e1s de 25 a\u00f1os sin verse, algunos por cuestiones econ\u00f3micas y otros por no poder viajar se regreso a su pa\u00eds de orige.<br \/>\nPero el compromiso del gobierno municipal que encabeza el alcalde Juan Lara Mendoza, se encarg\u00f3 en atender durante su gobierno todos los \u00e1mbitos sociales y en especial con los adultos mayores.<br \/>\nEn esta ocasi\u00f3n, el grupo fue acompa\u00f1ado por Jes\u00fas Eduardo Alan\u00eds Mosqueda, tesorero municipal y enlace internacional del programa \u201cUniendo Lazos Familiares\u201d que se trabaja a trav\u00e9s de la Direcci\u00f3n de Atenci\u00f3n al Migrante del municipio.<br \/>\nTambi\u00e9n asisti\u00f3 el c\u00f3nsul de M\u00e9xico, la oficina del sheriff y el pr\u00f3ximo primer regidor del municipio de Villagran.<\/p>\n","protected":false},"excerpt":{"rendered":"<p>&nbsp; VILLAGR\u00c1N, Gto.- 4 de octubre del 2024.- Emotivo encuentro tuvieron siete familias villagranenses, gracias al programa \u00abUniendo lazos familiares\u00bb y el gobierno municipal de Villagr\u00e1n. Las personas, su mayoria de la tercera edad, despu\u00e9s de ser apoyados en el tr\u00e1mite de su visa, recorrieron muchos kilometros hasta llegar a Houston, TX, para ver a [&hellip;]<\/p>\n","protected":false},"author":1,"featured_media":8677,"comment_status":"open","ping_status":"closed","sticky":false,"template":"","format":"standard","meta":{"_jetpack_newsletter_access":"","_jetpack_dont_email_post_to_subs":false,"_jetpack_newsletter_tier_id":0,"_jetpack_memberships_contains_paywalled_content":false,"_jetpack_memberships_contains_paid_content":false,"footnotes":""},"categories":[85],"tags":[],"class_list":{"0":"post-8676","1":"post","2":"type-post","3":"status-publish","4":"format-standard","5":"has-post-thumbnail","7":"category-villagran"},"yoast_head":"<!-- This site is optimized with the Yoast SEO plugin v27.3 - https:\/\/yoast.com\/product\/yoast-seo-wordpress\/ -->\n<title>UNIENDO LAZOS FAMILIARES JUNTA A FAMILIAS VILLAGRANENSES - El Hijo del llanero solititito<\/title>\n<meta name=\"robots\" content=\"index, follow, max-snippet:-1, max-image-preview:large, max-video-preview:-1\" \/>\n<link rel=\"canonical\" href=\"https:\/\/elhijodelllanero.mx\/index.php\/2024\/10\/04\/uniendo-lazos-familiares-junta-a-familias-villagranenses\/\" \/>\n<meta property=\"og:locale\" content=\"es_ES\" \/>\n<meta property=\"og:type\" content=\"article\" \/>\n<meta property=\"og:title\" content=\"UNIENDO LAZOS FAMILIARES JUNTA A FAMILIAS VILLAGRANENSES - El Hijo del llanero solititito\" \/>\n<meta property=\"og:description\" content=\"&nbsp; VILLAGR\u00c1N, Gto.- 4 de octubre del 2024.- Emotivo encuentro tuvieron siete familias villagranenses, gracias al programa \u00abUniendo lazos familiares\u00bb y el gobierno municipal de Villagr\u00e1n. Las personas, su mayoria de la tercera edad, despu\u00e9s de ser apoyados en el tr\u00e1mite de su visa, recorrieron muchos kilometros hasta llegar a Houston, TX, para ver a [&hellip;]\" \/>\n<meta property=\"og:url\" content=\"https:\/\/elhijodelllanero.mx\/index.php\/2024\/10\/04\/uniendo-lazos-familiares-junta-a-familias-villagranenses\/\" \/>\n<meta property=\"og:site_name\" content=\"El Hijo del llanero solititito\" \/>\n<meta property=\"article:published_time\" content=\"2024-10-04T19:28:55+00:00\" \/>\n<meta property=\"og:image\" content=\"https:\/\/elhijodelllanero.mx\/wp-content\/uploads\/2024\/10\/IMG-20241004-WA0014.jpg\" \/>\n\t<meta property=\"og:image:width\" content=\"828\" \/>\n\t<meta property=\"og:image:height\" content=\"1792\" \/>\n\t<meta property=\"og:image:type\" content=\"image\/jpeg\" \/>\n<meta name=\"author\" content=\"Redaccion\" \/>\n<meta name=\"twitter:card\" content=\"summary_large_image\" \/>\n<meta name=\"twitter:label1\" content=\"Escrito por\" \/>\n\t<meta name=\"twitter:data1\" content=\"Redaccion\" \/>\n\t<meta name=\"twitter:label2\" content=\"Tiempo de lectura\" \/>\n\t<meta name=\"twitter:data2\" content=\"1 minuto\" \/>\n<script type=\"application\/ld+json\" class=\"yoast-schema-graph\">{\"@context\":\"https:\\\/\\\/schema.org\",\"@graph\":[{\"@type\":\"Article\",\"@id\":\"https:\\\/\\\/elhijodelllanero.mx\\\/index.php\\\/2024\\\/10\\\/04\\\/uniendo-lazos-familiares-junta-a-familias-villagranenses\\\/#article\",\"isPartOf\":{\"@id\":\"https:\\\/\\\/elhijodelllanero.mx\\\/index.php\\\/2024\\\/10\\\/04\\\/uniendo-lazos-familiares-junta-a-familias-villagranenses\\\/\"},\"author\":{\"name\":\"Redaccion\",\"@id\":\"https:\\\/\\\/elhijodelllanero.mx\\\/#\\\/schema\\\/person\\\/5dcfdd3db3a6f7e7906ef5d92cf7340b\"},\"headline\":\"UNIENDO LAZOS FAMILIARES JUNTA A FAMILIAS VILLAGRANENSES\",\"datePublished\":\"2024-10-04T19:28:55+00:00\",\"mainEntityOfPage\":{\"@id\":\"https:\\\/\\\/elhijodelllanero.mx\\\/index.php\\\/2024\\\/10\\\/04\\\/uniendo-lazos-familiares-junta-a-familias-villagranenses\\\/\"},\"wordCount\":199,\"commentCount\":0,\"image\":{\"@id\":\"https:\\\/\\\/elhijodelllanero.mx\\\/index.php\\\/2024\\\/10\\\/04\\\/uniendo-lazos-familiares-junta-a-familias-villagranenses\\\/#primaryimage\"},\"thumbnailUrl\":\"https:\\\/\\\/i0.wp.com\\\/elhijodelllanero.mx\\\/wp-content\\\/uploads\\\/2024\\\/10\\\/IMG-20241004-WA0014.jpg?fit=828%2C1792&ssl=1\",\"articleSection\":[\"Villagr\u00e1n\"],\"inLanguage\":\"es\",\"potentialAction\":[{\"@type\":\"CommentAction\",\"name\":\"Comment\",\"target\":[\"https:\\\/\\\/elhijodelllanero.mx\\\/index.php\\\/2024\\\/10\\\/04\\\/uniendo-lazos-familiares-junta-a-familias-villagranenses\\\/#respond\"]}]},{\"@type\":\"WebPage\",\"@id\":\"https:\\\/\\\/elhijodelllanero.mx\\\/index.php\\\/2024\\\/10\\\/04\\\/uniendo-lazos-familiares-junta-a-familias-villagranenses\\\/\",\"url\":\"https:\\\/\\\/elhijodelllanero.mx\\\/index.php\\\/2024\\\/10\\\/04\\\/uniendo-lazos-familiares-junta-a-familias-villagranenses\\\/\",\"name\":\"UNIENDO LAZOS FAMILIARES JUNTA A FAMILIAS VILLAGRANENSES - El Hijo del llanero solititito\",\"isPartOf\":{\"@id\":\"https:\\\/\\\/elhijodelllanero.mx\\\/#website\"},\"primaryImageOfPage\":{\"@id\":\"https:\\\/\\\/elhijodelllanero.mx\\\/index.php\\\/2024\\\/10\\\/04\\\/uniendo-lazos-familiares-junta-a-familias-villagranenses\\\/#primaryimage\"},\"image\":{\"@id\":\"https:\\\/\\\/elhijodelllanero.mx\\\/index.php\\\/2024\\\/10\\\/04\\\/uniendo-lazos-familiares-junta-a-familias-villagranenses\\\/#primaryimage\"},\"thumbnailUrl\":\"https:\\\/\\\/i0.wp.com\\\/elhijodelllanero.mx\\\/wp-content\\\/uploads\\\/2024\\\/10\\\/IMG-20241004-WA0014.jpg?fit=828%2C1792&ssl=1\",\"datePublished\":\"2024-10-04T19:28:55+00:00\",\"author\":{\"@id\":\"https:\\\/\\\/elhijodelllanero.mx\\\/#\\\/schema\\\/person\\\/5dcfdd3db3a6f7e7906ef5d92cf7340b\"},\"breadcrumb\":{\"@id\":\"https:\\\/\\\/elhijodelllanero.mx\\\/index.php\\\/2024\\\/10\\\/04\\\/uniendo-lazos-familiares-junta-a-familias-villagranenses\\\/#breadcrumb\"},\"inLanguage\":\"es\",\"potentialAction\":[{\"@type\":\"ReadAction\",\"target\":[\"https:\\\/\\\/elhijodelllanero.mx\\\/index.php\\\/2024\\\/10\\\/04\\\/uniendo-lazos-familiares-junta-a-familias-villagranenses\\\/\"]}]},{\"@type\":\"ImageObject\",\"inLanguage\":\"es\",\"@id\":\"https:\\\/\\\/elhijodelllanero.mx\\\/index.php\\\/2024\\\/10\\\/04\\\/uniendo-lazos-familiares-junta-a-familias-villagranenses\\\/#primaryimage\",\"url\":\"https:\\\/\\\/i0.wp.com\\\/elhijodelllanero.mx\\\/wp-content\\\/uploads\\\/2024\\\/10\\\/IMG-20241004-WA0014.jpg?fit=828%2C1792&ssl=1\",\"contentUrl\":\"https:\\\/\\\/i0.wp.com\\\/elhijodelllanero.mx\\\/wp-content\\\/uploads\\\/2024\\\/10\\\/IMG-20241004-WA0014.jpg?fit=828%2C1792&ssl=1\",\"width\":828,\"height\":1792},{\"@type\":\"BreadcrumbList\",\"@id\":\"https:\\\/\\\/elhijodelllanero.mx\\\/index.php\\\/2024\\\/10\\\/04\\\/uniendo-lazos-familiares-junta-a-familias-villagranenses\\\/#breadcrumb\",\"itemListElement\":[{\"@type\":\"ListItem\",\"position\":1,\"name\":\"Portada\",\"item\":\"https:\\\/\\\/elhijodelllanero.mx\\\/\"},{\"@type\":\"ListItem\",\"position\":2,\"name\":\"UNIENDO LAZOS FAMILIARES JUNTA A FAMILIAS VILLAGRANENSES\"}]},{\"@type\":\"WebSite\",\"@id\":\"https:\\\/\\\/elhijodelllanero.mx\\\/#website\",\"url\":\"https:\\\/\\\/elhijodelllanero.mx\\\/\",\"name\":\"El Hijo del llanero solititito\",\"description\":\"\",\"potentialAction\":[{\"@type\":\"SearchAction\",\"target\":{\"@type\":\"EntryPoint\",\"urlTemplate\":\"https:\\\/\\\/elhijodelllanero.mx\\\/?s={search_term_string}\"},\"query-input\":{\"@type\":\"PropertyValueSpecification\",\"valueRequired\":true,\"valueName\":\"search_term_string\"}}],\"inLanguage\":\"es\"},{\"@type\":\"Person\",\"@id\":\"https:\\\/\\\/elhijodelllanero.mx\\\/#\\\/schema\\\/person\\\/5dcfdd3db3a6f7e7906ef5d92cf7340b\",\"name\":\"Redaccion\",\"image\":{\"@type\":\"ImageObject\",\"inLanguage\":\"es\",\"@id\":\"https:\\\/\\\/secure.gravatar.com\\\/avatar\\\/f65b913d6e7be363e7396f7fad32ab76d311fbb575fa7e623ec3ea4799f3b718?s=96&d=mm&r=g\",\"url\":\"https:\\\/\\\/secure.gravatar.com\\\/avatar\\\/f65b913d6e7be363e7396f7fad32ab76d311fbb575fa7e623ec3ea4799f3b718?s=96&d=mm&r=g\",\"contentUrl\":\"https:\\\/\\\/secure.gravatar.com\\\/avatar\\\/f65b913d6e7be363e7396f7fad32ab76d311fbb575fa7e623ec3ea4799f3b718?s=96&d=mm&r=g\",\"caption\":\"Redaccion\"},\"sameAs\":[\"https:\\\/\\\/www.elhijodelllanero.mx\"],\"url\":\"https:\\\/\\\/elhijodelllanero.mx\\\/index.php\\\/author\\\/admin_6smc8z8t\\\/\"}]}<\/script>\n<!-- \/ Yoast SEO plugin. -->","yoast_head_json":{"title":"UNIENDO LAZOS FAMILIARES JUNTA A FAMILIAS VILLAGRANENSES - El Hijo del llanero solititito","robots":{"index":"index","follow":"follow","max-snippet":"max-snippet:-1","max-image-preview":"max-image-preview:large","max-video-preview":"max-video-preview:-1"},"canonical":"https:\/\/elhijodelllanero.mx\/index.php\/2024\/10\/04\/uniendo-lazos-familiares-junta-a-familias-villagranenses\/","og_locale":"es_ES","og_type":"article","og_title":"UNIENDO LAZOS FAMILIARES JUNTA A FAMILIAS VILLAGRANENSES - El Hijo del llanero solititito","og_description":"&nbsp; VILLAGR\u00c1N, Gto.- 4 de octubre del 2024.- Emotivo encuentro tuvieron siete familias villagranenses, gracias al programa \u00abUniendo lazos familiares\u00bb y el gobierno municipal de Villagr\u00e1n. Las personas, su mayoria de la tercera edad, despu\u00e9s de ser apoyados en el tr\u00e1mite de su visa, recorrieron muchos kilometros hasta llegar a Houston, TX, para ver a [&hellip;]","og_url":"https:\/\/elhijodelllanero.mx\/index.php\/2024\/10\/04\/uniendo-lazos-familiares-junta-a-familias-villagranenses\/","og_site_name":"El Hijo del llanero solititito","article_published_time":"2024-10-04T19:28:55+00:00","og_image":[{"width":828,"height":1792,"url":"https:\/\/elhijodelllanero.mx\/wp-content\/uploads\/2024\/10\/IMG-20241004-WA0014.jpg","type":"image\/jpeg"}],"author":"Redaccion","twitter_card":"summary_large_image","twitter_misc":{"Escrito por":"Redaccion","Tiempo de lectura":"1 minuto"},"schema":{"@context":"https:\/\/schema.org","@graph":[{"@type":"Article","@id":"https:\/\/elhijodelllanero.mx\/index.php\/2024\/10\/04\/uniendo-lazos-familiares-junta-a-familias-villagranenses\/#article","isPartOf":{"@id":"https:\/\/elhijodelllanero.mx\/index.php\/2024\/10\/04\/uniendo-lazos-familiares-junta-a-familias-villagranenses\/"},"author":{"name":"Redaccion","@id":"https:\/\/elhijodelllanero.mx\/#\/schema\/person\/5dcfdd3db3a6f7e7906ef5d92cf7340b"},"headline":"UNIENDO LAZOS FAMILIARES JUNTA A FAMILIAS VILLAGRANENSES","datePublished":"2024-10-04T19:28:55+00:00","mainEntityOfPage":{"@id":"https:\/\/elhijodelllanero.mx\/index.php\/2024\/10\/04\/uniendo-lazos-familiares-junta-a-familias-villagranenses\/"},"wordCount":199,"commentCount":0,"image":{"@id":"https:\/\/elhijodelllanero.mx\/index.php\/2024\/10\/04\/uniendo-lazos-familiares-junta-a-familias-villagranenses\/#primaryimage"},"thumbnailUrl":"https:\/\/i0.wp.com\/elhijodelllanero.mx\/wp-content\/uploads\/2024\/10\/IMG-20241004-WA0014.jpg?fit=828%2C1792&ssl=1","articleSection":["Villagr\u00e1n"],"inLanguage":"es","potentialAction":[{"@type":"CommentAction","name":"Comment","target":["https:\/\/elhijodelllanero.mx\/index.php\/2024\/10\/04\/uniendo-lazos-familiares-junta-a-familias-villagranenses\/#respond"]}]},{"@type":"WebPage","@id":"https:\/\/elhijodelllanero.mx\/index.php\/2024\/10\/04\/uniendo-lazos-familiares-junta-a-familias-villagranenses\/","url":"https:\/\/elhijodelllanero.mx\/index.php\/2024\/10\/04\/uniendo-lazos-familiares-junta-a-familias-villagranenses\/","name":"UNIENDO LAZOS FAMILIARES JUNTA A FAMILIAS VILLAGRANENSES - El Hijo del llanero solititito","isPartOf":{"@id":"https:\/\/elhijodelllanero.mx\/#website"},"primaryImageOfPage":{"@id":"https:\/\/elhijodelllanero.mx\/index.php\/2024\/10\/04\/uniendo-lazos-familiares-junta-a-familias-villagranenses\/#primaryimage"},"image":{"@id":"https:\/\/elhijodelllanero.mx\/index.php\/2024\/10\/04\/uniendo-lazos-familiares-junta-a-familias-villagranenses\/#primaryimage"},"thumbnailUrl":"https:\/\/i0.wp.com\/elhijodelllanero.mx\/wp-content\/uploads\/2024\/10\/IMG-20241004-WA0014.jpg?fit=828%2C1792&ssl=1","datePublished":"2024-10-04T19:28:55+00:00","author":{"@id":"https:\/\/elhijodelllanero.mx\/#\/schema\/person\/5dcfdd3db3a6f7e7906ef5d92cf7340b"},"breadcrumb":{"@id":"https:\/\/elhijodelllanero.mx\/index.php\/2024\/10\/04\/uniendo-lazos-familiares-junta-a-familias-villagranenses\/#breadcrumb"},"inLanguage":"es","potentialAction":[{"@type":"ReadAction","target":["https:\/\/elhijodelllanero.mx\/index.php\/2024\/10\/04\/uniendo-lazos-familiares-junta-a-familias-villagranenses\/"]}]},{"@type":"ImageObject","inLanguage":"es","@id":"https:\/\/elhijodelllanero.mx\/index.php\/2024\/10\/04\/uniendo-lazos-familiares-junta-a-familias-villagranenses\/#primaryimage","url":"https:\/\/i0.wp.com\/elhijodelllanero.mx\/wp-content\/uploads\/2024\/10\/IMG-20241004-WA0014.jpg?fit=828%2C1792&ssl=1","contentUrl":"https:\/\/i0.wp.com\/elhijodelllanero.mx\/wp-content\/uploads\/2024\/10\/IMG-20241004-WA0014.jpg?fit=828%2C1792&ssl=1","width":828,"height":1792},{"@type":"BreadcrumbList","@id":"https:\/\/elhijodelllanero.mx\/index.php\/2024\/10\/04\/uniendo-lazos-familiares-junta-a-familias-villagranenses\/#breadcrumb","itemListElement":[{"@type":"ListItem","position":1,"name":"Portada","item":"https:\/\/elhijodelllanero.mx\/"},{"@type":"ListItem","position":2,"name":"UNIENDO LAZOS FAMILIARES JUNTA A FAMILIAS VILLAGRANENSES"}]},{"@type":"WebSite","@id":"https:\/\/elhijodelllanero.mx\/#website","url":"https:\/\/elhijodelllanero.mx\/","name":"El Hijo del llanero solititito","description":"","potentialAction":[{"@type":"SearchAction","target":{"@type":"EntryPoint","urlTemplate":"https:\/\/elhijodelllanero.mx\/?s={search_term_string}"},"query-input":{"@type":"PropertyValueSpecification","valueRequired":true,"valueName":"search_term_string"}}],"inLanguage":"es"},{"@type":"Person","@id":"https:\/\/elhijodelllanero.mx\/#\/schema\/person\/5dcfdd3db3a6f7e7906ef5d92cf7340b","name":"Redaccion","image":{"@type":"ImageObject","inLanguage":"es","@id":"https:\/\/secure.gravatar.com\/avatar\/f65b913d6e7be363e7396f7fad32ab76d311fbb575fa7e623ec3ea4799f3b718?s=96&d=mm&r=g","url":"https:\/\/secure.gravatar.com\/avatar\/f65b913d6e7be363e7396f7fad32ab76d311fbb575fa7e623ec3ea4799f3b718?s=96&d=mm&r=g","contentUrl":"https:\/\/secure.gravatar.com\/avatar\/f65b913d6e7be363e7396f7fad32ab76d311fbb575fa7e623ec3ea4799f3b718?s=96&d=mm&r=g","caption":"Redaccion"},"sameAs":["https:\/\/www.elhijodelllanero.mx"],"url":"https:\/\/elhijodelllanero.mx\/index.php\/author\/admin_6smc8z8t\/"}]}},"jetpack_featured_media_url":"https:\/\/i0.wp.com\/elhijodelllanero.mx\/wp-content\/uploads\/2024\/10\/IMG-20241004-WA0014.jpg?fit=828%2C1792&ssl=1","jetpack-related-posts":[],"jetpack_sharing_enabled":true,"_links":{"self":[{"href":"https:\/\/elhijodelllanero.mx\/index.php\/wp-json\/wp\/v2\/posts\/8676","targetHints":{"allow":["GET"]}}],"collection":[{"href":"https:\/\/elhijodelllanero.mx\/index.php\/wp-json\/wp\/v2\/posts"}],"about":[{"href":"https:\/\/elhijodelllanero.mx\/index.php\/wp-json\/wp\/v2\/types\/post"}],"author":[{"embeddable":true,"href":"https:\/\/elhijodelllanero.mx\/index.php\/wp-json\/wp\/v2\/users\/1"}],"replies":[{"embeddable":true,"href":"https:\/\/elhijodelllanero.mx\/index.php\/wp-json\/wp\/v2\/comments?post=8676"}],"version-history":[{"count":1,"href":"https:\/\/elhijodelllanero.mx\/index.php\/wp-json\/wp\/v2\/posts\/8676\/revisions"}],"predecessor-version":[{"id":8678,"href":"https:\/\/elhijodelllanero.mx\/index.php\/wp-json\/wp\/v2\/posts\/8676\/revisions\/8678"}],"wp:featuredmedia":[{"embeddable":true,"href":"https:\/\/elhijodelllanero.mx\/index.php\/wp-json\/wp\/v2\/media\/8677"}],"wp:attachment":[{"href":"https:\/\/elhijodelllanero.mx\/index.php\/wp-json\/wp\/v2\/media?parent=8676"}],"wp:term":[{"taxonomy":"category","embeddable":true,"href":"https:\/\/elhijodelllanero.mx\/index.php\/wp-json\/wp\/v2\/categories?post=8676"},{"taxonomy":"post_tag","embeddable":true,"href":"https:\/\/elhijodelllanero.mx\/index.php\/wp-json\/wp\/v2\/tags?post=8676"}],"curies":[{"name":"wp","href":"https:\/\/api.w.org\/{rel}","templated":true}]}}