{"id":8717,"date":"2024-10-10T22:56:00","date_gmt":"2024-10-10T22:56:00","guid":{"rendered":"https:\/\/elhijodelllanero.mx\/?p=8717"},"modified":"2024-10-10T22:56:00","modified_gmt":"2024-10-10T22:56:00","slug":"infonavit-esta-esperando-a-los-que-faltan-de-firmar-para-la-cancelacion-de-su-credito-en-el-rehilete","status":"publish","type":"post","link":"https:\/\/elhijodelllanero.mx\/index.php\/2024\/10\/10\/infonavit-esta-esperando-a-los-que-faltan-de-firmar-para-la-cancelacion-de-su-credito-en-el-rehilete\/","title":{"rendered":"INFONAVIT ESTA ESPERANDO A LOS QUE FALTAN DE FIRMAR PARA LA CANCELACI\u00d3N DE SU CR\u00c9DITO EN \u201cEL REHILETE\u201d."},"content":{"rendered":"<p>&nbsp;<\/p>\n<p>Guanajuato,Gto. 10 de octubre del 2024.- El Instituto hace un llamado a las familias que a\u00fan no han firmado el convenio de aceptaci\u00f3n a que acudan al Centro de Servicio de Celaya.<br \/>\nEI Instituto del Fondo Nacional de la Vivienda para los Trabajadores (Infonavit) invita a las 56 familias que a\u00fan no han firmado el convenio de aceptaci\u00f3n para la cancelaci\u00f3n de los cr\u00e9ditos correspondientes a las viviendas da\u00f1adas de la Secci\u00f3n Vivir de El Rehilete a acudir al Centro de Servicio (Cesi) Infonavit de Celaya, ubicado en:<br \/>\nEje Norponiente No. 1013, Avenida Araucarias, Fracc. Villas de la Hacienda, Celaya, Guanajuato, en un horario de 8:30 a 14:30.<br \/>\nEn mayo pasado el Consejo de Administraci\u00f3n del Instituto aprob\u00f3 una serie de medidas para resolver los problemas de las y los acreditados que resultaron afectados por la mala construcci\u00f3n de las viviendas antes mencionadas. Entre \u00e9stas, destaca la cancelaci\u00f3n de 198 cr\u00e9ditos que se encontraban vigentes.<br \/>\nAl d\u00eda de hoy se han cancelado 142 de ellos, y se ha procedido a la devoluci\u00f3n los pagos realizados, as\u00ed como de las aportaciones a la Subcuenta de Vivienda.<br \/>\nCon estas acciones, el Infonavit de la transformaci\u00f3n reitera su compromiso con las y los trabajadores, garantizando su acceso a una vivienda adecuada y brindando bienestar a sus familias.<br \/>\nConoce todo lo que necesitas saber sobre cr\u00e9ditos, tr\u00e1mites y servicios del Infonavit, de manera sencilla y clara en infonavitfacil.mx.<br \/>\nEl Infonavit es una instituci\u00f3n de solidaridad, servicio y seguridad social del Estado, que tiene como objetivo otorgar cr\u00e9dito barato y suficiente para que las y los trabajadores puedan acceder a una vivienda adecuada y formar un patrimonio. Desde su creaci\u00f3n en 1972 a la fecha, el organismo ha colocado m\u00e1s de 583 mil cr\u00e9ditos en Guanajuato.<\/p>\n","protected":false},"excerpt":{"rendered":"<p>&nbsp; Guanajuato,Gto. 10 de octubre del 2024.- El Instituto hace un llamado a las familias que a\u00fan no han firmado el convenio de aceptaci\u00f3n a que acudan al Centro de Servicio de Celaya. EI Instituto del Fondo Nacional de la Vivienda para los Trabajadores (Infonavit) invita a las 56 familias que a\u00fan no han firmado [&hellip;]<\/p>\n","protected":false},"author":1,"featured_media":8718,"comment_status":"open","ping_status":"closed","sticky":false,"template":"","format":"standard","meta":{"_jetpack_newsletter_access":"","_jetpack_dont_email_post_to_subs":false,"_jetpack_newsletter_tier_id":0,"_jetpack_memberships_contains_paywalled_content":false,"_jetpack_memberships_contains_paid_content":false,"footnotes":""},"categories":[38],"tags":[],"class_list":{"0":"post-8717","1":"post","2":"type-post","3":"status-publish","4":"format-standard","5":"has-post-thumbnail","7":"category-estado"},"yoast_head":"<!-- This site is optimized with the Yoast SEO plugin v27.3 - https:\/\/yoast.com\/product\/yoast-seo-wordpress\/ -->\n<title>INFONAVIT ESTA ESPERANDO A LOS QUE FALTAN DE FIRMAR PARA LA CANCELACI\u00d3N DE SU CR\u00c9DITO EN \u201cEL REHILETE\u201d. - El Hijo del llanero solititito<\/title>\n<meta name=\"robots\" content=\"index, follow, max-snippet:-1, max-image-preview:large, max-video-preview:-1\" \/>\n<link rel=\"canonical\" href=\"https:\/\/elhijodelllanero.mx\/index.php\/2024\/10\/10\/infonavit-esta-esperando-a-los-que-faltan-de-firmar-para-la-cancelacion-de-su-credito-en-el-rehilete\/\" \/>\n<meta property=\"og:locale\" content=\"es_ES\" \/>\n<meta property=\"og:type\" content=\"article\" \/>\n<meta property=\"og:title\" content=\"INFONAVIT ESTA ESPERANDO A LOS QUE FALTAN DE FIRMAR PARA LA CANCELACI\u00d3N DE SU CR\u00c9DITO EN \u201cEL REHILETE\u201d. - El Hijo del llanero solititito\" \/>\n<meta property=\"og:description\" content=\"&nbsp; Guanajuato,Gto. 10 de octubre del 2024.- El Instituto hace un llamado a las familias que a\u00fan no han firmado el convenio de aceptaci\u00f3n a que acudan al Centro de Servicio de Celaya. EI Instituto del Fondo Nacional de la Vivienda para los Trabajadores (Infonavit) invita a las 56 familias que a\u00fan no han firmado [&hellip;]\" \/>\n<meta property=\"og:url\" content=\"https:\/\/elhijodelllanero.mx\/index.php\/2024\/10\/10\/infonavit-esta-esperando-a-los-que-faltan-de-firmar-para-la-cancelacion-de-su-credito-en-el-rehilete\/\" \/>\n<meta property=\"og:site_name\" content=\"El Hijo del llanero solititito\" \/>\n<meta property=\"article:published_time\" content=\"2024-10-10T22:56:00+00:00\" \/>\n<meta property=\"og:image\" content=\"https:\/\/elhijodelllanero.mx\/wp-content\/uploads\/2024\/10\/IMG-20241010-WA0065.jpg\" \/>\n\t<meta property=\"og:image:width\" content=\"1140\" \/>\n\t<meta property=\"og:image:height\" content=\"712\" \/>\n\t<meta property=\"og:image:type\" content=\"image\/jpeg\" \/>\n<meta name=\"author\" content=\"Redaccion\" \/>\n<meta name=\"twitter:card\" content=\"summary_large_image\" \/>\n<meta name=\"twitter:label1\" content=\"Escrito por\" \/>\n\t<meta name=\"twitter:data1\" content=\"Redaccion\" \/>\n\t<meta name=\"twitter:label2\" content=\"Tiempo de lectura\" \/>\n\t<meta name=\"twitter:data2\" content=\"2 minutos\" \/>\n<script type=\"application\/ld+json\" class=\"yoast-schema-graph\">{\"@context\":\"https:\\\/\\\/schema.org\",\"@graph\":[{\"@type\":\"Article\",\"@id\":\"https:\\\/\\\/elhijodelllanero.mx\\\/index.php\\\/2024\\\/10\\\/10\\\/infonavit-esta-esperando-a-los-que-faltan-de-firmar-para-la-cancelacion-de-su-credito-en-el-rehilete\\\/#article\",\"isPartOf\":{\"@id\":\"https:\\\/\\\/elhijodelllanero.mx\\\/index.php\\\/2024\\\/10\\\/10\\\/infonavit-esta-esperando-a-los-que-faltan-de-firmar-para-la-cancelacion-de-su-credito-en-el-rehilete\\\/\"},\"author\":{\"name\":\"Redaccion\",\"@id\":\"https:\\\/\\\/elhijodelllanero.mx\\\/#\\\/schema\\\/person\\\/5dcfdd3db3a6f7e7906ef5d92cf7340b\"},\"headline\":\"INFONAVIT ESTA ESPERANDO A LOS QUE FALTAN DE FIRMAR PARA LA CANCELACI\u00d3N DE SU CR\u00c9DITO EN \u201cEL REHILETE\u201d.\",\"datePublished\":\"2024-10-10T22:56:00+00:00\",\"mainEntityOfPage\":{\"@id\":\"https:\\\/\\\/elhijodelllanero.mx\\\/index.php\\\/2024\\\/10\\\/10\\\/infonavit-esta-esperando-a-los-que-faltan-de-firmar-para-la-cancelacion-de-su-credito-en-el-rehilete\\\/\"},\"wordCount\":327,\"commentCount\":0,\"image\":{\"@id\":\"https:\\\/\\\/elhijodelllanero.mx\\\/index.php\\\/2024\\\/10\\\/10\\\/infonavit-esta-esperando-a-los-que-faltan-de-firmar-para-la-cancelacion-de-su-credito-en-el-rehilete\\\/#primaryimage\"},\"thumbnailUrl\":\"https:\\\/\\\/i0.wp.com\\\/elhijodelllanero.mx\\\/wp-content\\\/uploads\\\/2024\\\/10\\\/IMG-20241010-WA0065.jpg?fit=1140%2C712&ssl=1\",\"articleSection\":[\"ESTADO\"],\"inLanguage\":\"es\",\"potentialAction\":[{\"@type\":\"CommentAction\",\"name\":\"Comment\",\"target\":[\"https:\\\/\\\/elhijodelllanero.mx\\\/index.php\\\/2024\\\/10\\\/10\\\/infonavit-esta-esperando-a-los-que-faltan-de-firmar-para-la-cancelacion-de-su-credito-en-el-rehilete\\\/#respond\"]}]},{\"@type\":\"WebPage\",\"@id\":\"https:\\\/\\\/elhijodelllanero.mx\\\/index.php\\\/2024\\\/10\\\/10\\\/infonavit-esta-esperando-a-los-que-faltan-de-firmar-para-la-cancelacion-de-su-credito-en-el-rehilete\\\/\",\"url\":\"https:\\\/\\\/elhijodelllanero.mx\\\/index.php\\\/2024\\\/10\\\/10\\\/infonavit-esta-esperando-a-los-que-faltan-de-firmar-para-la-cancelacion-de-su-credito-en-el-rehilete\\\/\",\"name\":\"INFONAVIT ESTA ESPERANDO A LOS QUE FALTAN DE FIRMAR PARA LA CANCELACI\u00d3N DE SU CR\u00c9DITO EN \u201cEL REHILETE\u201d. - El Hijo del llanero solititito\",\"isPartOf\":{\"@id\":\"https:\\\/\\\/elhijodelllanero.mx\\\/#website\"},\"primaryImageOfPage\":{\"@id\":\"https:\\\/\\\/elhijodelllanero.mx\\\/index.php\\\/2024\\\/10\\\/10\\\/infonavit-esta-esperando-a-los-que-faltan-de-firmar-para-la-cancelacion-de-su-credito-en-el-rehilete\\\/#primaryimage\"},\"image\":{\"@id\":\"https:\\\/\\\/elhijodelllanero.mx\\\/index.php\\\/2024\\\/10\\\/10\\\/infonavit-esta-esperando-a-los-que-faltan-de-firmar-para-la-cancelacion-de-su-credito-en-el-rehilete\\\/#primaryimage\"},\"thumbnailUrl\":\"https:\\\/\\\/i0.wp.com\\\/elhijodelllanero.mx\\\/wp-content\\\/uploads\\\/2024\\\/10\\\/IMG-20241010-WA0065.jpg?fit=1140%2C712&ssl=1\",\"datePublished\":\"2024-10-10T22:56:00+00:00\",\"author\":{\"@id\":\"https:\\\/\\\/elhijodelllanero.mx\\\/#\\\/schema\\\/person\\\/5dcfdd3db3a6f7e7906ef5d92cf7340b\"},\"breadcrumb\":{\"@id\":\"https:\\\/\\\/elhijodelllanero.mx\\\/index.php\\\/2024\\\/10\\\/10\\\/infonavit-esta-esperando-a-los-que-faltan-de-firmar-para-la-cancelacion-de-su-credito-en-el-rehilete\\\/#breadcrumb\"},\"inLanguage\":\"es\",\"potentialAction\":[{\"@type\":\"ReadAction\",\"target\":[\"https:\\\/\\\/elhijodelllanero.mx\\\/index.php\\\/2024\\\/10\\\/10\\\/infonavit-esta-esperando-a-los-que-faltan-de-firmar-para-la-cancelacion-de-su-credito-en-el-rehilete\\\/\"]}]},{\"@type\":\"ImageObject\",\"inLanguage\":\"es\",\"@id\":\"https:\\\/\\\/elhijodelllanero.mx\\\/index.php\\\/2024\\\/10\\\/10\\\/infonavit-esta-esperando-a-los-que-faltan-de-firmar-para-la-cancelacion-de-su-credito-en-el-rehilete\\\/#primaryimage\",\"url\":\"https:\\\/\\\/i0.wp.com\\\/elhijodelllanero.mx\\\/wp-content\\\/uploads\\\/2024\\\/10\\\/IMG-20241010-WA0065.jpg?fit=1140%2C712&ssl=1\",\"contentUrl\":\"https:\\\/\\\/i0.wp.com\\\/elhijodelllanero.mx\\\/wp-content\\\/uploads\\\/2024\\\/10\\\/IMG-20241010-WA0065.jpg?fit=1140%2C712&ssl=1\",\"width\":1140,\"height\":712},{\"@type\":\"BreadcrumbList\",\"@id\":\"https:\\\/\\\/elhijodelllanero.mx\\\/index.php\\\/2024\\\/10\\\/10\\\/infonavit-esta-esperando-a-los-que-faltan-de-firmar-para-la-cancelacion-de-su-credito-en-el-rehilete\\\/#breadcrumb\",\"itemListElement\":[{\"@type\":\"ListItem\",\"position\":1,\"name\":\"Portada\",\"item\":\"https:\\\/\\\/elhijodelllanero.mx\\\/\"},{\"@type\":\"ListItem\",\"position\":2,\"name\":\"INFONAVIT ESTA ESPERANDO A LOS QUE FALTAN DE FIRMAR PARA LA CANCELACI\u00d3N DE SU CR\u00c9DITO EN \u201cEL REHILETE\u201d.\"}]},{\"@type\":\"WebSite\",\"@id\":\"https:\\\/\\\/elhijodelllanero.mx\\\/#website\",\"url\":\"https:\\\/\\\/elhijodelllanero.mx\\\/\",\"name\":\"El Hijo del llanero solititito\",\"description\":\"\",\"potentialAction\":[{\"@type\":\"SearchAction\",\"target\":{\"@type\":\"EntryPoint\",\"urlTemplate\":\"https:\\\/\\\/elhijodelllanero.mx\\\/?s={search_term_string}\"},\"query-input\":{\"@type\":\"PropertyValueSpecification\",\"valueRequired\":true,\"valueName\":\"search_term_string\"}}],\"inLanguage\":\"es\"},{\"@type\":\"Person\",\"@id\":\"https:\\\/\\\/elhijodelllanero.mx\\\/#\\\/schema\\\/person\\\/5dcfdd3db3a6f7e7906ef5d92cf7340b\",\"name\":\"Redaccion\",\"image\":{\"@type\":\"ImageObject\",\"inLanguage\":\"es\",\"@id\":\"https:\\\/\\\/secure.gravatar.com\\\/avatar\\\/f65b913d6e7be363e7396f7fad32ab76d311fbb575fa7e623ec3ea4799f3b718?s=96&d=mm&r=g\",\"url\":\"https:\\\/\\\/secure.gravatar.com\\\/avatar\\\/f65b913d6e7be363e7396f7fad32ab76d311fbb575fa7e623ec3ea4799f3b718?s=96&d=mm&r=g\",\"contentUrl\":\"https:\\\/\\\/secure.gravatar.com\\\/avatar\\\/f65b913d6e7be363e7396f7fad32ab76d311fbb575fa7e623ec3ea4799f3b718?s=96&d=mm&r=g\",\"caption\":\"Redaccion\"},\"sameAs\":[\"https:\\\/\\\/www.elhijodelllanero.mx\"],\"url\":\"https:\\\/\\\/elhijodelllanero.mx\\\/index.php\\\/author\\\/admin_6smc8z8t\\\/\"}]}<\/script>\n<!-- \/ Yoast SEO plugin. -->","yoast_head_json":{"title":"INFONAVIT ESTA ESPERANDO A LOS QUE FALTAN DE FIRMAR PARA LA CANCELACI\u00d3N DE SU CR\u00c9DITO EN \u201cEL REHILETE\u201d. - El Hijo del llanero solititito","robots":{"index":"index","follow":"follow","max-snippet":"max-snippet:-1","max-image-preview":"max-image-preview:large","max-video-preview":"max-video-preview:-1"},"canonical":"https:\/\/elhijodelllanero.mx\/index.php\/2024\/10\/10\/infonavit-esta-esperando-a-los-que-faltan-de-firmar-para-la-cancelacion-de-su-credito-en-el-rehilete\/","og_locale":"es_ES","og_type":"article","og_title":"INFONAVIT ESTA ESPERANDO A LOS QUE FALTAN DE FIRMAR PARA LA CANCELACI\u00d3N DE SU CR\u00c9DITO EN \u201cEL REHILETE\u201d. - El Hijo del llanero solititito","og_description":"&nbsp; Guanajuato,Gto. 10 de octubre del 2024.- El Instituto hace un llamado a las familias que a\u00fan no han firmado el convenio de aceptaci\u00f3n a que acudan al Centro de Servicio de Celaya. EI Instituto del Fondo Nacional de la Vivienda para los Trabajadores (Infonavit) invita a las 56 familias que a\u00fan no han firmado [&hellip;]","og_url":"https:\/\/elhijodelllanero.mx\/index.php\/2024\/10\/10\/infonavit-esta-esperando-a-los-que-faltan-de-firmar-para-la-cancelacion-de-su-credito-en-el-rehilete\/","og_site_name":"El Hijo del llanero solititito","article_published_time":"2024-10-10T22:56:00+00:00","og_image":[{"width":1140,"height":712,"url":"https:\/\/elhijodelllanero.mx\/wp-content\/uploads\/2024\/10\/IMG-20241010-WA0065.jpg","type":"image\/jpeg"}],"author":"Redaccion","twitter_card":"summary_large_image","twitter_misc":{"Escrito por":"Redaccion","Tiempo de lectura":"2 minutos"},"schema":{"@context":"https:\/\/schema.org","@graph":[{"@type":"Article","@id":"https:\/\/elhijodelllanero.mx\/index.php\/2024\/10\/10\/infonavit-esta-esperando-a-los-que-faltan-de-firmar-para-la-cancelacion-de-su-credito-en-el-rehilete\/#article","isPartOf":{"@id":"https:\/\/elhijodelllanero.mx\/index.php\/2024\/10\/10\/infonavit-esta-esperando-a-los-que-faltan-de-firmar-para-la-cancelacion-de-su-credito-en-el-rehilete\/"},"author":{"name":"Redaccion","@id":"https:\/\/elhijodelllanero.mx\/#\/schema\/person\/5dcfdd3db3a6f7e7906ef5d92cf7340b"},"headline":"INFONAVIT ESTA ESPERANDO A LOS QUE FALTAN DE FIRMAR PARA LA CANCELACI\u00d3N DE SU CR\u00c9DITO EN \u201cEL REHILETE\u201d.","datePublished":"2024-10-10T22:56:00+00:00","mainEntityOfPage":{"@id":"https:\/\/elhijodelllanero.mx\/index.php\/2024\/10\/10\/infonavit-esta-esperando-a-los-que-faltan-de-firmar-para-la-cancelacion-de-su-credito-en-el-rehilete\/"},"wordCount":327,"commentCount":0,"image":{"@id":"https:\/\/elhijodelllanero.mx\/index.php\/2024\/10\/10\/infonavit-esta-esperando-a-los-que-faltan-de-firmar-para-la-cancelacion-de-su-credito-en-el-rehilete\/#primaryimage"},"thumbnailUrl":"https:\/\/i0.wp.com\/elhijodelllanero.mx\/wp-content\/uploads\/2024\/10\/IMG-20241010-WA0065.jpg?fit=1140%2C712&ssl=1","articleSection":["ESTADO"],"inLanguage":"es","potentialAction":[{"@type":"CommentAction","name":"Comment","target":["https:\/\/elhijodelllanero.mx\/index.php\/2024\/10\/10\/infonavit-esta-esperando-a-los-que-faltan-de-firmar-para-la-cancelacion-de-su-credito-en-el-rehilete\/#respond"]}]},{"@type":"WebPage","@id":"https:\/\/elhijodelllanero.mx\/index.php\/2024\/10\/10\/infonavit-esta-esperando-a-los-que-faltan-de-firmar-para-la-cancelacion-de-su-credito-en-el-rehilete\/","url":"https:\/\/elhijodelllanero.mx\/index.php\/2024\/10\/10\/infonavit-esta-esperando-a-los-que-faltan-de-firmar-para-la-cancelacion-de-su-credito-en-el-rehilete\/","name":"INFONAVIT ESTA ESPERANDO A LOS QUE FALTAN DE FIRMAR PARA LA CANCELACI\u00d3N DE SU CR\u00c9DITO EN \u201cEL REHILETE\u201d. - El Hijo del llanero solititito","isPartOf":{"@id":"https:\/\/elhijodelllanero.mx\/#website"},"primaryImageOfPage":{"@id":"https:\/\/elhijodelllanero.mx\/index.php\/2024\/10\/10\/infonavit-esta-esperando-a-los-que-faltan-de-firmar-para-la-cancelacion-de-su-credito-en-el-rehilete\/#primaryimage"},"image":{"@id":"https:\/\/elhijodelllanero.mx\/index.php\/2024\/10\/10\/infonavit-esta-esperando-a-los-que-faltan-de-firmar-para-la-cancelacion-de-su-credito-en-el-rehilete\/#primaryimage"},"thumbnailUrl":"https:\/\/i0.wp.com\/elhijodelllanero.mx\/wp-content\/uploads\/2024\/10\/IMG-20241010-WA0065.jpg?fit=1140%2C712&ssl=1","datePublished":"2024-10-10T22:56:00+00:00","author":{"@id":"https:\/\/elhijodelllanero.mx\/#\/schema\/person\/5dcfdd3db3a6f7e7906ef5d92cf7340b"},"breadcrumb":{"@id":"https:\/\/elhijodelllanero.mx\/index.php\/2024\/10\/10\/infonavit-esta-esperando-a-los-que-faltan-de-firmar-para-la-cancelacion-de-su-credito-en-el-rehilete\/#breadcrumb"},"inLanguage":"es","potentialAction":[{"@type":"ReadAction","target":["https:\/\/elhijodelllanero.mx\/index.php\/2024\/10\/10\/infonavit-esta-esperando-a-los-que-faltan-de-firmar-para-la-cancelacion-de-su-credito-en-el-rehilete\/"]}]},{"@type":"ImageObject","inLanguage":"es","@id":"https:\/\/elhijodelllanero.mx\/index.php\/2024\/10\/10\/infonavit-esta-esperando-a-los-que-faltan-de-firmar-para-la-cancelacion-de-su-credito-en-el-rehilete\/#primaryimage","url":"https:\/\/i0.wp.com\/elhijodelllanero.mx\/wp-content\/uploads\/2024\/10\/IMG-20241010-WA0065.jpg?fit=1140%2C712&ssl=1","contentUrl":"https:\/\/i0.wp.com\/elhijodelllanero.mx\/wp-content\/uploads\/2024\/10\/IMG-20241010-WA0065.jpg?fit=1140%2C712&ssl=1","width":1140,"height":712},{"@type":"BreadcrumbList","@id":"https:\/\/elhijodelllanero.mx\/index.php\/2024\/10\/10\/infonavit-esta-esperando-a-los-que-faltan-de-firmar-para-la-cancelacion-de-su-credito-en-el-rehilete\/#breadcrumb","itemListElement":[{"@type":"ListItem","position":1,"name":"Portada","item":"https:\/\/elhijodelllanero.mx\/"},{"@type":"ListItem","position":2,"name":"INFONAVIT ESTA ESPERANDO A LOS QUE FALTAN DE FIRMAR PARA LA CANCELACI\u00d3N DE SU CR\u00c9DITO EN \u201cEL REHILETE\u201d."}]},{"@type":"WebSite","@id":"https:\/\/elhijodelllanero.mx\/#website","url":"https:\/\/elhijodelllanero.mx\/","name":"El Hijo del llanero solititito","description":"","potentialAction":[{"@type":"SearchAction","target":{"@type":"EntryPoint","urlTemplate":"https:\/\/elhijodelllanero.mx\/?s={search_term_string}"},"query-input":{"@type":"PropertyValueSpecification","valueRequired":true,"valueName":"search_term_string"}}],"inLanguage":"es"},{"@type":"Person","@id":"https:\/\/elhijodelllanero.mx\/#\/schema\/person\/5dcfdd3db3a6f7e7906ef5d92cf7340b","name":"Redaccion","image":{"@type":"ImageObject","inLanguage":"es","@id":"https:\/\/secure.gravatar.com\/avatar\/f65b913d6e7be363e7396f7fad32ab76d311fbb575fa7e623ec3ea4799f3b718?s=96&d=mm&r=g","url":"https:\/\/secure.gravatar.com\/avatar\/f65b913d6e7be363e7396f7fad32ab76d311fbb575fa7e623ec3ea4799f3b718?s=96&d=mm&r=g","contentUrl":"https:\/\/secure.gravatar.com\/avatar\/f65b913d6e7be363e7396f7fad32ab76d311fbb575fa7e623ec3ea4799f3b718?s=96&d=mm&r=g","caption":"Redaccion"},"sameAs":["https:\/\/www.elhijodelllanero.mx"],"url":"https:\/\/elhijodelllanero.mx\/index.php\/author\/admin_6smc8z8t\/"}]}},"jetpack_featured_media_url":"https:\/\/i0.wp.com\/elhijodelllanero.mx\/wp-content\/uploads\/2024\/10\/IMG-20241010-WA0065.jpg?fit=1140%2C712&ssl=1","jetpack-related-posts":[],"jetpack_sharing_enabled":true,"_links":{"self":[{"href":"https:\/\/elhijodelllanero.mx\/index.php\/wp-json\/wp\/v2\/posts\/8717","targetHints":{"allow":["GET"]}}],"collection":[{"href":"https:\/\/elhijodelllanero.mx\/index.php\/wp-json\/wp\/v2\/posts"}],"about":[{"href":"https:\/\/elhijodelllanero.mx\/index.php\/wp-json\/wp\/v2\/types\/post"}],"author":[{"embeddable":true,"href":"https:\/\/elhijodelllanero.mx\/index.php\/wp-json\/wp\/v2\/users\/1"}],"replies":[{"embeddable":true,"href":"https:\/\/elhijodelllanero.mx\/index.php\/wp-json\/wp\/v2\/comments?post=8717"}],"version-history":[{"count":1,"href":"https:\/\/elhijodelllanero.mx\/index.php\/wp-json\/wp\/v2\/posts\/8717\/revisions"}],"predecessor-version":[{"id":8719,"href":"https:\/\/elhijodelllanero.mx\/index.php\/wp-json\/wp\/v2\/posts\/8717\/revisions\/8719"}],"wp:featuredmedia":[{"embeddable":true,"href":"https:\/\/elhijodelllanero.mx\/index.php\/wp-json\/wp\/v2\/media\/8718"}],"wp:attachment":[{"href":"https:\/\/elhijodelllanero.mx\/index.php\/wp-json\/wp\/v2\/media?parent=8717"}],"wp:term":[{"taxonomy":"category","embeddable":true,"href":"https:\/\/elhijodelllanero.mx\/index.php\/wp-json\/wp\/v2\/categories?post=8717"},{"taxonomy":"post_tag","embeddable":true,"href":"https:\/\/elhijodelllanero.mx\/index.php\/wp-json\/wp\/v2\/tags?post=8717"}],"curies":[{"name":"wp","href":"https:\/\/api.w.org\/{rel}","templated":true}]}}