{"id":8724,"date":"2024-10-11T20:55:00","date_gmt":"2024-10-11T20:55:00","guid":{"rendered":"https:\/\/elhijodelllanero.mx\/?p=8724"},"modified":"2024-10-11T20:55:00","modified_gmt":"2024-10-11T20:55:00","slug":"presentan-octava-edicion-del-festival-internacional-de-cine-de-celaya","status":"publish","type":"post","link":"https:\/\/elhijodelllanero.mx\/index.php\/2024\/10\/11\/presentan-octava-edicion-del-festival-internacional-de-cine-de-celaya\/","title":{"rendered":"PRESENTAN OCTAVA EDICI\u00d3N DEL FESTIVAL INTERNACIONAL DE CINE DE CELAYA"},"content":{"rendered":"<p>&nbsp;<\/p>\n<p>Celaya,Gto. 11 de octubre del 2024.- El presidente municipal, Juan Miguel Ram\u00edrez S\u00e1nchez, acudi\u00f3 a la presentaci\u00f3n y refrend\u00f3 su compromiso para fortalecer la promoci\u00f3n del arte y la cultura en Celaya.<br \/>\nCon una serie de conferencias, proyecciones de documentales y cortometrajes, talleres y presentaciones art\u00edstica, del 14 al 17 de noviembre se realizar\u00e1 el Festival Internacional de Cine de Celaya (FICC), en su octava edici\u00f3n.<br \/>\nAs\u00ed se anunci\u00f3 este viernes en conferencia de prensa por parte del Comit\u00e9 Organizador, a la que asisti\u00f3 el presidente municipal, Juan Miguel Ram\u00edrez S\u00e1nchez, acompa\u00f1ado de su esposa, Laura Casillas, para validar el compromiso de su administraci\u00f3n para fortalecer la promoci\u00f3n de la cultura y las artes, en Celaya.<br \/>\n\u201cQueremos que esto sea la base de nuestra pr\u00f3xima cineteca, estamos impulsando un proyecto de cine, queremos tambi\u00e9n que desde la Casa de la Cultura se haga una gran promoci\u00f3n para seguir impulsando los talentos, no solo de actores sino de directores y de t\u00e9cnicos.<br \/>\nVamos a hacer lo posible por tener una escuela de cinematograf\u00eda que abarque a todos los sectores, a la gente que est\u00e1 filmando, produciendo, a todos los cineastas; estoy muy contento de estar aqu\u00ed porque hoy como funcionario estoy haciendo conjuntamente con ellos la presentaci\u00f3n de todas sus actividades que van a tener en el mes de noviembre. Muchas gracias por la invitaci\u00f3n y esperemos que todo mundo vayamos a disfrutar de este festival\u201d, anunci\u00f3 el alcalde.<br \/>\nEl fundador del Festival Internacional de Cine, Jos\u00e9 Manuel Renter\u00eda Gualito \u201cWally\u201d, record\u00f3 que hace ocho a\u00f1os inici\u00f3 el FICC con la visi\u00f3n de potencializar la educaci\u00f3n cinematogr\u00e1fica y en este tiempo se han logrado avances muy importantes debido a que Celaya y Apaseo el Grande, donde tambi\u00e9n se realizan algunas actividades, se han posicionado como los municipios donde mayor cantidad de cortometrajes se realizan a nivel estado, en promedio anual.<br \/>\nLa directora del FICC, Victoria R\u00e1bago, anunci\u00f3 algunas de las actividades que se realizar\u00e1n como parte del festival, entre ellas un panel dedicado a mujeres cineastas el viernes 15 de noviembre, un taller de fotograf\u00eda, proyecciones de documentales y cortometrajes nacionales e internacionales, entre otras.<br \/>\nInform\u00f3 que en esta edici\u00f3n el estado invitado ser\u00e1 Oaxaca y el pa\u00eds invitado ser\u00e1 Espa\u00f1a, adem\u00e1s de que se abrir\u00e1, por primera vez, la convocatoria para la categor\u00eda de documental.<br \/>\nLa cantante internacional, Flor Amargo, tambi\u00e9n particip\u00f3 en la presentaci\u00f3n del FICC para invitar a los celayenses a disfrutar del concierto de cierre que ofrecer\u00e1 el 17 de noviembre, en el jard\u00edn principal.<br \/>\n\u201cEl arte es uno de los caminos m\u00e1s maravillosos para la transformaci\u00f3n de las personas, as\u00ed que eso es lo que vamos a estar presentando; los esperamos en el jard\u00edn principal el 17 de noviembre y yo le agradezco a todo Celaya. Gracias alcalde por haberme tomado en cuenta y que en Celaya se re\u00fanan todos en comunidad por el arte y la cultura\u201d, concluy\u00f3 Flor Amargo.<\/p>\n","protected":false},"excerpt":{"rendered":"<p>&nbsp; Celaya,Gto. 11 de octubre del 2024.- El presidente municipal, Juan Miguel Ram\u00edrez S\u00e1nchez, acudi\u00f3 a la presentaci\u00f3n y refrend\u00f3 su compromiso para fortalecer la promoci\u00f3n del arte y la cultura en Celaya. Con una serie de conferencias, proyecciones de documentales y cortometrajes, talleres y presentaciones art\u00edstica, del 14 al 17 de noviembre se realizar\u00e1 [&hellip;]<\/p>\n","protected":false},"author":1,"featured_media":8726,"comment_status":"open","ping_status":"closed","sticky":false,"template":"","format":"standard","meta":{"_jetpack_newsletter_access":"","_jetpack_dont_email_post_to_subs":false,"_jetpack_newsletter_tier_id":0,"_jetpack_memberships_contains_paywalled_content":false,"_jetpack_memberships_contains_paid_content":false,"footnotes":""},"categories":[74],"tags":[],"class_list":{"0":"post-8724","1":"post","2":"type-post","3":"status-publish","4":"format-standard","5":"has-post-thumbnail","7":"category-celaya"},"yoast_head":"<!-- This site is optimized with the Yoast SEO plugin v27.3 - https:\/\/yoast.com\/product\/yoast-seo-wordpress\/ -->\n<title>PRESENTAN OCTAVA EDICI\u00d3N DEL FESTIVAL INTERNACIONAL DE CINE DE CELAYA - El Hijo del llanero solititito<\/title>\n<meta name=\"robots\" content=\"index, follow, max-snippet:-1, max-image-preview:large, max-video-preview:-1\" \/>\n<link rel=\"canonical\" href=\"https:\/\/elhijodelllanero.mx\/index.php\/2024\/10\/11\/presentan-octava-edicion-del-festival-internacional-de-cine-de-celaya\/\" \/>\n<meta property=\"og:locale\" content=\"es_ES\" \/>\n<meta property=\"og:type\" content=\"article\" \/>\n<meta property=\"og:title\" content=\"PRESENTAN OCTAVA EDICI\u00d3N DEL FESTIVAL INTERNACIONAL DE CINE DE CELAYA - El Hijo del llanero solititito\" \/>\n<meta property=\"og:description\" content=\"&nbsp; Celaya,Gto. 11 de octubre del 2024.- El presidente municipal, Juan Miguel Ram\u00edrez S\u00e1nchez, acudi\u00f3 a la presentaci\u00f3n y refrend\u00f3 su compromiso para fortalecer la promoci\u00f3n del arte y la cultura en Celaya. Con una serie de conferencias, proyecciones de documentales y cortometrajes, talleres y presentaciones art\u00edstica, del 14 al 17 de noviembre se realizar\u00e1 [&hellip;]\" \/>\n<meta property=\"og:url\" content=\"https:\/\/elhijodelllanero.mx\/index.php\/2024\/10\/11\/presentan-octava-edicion-del-festival-internacional-de-cine-de-celaya\/\" \/>\n<meta property=\"og:site_name\" content=\"El Hijo del llanero solititito\" \/>\n<meta property=\"article:published_time\" content=\"2024-10-11T20:55:00+00:00\" \/>\n<meta property=\"og:image\" content=\"https:\/\/elhijodelllanero.mx\/wp-content\/uploads\/2024\/10\/IMG-20241011-WA0025.jpg\" \/>\n\t<meta property=\"og:image:width\" content=\"1600\" \/>\n\t<meta property=\"og:image:height\" content=\"1070\" \/>\n\t<meta property=\"og:image:type\" content=\"image\/jpeg\" \/>\n<meta name=\"author\" content=\"Redaccion\" \/>\n<meta name=\"twitter:card\" content=\"summary_large_image\" \/>\n<meta name=\"twitter:label1\" content=\"Escrito por\" \/>\n\t<meta name=\"twitter:data1\" content=\"Redaccion\" \/>\n\t<meta name=\"twitter:label2\" content=\"Tiempo de lectura\" \/>\n\t<meta name=\"twitter:data2\" content=\"3 minutos\" \/>\n<script type=\"application\/ld+json\" class=\"yoast-schema-graph\">{\"@context\":\"https:\\\/\\\/schema.org\",\"@graph\":[{\"@type\":\"Article\",\"@id\":\"https:\\\/\\\/elhijodelllanero.mx\\\/index.php\\\/2024\\\/10\\\/11\\\/presentan-octava-edicion-del-festival-internacional-de-cine-de-celaya\\\/#article\",\"isPartOf\":{\"@id\":\"https:\\\/\\\/elhijodelllanero.mx\\\/index.php\\\/2024\\\/10\\\/11\\\/presentan-octava-edicion-del-festival-internacional-de-cine-de-celaya\\\/\"},\"author\":{\"name\":\"Redaccion\",\"@id\":\"https:\\\/\\\/elhijodelllanero.mx\\\/#\\\/schema\\\/person\\\/5dcfdd3db3a6f7e7906ef5d92cf7340b\"},\"headline\":\"PRESENTAN OCTAVA EDICI\u00d3N DEL FESTIVAL INTERNACIONAL DE CINE DE CELAYA\",\"datePublished\":\"2024-10-11T20:55:00+00:00\",\"mainEntityOfPage\":{\"@id\":\"https:\\\/\\\/elhijodelllanero.mx\\\/index.php\\\/2024\\\/10\\\/11\\\/presentan-octava-edicion-del-festival-internacional-de-cine-de-celaya\\\/\"},\"wordCount\":531,\"commentCount\":0,\"image\":{\"@id\":\"https:\\\/\\\/elhijodelllanero.mx\\\/index.php\\\/2024\\\/10\\\/11\\\/presentan-octava-edicion-del-festival-internacional-de-cine-de-celaya\\\/#primaryimage\"},\"thumbnailUrl\":\"https:\\\/\\\/i0.wp.com\\\/elhijodelllanero.mx\\\/wp-content\\\/uploads\\\/2024\\\/10\\\/IMG-20241011-WA0025.jpg?fit=1600%2C1070&ssl=1\",\"articleSection\":[\"CELAYA\"],\"inLanguage\":\"es\",\"potentialAction\":[{\"@type\":\"CommentAction\",\"name\":\"Comment\",\"target\":[\"https:\\\/\\\/elhijodelllanero.mx\\\/index.php\\\/2024\\\/10\\\/11\\\/presentan-octava-edicion-del-festival-internacional-de-cine-de-celaya\\\/#respond\"]}]},{\"@type\":\"WebPage\",\"@id\":\"https:\\\/\\\/elhijodelllanero.mx\\\/index.php\\\/2024\\\/10\\\/11\\\/presentan-octava-edicion-del-festival-internacional-de-cine-de-celaya\\\/\",\"url\":\"https:\\\/\\\/elhijodelllanero.mx\\\/index.php\\\/2024\\\/10\\\/11\\\/presentan-octava-edicion-del-festival-internacional-de-cine-de-celaya\\\/\",\"name\":\"PRESENTAN OCTAVA EDICI\u00d3N DEL FESTIVAL INTERNACIONAL DE CINE DE CELAYA - El Hijo del llanero solititito\",\"isPartOf\":{\"@id\":\"https:\\\/\\\/elhijodelllanero.mx\\\/#website\"},\"primaryImageOfPage\":{\"@id\":\"https:\\\/\\\/elhijodelllanero.mx\\\/index.php\\\/2024\\\/10\\\/11\\\/presentan-octava-edicion-del-festival-internacional-de-cine-de-celaya\\\/#primaryimage\"},\"image\":{\"@id\":\"https:\\\/\\\/elhijodelllanero.mx\\\/index.php\\\/2024\\\/10\\\/11\\\/presentan-octava-edicion-del-festival-internacional-de-cine-de-celaya\\\/#primaryimage\"},\"thumbnailUrl\":\"https:\\\/\\\/i0.wp.com\\\/elhijodelllanero.mx\\\/wp-content\\\/uploads\\\/2024\\\/10\\\/IMG-20241011-WA0025.jpg?fit=1600%2C1070&ssl=1\",\"datePublished\":\"2024-10-11T20:55:00+00:00\",\"author\":{\"@id\":\"https:\\\/\\\/elhijodelllanero.mx\\\/#\\\/schema\\\/person\\\/5dcfdd3db3a6f7e7906ef5d92cf7340b\"},\"breadcrumb\":{\"@id\":\"https:\\\/\\\/elhijodelllanero.mx\\\/index.php\\\/2024\\\/10\\\/11\\\/presentan-octava-edicion-del-festival-internacional-de-cine-de-celaya\\\/#breadcrumb\"},\"inLanguage\":\"es\",\"potentialAction\":[{\"@type\":\"ReadAction\",\"target\":[\"https:\\\/\\\/elhijodelllanero.mx\\\/index.php\\\/2024\\\/10\\\/11\\\/presentan-octava-edicion-del-festival-internacional-de-cine-de-celaya\\\/\"]}]},{\"@type\":\"ImageObject\",\"inLanguage\":\"es\",\"@id\":\"https:\\\/\\\/elhijodelllanero.mx\\\/index.php\\\/2024\\\/10\\\/11\\\/presentan-octava-edicion-del-festival-internacional-de-cine-de-celaya\\\/#primaryimage\",\"url\":\"https:\\\/\\\/i0.wp.com\\\/elhijodelllanero.mx\\\/wp-content\\\/uploads\\\/2024\\\/10\\\/IMG-20241011-WA0025.jpg?fit=1600%2C1070&ssl=1\",\"contentUrl\":\"https:\\\/\\\/i0.wp.com\\\/elhijodelllanero.mx\\\/wp-content\\\/uploads\\\/2024\\\/10\\\/IMG-20241011-WA0025.jpg?fit=1600%2C1070&ssl=1\",\"width\":1600,\"height\":1070},{\"@type\":\"BreadcrumbList\",\"@id\":\"https:\\\/\\\/elhijodelllanero.mx\\\/index.php\\\/2024\\\/10\\\/11\\\/presentan-octava-edicion-del-festival-internacional-de-cine-de-celaya\\\/#breadcrumb\",\"itemListElement\":[{\"@type\":\"ListItem\",\"position\":1,\"name\":\"Portada\",\"item\":\"https:\\\/\\\/elhijodelllanero.mx\\\/\"},{\"@type\":\"ListItem\",\"position\":2,\"name\":\"PRESENTAN OCTAVA EDICI\u00d3N DEL FESTIVAL INTERNACIONAL DE CINE DE CELAYA\"}]},{\"@type\":\"WebSite\",\"@id\":\"https:\\\/\\\/elhijodelllanero.mx\\\/#website\",\"url\":\"https:\\\/\\\/elhijodelllanero.mx\\\/\",\"name\":\"El Hijo del llanero solititito\",\"description\":\"\",\"potentialAction\":[{\"@type\":\"SearchAction\",\"target\":{\"@type\":\"EntryPoint\",\"urlTemplate\":\"https:\\\/\\\/elhijodelllanero.mx\\\/?s={search_term_string}\"},\"query-input\":{\"@type\":\"PropertyValueSpecification\",\"valueRequired\":true,\"valueName\":\"search_term_string\"}}],\"inLanguage\":\"es\"},{\"@type\":\"Person\",\"@id\":\"https:\\\/\\\/elhijodelllanero.mx\\\/#\\\/schema\\\/person\\\/5dcfdd3db3a6f7e7906ef5d92cf7340b\",\"name\":\"Redaccion\",\"image\":{\"@type\":\"ImageObject\",\"inLanguage\":\"es\",\"@id\":\"https:\\\/\\\/secure.gravatar.com\\\/avatar\\\/f65b913d6e7be363e7396f7fad32ab76d311fbb575fa7e623ec3ea4799f3b718?s=96&d=mm&r=g\",\"url\":\"https:\\\/\\\/secure.gravatar.com\\\/avatar\\\/f65b913d6e7be363e7396f7fad32ab76d311fbb575fa7e623ec3ea4799f3b718?s=96&d=mm&r=g\",\"contentUrl\":\"https:\\\/\\\/secure.gravatar.com\\\/avatar\\\/f65b913d6e7be363e7396f7fad32ab76d311fbb575fa7e623ec3ea4799f3b718?s=96&d=mm&r=g\",\"caption\":\"Redaccion\"},\"sameAs\":[\"https:\\\/\\\/www.elhijodelllanero.mx\"],\"url\":\"https:\\\/\\\/elhijodelllanero.mx\\\/index.php\\\/author\\\/admin_6smc8z8t\\\/\"}]}<\/script>\n<!-- \/ Yoast SEO plugin. -->","yoast_head_json":{"title":"PRESENTAN OCTAVA EDICI\u00d3N DEL FESTIVAL INTERNACIONAL DE CINE DE CELAYA - El Hijo del llanero solititito","robots":{"index":"index","follow":"follow","max-snippet":"max-snippet:-1","max-image-preview":"max-image-preview:large","max-video-preview":"max-video-preview:-1"},"canonical":"https:\/\/elhijodelllanero.mx\/index.php\/2024\/10\/11\/presentan-octava-edicion-del-festival-internacional-de-cine-de-celaya\/","og_locale":"es_ES","og_type":"article","og_title":"PRESENTAN OCTAVA EDICI\u00d3N DEL FESTIVAL INTERNACIONAL DE CINE DE CELAYA - El Hijo del llanero solititito","og_description":"&nbsp; Celaya,Gto. 11 de octubre del 2024.- El presidente municipal, Juan Miguel Ram\u00edrez S\u00e1nchez, acudi\u00f3 a la presentaci\u00f3n y refrend\u00f3 su compromiso para fortalecer la promoci\u00f3n del arte y la cultura en Celaya. Con una serie de conferencias, proyecciones de documentales y cortometrajes, talleres y presentaciones art\u00edstica, del 14 al 17 de noviembre se realizar\u00e1 [&hellip;]","og_url":"https:\/\/elhijodelllanero.mx\/index.php\/2024\/10\/11\/presentan-octava-edicion-del-festival-internacional-de-cine-de-celaya\/","og_site_name":"El Hijo del llanero solititito","article_published_time":"2024-10-11T20:55:00+00:00","og_image":[{"width":1600,"height":1070,"url":"https:\/\/elhijodelllanero.mx\/wp-content\/uploads\/2024\/10\/IMG-20241011-WA0025.jpg","type":"image\/jpeg"}],"author":"Redaccion","twitter_card":"summary_large_image","twitter_misc":{"Escrito por":"Redaccion","Tiempo de lectura":"3 minutos"},"schema":{"@context":"https:\/\/schema.org","@graph":[{"@type":"Article","@id":"https:\/\/elhijodelllanero.mx\/index.php\/2024\/10\/11\/presentan-octava-edicion-del-festival-internacional-de-cine-de-celaya\/#article","isPartOf":{"@id":"https:\/\/elhijodelllanero.mx\/index.php\/2024\/10\/11\/presentan-octava-edicion-del-festival-internacional-de-cine-de-celaya\/"},"author":{"name":"Redaccion","@id":"https:\/\/elhijodelllanero.mx\/#\/schema\/person\/5dcfdd3db3a6f7e7906ef5d92cf7340b"},"headline":"PRESENTAN OCTAVA EDICI\u00d3N DEL FESTIVAL INTERNACIONAL DE CINE DE CELAYA","datePublished":"2024-10-11T20:55:00+00:00","mainEntityOfPage":{"@id":"https:\/\/elhijodelllanero.mx\/index.php\/2024\/10\/11\/presentan-octava-edicion-del-festival-internacional-de-cine-de-celaya\/"},"wordCount":531,"commentCount":0,"image":{"@id":"https:\/\/elhijodelllanero.mx\/index.php\/2024\/10\/11\/presentan-octava-edicion-del-festival-internacional-de-cine-de-celaya\/#primaryimage"},"thumbnailUrl":"https:\/\/i0.wp.com\/elhijodelllanero.mx\/wp-content\/uploads\/2024\/10\/IMG-20241011-WA0025.jpg?fit=1600%2C1070&ssl=1","articleSection":["CELAYA"],"inLanguage":"es","potentialAction":[{"@type":"CommentAction","name":"Comment","target":["https:\/\/elhijodelllanero.mx\/index.php\/2024\/10\/11\/presentan-octava-edicion-del-festival-internacional-de-cine-de-celaya\/#respond"]}]},{"@type":"WebPage","@id":"https:\/\/elhijodelllanero.mx\/index.php\/2024\/10\/11\/presentan-octava-edicion-del-festival-internacional-de-cine-de-celaya\/","url":"https:\/\/elhijodelllanero.mx\/index.php\/2024\/10\/11\/presentan-octava-edicion-del-festival-internacional-de-cine-de-celaya\/","name":"PRESENTAN OCTAVA EDICI\u00d3N DEL FESTIVAL INTERNACIONAL DE CINE DE CELAYA - El Hijo del llanero solititito","isPartOf":{"@id":"https:\/\/elhijodelllanero.mx\/#website"},"primaryImageOfPage":{"@id":"https:\/\/elhijodelllanero.mx\/index.php\/2024\/10\/11\/presentan-octava-edicion-del-festival-internacional-de-cine-de-celaya\/#primaryimage"},"image":{"@id":"https:\/\/elhijodelllanero.mx\/index.php\/2024\/10\/11\/presentan-octava-edicion-del-festival-internacional-de-cine-de-celaya\/#primaryimage"},"thumbnailUrl":"https:\/\/i0.wp.com\/elhijodelllanero.mx\/wp-content\/uploads\/2024\/10\/IMG-20241011-WA0025.jpg?fit=1600%2C1070&ssl=1","datePublished":"2024-10-11T20:55:00+00:00","author":{"@id":"https:\/\/elhijodelllanero.mx\/#\/schema\/person\/5dcfdd3db3a6f7e7906ef5d92cf7340b"},"breadcrumb":{"@id":"https:\/\/elhijodelllanero.mx\/index.php\/2024\/10\/11\/presentan-octava-edicion-del-festival-internacional-de-cine-de-celaya\/#breadcrumb"},"inLanguage":"es","potentialAction":[{"@type":"ReadAction","target":["https:\/\/elhijodelllanero.mx\/index.php\/2024\/10\/11\/presentan-octava-edicion-del-festival-internacional-de-cine-de-celaya\/"]}]},{"@type":"ImageObject","inLanguage":"es","@id":"https:\/\/elhijodelllanero.mx\/index.php\/2024\/10\/11\/presentan-octava-edicion-del-festival-internacional-de-cine-de-celaya\/#primaryimage","url":"https:\/\/i0.wp.com\/elhijodelllanero.mx\/wp-content\/uploads\/2024\/10\/IMG-20241011-WA0025.jpg?fit=1600%2C1070&ssl=1","contentUrl":"https:\/\/i0.wp.com\/elhijodelllanero.mx\/wp-content\/uploads\/2024\/10\/IMG-20241011-WA0025.jpg?fit=1600%2C1070&ssl=1","width":1600,"height":1070},{"@type":"BreadcrumbList","@id":"https:\/\/elhijodelllanero.mx\/index.php\/2024\/10\/11\/presentan-octava-edicion-del-festival-internacional-de-cine-de-celaya\/#breadcrumb","itemListElement":[{"@type":"ListItem","position":1,"name":"Portada","item":"https:\/\/elhijodelllanero.mx\/"},{"@type":"ListItem","position":2,"name":"PRESENTAN OCTAVA EDICI\u00d3N DEL FESTIVAL INTERNACIONAL DE CINE DE CELAYA"}]},{"@type":"WebSite","@id":"https:\/\/elhijodelllanero.mx\/#website","url":"https:\/\/elhijodelllanero.mx\/","name":"El Hijo del llanero solititito","description":"","potentialAction":[{"@type":"SearchAction","target":{"@type":"EntryPoint","urlTemplate":"https:\/\/elhijodelllanero.mx\/?s={search_term_string}"},"query-input":{"@type":"PropertyValueSpecification","valueRequired":true,"valueName":"search_term_string"}}],"inLanguage":"es"},{"@type":"Person","@id":"https:\/\/elhijodelllanero.mx\/#\/schema\/person\/5dcfdd3db3a6f7e7906ef5d92cf7340b","name":"Redaccion","image":{"@type":"ImageObject","inLanguage":"es","@id":"https:\/\/secure.gravatar.com\/avatar\/f65b913d6e7be363e7396f7fad32ab76d311fbb575fa7e623ec3ea4799f3b718?s=96&d=mm&r=g","url":"https:\/\/secure.gravatar.com\/avatar\/f65b913d6e7be363e7396f7fad32ab76d311fbb575fa7e623ec3ea4799f3b718?s=96&d=mm&r=g","contentUrl":"https:\/\/secure.gravatar.com\/avatar\/f65b913d6e7be363e7396f7fad32ab76d311fbb575fa7e623ec3ea4799f3b718?s=96&d=mm&r=g","caption":"Redaccion"},"sameAs":["https:\/\/www.elhijodelllanero.mx"],"url":"https:\/\/elhijodelllanero.mx\/index.php\/author\/admin_6smc8z8t\/"}]}},"jetpack_featured_media_url":"https:\/\/i0.wp.com\/elhijodelllanero.mx\/wp-content\/uploads\/2024\/10\/IMG-20241011-WA0025.jpg?fit=1600%2C1070&ssl=1","jetpack-related-posts":[],"jetpack_sharing_enabled":true,"_links":{"self":[{"href":"https:\/\/elhijodelllanero.mx\/index.php\/wp-json\/wp\/v2\/posts\/8724","targetHints":{"allow":["GET"]}}],"collection":[{"href":"https:\/\/elhijodelllanero.mx\/index.php\/wp-json\/wp\/v2\/posts"}],"about":[{"href":"https:\/\/elhijodelllanero.mx\/index.php\/wp-json\/wp\/v2\/types\/post"}],"author":[{"embeddable":true,"href":"https:\/\/elhijodelllanero.mx\/index.php\/wp-json\/wp\/v2\/users\/1"}],"replies":[{"embeddable":true,"href":"https:\/\/elhijodelllanero.mx\/index.php\/wp-json\/wp\/v2\/comments?post=8724"}],"version-history":[{"count":1,"href":"https:\/\/elhijodelllanero.mx\/index.php\/wp-json\/wp\/v2\/posts\/8724\/revisions"}],"predecessor-version":[{"id":8727,"href":"https:\/\/elhijodelllanero.mx\/index.php\/wp-json\/wp\/v2\/posts\/8724\/revisions\/8727"}],"wp:featuredmedia":[{"embeddable":true,"href":"https:\/\/elhijodelllanero.mx\/index.php\/wp-json\/wp\/v2\/media\/8726"}],"wp:attachment":[{"href":"https:\/\/elhijodelllanero.mx\/index.php\/wp-json\/wp\/v2\/media?parent=8724"}],"wp:term":[{"taxonomy":"category","embeddable":true,"href":"https:\/\/elhijodelllanero.mx\/index.php\/wp-json\/wp\/v2\/categories?post=8724"},{"taxonomy":"post_tag","embeddable":true,"href":"https:\/\/elhijodelllanero.mx\/index.php\/wp-json\/wp\/v2\/tags?post=8724"}],"curies":[{"name":"wp","href":"https:\/\/api.w.org\/{rel}","templated":true}]}}