{"id":8728,"date":"2024-10-11T20:57:04","date_gmt":"2024-10-11T20:57:04","guid":{"rendered":"https:\/\/elhijodelllanero.mx\/?p=8728"},"modified":"2024-10-11T20:57:04","modified_gmt":"2024-10-11T20:57:04","slug":"aprueban-reduccion-salarial-al-ayuntamiento-de-villagran","status":"publish","type":"post","link":"https:\/\/elhijodelllanero.mx\/index.php\/2024\/10\/11\/aprueban-reduccion-salarial-al-ayuntamiento-de-villagran\/","title":{"rendered":"APRUEBAN REDUCCI\u00d3N SALARIAL AL AYUNTAMIENTO DE VILLAGRAN"},"content":{"rendered":"<p>&nbsp;<\/p>\n<p>Villagr\u00e1n, Gto. 10 de octubre del 2024.- En la primera sesi\u00f3n del nuevo Ayuntamiento encabezado por la alcaldesa, Cinthia Teniente Mendoza, se dio tr\u00e1mite de los primeros asuntos que requirieron la participaci\u00f3n del pleno.<br \/>\nLa alcaldesa present\u00f3 la propuesta para someterla a discusi\u00f3n y votaci\u00f3n, para la disminuci\u00f3n de los salarios que consider\u00f3 est\u00e1n muy altos y por encima de las recomendaciones del Congreso.<br \/>\nEn las discusiones, solo el regidor del PRI, Ram\u00f3n Arg\u00fcello se abstuvo de emitir el voto, con el argumento de que no conoc\u00eda con exactitud el monto que deber\u00edan percibir los ediles.<br \/>\nLa alcaldesa que hizo la propuesra, la bas\u00f3 en la ley y explic\u00f3 que los sueldos propuestos son para la presidenta, poco m\u00e1s de 87 mil pesos mensuales, el s\u00edndico unos 47 mil y al regidor 39 mil.<br \/>\nTambi\u00e9n explic\u00f3 que con relaci\u00f3n al tabulador propuesto por el Congreso, la anterior administraci\u00f3n manejaba y cobraba salarios con un 33 por ciento m\u00e1s.<br \/>\nAl someter a votaci\u00f3n la propuesta, fueron nueve votos a favor con uno, el del regidor pri\u00edsta en contra.<br \/>\nTambi\u00e9n en la sesi\u00f3n se tom\u00f3 protesta, luego de someterlos a consideraci\u00f3n del voto, al personal propuesto para ocupar los cargos de Tesorero que recay\u00f3 en Ram\u00f3n Mu\u00f1oz Galv\u00e1n.<br \/>\nPara la Secretar\u00eda del Ayuntamiento se eligi\u00f3 a Roberto Alberto Vera y en la Unidad de Transparencia a Evel\u00edn Guadalupe Puga Guti\u00e9rrez.<br \/>\nDespu\u00e9s de la sesi\u00f3n, la alcaldesa explic\u00f3 que con el ahorro salarial, que se podr\u00e1n transparentar, aplicarlos para servicios de recolecci\u00f3n de basura, hacer un relleno sanitario o para alumbrado p\u00fablico.<br \/>\nDijo que la ciudad tiene muchas carencias y pocos recursos, por ello, se buscar\u00e1 la manera de aplicar debidamente los que se puedan obtener de los ahorros como los de los salarios en este caso.<\/p>\n","protected":false},"excerpt":{"rendered":"<p>&nbsp; Villagr\u00e1n, Gto. 10 de octubre del 2024.- En la primera sesi\u00f3n del nuevo Ayuntamiento encabezado por la alcaldesa, Cinthia Teniente Mendoza, se dio tr\u00e1mite de los primeros asuntos que requirieron la participaci\u00f3n del pleno. La alcaldesa present\u00f3 la propuesta para someterla a discusi\u00f3n y votaci\u00f3n, para la disminuci\u00f3n de los salarios que consider\u00f3 est\u00e1n [&hellip;]<\/p>\n","protected":false},"author":1,"featured_media":8729,"comment_status":"open","ping_status":"closed","sticky":false,"template":"","format":"standard","meta":{"_jetpack_newsletter_access":"","_jetpack_dont_email_post_to_subs":false,"_jetpack_newsletter_tier_id":0,"_jetpack_memberships_contains_paywalled_content":false,"_jetpack_memberships_contains_paid_content":false,"footnotes":""},"categories":[85],"tags":[],"class_list":{"0":"post-8728","1":"post","2":"type-post","3":"status-publish","4":"format-standard","5":"has-post-thumbnail","7":"category-villagran"},"yoast_head":"<!-- This site is optimized with the Yoast SEO plugin v27.3 - https:\/\/yoast.com\/product\/yoast-seo-wordpress\/ -->\n<title>APRUEBAN REDUCCI\u00d3N SALARIAL AL AYUNTAMIENTO DE VILLAGRAN - El Hijo del llanero solititito<\/title>\n<meta name=\"robots\" content=\"index, follow, max-snippet:-1, max-image-preview:large, max-video-preview:-1\" \/>\n<link rel=\"canonical\" href=\"https:\/\/elhijodelllanero.mx\/index.php\/2024\/10\/11\/aprueban-reduccion-salarial-al-ayuntamiento-de-villagran\/\" \/>\n<meta property=\"og:locale\" content=\"es_ES\" \/>\n<meta property=\"og:type\" content=\"article\" \/>\n<meta property=\"og:title\" content=\"APRUEBAN REDUCCI\u00d3N SALARIAL AL AYUNTAMIENTO DE VILLAGRAN - El Hijo del llanero solititito\" \/>\n<meta property=\"og:description\" content=\"&nbsp; Villagr\u00e1n, Gto. 10 de octubre del 2024.- En la primera sesi\u00f3n del nuevo Ayuntamiento encabezado por la alcaldesa, Cinthia Teniente Mendoza, se dio tr\u00e1mite de los primeros asuntos que requirieron la participaci\u00f3n del pleno. La alcaldesa present\u00f3 la propuesta para someterla a discusi\u00f3n y votaci\u00f3n, para la disminuci\u00f3n de los salarios que consider\u00f3 est\u00e1n [&hellip;]\" \/>\n<meta property=\"og:url\" content=\"https:\/\/elhijodelllanero.mx\/index.php\/2024\/10\/11\/aprueban-reduccion-salarial-al-ayuntamiento-de-villagran\/\" \/>\n<meta property=\"og:site_name\" content=\"El Hijo del llanero solititito\" \/>\n<meta property=\"article:published_time\" content=\"2024-10-11T20:57:04+00:00\" \/>\n<meta property=\"og:image\" content=\"https:\/\/elhijodelllanero.mx\/wp-content\/uploads\/2024\/10\/IMG-20241011-WA0027.jpg\" \/>\n\t<meta property=\"og:image:width\" content=\"1280\" \/>\n\t<meta property=\"og:image:height\" content=\"853\" \/>\n\t<meta property=\"og:image:type\" content=\"image\/jpeg\" \/>\n<meta name=\"author\" content=\"Redaccion\" \/>\n<meta name=\"twitter:card\" content=\"summary_large_image\" \/>\n<meta name=\"twitter:label1\" content=\"Escrito por\" \/>\n\t<meta name=\"twitter:data1\" content=\"Redaccion\" \/>\n\t<meta name=\"twitter:label2\" content=\"Tiempo de lectura\" \/>\n\t<meta name=\"twitter:data2\" content=\"2 minutos\" \/>\n<script type=\"application\/ld+json\" class=\"yoast-schema-graph\">{\"@context\":\"https:\\\/\\\/schema.org\",\"@graph\":[{\"@type\":\"Article\",\"@id\":\"https:\\\/\\\/elhijodelllanero.mx\\\/index.php\\\/2024\\\/10\\\/11\\\/aprueban-reduccion-salarial-al-ayuntamiento-de-villagran\\\/#article\",\"isPartOf\":{\"@id\":\"https:\\\/\\\/elhijodelllanero.mx\\\/index.php\\\/2024\\\/10\\\/11\\\/aprueban-reduccion-salarial-al-ayuntamiento-de-villagran\\\/\"},\"author\":{\"name\":\"Redaccion\",\"@id\":\"https:\\\/\\\/elhijodelllanero.mx\\\/#\\\/schema\\\/person\\\/5dcfdd3db3a6f7e7906ef5d92cf7340b\"},\"headline\":\"APRUEBAN REDUCCI\u00d3N SALARIAL AL AYUNTAMIENTO DE VILLAGRAN\",\"datePublished\":\"2024-10-11T20:57:04+00:00\",\"mainEntityOfPage\":{\"@id\":\"https:\\\/\\\/elhijodelllanero.mx\\\/index.php\\\/2024\\\/10\\\/11\\\/aprueban-reduccion-salarial-al-ayuntamiento-de-villagran\\\/\"},\"wordCount\":332,\"commentCount\":0,\"image\":{\"@id\":\"https:\\\/\\\/elhijodelllanero.mx\\\/index.php\\\/2024\\\/10\\\/11\\\/aprueban-reduccion-salarial-al-ayuntamiento-de-villagran\\\/#primaryimage\"},\"thumbnailUrl\":\"https:\\\/\\\/i0.wp.com\\\/elhijodelllanero.mx\\\/wp-content\\\/uploads\\\/2024\\\/10\\\/IMG-20241011-WA0027.jpg?fit=1280%2C853&ssl=1\",\"articleSection\":[\"Villagr\u00e1n\"],\"inLanguage\":\"es\",\"potentialAction\":[{\"@type\":\"CommentAction\",\"name\":\"Comment\",\"target\":[\"https:\\\/\\\/elhijodelllanero.mx\\\/index.php\\\/2024\\\/10\\\/11\\\/aprueban-reduccion-salarial-al-ayuntamiento-de-villagran\\\/#respond\"]}]},{\"@type\":\"WebPage\",\"@id\":\"https:\\\/\\\/elhijodelllanero.mx\\\/index.php\\\/2024\\\/10\\\/11\\\/aprueban-reduccion-salarial-al-ayuntamiento-de-villagran\\\/\",\"url\":\"https:\\\/\\\/elhijodelllanero.mx\\\/index.php\\\/2024\\\/10\\\/11\\\/aprueban-reduccion-salarial-al-ayuntamiento-de-villagran\\\/\",\"name\":\"APRUEBAN REDUCCI\u00d3N SALARIAL AL AYUNTAMIENTO DE VILLAGRAN - El Hijo del llanero solititito\",\"isPartOf\":{\"@id\":\"https:\\\/\\\/elhijodelllanero.mx\\\/#website\"},\"primaryImageOfPage\":{\"@id\":\"https:\\\/\\\/elhijodelllanero.mx\\\/index.php\\\/2024\\\/10\\\/11\\\/aprueban-reduccion-salarial-al-ayuntamiento-de-villagran\\\/#primaryimage\"},\"image\":{\"@id\":\"https:\\\/\\\/elhijodelllanero.mx\\\/index.php\\\/2024\\\/10\\\/11\\\/aprueban-reduccion-salarial-al-ayuntamiento-de-villagran\\\/#primaryimage\"},\"thumbnailUrl\":\"https:\\\/\\\/i0.wp.com\\\/elhijodelllanero.mx\\\/wp-content\\\/uploads\\\/2024\\\/10\\\/IMG-20241011-WA0027.jpg?fit=1280%2C853&ssl=1\",\"datePublished\":\"2024-10-11T20:57:04+00:00\",\"author\":{\"@id\":\"https:\\\/\\\/elhijodelllanero.mx\\\/#\\\/schema\\\/person\\\/5dcfdd3db3a6f7e7906ef5d92cf7340b\"},\"breadcrumb\":{\"@id\":\"https:\\\/\\\/elhijodelllanero.mx\\\/index.php\\\/2024\\\/10\\\/11\\\/aprueban-reduccion-salarial-al-ayuntamiento-de-villagran\\\/#breadcrumb\"},\"inLanguage\":\"es\",\"potentialAction\":[{\"@type\":\"ReadAction\",\"target\":[\"https:\\\/\\\/elhijodelllanero.mx\\\/index.php\\\/2024\\\/10\\\/11\\\/aprueban-reduccion-salarial-al-ayuntamiento-de-villagran\\\/\"]}]},{\"@type\":\"ImageObject\",\"inLanguage\":\"es\",\"@id\":\"https:\\\/\\\/elhijodelllanero.mx\\\/index.php\\\/2024\\\/10\\\/11\\\/aprueban-reduccion-salarial-al-ayuntamiento-de-villagran\\\/#primaryimage\",\"url\":\"https:\\\/\\\/i0.wp.com\\\/elhijodelllanero.mx\\\/wp-content\\\/uploads\\\/2024\\\/10\\\/IMG-20241011-WA0027.jpg?fit=1280%2C853&ssl=1\",\"contentUrl\":\"https:\\\/\\\/i0.wp.com\\\/elhijodelllanero.mx\\\/wp-content\\\/uploads\\\/2024\\\/10\\\/IMG-20241011-WA0027.jpg?fit=1280%2C853&ssl=1\",\"width\":1280,\"height\":853},{\"@type\":\"BreadcrumbList\",\"@id\":\"https:\\\/\\\/elhijodelllanero.mx\\\/index.php\\\/2024\\\/10\\\/11\\\/aprueban-reduccion-salarial-al-ayuntamiento-de-villagran\\\/#breadcrumb\",\"itemListElement\":[{\"@type\":\"ListItem\",\"position\":1,\"name\":\"Portada\",\"item\":\"https:\\\/\\\/elhijodelllanero.mx\\\/\"},{\"@type\":\"ListItem\",\"position\":2,\"name\":\"APRUEBAN REDUCCI\u00d3N SALARIAL AL AYUNTAMIENTO DE VILLAGRAN\"}]},{\"@type\":\"WebSite\",\"@id\":\"https:\\\/\\\/elhijodelllanero.mx\\\/#website\",\"url\":\"https:\\\/\\\/elhijodelllanero.mx\\\/\",\"name\":\"El Hijo del llanero solititito\",\"description\":\"\",\"potentialAction\":[{\"@type\":\"SearchAction\",\"target\":{\"@type\":\"EntryPoint\",\"urlTemplate\":\"https:\\\/\\\/elhijodelllanero.mx\\\/?s={search_term_string}\"},\"query-input\":{\"@type\":\"PropertyValueSpecification\",\"valueRequired\":true,\"valueName\":\"search_term_string\"}}],\"inLanguage\":\"es\"},{\"@type\":\"Person\",\"@id\":\"https:\\\/\\\/elhijodelllanero.mx\\\/#\\\/schema\\\/person\\\/5dcfdd3db3a6f7e7906ef5d92cf7340b\",\"name\":\"Redaccion\",\"image\":{\"@type\":\"ImageObject\",\"inLanguage\":\"es\",\"@id\":\"https:\\\/\\\/secure.gravatar.com\\\/avatar\\\/f65b913d6e7be363e7396f7fad32ab76d311fbb575fa7e623ec3ea4799f3b718?s=96&d=mm&r=g\",\"url\":\"https:\\\/\\\/secure.gravatar.com\\\/avatar\\\/f65b913d6e7be363e7396f7fad32ab76d311fbb575fa7e623ec3ea4799f3b718?s=96&d=mm&r=g\",\"contentUrl\":\"https:\\\/\\\/secure.gravatar.com\\\/avatar\\\/f65b913d6e7be363e7396f7fad32ab76d311fbb575fa7e623ec3ea4799f3b718?s=96&d=mm&r=g\",\"caption\":\"Redaccion\"},\"sameAs\":[\"https:\\\/\\\/www.elhijodelllanero.mx\"],\"url\":\"https:\\\/\\\/elhijodelllanero.mx\\\/index.php\\\/author\\\/admin_6smc8z8t\\\/\"}]}<\/script>\n<!-- \/ Yoast SEO plugin. -->","yoast_head_json":{"title":"APRUEBAN REDUCCI\u00d3N SALARIAL AL AYUNTAMIENTO DE VILLAGRAN - El Hijo del llanero solititito","robots":{"index":"index","follow":"follow","max-snippet":"max-snippet:-1","max-image-preview":"max-image-preview:large","max-video-preview":"max-video-preview:-1"},"canonical":"https:\/\/elhijodelllanero.mx\/index.php\/2024\/10\/11\/aprueban-reduccion-salarial-al-ayuntamiento-de-villagran\/","og_locale":"es_ES","og_type":"article","og_title":"APRUEBAN REDUCCI\u00d3N SALARIAL AL AYUNTAMIENTO DE VILLAGRAN - El Hijo del llanero solititito","og_description":"&nbsp; Villagr\u00e1n, Gto. 10 de octubre del 2024.- En la primera sesi\u00f3n del nuevo Ayuntamiento encabezado por la alcaldesa, Cinthia Teniente Mendoza, se dio tr\u00e1mite de los primeros asuntos que requirieron la participaci\u00f3n del pleno. La alcaldesa present\u00f3 la propuesta para someterla a discusi\u00f3n y votaci\u00f3n, para la disminuci\u00f3n de los salarios que consider\u00f3 est\u00e1n [&hellip;]","og_url":"https:\/\/elhijodelllanero.mx\/index.php\/2024\/10\/11\/aprueban-reduccion-salarial-al-ayuntamiento-de-villagran\/","og_site_name":"El Hijo del llanero solititito","article_published_time":"2024-10-11T20:57:04+00:00","og_image":[{"width":1280,"height":853,"url":"https:\/\/elhijodelllanero.mx\/wp-content\/uploads\/2024\/10\/IMG-20241011-WA0027.jpg","type":"image\/jpeg"}],"author":"Redaccion","twitter_card":"summary_large_image","twitter_misc":{"Escrito por":"Redaccion","Tiempo de lectura":"2 minutos"},"schema":{"@context":"https:\/\/schema.org","@graph":[{"@type":"Article","@id":"https:\/\/elhijodelllanero.mx\/index.php\/2024\/10\/11\/aprueban-reduccion-salarial-al-ayuntamiento-de-villagran\/#article","isPartOf":{"@id":"https:\/\/elhijodelllanero.mx\/index.php\/2024\/10\/11\/aprueban-reduccion-salarial-al-ayuntamiento-de-villagran\/"},"author":{"name":"Redaccion","@id":"https:\/\/elhijodelllanero.mx\/#\/schema\/person\/5dcfdd3db3a6f7e7906ef5d92cf7340b"},"headline":"APRUEBAN REDUCCI\u00d3N SALARIAL AL AYUNTAMIENTO DE VILLAGRAN","datePublished":"2024-10-11T20:57:04+00:00","mainEntityOfPage":{"@id":"https:\/\/elhijodelllanero.mx\/index.php\/2024\/10\/11\/aprueban-reduccion-salarial-al-ayuntamiento-de-villagran\/"},"wordCount":332,"commentCount":0,"image":{"@id":"https:\/\/elhijodelllanero.mx\/index.php\/2024\/10\/11\/aprueban-reduccion-salarial-al-ayuntamiento-de-villagran\/#primaryimage"},"thumbnailUrl":"https:\/\/i0.wp.com\/elhijodelllanero.mx\/wp-content\/uploads\/2024\/10\/IMG-20241011-WA0027.jpg?fit=1280%2C853&ssl=1","articleSection":["Villagr\u00e1n"],"inLanguage":"es","potentialAction":[{"@type":"CommentAction","name":"Comment","target":["https:\/\/elhijodelllanero.mx\/index.php\/2024\/10\/11\/aprueban-reduccion-salarial-al-ayuntamiento-de-villagran\/#respond"]}]},{"@type":"WebPage","@id":"https:\/\/elhijodelllanero.mx\/index.php\/2024\/10\/11\/aprueban-reduccion-salarial-al-ayuntamiento-de-villagran\/","url":"https:\/\/elhijodelllanero.mx\/index.php\/2024\/10\/11\/aprueban-reduccion-salarial-al-ayuntamiento-de-villagran\/","name":"APRUEBAN REDUCCI\u00d3N SALARIAL AL AYUNTAMIENTO DE VILLAGRAN - El Hijo del llanero solititito","isPartOf":{"@id":"https:\/\/elhijodelllanero.mx\/#website"},"primaryImageOfPage":{"@id":"https:\/\/elhijodelllanero.mx\/index.php\/2024\/10\/11\/aprueban-reduccion-salarial-al-ayuntamiento-de-villagran\/#primaryimage"},"image":{"@id":"https:\/\/elhijodelllanero.mx\/index.php\/2024\/10\/11\/aprueban-reduccion-salarial-al-ayuntamiento-de-villagran\/#primaryimage"},"thumbnailUrl":"https:\/\/i0.wp.com\/elhijodelllanero.mx\/wp-content\/uploads\/2024\/10\/IMG-20241011-WA0027.jpg?fit=1280%2C853&ssl=1","datePublished":"2024-10-11T20:57:04+00:00","author":{"@id":"https:\/\/elhijodelllanero.mx\/#\/schema\/person\/5dcfdd3db3a6f7e7906ef5d92cf7340b"},"breadcrumb":{"@id":"https:\/\/elhijodelllanero.mx\/index.php\/2024\/10\/11\/aprueban-reduccion-salarial-al-ayuntamiento-de-villagran\/#breadcrumb"},"inLanguage":"es","potentialAction":[{"@type":"ReadAction","target":["https:\/\/elhijodelllanero.mx\/index.php\/2024\/10\/11\/aprueban-reduccion-salarial-al-ayuntamiento-de-villagran\/"]}]},{"@type":"ImageObject","inLanguage":"es","@id":"https:\/\/elhijodelllanero.mx\/index.php\/2024\/10\/11\/aprueban-reduccion-salarial-al-ayuntamiento-de-villagran\/#primaryimage","url":"https:\/\/i0.wp.com\/elhijodelllanero.mx\/wp-content\/uploads\/2024\/10\/IMG-20241011-WA0027.jpg?fit=1280%2C853&ssl=1","contentUrl":"https:\/\/i0.wp.com\/elhijodelllanero.mx\/wp-content\/uploads\/2024\/10\/IMG-20241011-WA0027.jpg?fit=1280%2C853&ssl=1","width":1280,"height":853},{"@type":"BreadcrumbList","@id":"https:\/\/elhijodelllanero.mx\/index.php\/2024\/10\/11\/aprueban-reduccion-salarial-al-ayuntamiento-de-villagran\/#breadcrumb","itemListElement":[{"@type":"ListItem","position":1,"name":"Portada","item":"https:\/\/elhijodelllanero.mx\/"},{"@type":"ListItem","position":2,"name":"APRUEBAN REDUCCI\u00d3N SALARIAL AL AYUNTAMIENTO DE VILLAGRAN"}]},{"@type":"WebSite","@id":"https:\/\/elhijodelllanero.mx\/#website","url":"https:\/\/elhijodelllanero.mx\/","name":"El Hijo del llanero solititito","description":"","potentialAction":[{"@type":"SearchAction","target":{"@type":"EntryPoint","urlTemplate":"https:\/\/elhijodelllanero.mx\/?s={search_term_string}"},"query-input":{"@type":"PropertyValueSpecification","valueRequired":true,"valueName":"search_term_string"}}],"inLanguage":"es"},{"@type":"Person","@id":"https:\/\/elhijodelllanero.mx\/#\/schema\/person\/5dcfdd3db3a6f7e7906ef5d92cf7340b","name":"Redaccion","image":{"@type":"ImageObject","inLanguage":"es","@id":"https:\/\/secure.gravatar.com\/avatar\/f65b913d6e7be363e7396f7fad32ab76d311fbb575fa7e623ec3ea4799f3b718?s=96&d=mm&r=g","url":"https:\/\/secure.gravatar.com\/avatar\/f65b913d6e7be363e7396f7fad32ab76d311fbb575fa7e623ec3ea4799f3b718?s=96&d=mm&r=g","contentUrl":"https:\/\/secure.gravatar.com\/avatar\/f65b913d6e7be363e7396f7fad32ab76d311fbb575fa7e623ec3ea4799f3b718?s=96&d=mm&r=g","caption":"Redaccion"},"sameAs":["https:\/\/www.elhijodelllanero.mx"],"url":"https:\/\/elhijodelllanero.mx\/index.php\/author\/admin_6smc8z8t\/"}]}},"jetpack_featured_media_url":"https:\/\/i0.wp.com\/elhijodelllanero.mx\/wp-content\/uploads\/2024\/10\/IMG-20241011-WA0027.jpg?fit=1280%2C853&ssl=1","jetpack-related-posts":[],"jetpack_sharing_enabled":true,"_links":{"self":[{"href":"https:\/\/elhijodelllanero.mx\/index.php\/wp-json\/wp\/v2\/posts\/8728","targetHints":{"allow":["GET"]}}],"collection":[{"href":"https:\/\/elhijodelllanero.mx\/index.php\/wp-json\/wp\/v2\/posts"}],"about":[{"href":"https:\/\/elhijodelllanero.mx\/index.php\/wp-json\/wp\/v2\/types\/post"}],"author":[{"embeddable":true,"href":"https:\/\/elhijodelllanero.mx\/index.php\/wp-json\/wp\/v2\/users\/1"}],"replies":[{"embeddable":true,"href":"https:\/\/elhijodelllanero.mx\/index.php\/wp-json\/wp\/v2\/comments?post=8728"}],"version-history":[{"count":1,"href":"https:\/\/elhijodelllanero.mx\/index.php\/wp-json\/wp\/v2\/posts\/8728\/revisions"}],"predecessor-version":[{"id":8730,"href":"https:\/\/elhijodelllanero.mx\/index.php\/wp-json\/wp\/v2\/posts\/8728\/revisions\/8730"}],"wp:featuredmedia":[{"embeddable":true,"href":"https:\/\/elhijodelllanero.mx\/index.php\/wp-json\/wp\/v2\/media\/8729"}],"wp:attachment":[{"href":"https:\/\/elhijodelllanero.mx\/index.php\/wp-json\/wp\/v2\/media?parent=8728"}],"wp:term":[{"taxonomy":"category","embeddable":true,"href":"https:\/\/elhijodelllanero.mx\/index.php\/wp-json\/wp\/v2\/categories?post=8728"},{"taxonomy":"post_tag","embeddable":true,"href":"https:\/\/elhijodelllanero.mx\/index.php\/wp-json\/wp\/v2\/tags?post=8728"}],"curies":[{"name":"wp","href":"https:\/\/api.w.org\/{rel}","templated":true}]}}