{"id":8732,"date":"2024-10-11T21:00:41","date_gmt":"2024-10-11T21:00:41","guid":{"rendered":"https:\/\/elhijodelllanero.mx\/?p=8732"},"modified":"2024-10-11T21:00:41","modified_gmt":"2024-10-11T21:00:41","slug":"nombran-a-la-secretaria-del-ayuntamiento-y-la-tesoreria-de-apaseo-el-grande","status":"publish","type":"post","link":"https:\/\/elhijodelllanero.mx\/index.php\/2024\/10\/11\/nombran-a-la-secretaria-del-ayuntamiento-y-la-tesoreria-de-apaseo-el-grande\/","title":{"rendered":"NOMBRAN A LA SECRETAR\u00cdA DEL AYUNTAMIENTO Y LA TESORERIA DE APASEO EL GRANDE"},"content":{"rendered":"<p>&nbsp;<\/p>\n<p>Apaseo el Grande, Gto. 10 de octubre del 2024.- El Ayuntamiento de Apaseo el Grande, ratific\u00f3 a Laura Navarro Jim\u00e9nez como Secretaria del Ayuntamiento y a Ana Lilia Rodr\u00edguez Molina como Tesorera Municipal.<br \/>\nEsto, en la segunda Sesi\u00f3n Extraordinaria del 11 de octubre, que de acuerdo al Art\u00edculo 106 en el cuarto p\u00e1rrafo de la Ley para el Gobierno y la Administraci\u00f3n de los Municipios del Estado de Guanajuato, se declar\u00f3 qu\u00f3rum legal con la presencia del Presidente Municipal, la S\u00edndico y tres regidores, luego de que la sesi\u00f3n no pudo instalarse en su primera convocatoria, por falta del mismo.<br \/>\nEn esta sesi\u00f3n, de acuerdo a los Art\u00edculos 25, fracci\u00f3n I, inciso j; Art\u00edculo 26, fracci\u00f3n XVI; y art\u00edculo 42, fracci\u00f3n I, se nombr\u00f3 a la titular de la Secretar\u00eda del Ayuntamiento y a la titular de la Tesorer\u00eda.<br \/>\nLa primera, Laura Navarro Jim\u00e9nez, rindi\u00f3 protesta e hizo uso de sus atribuciones de manera inmediata.<br \/>\nEn el siguiente punto de la orden del d\u00eda y en los mismos t\u00e9rminos de Ley, se propuso y ratific\u00f3 a Ana Lilia Rodr\u00edguez Molina como Tesorera Municipal, quien de igual manera rindi\u00f3 protesta ante el Ayuntamiento.<br \/>\nAsimismo, en esta Sesi\u00f3n Extraordinaria, el Ayuntamiento autoriz\u00f3 al Presidente Municipal para que suscriba a nombre del Ayuntamiento los convenios, contratos y dem\u00e1s actos jur\u00eddicos necesarios para el desarrollo de la Administraci\u00f3n P\u00fablica<\/p>\n<p><img data-recalc-dims=\"1\" loading=\"lazy\" decoding=\"async\" class=\"alignnone size-medium wp-image-8734\" src=\"https:\/\/i0.wp.com\/elhijodelllanero.mx\/wp-content\/uploads\/2024\/10\/IMG-20241011-WA0011.jpg?resize=300%2C169&#038;ssl=1\" alt=\"\" width=\"300\" height=\"169\" srcset=\"https:\/\/i0.wp.com\/elhijodelllanero.mx\/wp-content\/uploads\/2024\/10\/IMG-20241011-WA0011.jpg?resize=300%2C169&amp;ssl=1 300w, https:\/\/i0.wp.com\/elhijodelllanero.mx\/wp-content\/uploads\/2024\/10\/IMG-20241011-WA0011.jpg?resize=1024%2C576&amp;ssl=1 1024w, https:\/\/i0.wp.com\/elhijodelllanero.mx\/wp-content\/uploads\/2024\/10\/IMG-20241011-WA0011.jpg?resize=768%2C432&amp;ssl=1 768w, https:\/\/i0.wp.com\/elhijodelllanero.mx\/wp-content\/uploads\/2024\/10\/IMG-20241011-WA0011.jpg?resize=1536%2C864&amp;ssl=1 1536w, https:\/\/i0.wp.com\/elhijodelllanero.mx\/wp-content\/uploads\/2024\/10\/IMG-20241011-WA0011.jpg?resize=747%2C420&amp;ssl=1 747w, https:\/\/i0.wp.com\/elhijodelllanero.mx\/wp-content\/uploads\/2024\/10\/IMG-20241011-WA0011.jpg?resize=696%2C392&amp;ssl=1 696w, https:\/\/i0.wp.com\/elhijodelllanero.mx\/wp-content\/uploads\/2024\/10\/IMG-20241011-WA0011.jpg?resize=1068%2C601&amp;ssl=1 1068w, https:\/\/i0.wp.com\/elhijodelllanero.mx\/wp-content\/uploads\/2024\/10\/IMG-20241011-WA0011.jpg?w=1600&amp;ssl=1 1600w, https:\/\/i0.wp.com\/elhijodelllanero.mx\/wp-content\/uploads\/2024\/10\/IMG-20241011-WA0011.jpg?w=1392&amp;ssl=1 1392w\" sizes=\"auto, (max-width: 300px) 100vw, 300px\" \/><\/p>\n","protected":false},"excerpt":{"rendered":"<p>&nbsp; Apaseo el Grande, Gto. 10 de octubre del 2024.- El Ayuntamiento de Apaseo el Grande, ratific\u00f3 a Laura Navarro Jim\u00e9nez como Secretaria del Ayuntamiento y a Ana Lilia Rodr\u00edguez Molina como Tesorera Municipal. Esto, en la segunda Sesi\u00f3n Extraordinaria del 11 de octubre, que de acuerdo al Art\u00edculo 106 en el cuarto p\u00e1rrafo de [&hellip;]<\/p>\n","protected":false},"author":1,"featured_media":8733,"comment_status":"open","ping_status":"closed","sticky":false,"template":"","format":"standard","meta":{"_jetpack_newsletter_access":"","_jetpack_dont_email_post_to_subs":false,"_jetpack_newsletter_tier_id":0,"_jetpack_memberships_contains_paywalled_content":false,"_jetpack_memberships_contains_paid_content":false,"footnotes":""},"categories":[78],"tags":[],"class_list":{"0":"post-8732","1":"post","2":"type-post","3":"status-publish","4":"format-standard","5":"has-post-thumbnail","7":"category-apaseo-el-grande"},"yoast_head":"<!-- This site is optimized with the Yoast SEO plugin v27.3 - https:\/\/yoast.com\/product\/yoast-seo-wordpress\/ -->\n<title>NOMBRAN A LA SECRETAR\u00cdA DEL AYUNTAMIENTO Y LA TESORERIA DE APASEO EL GRANDE - El Hijo del llanero solititito<\/title>\n<meta name=\"robots\" content=\"index, follow, max-snippet:-1, max-image-preview:large, max-video-preview:-1\" \/>\n<link rel=\"canonical\" href=\"https:\/\/elhijodelllanero.mx\/index.php\/2024\/10\/11\/nombran-a-la-secretaria-del-ayuntamiento-y-la-tesoreria-de-apaseo-el-grande\/\" \/>\n<meta property=\"og:locale\" content=\"es_ES\" \/>\n<meta property=\"og:type\" content=\"article\" \/>\n<meta property=\"og:title\" content=\"NOMBRAN A LA SECRETAR\u00cdA DEL AYUNTAMIENTO Y LA TESORERIA DE APASEO EL GRANDE - El Hijo del llanero solititito\" \/>\n<meta property=\"og:description\" content=\"&nbsp; Apaseo el Grande, Gto. 10 de octubre del 2024.- El Ayuntamiento de Apaseo el Grande, ratific\u00f3 a Laura Navarro Jim\u00e9nez como Secretaria del Ayuntamiento y a Ana Lilia Rodr\u00edguez Molina como Tesorera Municipal. Esto, en la segunda Sesi\u00f3n Extraordinaria del 11 de octubre, que de acuerdo al Art\u00edculo 106 en el cuarto p\u00e1rrafo de [&hellip;]\" \/>\n<meta property=\"og:url\" content=\"https:\/\/elhijodelllanero.mx\/index.php\/2024\/10\/11\/nombran-a-la-secretaria-del-ayuntamiento-y-la-tesoreria-de-apaseo-el-grande\/\" \/>\n<meta property=\"og:site_name\" content=\"El Hijo del llanero solititito\" \/>\n<meta property=\"article:published_time\" content=\"2024-10-11T21:00:41+00:00\" \/>\n<meta property=\"og:image\" content=\"https:\/\/elhijodelllanero.mx\/wp-content\/uploads\/2024\/10\/IMG-20241011-WA0010.jpg\" \/>\n\t<meta property=\"og:image:width\" content=\"1600\" \/>\n\t<meta property=\"og:image:height\" content=\"890\" \/>\n\t<meta property=\"og:image:type\" content=\"image\/jpeg\" \/>\n<meta name=\"author\" content=\"Redaccion\" \/>\n<meta name=\"twitter:card\" content=\"summary_large_image\" \/>\n<meta name=\"twitter:label1\" content=\"Escrito por\" \/>\n\t<meta name=\"twitter:data1\" content=\"Redaccion\" \/>\n\t<meta name=\"twitter:label2\" content=\"Tiempo de lectura\" \/>\n\t<meta name=\"twitter:data2\" content=\"2 minutos\" \/>\n<script type=\"application\/ld+json\" class=\"yoast-schema-graph\">{\"@context\":\"https:\\\/\\\/schema.org\",\"@graph\":[{\"@type\":\"Article\",\"@id\":\"https:\\\/\\\/elhijodelllanero.mx\\\/index.php\\\/2024\\\/10\\\/11\\\/nombran-a-la-secretaria-del-ayuntamiento-y-la-tesoreria-de-apaseo-el-grande\\\/#article\",\"isPartOf\":{\"@id\":\"https:\\\/\\\/elhijodelllanero.mx\\\/index.php\\\/2024\\\/10\\\/11\\\/nombran-a-la-secretaria-del-ayuntamiento-y-la-tesoreria-de-apaseo-el-grande\\\/\"},\"author\":{\"name\":\"Redaccion\",\"@id\":\"https:\\\/\\\/elhijodelllanero.mx\\\/#\\\/schema\\\/person\\\/5dcfdd3db3a6f7e7906ef5d92cf7340b\"},\"headline\":\"NOMBRAN A LA SECRETAR\u00cdA DEL AYUNTAMIENTO Y LA TESORERIA DE APASEO EL GRANDE\",\"datePublished\":\"2024-10-11T21:00:41+00:00\",\"mainEntityOfPage\":{\"@id\":\"https:\\\/\\\/elhijodelllanero.mx\\\/index.php\\\/2024\\\/10\\\/11\\\/nombran-a-la-secretaria-del-ayuntamiento-y-la-tesoreria-de-apaseo-el-grande\\\/\"},\"wordCount\":261,\"commentCount\":0,\"image\":{\"@id\":\"https:\\\/\\\/elhijodelllanero.mx\\\/index.php\\\/2024\\\/10\\\/11\\\/nombran-a-la-secretaria-del-ayuntamiento-y-la-tesoreria-de-apaseo-el-grande\\\/#primaryimage\"},\"thumbnailUrl\":\"https:\\\/\\\/i0.wp.com\\\/elhijodelllanero.mx\\\/wp-content\\\/uploads\\\/2024\\\/10\\\/IMG-20241011-WA0010.jpg?fit=1600%2C890&ssl=1\",\"articleSection\":[\"APASEO EL GRANDE\"],\"inLanguage\":\"es\",\"potentialAction\":[{\"@type\":\"CommentAction\",\"name\":\"Comment\",\"target\":[\"https:\\\/\\\/elhijodelllanero.mx\\\/index.php\\\/2024\\\/10\\\/11\\\/nombran-a-la-secretaria-del-ayuntamiento-y-la-tesoreria-de-apaseo-el-grande\\\/#respond\"]}]},{\"@type\":\"WebPage\",\"@id\":\"https:\\\/\\\/elhijodelllanero.mx\\\/index.php\\\/2024\\\/10\\\/11\\\/nombran-a-la-secretaria-del-ayuntamiento-y-la-tesoreria-de-apaseo-el-grande\\\/\",\"url\":\"https:\\\/\\\/elhijodelllanero.mx\\\/index.php\\\/2024\\\/10\\\/11\\\/nombran-a-la-secretaria-del-ayuntamiento-y-la-tesoreria-de-apaseo-el-grande\\\/\",\"name\":\"NOMBRAN A LA SECRETAR\u00cdA DEL AYUNTAMIENTO Y LA TESORERIA DE APASEO EL GRANDE - El Hijo del llanero solititito\",\"isPartOf\":{\"@id\":\"https:\\\/\\\/elhijodelllanero.mx\\\/#website\"},\"primaryImageOfPage\":{\"@id\":\"https:\\\/\\\/elhijodelllanero.mx\\\/index.php\\\/2024\\\/10\\\/11\\\/nombran-a-la-secretaria-del-ayuntamiento-y-la-tesoreria-de-apaseo-el-grande\\\/#primaryimage\"},\"image\":{\"@id\":\"https:\\\/\\\/elhijodelllanero.mx\\\/index.php\\\/2024\\\/10\\\/11\\\/nombran-a-la-secretaria-del-ayuntamiento-y-la-tesoreria-de-apaseo-el-grande\\\/#primaryimage\"},\"thumbnailUrl\":\"https:\\\/\\\/i0.wp.com\\\/elhijodelllanero.mx\\\/wp-content\\\/uploads\\\/2024\\\/10\\\/IMG-20241011-WA0010.jpg?fit=1600%2C890&ssl=1\",\"datePublished\":\"2024-10-11T21:00:41+00:00\",\"author\":{\"@id\":\"https:\\\/\\\/elhijodelllanero.mx\\\/#\\\/schema\\\/person\\\/5dcfdd3db3a6f7e7906ef5d92cf7340b\"},\"breadcrumb\":{\"@id\":\"https:\\\/\\\/elhijodelllanero.mx\\\/index.php\\\/2024\\\/10\\\/11\\\/nombran-a-la-secretaria-del-ayuntamiento-y-la-tesoreria-de-apaseo-el-grande\\\/#breadcrumb\"},\"inLanguage\":\"es\",\"potentialAction\":[{\"@type\":\"ReadAction\",\"target\":[\"https:\\\/\\\/elhijodelllanero.mx\\\/index.php\\\/2024\\\/10\\\/11\\\/nombran-a-la-secretaria-del-ayuntamiento-y-la-tesoreria-de-apaseo-el-grande\\\/\"]}]},{\"@type\":\"ImageObject\",\"inLanguage\":\"es\",\"@id\":\"https:\\\/\\\/elhijodelllanero.mx\\\/index.php\\\/2024\\\/10\\\/11\\\/nombran-a-la-secretaria-del-ayuntamiento-y-la-tesoreria-de-apaseo-el-grande\\\/#primaryimage\",\"url\":\"https:\\\/\\\/i0.wp.com\\\/elhijodelllanero.mx\\\/wp-content\\\/uploads\\\/2024\\\/10\\\/IMG-20241011-WA0010.jpg?fit=1600%2C890&ssl=1\",\"contentUrl\":\"https:\\\/\\\/i0.wp.com\\\/elhijodelllanero.mx\\\/wp-content\\\/uploads\\\/2024\\\/10\\\/IMG-20241011-WA0010.jpg?fit=1600%2C890&ssl=1\",\"width\":1600,\"height\":890},{\"@type\":\"BreadcrumbList\",\"@id\":\"https:\\\/\\\/elhijodelllanero.mx\\\/index.php\\\/2024\\\/10\\\/11\\\/nombran-a-la-secretaria-del-ayuntamiento-y-la-tesoreria-de-apaseo-el-grande\\\/#breadcrumb\",\"itemListElement\":[{\"@type\":\"ListItem\",\"position\":1,\"name\":\"Portada\",\"item\":\"https:\\\/\\\/elhijodelllanero.mx\\\/\"},{\"@type\":\"ListItem\",\"position\":2,\"name\":\"NOMBRAN A LA SECRETAR\u00cdA DEL AYUNTAMIENTO Y LA TESORERIA DE APASEO EL GRANDE\"}]},{\"@type\":\"WebSite\",\"@id\":\"https:\\\/\\\/elhijodelllanero.mx\\\/#website\",\"url\":\"https:\\\/\\\/elhijodelllanero.mx\\\/\",\"name\":\"El Hijo del llanero solititito\",\"description\":\"\",\"potentialAction\":[{\"@type\":\"SearchAction\",\"target\":{\"@type\":\"EntryPoint\",\"urlTemplate\":\"https:\\\/\\\/elhijodelllanero.mx\\\/?s={search_term_string}\"},\"query-input\":{\"@type\":\"PropertyValueSpecification\",\"valueRequired\":true,\"valueName\":\"search_term_string\"}}],\"inLanguage\":\"es\"},{\"@type\":\"Person\",\"@id\":\"https:\\\/\\\/elhijodelllanero.mx\\\/#\\\/schema\\\/person\\\/5dcfdd3db3a6f7e7906ef5d92cf7340b\",\"name\":\"Redaccion\",\"image\":{\"@type\":\"ImageObject\",\"inLanguage\":\"es\",\"@id\":\"https:\\\/\\\/secure.gravatar.com\\\/avatar\\\/f65b913d6e7be363e7396f7fad32ab76d311fbb575fa7e623ec3ea4799f3b718?s=96&d=mm&r=g\",\"url\":\"https:\\\/\\\/secure.gravatar.com\\\/avatar\\\/f65b913d6e7be363e7396f7fad32ab76d311fbb575fa7e623ec3ea4799f3b718?s=96&d=mm&r=g\",\"contentUrl\":\"https:\\\/\\\/secure.gravatar.com\\\/avatar\\\/f65b913d6e7be363e7396f7fad32ab76d311fbb575fa7e623ec3ea4799f3b718?s=96&d=mm&r=g\",\"caption\":\"Redaccion\"},\"sameAs\":[\"https:\\\/\\\/www.elhijodelllanero.mx\"],\"url\":\"https:\\\/\\\/elhijodelllanero.mx\\\/index.php\\\/author\\\/admin_6smc8z8t\\\/\"}]}<\/script>\n<!-- \/ Yoast SEO plugin. -->","yoast_head_json":{"title":"NOMBRAN A LA SECRETAR\u00cdA DEL AYUNTAMIENTO Y LA TESORERIA DE APASEO EL GRANDE - El Hijo del llanero solititito","robots":{"index":"index","follow":"follow","max-snippet":"max-snippet:-1","max-image-preview":"max-image-preview:large","max-video-preview":"max-video-preview:-1"},"canonical":"https:\/\/elhijodelllanero.mx\/index.php\/2024\/10\/11\/nombran-a-la-secretaria-del-ayuntamiento-y-la-tesoreria-de-apaseo-el-grande\/","og_locale":"es_ES","og_type":"article","og_title":"NOMBRAN A LA SECRETAR\u00cdA DEL AYUNTAMIENTO Y LA TESORERIA DE APASEO EL GRANDE - El Hijo del llanero solititito","og_description":"&nbsp; Apaseo el Grande, Gto. 10 de octubre del 2024.- El Ayuntamiento de Apaseo el Grande, ratific\u00f3 a Laura Navarro Jim\u00e9nez como Secretaria del Ayuntamiento y a Ana Lilia Rodr\u00edguez Molina como Tesorera Municipal. Esto, en la segunda Sesi\u00f3n Extraordinaria del 11 de octubre, que de acuerdo al Art\u00edculo 106 en el cuarto p\u00e1rrafo de [&hellip;]","og_url":"https:\/\/elhijodelllanero.mx\/index.php\/2024\/10\/11\/nombran-a-la-secretaria-del-ayuntamiento-y-la-tesoreria-de-apaseo-el-grande\/","og_site_name":"El Hijo del llanero solititito","article_published_time":"2024-10-11T21:00:41+00:00","og_image":[{"width":1600,"height":890,"url":"https:\/\/elhijodelllanero.mx\/wp-content\/uploads\/2024\/10\/IMG-20241011-WA0010.jpg","type":"image\/jpeg"}],"author":"Redaccion","twitter_card":"summary_large_image","twitter_misc":{"Escrito por":"Redaccion","Tiempo de lectura":"2 minutos"},"schema":{"@context":"https:\/\/schema.org","@graph":[{"@type":"Article","@id":"https:\/\/elhijodelllanero.mx\/index.php\/2024\/10\/11\/nombran-a-la-secretaria-del-ayuntamiento-y-la-tesoreria-de-apaseo-el-grande\/#article","isPartOf":{"@id":"https:\/\/elhijodelllanero.mx\/index.php\/2024\/10\/11\/nombran-a-la-secretaria-del-ayuntamiento-y-la-tesoreria-de-apaseo-el-grande\/"},"author":{"name":"Redaccion","@id":"https:\/\/elhijodelllanero.mx\/#\/schema\/person\/5dcfdd3db3a6f7e7906ef5d92cf7340b"},"headline":"NOMBRAN A LA SECRETAR\u00cdA DEL AYUNTAMIENTO Y LA TESORERIA DE APASEO EL GRANDE","datePublished":"2024-10-11T21:00:41+00:00","mainEntityOfPage":{"@id":"https:\/\/elhijodelllanero.mx\/index.php\/2024\/10\/11\/nombran-a-la-secretaria-del-ayuntamiento-y-la-tesoreria-de-apaseo-el-grande\/"},"wordCount":261,"commentCount":0,"image":{"@id":"https:\/\/elhijodelllanero.mx\/index.php\/2024\/10\/11\/nombran-a-la-secretaria-del-ayuntamiento-y-la-tesoreria-de-apaseo-el-grande\/#primaryimage"},"thumbnailUrl":"https:\/\/i0.wp.com\/elhijodelllanero.mx\/wp-content\/uploads\/2024\/10\/IMG-20241011-WA0010.jpg?fit=1600%2C890&ssl=1","articleSection":["APASEO EL GRANDE"],"inLanguage":"es","potentialAction":[{"@type":"CommentAction","name":"Comment","target":["https:\/\/elhijodelllanero.mx\/index.php\/2024\/10\/11\/nombran-a-la-secretaria-del-ayuntamiento-y-la-tesoreria-de-apaseo-el-grande\/#respond"]}]},{"@type":"WebPage","@id":"https:\/\/elhijodelllanero.mx\/index.php\/2024\/10\/11\/nombran-a-la-secretaria-del-ayuntamiento-y-la-tesoreria-de-apaseo-el-grande\/","url":"https:\/\/elhijodelllanero.mx\/index.php\/2024\/10\/11\/nombran-a-la-secretaria-del-ayuntamiento-y-la-tesoreria-de-apaseo-el-grande\/","name":"NOMBRAN A LA SECRETAR\u00cdA DEL AYUNTAMIENTO Y LA TESORERIA DE APASEO EL GRANDE - El Hijo del llanero solititito","isPartOf":{"@id":"https:\/\/elhijodelllanero.mx\/#website"},"primaryImageOfPage":{"@id":"https:\/\/elhijodelllanero.mx\/index.php\/2024\/10\/11\/nombran-a-la-secretaria-del-ayuntamiento-y-la-tesoreria-de-apaseo-el-grande\/#primaryimage"},"image":{"@id":"https:\/\/elhijodelllanero.mx\/index.php\/2024\/10\/11\/nombran-a-la-secretaria-del-ayuntamiento-y-la-tesoreria-de-apaseo-el-grande\/#primaryimage"},"thumbnailUrl":"https:\/\/i0.wp.com\/elhijodelllanero.mx\/wp-content\/uploads\/2024\/10\/IMG-20241011-WA0010.jpg?fit=1600%2C890&ssl=1","datePublished":"2024-10-11T21:00:41+00:00","author":{"@id":"https:\/\/elhijodelllanero.mx\/#\/schema\/person\/5dcfdd3db3a6f7e7906ef5d92cf7340b"},"breadcrumb":{"@id":"https:\/\/elhijodelllanero.mx\/index.php\/2024\/10\/11\/nombran-a-la-secretaria-del-ayuntamiento-y-la-tesoreria-de-apaseo-el-grande\/#breadcrumb"},"inLanguage":"es","potentialAction":[{"@type":"ReadAction","target":["https:\/\/elhijodelllanero.mx\/index.php\/2024\/10\/11\/nombran-a-la-secretaria-del-ayuntamiento-y-la-tesoreria-de-apaseo-el-grande\/"]}]},{"@type":"ImageObject","inLanguage":"es","@id":"https:\/\/elhijodelllanero.mx\/index.php\/2024\/10\/11\/nombran-a-la-secretaria-del-ayuntamiento-y-la-tesoreria-de-apaseo-el-grande\/#primaryimage","url":"https:\/\/i0.wp.com\/elhijodelllanero.mx\/wp-content\/uploads\/2024\/10\/IMG-20241011-WA0010.jpg?fit=1600%2C890&ssl=1","contentUrl":"https:\/\/i0.wp.com\/elhijodelllanero.mx\/wp-content\/uploads\/2024\/10\/IMG-20241011-WA0010.jpg?fit=1600%2C890&ssl=1","width":1600,"height":890},{"@type":"BreadcrumbList","@id":"https:\/\/elhijodelllanero.mx\/index.php\/2024\/10\/11\/nombran-a-la-secretaria-del-ayuntamiento-y-la-tesoreria-de-apaseo-el-grande\/#breadcrumb","itemListElement":[{"@type":"ListItem","position":1,"name":"Portada","item":"https:\/\/elhijodelllanero.mx\/"},{"@type":"ListItem","position":2,"name":"NOMBRAN A LA SECRETAR\u00cdA DEL AYUNTAMIENTO Y LA TESORERIA DE APASEO EL GRANDE"}]},{"@type":"WebSite","@id":"https:\/\/elhijodelllanero.mx\/#website","url":"https:\/\/elhijodelllanero.mx\/","name":"El Hijo del llanero solititito","description":"","potentialAction":[{"@type":"SearchAction","target":{"@type":"EntryPoint","urlTemplate":"https:\/\/elhijodelllanero.mx\/?s={search_term_string}"},"query-input":{"@type":"PropertyValueSpecification","valueRequired":true,"valueName":"search_term_string"}}],"inLanguage":"es"},{"@type":"Person","@id":"https:\/\/elhijodelllanero.mx\/#\/schema\/person\/5dcfdd3db3a6f7e7906ef5d92cf7340b","name":"Redaccion","image":{"@type":"ImageObject","inLanguage":"es","@id":"https:\/\/secure.gravatar.com\/avatar\/f65b913d6e7be363e7396f7fad32ab76d311fbb575fa7e623ec3ea4799f3b718?s=96&d=mm&r=g","url":"https:\/\/secure.gravatar.com\/avatar\/f65b913d6e7be363e7396f7fad32ab76d311fbb575fa7e623ec3ea4799f3b718?s=96&d=mm&r=g","contentUrl":"https:\/\/secure.gravatar.com\/avatar\/f65b913d6e7be363e7396f7fad32ab76d311fbb575fa7e623ec3ea4799f3b718?s=96&d=mm&r=g","caption":"Redaccion"},"sameAs":["https:\/\/www.elhijodelllanero.mx"],"url":"https:\/\/elhijodelllanero.mx\/index.php\/author\/admin_6smc8z8t\/"}]}},"jetpack_featured_media_url":"https:\/\/i0.wp.com\/elhijodelllanero.mx\/wp-content\/uploads\/2024\/10\/IMG-20241011-WA0010.jpg?fit=1600%2C890&ssl=1","jetpack-related-posts":[],"jetpack_sharing_enabled":true,"_links":{"self":[{"href":"https:\/\/elhijodelllanero.mx\/index.php\/wp-json\/wp\/v2\/posts\/8732","targetHints":{"allow":["GET"]}}],"collection":[{"href":"https:\/\/elhijodelllanero.mx\/index.php\/wp-json\/wp\/v2\/posts"}],"about":[{"href":"https:\/\/elhijodelllanero.mx\/index.php\/wp-json\/wp\/v2\/types\/post"}],"author":[{"embeddable":true,"href":"https:\/\/elhijodelllanero.mx\/index.php\/wp-json\/wp\/v2\/users\/1"}],"replies":[{"embeddable":true,"href":"https:\/\/elhijodelllanero.mx\/index.php\/wp-json\/wp\/v2\/comments?post=8732"}],"version-history":[{"count":1,"href":"https:\/\/elhijodelllanero.mx\/index.php\/wp-json\/wp\/v2\/posts\/8732\/revisions"}],"predecessor-version":[{"id":8735,"href":"https:\/\/elhijodelllanero.mx\/index.php\/wp-json\/wp\/v2\/posts\/8732\/revisions\/8735"}],"wp:featuredmedia":[{"embeddable":true,"href":"https:\/\/elhijodelllanero.mx\/index.php\/wp-json\/wp\/v2\/media\/8733"}],"wp:attachment":[{"href":"https:\/\/elhijodelllanero.mx\/index.php\/wp-json\/wp\/v2\/media?parent=8732"}],"wp:term":[{"taxonomy":"category","embeddable":true,"href":"https:\/\/elhijodelllanero.mx\/index.php\/wp-json\/wp\/v2\/categories?post=8732"},{"taxonomy":"post_tag","embeddable":true,"href":"https:\/\/elhijodelllanero.mx\/index.php\/wp-json\/wp\/v2\/tags?post=8732"}],"curies":[{"name":"wp","href":"https:\/\/api.w.org\/{rel}","templated":true}]}}