{"id":8744,"date":"2024-10-14T20:10:55","date_gmt":"2024-10-14T20:10:55","guid":{"rendered":"https:\/\/elhijodelllanero.mx\/?p=8744"},"modified":"2024-10-14T20:10:55","modified_gmt":"2024-10-14T20:10:55","slug":"realizan-encuentro-de-arquitecto-en-homenaje-al-arquitecto-francisco-eduardo-tresguerras","status":"publish","type":"post","link":"https:\/\/elhijodelllanero.mx\/index.php\/2024\/10\/14\/realizan-encuentro-de-arquitecto-en-homenaje-al-arquitecto-francisco-eduardo-tresguerras\/","title":{"rendered":"REALIZAN ENCUENTRO DE ARQUITECTO, EN HOMENAJE AL ARQUITECTO FRANCISCO EDUARDO TRESGUERRAS"},"content":{"rendered":"<p>&nbsp;<\/p>\n<p>Celaya,Gto. 14 de octubre del 2024.-El presidente municipal, Juan Miguel Ram\u00edrez S\u00e1nchez, asisti\u00f3 como invitado y resalt\u00f3 la importancia y legado del destacado arquitecto celayense.<br \/>\nEn el marco de la conmemoraci\u00f3n por el 265 aniversario del natalicio del ilustre celayense Francisco Eduardo Tresguerras, la ma\u00f1ana de este lunes inici\u00f3 el 35 Encuentro Tresguerras, organizado por el Colegio de Arquitectos de Celaya, en el atrio del Templo del Carmen.<br \/>\nEl alcalde, Juan Miguel Ram\u00edrez S\u00e1nchez, asisti\u00f3 como invitado para recordar la vida, obra y legado del llamado \u201cMiguel \u00c1ngel Mexicano\u201d, a quien se refiri\u00f3 como un extraordinario artista, arquitecto, referente del movimiento neocl\u00e1sico.<br \/>\n\u201cHoy quiero referirme a Francisco Eduardo Tresguerras, no solo como un extraordinario arquitecto, pintor, poeta que para muchos de nosotros ha sido una inspiraci\u00f3n, quiero decirles que Francisco Eduardo Tresguerras contribuy\u00f3 a la lucha por nuestra independencia, no estando en las conjuras, no estando en las reuniones de los que ve\u00edan ya un M\u00e9xico independiente, sino con su arte.<br \/>\nCuando surgen las ideas de libertad, fraternidad, justicia, cuando surgen las ideas de la separaci\u00f3n de los poderes, surge el neoclasicismo, es producto de ese movimiento, de todas estas ideas que buscan una nueva forma de vivir\u201d, comparti\u00f3 el presidente municipal.<br \/>\nEl Encuentro Tresguerras es organizado por el Colegio de Arquitectos de Celaya, presidido por Omar Arturo Mart\u00ednez, en el marco del aniversario del natalicio del llamado \u201cMiguel \u00c1ngel Mexicano\u201d.<br \/>\nTambi\u00e9n participaron la presidenta del Patronato del sistema DIF municipal, Laura Casillas; los diputados Edith Moreno, Antonio Chaurand, as\u00ed como integrantes del Ayuntamiento.<\/p>\n","protected":false},"excerpt":{"rendered":"<p>&nbsp; Celaya,Gto. 14 de octubre del 2024.-El presidente municipal, Juan Miguel Ram\u00edrez S\u00e1nchez, asisti\u00f3 como invitado y resalt\u00f3 la importancia y legado del destacado arquitecto celayense. En el marco de la conmemoraci\u00f3n por el 265 aniversario del natalicio del ilustre celayense Francisco Eduardo Tresguerras, la ma\u00f1ana de este lunes inici\u00f3 el 35 Encuentro Tresguerras, organizado [&hellip;]<\/p>\n","protected":false},"author":1,"featured_media":8745,"comment_status":"open","ping_status":"closed","sticky":false,"template":"","format":"standard","meta":{"_jetpack_newsletter_access":"","_jetpack_dont_email_post_to_subs":false,"_jetpack_newsletter_tier_id":0,"_jetpack_memberships_contains_paywalled_content":false,"_jetpack_memberships_contains_paid_content":false,"footnotes":""},"categories":[74],"tags":[],"class_list":{"0":"post-8744","1":"post","2":"type-post","3":"status-publish","4":"format-standard","5":"has-post-thumbnail","7":"category-celaya"},"yoast_head":"<!-- This site is optimized with the Yoast SEO plugin v27.3 - https:\/\/yoast.com\/product\/yoast-seo-wordpress\/ -->\n<title>REALIZAN ENCUENTRO DE ARQUITECTO, EN HOMENAJE AL ARQUITECTO FRANCISCO EDUARDO TRESGUERRAS - El Hijo del llanero solititito<\/title>\n<meta name=\"robots\" content=\"index, follow, max-snippet:-1, max-image-preview:large, max-video-preview:-1\" \/>\n<link rel=\"canonical\" href=\"https:\/\/elhijodelllanero.mx\/index.php\/2024\/10\/14\/realizan-encuentro-de-arquitecto-en-homenaje-al-arquitecto-francisco-eduardo-tresguerras\/\" \/>\n<meta property=\"og:locale\" content=\"es_ES\" \/>\n<meta property=\"og:type\" content=\"article\" \/>\n<meta property=\"og:title\" content=\"REALIZAN ENCUENTRO DE ARQUITECTO, EN HOMENAJE AL ARQUITECTO FRANCISCO EDUARDO TRESGUERRAS - El Hijo del llanero solititito\" \/>\n<meta property=\"og:description\" content=\"&nbsp; Celaya,Gto. 14 de octubre del 2024.-El presidente municipal, Juan Miguel Ram\u00edrez S\u00e1nchez, asisti\u00f3 como invitado y resalt\u00f3 la importancia y legado del destacado arquitecto celayense. En el marco de la conmemoraci\u00f3n por el 265 aniversario del natalicio del ilustre celayense Francisco Eduardo Tresguerras, la ma\u00f1ana de este lunes inici\u00f3 el 35 Encuentro Tresguerras, organizado [&hellip;]\" \/>\n<meta property=\"og:url\" content=\"https:\/\/elhijodelllanero.mx\/index.php\/2024\/10\/14\/realizan-encuentro-de-arquitecto-en-homenaje-al-arquitecto-francisco-eduardo-tresguerras\/\" \/>\n<meta property=\"og:site_name\" content=\"El Hijo del llanero solititito\" \/>\n<meta property=\"article:published_time\" content=\"2024-10-14T20:10:55+00:00\" \/>\n<meta property=\"og:image\" content=\"https:\/\/elhijodelllanero.mx\/wp-content\/uploads\/2024\/10\/Collage_20241014_140942-scaled.jpg\" \/>\n\t<meta property=\"og:image:width\" content=\"2560\" \/>\n\t<meta property=\"og:image:height\" content=\"2560\" \/>\n\t<meta property=\"og:image:type\" content=\"image\/jpeg\" \/>\n<meta name=\"author\" content=\"Redaccion\" \/>\n<meta name=\"twitter:card\" content=\"summary_large_image\" \/>\n<meta name=\"twitter:label1\" content=\"Escrito por\" \/>\n\t<meta name=\"twitter:data1\" content=\"Redaccion\" \/>\n\t<meta name=\"twitter:label2\" content=\"Tiempo de lectura\" \/>\n\t<meta name=\"twitter:data2\" content=\"2 minutos\" \/>\n<script type=\"application\/ld+json\" class=\"yoast-schema-graph\">{\"@context\":\"https:\\\/\\\/schema.org\",\"@graph\":[{\"@type\":\"Article\",\"@id\":\"https:\\\/\\\/elhijodelllanero.mx\\\/index.php\\\/2024\\\/10\\\/14\\\/realizan-encuentro-de-arquitecto-en-homenaje-al-arquitecto-francisco-eduardo-tresguerras\\\/#article\",\"isPartOf\":{\"@id\":\"https:\\\/\\\/elhijodelllanero.mx\\\/index.php\\\/2024\\\/10\\\/14\\\/realizan-encuentro-de-arquitecto-en-homenaje-al-arquitecto-francisco-eduardo-tresguerras\\\/\"},\"author\":{\"name\":\"Redaccion\",\"@id\":\"https:\\\/\\\/elhijodelllanero.mx\\\/#\\\/schema\\\/person\\\/5dcfdd3db3a6f7e7906ef5d92cf7340b\"},\"headline\":\"REALIZAN ENCUENTRO DE ARQUITECTO, EN HOMENAJE AL ARQUITECTO FRANCISCO EDUARDO TRESGUERRAS\",\"datePublished\":\"2024-10-14T20:10:55+00:00\",\"mainEntityOfPage\":{\"@id\":\"https:\\\/\\\/elhijodelllanero.mx\\\/index.php\\\/2024\\\/10\\\/14\\\/realizan-encuentro-de-arquitecto-en-homenaje-al-arquitecto-francisco-eduardo-tresguerras\\\/\"},\"wordCount\":277,\"commentCount\":0,\"image\":{\"@id\":\"https:\\\/\\\/elhijodelllanero.mx\\\/index.php\\\/2024\\\/10\\\/14\\\/realizan-encuentro-de-arquitecto-en-homenaje-al-arquitecto-francisco-eduardo-tresguerras\\\/#primaryimage\"},\"thumbnailUrl\":\"https:\\\/\\\/i0.wp.com\\\/elhijodelllanero.mx\\\/wp-content\\\/uploads\\\/2024\\\/10\\\/Collage_20241014_140942-scaled.jpg?fit=2560%2C2560&ssl=1\",\"articleSection\":[\"CELAYA\"],\"inLanguage\":\"es\",\"potentialAction\":[{\"@type\":\"CommentAction\",\"name\":\"Comment\",\"target\":[\"https:\\\/\\\/elhijodelllanero.mx\\\/index.php\\\/2024\\\/10\\\/14\\\/realizan-encuentro-de-arquitecto-en-homenaje-al-arquitecto-francisco-eduardo-tresguerras\\\/#respond\"]}]},{\"@type\":\"WebPage\",\"@id\":\"https:\\\/\\\/elhijodelllanero.mx\\\/index.php\\\/2024\\\/10\\\/14\\\/realizan-encuentro-de-arquitecto-en-homenaje-al-arquitecto-francisco-eduardo-tresguerras\\\/\",\"url\":\"https:\\\/\\\/elhijodelllanero.mx\\\/index.php\\\/2024\\\/10\\\/14\\\/realizan-encuentro-de-arquitecto-en-homenaje-al-arquitecto-francisco-eduardo-tresguerras\\\/\",\"name\":\"REALIZAN ENCUENTRO DE ARQUITECTO, EN HOMENAJE AL ARQUITECTO FRANCISCO EDUARDO TRESGUERRAS - El Hijo del llanero solititito\",\"isPartOf\":{\"@id\":\"https:\\\/\\\/elhijodelllanero.mx\\\/#website\"},\"primaryImageOfPage\":{\"@id\":\"https:\\\/\\\/elhijodelllanero.mx\\\/index.php\\\/2024\\\/10\\\/14\\\/realizan-encuentro-de-arquitecto-en-homenaje-al-arquitecto-francisco-eduardo-tresguerras\\\/#primaryimage\"},\"image\":{\"@id\":\"https:\\\/\\\/elhijodelllanero.mx\\\/index.php\\\/2024\\\/10\\\/14\\\/realizan-encuentro-de-arquitecto-en-homenaje-al-arquitecto-francisco-eduardo-tresguerras\\\/#primaryimage\"},\"thumbnailUrl\":\"https:\\\/\\\/i0.wp.com\\\/elhijodelllanero.mx\\\/wp-content\\\/uploads\\\/2024\\\/10\\\/Collage_20241014_140942-scaled.jpg?fit=2560%2C2560&ssl=1\",\"datePublished\":\"2024-10-14T20:10:55+00:00\",\"author\":{\"@id\":\"https:\\\/\\\/elhijodelllanero.mx\\\/#\\\/schema\\\/person\\\/5dcfdd3db3a6f7e7906ef5d92cf7340b\"},\"breadcrumb\":{\"@id\":\"https:\\\/\\\/elhijodelllanero.mx\\\/index.php\\\/2024\\\/10\\\/14\\\/realizan-encuentro-de-arquitecto-en-homenaje-al-arquitecto-francisco-eduardo-tresguerras\\\/#breadcrumb\"},\"inLanguage\":\"es\",\"potentialAction\":[{\"@type\":\"ReadAction\",\"target\":[\"https:\\\/\\\/elhijodelllanero.mx\\\/index.php\\\/2024\\\/10\\\/14\\\/realizan-encuentro-de-arquitecto-en-homenaje-al-arquitecto-francisco-eduardo-tresguerras\\\/\"]}]},{\"@type\":\"ImageObject\",\"inLanguage\":\"es\",\"@id\":\"https:\\\/\\\/elhijodelllanero.mx\\\/index.php\\\/2024\\\/10\\\/14\\\/realizan-encuentro-de-arquitecto-en-homenaje-al-arquitecto-francisco-eduardo-tresguerras\\\/#primaryimage\",\"url\":\"https:\\\/\\\/i0.wp.com\\\/elhijodelllanero.mx\\\/wp-content\\\/uploads\\\/2024\\\/10\\\/Collage_20241014_140942-scaled.jpg?fit=2560%2C2560&ssl=1\",\"contentUrl\":\"https:\\\/\\\/i0.wp.com\\\/elhijodelllanero.mx\\\/wp-content\\\/uploads\\\/2024\\\/10\\\/Collage_20241014_140942-scaled.jpg?fit=2560%2C2560&ssl=1\",\"width\":2560,\"height\":2560},{\"@type\":\"BreadcrumbList\",\"@id\":\"https:\\\/\\\/elhijodelllanero.mx\\\/index.php\\\/2024\\\/10\\\/14\\\/realizan-encuentro-de-arquitecto-en-homenaje-al-arquitecto-francisco-eduardo-tresguerras\\\/#breadcrumb\",\"itemListElement\":[{\"@type\":\"ListItem\",\"position\":1,\"name\":\"Portada\",\"item\":\"https:\\\/\\\/elhijodelllanero.mx\\\/\"},{\"@type\":\"ListItem\",\"position\":2,\"name\":\"REALIZAN ENCUENTRO DE ARQUITECTO, EN HOMENAJE AL ARQUITECTO FRANCISCO EDUARDO TRESGUERRAS\"}]},{\"@type\":\"WebSite\",\"@id\":\"https:\\\/\\\/elhijodelllanero.mx\\\/#website\",\"url\":\"https:\\\/\\\/elhijodelllanero.mx\\\/\",\"name\":\"El Hijo del llanero solititito\",\"description\":\"\",\"potentialAction\":[{\"@type\":\"SearchAction\",\"target\":{\"@type\":\"EntryPoint\",\"urlTemplate\":\"https:\\\/\\\/elhijodelllanero.mx\\\/?s={search_term_string}\"},\"query-input\":{\"@type\":\"PropertyValueSpecification\",\"valueRequired\":true,\"valueName\":\"search_term_string\"}}],\"inLanguage\":\"es\"},{\"@type\":\"Person\",\"@id\":\"https:\\\/\\\/elhijodelllanero.mx\\\/#\\\/schema\\\/person\\\/5dcfdd3db3a6f7e7906ef5d92cf7340b\",\"name\":\"Redaccion\",\"image\":{\"@type\":\"ImageObject\",\"inLanguage\":\"es\",\"@id\":\"https:\\\/\\\/secure.gravatar.com\\\/avatar\\\/f65b913d6e7be363e7396f7fad32ab76d311fbb575fa7e623ec3ea4799f3b718?s=96&d=mm&r=g\",\"url\":\"https:\\\/\\\/secure.gravatar.com\\\/avatar\\\/f65b913d6e7be363e7396f7fad32ab76d311fbb575fa7e623ec3ea4799f3b718?s=96&d=mm&r=g\",\"contentUrl\":\"https:\\\/\\\/secure.gravatar.com\\\/avatar\\\/f65b913d6e7be363e7396f7fad32ab76d311fbb575fa7e623ec3ea4799f3b718?s=96&d=mm&r=g\",\"caption\":\"Redaccion\"},\"sameAs\":[\"https:\\\/\\\/www.elhijodelllanero.mx\"],\"url\":\"https:\\\/\\\/elhijodelllanero.mx\\\/index.php\\\/author\\\/admin_6smc8z8t\\\/\"}]}<\/script>\n<!-- \/ Yoast SEO plugin. -->","yoast_head_json":{"title":"REALIZAN ENCUENTRO DE ARQUITECTO, EN HOMENAJE AL ARQUITECTO FRANCISCO EDUARDO TRESGUERRAS - El Hijo del llanero solititito","robots":{"index":"index","follow":"follow","max-snippet":"max-snippet:-1","max-image-preview":"max-image-preview:large","max-video-preview":"max-video-preview:-1"},"canonical":"https:\/\/elhijodelllanero.mx\/index.php\/2024\/10\/14\/realizan-encuentro-de-arquitecto-en-homenaje-al-arquitecto-francisco-eduardo-tresguerras\/","og_locale":"es_ES","og_type":"article","og_title":"REALIZAN ENCUENTRO DE ARQUITECTO, EN HOMENAJE AL ARQUITECTO FRANCISCO EDUARDO TRESGUERRAS - El Hijo del llanero solititito","og_description":"&nbsp; Celaya,Gto. 14 de octubre del 2024.-El presidente municipal, Juan Miguel Ram\u00edrez S\u00e1nchez, asisti\u00f3 como invitado y resalt\u00f3 la importancia y legado del destacado arquitecto celayense. En el marco de la conmemoraci\u00f3n por el 265 aniversario del natalicio del ilustre celayense Francisco Eduardo Tresguerras, la ma\u00f1ana de este lunes inici\u00f3 el 35 Encuentro Tresguerras, organizado [&hellip;]","og_url":"https:\/\/elhijodelllanero.mx\/index.php\/2024\/10\/14\/realizan-encuentro-de-arquitecto-en-homenaje-al-arquitecto-francisco-eduardo-tresguerras\/","og_site_name":"El Hijo del llanero solititito","article_published_time":"2024-10-14T20:10:55+00:00","og_image":[{"width":2560,"height":2560,"url":"https:\/\/elhijodelllanero.mx\/wp-content\/uploads\/2024\/10\/Collage_20241014_140942-scaled.jpg","type":"image\/jpeg"}],"author":"Redaccion","twitter_card":"summary_large_image","twitter_misc":{"Escrito por":"Redaccion","Tiempo de lectura":"2 minutos"},"schema":{"@context":"https:\/\/schema.org","@graph":[{"@type":"Article","@id":"https:\/\/elhijodelllanero.mx\/index.php\/2024\/10\/14\/realizan-encuentro-de-arquitecto-en-homenaje-al-arquitecto-francisco-eduardo-tresguerras\/#article","isPartOf":{"@id":"https:\/\/elhijodelllanero.mx\/index.php\/2024\/10\/14\/realizan-encuentro-de-arquitecto-en-homenaje-al-arquitecto-francisco-eduardo-tresguerras\/"},"author":{"name":"Redaccion","@id":"https:\/\/elhijodelllanero.mx\/#\/schema\/person\/5dcfdd3db3a6f7e7906ef5d92cf7340b"},"headline":"REALIZAN ENCUENTRO DE ARQUITECTO, EN HOMENAJE AL ARQUITECTO FRANCISCO EDUARDO TRESGUERRAS","datePublished":"2024-10-14T20:10:55+00:00","mainEntityOfPage":{"@id":"https:\/\/elhijodelllanero.mx\/index.php\/2024\/10\/14\/realizan-encuentro-de-arquitecto-en-homenaje-al-arquitecto-francisco-eduardo-tresguerras\/"},"wordCount":277,"commentCount":0,"image":{"@id":"https:\/\/elhijodelllanero.mx\/index.php\/2024\/10\/14\/realizan-encuentro-de-arquitecto-en-homenaje-al-arquitecto-francisco-eduardo-tresguerras\/#primaryimage"},"thumbnailUrl":"https:\/\/i0.wp.com\/elhijodelllanero.mx\/wp-content\/uploads\/2024\/10\/Collage_20241014_140942-scaled.jpg?fit=2560%2C2560&ssl=1","articleSection":["CELAYA"],"inLanguage":"es","potentialAction":[{"@type":"CommentAction","name":"Comment","target":["https:\/\/elhijodelllanero.mx\/index.php\/2024\/10\/14\/realizan-encuentro-de-arquitecto-en-homenaje-al-arquitecto-francisco-eduardo-tresguerras\/#respond"]}]},{"@type":"WebPage","@id":"https:\/\/elhijodelllanero.mx\/index.php\/2024\/10\/14\/realizan-encuentro-de-arquitecto-en-homenaje-al-arquitecto-francisco-eduardo-tresguerras\/","url":"https:\/\/elhijodelllanero.mx\/index.php\/2024\/10\/14\/realizan-encuentro-de-arquitecto-en-homenaje-al-arquitecto-francisco-eduardo-tresguerras\/","name":"REALIZAN ENCUENTRO DE ARQUITECTO, EN HOMENAJE AL ARQUITECTO FRANCISCO EDUARDO TRESGUERRAS - El Hijo del llanero solititito","isPartOf":{"@id":"https:\/\/elhijodelllanero.mx\/#website"},"primaryImageOfPage":{"@id":"https:\/\/elhijodelllanero.mx\/index.php\/2024\/10\/14\/realizan-encuentro-de-arquitecto-en-homenaje-al-arquitecto-francisco-eduardo-tresguerras\/#primaryimage"},"image":{"@id":"https:\/\/elhijodelllanero.mx\/index.php\/2024\/10\/14\/realizan-encuentro-de-arquitecto-en-homenaje-al-arquitecto-francisco-eduardo-tresguerras\/#primaryimage"},"thumbnailUrl":"https:\/\/i0.wp.com\/elhijodelllanero.mx\/wp-content\/uploads\/2024\/10\/Collage_20241014_140942-scaled.jpg?fit=2560%2C2560&ssl=1","datePublished":"2024-10-14T20:10:55+00:00","author":{"@id":"https:\/\/elhijodelllanero.mx\/#\/schema\/person\/5dcfdd3db3a6f7e7906ef5d92cf7340b"},"breadcrumb":{"@id":"https:\/\/elhijodelllanero.mx\/index.php\/2024\/10\/14\/realizan-encuentro-de-arquitecto-en-homenaje-al-arquitecto-francisco-eduardo-tresguerras\/#breadcrumb"},"inLanguage":"es","potentialAction":[{"@type":"ReadAction","target":["https:\/\/elhijodelllanero.mx\/index.php\/2024\/10\/14\/realizan-encuentro-de-arquitecto-en-homenaje-al-arquitecto-francisco-eduardo-tresguerras\/"]}]},{"@type":"ImageObject","inLanguage":"es","@id":"https:\/\/elhijodelllanero.mx\/index.php\/2024\/10\/14\/realizan-encuentro-de-arquitecto-en-homenaje-al-arquitecto-francisco-eduardo-tresguerras\/#primaryimage","url":"https:\/\/i0.wp.com\/elhijodelllanero.mx\/wp-content\/uploads\/2024\/10\/Collage_20241014_140942-scaled.jpg?fit=2560%2C2560&ssl=1","contentUrl":"https:\/\/i0.wp.com\/elhijodelllanero.mx\/wp-content\/uploads\/2024\/10\/Collage_20241014_140942-scaled.jpg?fit=2560%2C2560&ssl=1","width":2560,"height":2560},{"@type":"BreadcrumbList","@id":"https:\/\/elhijodelllanero.mx\/index.php\/2024\/10\/14\/realizan-encuentro-de-arquitecto-en-homenaje-al-arquitecto-francisco-eduardo-tresguerras\/#breadcrumb","itemListElement":[{"@type":"ListItem","position":1,"name":"Portada","item":"https:\/\/elhijodelllanero.mx\/"},{"@type":"ListItem","position":2,"name":"REALIZAN ENCUENTRO DE ARQUITECTO, EN HOMENAJE AL ARQUITECTO FRANCISCO EDUARDO TRESGUERRAS"}]},{"@type":"WebSite","@id":"https:\/\/elhijodelllanero.mx\/#website","url":"https:\/\/elhijodelllanero.mx\/","name":"El Hijo del llanero solititito","description":"","potentialAction":[{"@type":"SearchAction","target":{"@type":"EntryPoint","urlTemplate":"https:\/\/elhijodelllanero.mx\/?s={search_term_string}"},"query-input":{"@type":"PropertyValueSpecification","valueRequired":true,"valueName":"search_term_string"}}],"inLanguage":"es"},{"@type":"Person","@id":"https:\/\/elhijodelllanero.mx\/#\/schema\/person\/5dcfdd3db3a6f7e7906ef5d92cf7340b","name":"Redaccion","image":{"@type":"ImageObject","inLanguage":"es","@id":"https:\/\/secure.gravatar.com\/avatar\/f65b913d6e7be363e7396f7fad32ab76d311fbb575fa7e623ec3ea4799f3b718?s=96&d=mm&r=g","url":"https:\/\/secure.gravatar.com\/avatar\/f65b913d6e7be363e7396f7fad32ab76d311fbb575fa7e623ec3ea4799f3b718?s=96&d=mm&r=g","contentUrl":"https:\/\/secure.gravatar.com\/avatar\/f65b913d6e7be363e7396f7fad32ab76d311fbb575fa7e623ec3ea4799f3b718?s=96&d=mm&r=g","caption":"Redaccion"},"sameAs":["https:\/\/www.elhijodelllanero.mx"],"url":"https:\/\/elhijodelllanero.mx\/index.php\/author\/admin_6smc8z8t\/"}]}},"jetpack_featured_media_url":"https:\/\/i0.wp.com\/elhijodelllanero.mx\/wp-content\/uploads\/2024\/10\/Collage_20241014_140942-scaled.jpg?fit=2560%2C2560&ssl=1","jetpack-related-posts":[],"jetpack_sharing_enabled":true,"_links":{"self":[{"href":"https:\/\/elhijodelllanero.mx\/index.php\/wp-json\/wp\/v2\/posts\/8744","targetHints":{"allow":["GET"]}}],"collection":[{"href":"https:\/\/elhijodelllanero.mx\/index.php\/wp-json\/wp\/v2\/posts"}],"about":[{"href":"https:\/\/elhijodelllanero.mx\/index.php\/wp-json\/wp\/v2\/types\/post"}],"author":[{"embeddable":true,"href":"https:\/\/elhijodelllanero.mx\/index.php\/wp-json\/wp\/v2\/users\/1"}],"replies":[{"embeddable":true,"href":"https:\/\/elhijodelllanero.mx\/index.php\/wp-json\/wp\/v2\/comments?post=8744"}],"version-history":[{"count":1,"href":"https:\/\/elhijodelllanero.mx\/index.php\/wp-json\/wp\/v2\/posts\/8744\/revisions"}],"predecessor-version":[{"id":8746,"href":"https:\/\/elhijodelllanero.mx\/index.php\/wp-json\/wp\/v2\/posts\/8744\/revisions\/8746"}],"wp:featuredmedia":[{"embeddable":true,"href":"https:\/\/elhijodelllanero.mx\/index.php\/wp-json\/wp\/v2\/media\/8745"}],"wp:attachment":[{"href":"https:\/\/elhijodelllanero.mx\/index.php\/wp-json\/wp\/v2\/media?parent=8744"}],"wp:term":[{"taxonomy":"category","embeddable":true,"href":"https:\/\/elhijodelllanero.mx\/index.php\/wp-json\/wp\/v2\/categories?post=8744"},{"taxonomy":"post_tag","embeddable":true,"href":"https:\/\/elhijodelllanero.mx\/index.php\/wp-json\/wp\/v2\/tags?post=8744"}],"curies":[{"name":"wp","href":"https:\/\/api.w.org\/{rel}","templated":true}]}}