{"id":8747,"date":"2024-10-14T20:13:16","date_gmt":"2024-10-14T20:13:16","guid":{"rendered":"https:\/\/elhijodelllanero.mx\/?p=8747"},"modified":"2024-10-14T20:13:16","modified_gmt":"2024-10-14T20:13:16","slug":"daniel-samano-asegura-que-le-dejaron-pura-chatarra","status":"publish","type":"post","link":"https:\/\/elhijodelllanero.mx\/index.php\/2024\/10\/14\/daniel-samano-asegura-que-le-dejaron-pura-chatarra\/","title":{"rendered":"DANIEL SAMANO ASEGURA QUE LE DEJARON \u201cPURA CHATARRA\u00bb"},"content":{"rendered":"<p>&nbsp;<\/p>\n<p>Salvatierra, Gto. 14 de octubre de 2024.\u2013 El Presidente Municipal de Salvatierra, Jos\u00e9 Daniel S\u00e1mano Jim\u00e9nez, denunci\u00f3 que la administraci\u00f3n anterior dej\u00f3 en condiciones cr\u00edticas el mobiliario, el parque vehicular y las instalaciones de las diversas \u00e1reas de gobierno, lo que ha afectado gravemente la operatividad del ayuntamiento.<br \/>\nEn la Direcci\u00f3n de Seguridad P\u00fablica, destac\u00f3 que el parque vehicular se encuentra en un estado deplorable. Las unidades operativas presentan da\u00f1os materiales por siniestros, fallas mec\u00e1nicas y autopartes afectadas o faltantes. Adem\u00e1s, muchas de estas unidades carecen de seguro. Las instalaciones de esta direcci\u00f3n tampoco se encuentran en mejores condiciones, ya que albergan una gran cantidad de veh\u00edculos inutilizables, incluidos autos, camionetas, motocicletas y bicicletas.<br \/>\nLas oficinas administrativas de Seguridad P\u00fablica no cuentan con las adaptaciones ni los medios adecuados para operar de manera eficiente, mientras que las zonas de aseo y sanitarios destinados al personal operativo presentan da\u00f1os materiales graves. El \u00e1rea de barandillas, por su parte, carece de agua potable y el alumbrado necesario para garantizar la seguridad tanto del personal como de las personas detenidas.<br \/>\nOtras direcciones como Deportes, Turismo, Prevenci\u00f3n al Delito, Protecci\u00f3n Civil, Reclutamiento, Salud, Panteones, Desarrollo Urbano, Comunicaci\u00f3n Social, Inform\u00e1tica y Desarrollo Econ\u00f3mico, enfrentan una situaci\u00f3n similar, careciendo de mobiliario y equipo tecnol\u00f3gico adecuado para el funcionamiento diario, afectando la atenci\u00f3n a la ciudadan\u00eda. Adem\u00e1s, varias instalaciones, como la Casa de la Cultura, la Oficial\u00eda, los Panteones, El Sabinal y Transparencia, presentan da\u00f1os estructurales y de imagen.<br \/>\nEl presidente tambi\u00e9n subray\u00f3 el mal estado del parque vehicular en la Direcci\u00f3n de Servicios Municipales, que cuenta con cuatro tolvas, tres pipas y cinco camionetas inservibles. SMAPAS enfrenta una situaci\u00f3n similar con cuatro camionetas en mal estado, mientras que las direcciones de Desarrollo Social y Fiscalizaci\u00f3n tienen dos unidades con escasa funcionalidad. La camioneta destinada a la perrera municipal, perteneciente a la Direcci\u00f3n de Salud, se encuentra en condiciones precarias.<br \/>\nEn el \u00e1mbito educativo, S\u00e1mano Jim\u00e9nez destac\u00f3 que solo la biblioteca p\u00fablica \u201cFederico Escobedo Tinoco\u201d, ubicada en el centro de la ciudad, est\u00e1 en funcionamiento, mientras que las cuatro bibliotecas en las comunidades de San Pedro de los Naranjos, Maravat\u00edo del Encinal, Urireo y la colonia Guanajuato est\u00e1n abandonadas y han sido vandalizadas. Los Centros Casa, que funcionaban en conjunto con el Instituto Nacional para el Envejecimiento Digno (INED), tambi\u00e9n est\u00e1n cerrados y en estado de abandono en las comunidades de El Capul\u00edn, Los Garc\u00eda, Cupareo y Gervacio Mendoza.<br \/>\n\u201cNos hemos dado cuenta de las precarias condiciones en las que nos dejaron la administraci\u00f3n anterior: oficinas sin equipamiento, instalaciones deplorables y un parque vehicular inservible. Esto afecta indudablemente la operatividad. Poco a poco iremos mejorando cada \u00e1rea para que los trabajadores puedan desempe\u00f1ar mejor sus funciones y ofrecer una atenci\u00f3n de calidad a la ciudadan\u00eda\u201d, concluy\u00f3 S\u00e1mano Jim\u00e9nez.<\/p>\n","protected":false},"excerpt":{"rendered":"<p>&nbsp; Salvatierra, Gto. 14 de octubre de 2024.\u2013 El Presidente Municipal de Salvatierra, Jos\u00e9 Daniel S\u00e1mano Jim\u00e9nez, denunci\u00f3 que la administraci\u00f3n anterior dej\u00f3 en condiciones cr\u00edticas el mobiliario, el parque vehicular y las instalaciones de las diversas \u00e1reas de gobierno, lo que ha afectado gravemente la operatividad del ayuntamiento. En la Direcci\u00f3n de Seguridad P\u00fablica, [&hellip;]<\/p>\n","protected":false},"author":1,"featured_media":8748,"comment_status":"open","ping_status":"closed","sticky":false,"template":"","format":"standard","meta":{"_jetpack_newsletter_access":"","_jetpack_dont_email_post_to_subs":false,"_jetpack_newsletter_tier_id":0,"_jetpack_memberships_contains_paywalled_content":false,"_jetpack_memberships_contains_paid_content":false,"footnotes":""},"categories":[80],"tags":[],"class_list":{"0":"post-8747","1":"post","2":"type-post","3":"status-publish","4":"format-standard","5":"has-post-thumbnail","7":"category-salvatierra"},"yoast_head":"<!-- This site is optimized with the Yoast SEO plugin v27.3 - https:\/\/yoast.com\/product\/yoast-seo-wordpress\/ -->\n<title>DANIEL SAMANO ASEGURA QUE LE DEJARON \u201cPURA CHATARRA&quot; - El Hijo del llanero solititito<\/title>\n<meta name=\"robots\" content=\"index, follow, max-snippet:-1, max-image-preview:large, max-video-preview:-1\" \/>\n<link rel=\"canonical\" href=\"https:\/\/elhijodelllanero.mx\/index.php\/2024\/10\/14\/daniel-samano-asegura-que-le-dejaron-pura-chatarra\/\" \/>\n<meta property=\"og:locale\" content=\"es_ES\" \/>\n<meta property=\"og:type\" content=\"article\" \/>\n<meta property=\"og:title\" content=\"DANIEL SAMANO ASEGURA QUE LE DEJARON \u201cPURA CHATARRA&quot; - El Hijo del llanero solititito\" \/>\n<meta property=\"og:description\" content=\"&nbsp; Salvatierra, Gto. 14 de octubre de 2024.\u2013 El Presidente Municipal de Salvatierra, Jos\u00e9 Daniel S\u00e1mano Jim\u00e9nez, denunci\u00f3 que la administraci\u00f3n anterior dej\u00f3 en condiciones cr\u00edticas el mobiliario, el parque vehicular y las instalaciones de las diversas \u00e1reas de gobierno, lo que ha afectado gravemente la operatividad del ayuntamiento. En la Direcci\u00f3n de Seguridad P\u00fablica, [&hellip;]\" \/>\n<meta property=\"og:url\" content=\"https:\/\/elhijodelllanero.mx\/index.php\/2024\/10\/14\/daniel-samano-asegura-que-le-dejaron-pura-chatarra\/\" \/>\n<meta property=\"og:site_name\" content=\"El Hijo del llanero solititito\" \/>\n<meta property=\"article:published_time\" content=\"2024-10-14T20:13:16+00:00\" \/>\n<meta property=\"og:image\" content=\"https:\/\/elhijodelllanero.mx\/wp-content\/uploads\/2024\/10\/Collage_20241014_141204-scaled.jpg\" \/>\n\t<meta property=\"og:image:width\" content=\"2560\" \/>\n\t<meta property=\"og:image:height\" content=\"1920\" \/>\n\t<meta property=\"og:image:type\" content=\"image\/jpeg\" \/>\n<meta name=\"author\" content=\"Redaccion\" \/>\n<meta name=\"twitter:card\" content=\"summary_large_image\" \/>\n<meta name=\"twitter:label1\" content=\"Escrito por\" \/>\n\t<meta name=\"twitter:data1\" content=\"Redaccion\" \/>\n\t<meta name=\"twitter:label2\" content=\"Tiempo de lectura\" \/>\n\t<meta name=\"twitter:data2\" content=\"3 minutos\" \/>\n<script type=\"application\/ld+json\" class=\"yoast-schema-graph\">{\"@context\":\"https:\\\/\\\/schema.org\",\"@graph\":[{\"@type\":\"Article\",\"@id\":\"https:\\\/\\\/elhijodelllanero.mx\\\/index.php\\\/2024\\\/10\\\/14\\\/daniel-samano-asegura-que-le-dejaron-pura-chatarra\\\/#article\",\"isPartOf\":{\"@id\":\"https:\\\/\\\/elhijodelllanero.mx\\\/index.php\\\/2024\\\/10\\\/14\\\/daniel-samano-asegura-que-le-dejaron-pura-chatarra\\\/\"},\"author\":{\"name\":\"Redaccion\",\"@id\":\"https:\\\/\\\/elhijodelllanero.mx\\\/#\\\/schema\\\/person\\\/5dcfdd3db3a6f7e7906ef5d92cf7340b\"},\"headline\":\"DANIEL SAMANO ASEGURA QUE LE DEJARON \u201cPURA CHATARRA\u00bb\",\"datePublished\":\"2024-10-14T20:13:16+00:00\",\"mainEntityOfPage\":{\"@id\":\"https:\\\/\\\/elhijodelllanero.mx\\\/index.php\\\/2024\\\/10\\\/14\\\/daniel-samano-asegura-que-le-dejaron-pura-chatarra\\\/\"},\"wordCount\":513,\"commentCount\":0,\"image\":{\"@id\":\"https:\\\/\\\/elhijodelllanero.mx\\\/index.php\\\/2024\\\/10\\\/14\\\/daniel-samano-asegura-que-le-dejaron-pura-chatarra\\\/#primaryimage\"},\"thumbnailUrl\":\"https:\\\/\\\/i0.wp.com\\\/elhijodelllanero.mx\\\/wp-content\\\/uploads\\\/2024\\\/10\\\/Collage_20241014_141204-scaled.jpg?fit=2560%2C1920&ssl=1\",\"articleSection\":[\"SALVATIERRA\"],\"inLanguage\":\"es\",\"potentialAction\":[{\"@type\":\"CommentAction\",\"name\":\"Comment\",\"target\":[\"https:\\\/\\\/elhijodelllanero.mx\\\/index.php\\\/2024\\\/10\\\/14\\\/daniel-samano-asegura-que-le-dejaron-pura-chatarra\\\/#respond\"]}]},{\"@type\":\"WebPage\",\"@id\":\"https:\\\/\\\/elhijodelllanero.mx\\\/index.php\\\/2024\\\/10\\\/14\\\/daniel-samano-asegura-que-le-dejaron-pura-chatarra\\\/\",\"url\":\"https:\\\/\\\/elhijodelllanero.mx\\\/index.php\\\/2024\\\/10\\\/14\\\/daniel-samano-asegura-que-le-dejaron-pura-chatarra\\\/\",\"name\":\"DANIEL SAMANO ASEGURA QUE LE DEJARON \u201cPURA CHATARRA\\\" - El Hijo del llanero solititito\",\"isPartOf\":{\"@id\":\"https:\\\/\\\/elhijodelllanero.mx\\\/#website\"},\"primaryImageOfPage\":{\"@id\":\"https:\\\/\\\/elhijodelllanero.mx\\\/index.php\\\/2024\\\/10\\\/14\\\/daniel-samano-asegura-que-le-dejaron-pura-chatarra\\\/#primaryimage\"},\"image\":{\"@id\":\"https:\\\/\\\/elhijodelllanero.mx\\\/index.php\\\/2024\\\/10\\\/14\\\/daniel-samano-asegura-que-le-dejaron-pura-chatarra\\\/#primaryimage\"},\"thumbnailUrl\":\"https:\\\/\\\/i0.wp.com\\\/elhijodelllanero.mx\\\/wp-content\\\/uploads\\\/2024\\\/10\\\/Collage_20241014_141204-scaled.jpg?fit=2560%2C1920&ssl=1\",\"datePublished\":\"2024-10-14T20:13:16+00:00\",\"author\":{\"@id\":\"https:\\\/\\\/elhijodelllanero.mx\\\/#\\\/schema\\\/person\\\/5dcfdd3db3a6f7e7906ef5d92cf7340b\"},\"breadcrumb\":{\"@id\":\"https:\\\/\\\/elhijodelllanero.mx\\\/index.php\\\/2024\\\/10\\\/14\\\/daniel-samano-asegura-que-le-dejaron-pura-chatarra\\\/#breadcrumb\"},\"inLanguage\":\"es\",\"potentialAction\":[{\"@type\":\"ReadAction\",\"target\":[\"https:\\\/\\\/elhijodelllanero.mx\\\/index.php\\\/2024\\\/10\\\/14\\\/daniel-samano-asegura-que-le-dejaron-pura-chatarra\\\/\"]}]},{\"@type\":\"ImageObject\",\"inLanguage\":\"es\",\"@id\":\"https:\\\/\\\/elhijodelllanero.mx\\\/index.php\\\/2024\\\/10\\\/14\\\/daniel-samano-asegura-que-le-dejaron-pura-chatarra\\\/#primaryimage\",\"url\":\"https:\\\/\\\/i0.wp.com\\\/elhijodelllanero.mx\\\/wp-content\\\/uploads\\\/2024\\\/10\\\/Collage_20241014_141204-scaled.jpg?fit=2560%2C1920&ssl=1\",\"contentUrl\":\"https:\\\/\\\/i0.wp.com\\\/elhijodelllanero.mx\\\/wp-content\\\/uploads\\\/2024\\\/10\\\/Collage_20241014_141204-scaled.jpg?fit=2560%2C1920&ssl=1\",\"width\":2560,\"height\":1920},{\"@type\":\"BreadcrumbList\",\"@id\":\"https:\\\/\\\/elhijodelllanero.mx\\\/index.php\\\/2024\\\/10\\\/14\\\/daniel-samano-asegura-que-le-dejaron-pura-chatarra\\\/#breadcrumb\",\"itemListElement\":[{\"@type\":\"ListItem\",\"position\":1,\"name\":\"Portada\",\"item\":\"https:\\\/\\\/elhijodelllanero.mx\\\/\"},{\"@type\":\"ListItem\",\"position\":2,\"name\":\"DANIEL SAMANO ASEGURA QUE LE DEJARON \u201cPURA CHATARRA\u00bb\"}]},{\"@type\":\"WebSite\",\"@id\":\"https:\\\/\\\/elhijodelllanero.mx\\\/#website\",\"url\":\"https:\\\/\\\/elhijodelllanero.mx\\\/\",\"name\":\"El Hijo del llanero solititito\",\"description\":\"\",\"potentialAction\":[{\"@type\":\"SearchAction\",\"target\":{\"@type\":\"EntryPoint\",\"urlTemplate\":\"https:\\\/\\\/elhijodelllanero.mx\\\/?s={search_term_string}\"},\"query-input\":{\"@type\":\"PropertyValueSpecification\",\"valueRequired\":true,\"valueName\":\"search_term_string\"}}],\"inLanguage\":\"es\"},{\"@type\":\"Person\",\"@id\":\"https:\\\/\\\/elhijodelllanero.mx\\\/#\\\/schema\\\/person\\\/5dcfdd3db3a6f7e7906ef5d92cf7340b\",\"name\":\"Redaccion\",\"image\":{\"@type\":\"ImageObject\",\"inLanguage\":\"es\",\"@id\":\"https:\\\/\\\/secure.gravatar.com\\\/avatar\\\/f65b913d6e7be363e7396f7fad32ab76d311fbb575fa7e623ec3ea4799f3b718?s=96&d=mm&r=g\",\"url\":\"https:\\\/\\\/secure.gravatar.com\\\/avatar\\\/f65b913d6e7be363e7396f7fad32ab76d311fbb575fa7e623ec3ea4799f3b718?s=96&d=mm&r=g\",\"contentUrl\":\"https:\\\/\\\/secure.gravatar.com\\\/avatar\\\/f65b913d6e7be363e7396f7fad32ab76d311fbb575fa7e623ec3ea4799f3b718?s=96&d=mm&r=g\",\"caption\":\"Redaccion\"},\"sameAs\":[\"https:\\\/\\\/www.elhijodelllanero.mx\"],\"url\":\"https:\\\/\\\/elhijodelllanero.mx\\\/index.php\\\/author\\\/admin_6smc8z8t\\\/\"}]}<\/script>\n<!-- \/ Yoast SEO plugin. -->","yoast_head_json":{"title":"DANIEL SAMANO ASEGURA QUE LE DEJARON \u201cPURA CHATARRA\" - El Hijo del llanero solititito","robots":{"index":"index","follow":"follow","max-snippet":"max-snippet:-1","max-image-preview":"max-image-preview:large","max-video-preview":"max-video-preview:-1"},"canonical":"https:\/\/elhijodelllanero.mx\/index.php\/2024\/10\/14\/daniel-samano-asegura-que-le-dejaron-pura-chatarra\/","og_locale":"es_ES","og_type":"article","og_title":"DANIEL SAMANO ASEGURA QUE LE DEJARON \u201cPURA CHATARRA\" - El Hijo del llanero solititito","og_description":"&nbsp; Salvatierra, Gto. 14 de octubre de 2024.\u2013 El Presidente Municipal de Salvatierra, Jos\u00e9 Daniel S\u00e1mano Jim\u00e9nez, denunci\u00f3 que la administraci\u00f3n anterior dej\u00f3 en condiciones cr\u00edticas el mobiliario, el parque vehicular y las instalaciones de las diversas \u00e1reas de gobierno, lo que ha afectado gravemente la operatividad del ayuntamiento. En la Direcci\u00f3n de Seguridad P\u00fablica, [&hellip;]","og_url":"https:\/\/elhijodelllanero.mx\/index.php\/2024\/10\/14\/daniel-samano-asegura-que-le-dejaron-pura-chatarra\/","og_site_name":"El Hijo del llanero solititito","article_published_time":"2024-10-14T20:13:16+00:00","og_image":[{"width":2560,"height":1920,"url":"https:\/\/elhijodelllanero.mx\/wp-content\/uploads\/2024\/10\/Collage_20241014_141204-scaled.jpg","type":"image\/jpeg"}],"author":"Redaccion","twitter_card":"summary_large_image","twitter_misc":{"Escrito por":"Redaccion","Tiempo de lectura":"3 minutos"},"schema":{"@context":"https:\/\/schema.org","@graph":[{"@type":"Article","@id":"https:\/\/elhijodelllanero.mx\/index.php\/2024\/10\/14\/daniel-samano-asegura-que-le-dejaron-pura-chatarra\/#article","isPartOf":{"@id":"https:\/\/elhijodelllanero.mx\/index.php\/2024\/10\/14\/daniel-samano-asegura-que-le-dejaron-pura-chatarra\/"},"author":{"name":"Redaccion","@id":"https:\/\/elhijodelllanero.mx\/#\/schema\/person\/5dcfdd3db3a6f7e7906ef5d92cf7340b"},"headline":"DANIEL SAMANO ASEGURA QUE LE DEJARON \u201cPURA CHATARRA\u00bb","datePublished":"2024-10-14T20:13:16+00:00","mainEntityOfPage":{"@id":"https:\/\/elhijodelllanero.mx\/index.php\/2024\/10\/14\/daniel-samano-asegura-que-le-dejaron-pura-chatarra\/"},"wordCount":513,"commentCount":0,"image":{"@id":"https:\/\/elhijodelllanero.mx\/index.php\/2024\/10\/14\/daniel-samano-asegura-que-le-dejaron-pura-chatarra\/#primaryimage"},"thumbnailUrl":"https:\/\/i0.wp.com\/elhijodelllanero.mx\/wp-content\/uploads\/2024\/10\/Collage_20241014_141204-scaled.jpg?fit=2560%2C1920&ssl=1","articleSection":["SALVATIERRA"],"inLanguage":"es","potentialAction":[{"@type":"CommentAction","name":"Comment","target":["https:\/\/elhijodelllanero.mx\/index.php\/2024\/10\/14\/daniel-samano-asegura-que-le-dejaron-pura-chatarra\/#respond"]}]},{"@type":"WebPage","@id":"https:\/\/elhijodelllanero.mx\/index.php\/2024\/10\/14\/daniel-samano-asegura-que-le-dejaron-pura-chatarra\/","url":"https:\/\/elhijodelllanero.mx\/index.php\/2024\/10\/14\/daniel-samano-asegura-que-le-dejaron-pura-chatarra\/","name":"DANIEL SAMANO ASEGURA QUE LE DEJARON \u201cPURA CHATARRA\" - El Hijo del llanero solititito","isPartOf":{"@id":"https:\/\/elhijodelllanero.mx\/#website"},"primaryImageOfPage":{"@id":"https:\/\/elhijodelllanero.mx\/index.php\/2024\/10\/14\/daniel-samano-asegura-que-le-dejaron-pura-chatarra\/#primaryimage"},"image":{"@id":"https:\/\/elhijodelllanero.mx\/index.php\/2024\/10\/14\/daniel-samano-asegura-que-le-dejaron-pura-chatarra\/#primaryimage"},"thumbnailUrl":"https:\/\/i0.wp.com\/elhijodelllanero.mx\/wp-content\/uploads\/2024\/10\/Collage_20241014_141204-scaled.jpg?fit=2560%2C1920&ssl=1","datePublished":"2024-10-14T20:13:16+00:00","author":{"@id":"https:\/\/elhijodelllanero.mx\/#\/schema\/person\/5dcfdd3db3a6f7e7906ef5d92cf7340b"},"breadcrumb":{"@id":"https:\/\/elhijodelllanero.mx\/index.php\/2024\/10\/14\/daniel-samano-asegura-que-le-dejaron-pura-chatarra\/#breadcrumb"},"inLanguage":"es","potentialAction":[{"@type":"ReadAction","target":["https:\/\/elhijodelllanero.mx\/index.php\/2024\/10\/14\/daniel-samano-asegura-que-le-dejaron-pura-chatarra\/"]}]},{"@type":"ImageObject","inLanguage":"es","@id":"https:\/\/elhijodelllanero.mx\/index.php\/2024\/10\/14\/daniel-samano-asegura-que-le-dejaron-pura-chatarra\/#primaryimage","url":"https:\/\/i0.wp.com\/elhijodelllanero.mx\/wp-content\/uploads\/2024\/10\/Collage_20241014_141204-scaled.jpg?fit=2560%2C1920&ssl=1","contentUrl":"https:\/\/i0.wp.com\/elhijodelllanero.mx\/wp-content\/uploads\/2024\/10\/Collage_20241014_141204-scaled.jpg?fit=2560%2C1920&ssl=1","width":2560,"height":1920},{"@type":"BreadcrumbList","@id":"https:\/\/elhijodelllanero.mx\/index.php\/2024\/10\/14\/daniel-samano-asegura-que-le-dejaron-pura-chatarra\/#breadcrumb","itemListElement":[{"@type":"ListItem","position":1,"name":"Portada","item":"https:\/\/elhijodelllanero.mx\/"},{"@type":"ListItem","position":2,"name":"DANIEL SAMANO ASEGURA QUE LE DEJARON \u201cPURA CHATARRA\u00bb"}]},{"@type":"WebSite","@id":"https:\/\/elhijodelllanero.mx\/#website","url":"https:\/\/elhijodelllanero.mx\/","name":"El Hijo del llanero solititito","description":"","potentialAction":[{"@type":"SearchAction","target":{"@type":"EntryPoint","urlTemplate":"https:\/\/elhijodelllanero.mx\/?s={search_term_string}"},"query-input":{"@type":"PropertyValueSpecification","valueRequired":true,"valueName":"search_term_string"}}],"inLanguage":"es"},{"@type":"Person","@id":"https:\/\/elhijodelllanero.mx\/#\/schema\/person\/5dcfdd3db3a6f7e7906ef5d92cf7340b","name":"Redaccion","image":{"@type":"ImageObject","inLanguage":"es","@id":"https:\/\/secure.gravatar.com\/avatar\/f65b913d6e7be363e7396f7fad32ab76d311fbb575fa7e623ec3ea4799f3b718?s=96&d=mm&r=g","url":"https:\/\/secure.gravatar.com\/avatar\/f65b913d6e7be363e7396f7fad32ab76d311fbb575fa7e623ec3ea4799f3b718?s=96&d=mm&r=g","contentUrl":"https:\/\/secure.gravatar.com\/avatar\/f65b913d6e7be363e7396f7fad32ab76d311fbb575fa7e623ec3ea4799f3b718?s=96&d=mm&r=g","caption":"Redaccion"},"sameAs":["https:\/\/www.elhijodelllanero.mx"],"url":"https:\/\/elhijodelllanero.mx\/index.php\/author\/admin_6smc8z8t\/"}]}},"jetpack_featured_media_url":"https:\/\/i0.wp.com\/elhijodelllanero.mx\/wp-content\/uploads\/2024\/10\/Collage_20241014_141204-scaled.jpg?fit=2560%2C1920&ssl=1","jetpack-related-posts":[],"jetpack_sharing_enabled":true,"_links":{"self":[{"href":"https:\/\/elhijodelllanero.mx\/index.php\/wp-json\/wp\/v2\/posts\/8747","targetHints":{"allow":["GET"]}}],"collection":[{"href":"https:\/\/elhijodelllanero.mx\/index.php\/wp-json\/wp\/v2\/posts"}],"about":[{"href":"https:\/\/elhijodelllanero.mx\/index.php\/wp-json\/wp\/v2\/types\/post"}],"author":[{"embeddable":true,"href":"https:\/\/elhijodelllanero.mx\/index.php\/wp-json\/wp\/v2\/users\/1"}],"replies":[{"embeddable":true,"href":"https:\/\/elhijodelllanero.mx\/index.php\/wp-json\/wp\/v2\/comments?post=8747"}],"version-history":[{"count":1,"href":"https:\/\/elhijodelllanero.mx\/index.php\/wp-json\/wp\/v2\/posts\/8747\/revisions"}],"predecessor-version":[{"id":8749,"href":"https:\/\/elhijodelllanero.mx\/index.php\/wp-json\/wp\/v2\/posts\/8747\/revisions\/8749"}],"wp:featuredmedia":[{"embeddable":true,"href":"https:\/\/elhijodelllanero.mx\/index.php\/wp-json\/wp\/v2\/media\/8748"}],"wp:attachment":[{"href":"https:\/\/elhijodelllanero.mx\/index.php\/wp-json\/wp\/v2\/media?parent=8747"}],"wp:term":[{"taxonomy":"category","embeddable":true,"href":"https:\/\/elhijodelllanero.mx\/index.php\/wp-json\/wp\/v2\/categories?post=8747"},{"taxonomy":"post_tag","embeddable":true,"href":"https:\/\/elhijodelllanero.mx\/index.php\/wp-json\/wp\/v2\/tags?post=8747"}],"curies":[{"name":"wp","href":"https:\/\/api.w.org\/{rel}","templated":true}]}}