{"id":8750,"date":"2024-10-14T20:30:40","date_gmt":"2024-10-14T20:30:40","guid":{"rendered":"https:\/\/elhijodelllanero.mx\/?p=8750"},"modified":"2024-10-14T20:30:40","modified_gmt":"2024-10-14T20:30:40","slug":"alcaldesa-de-villagran-anuncia-restructura-en-su-administracion","status":"publish","type":"post","link":"https:\/\/elhijodelllanero.mx\/index.php\/2024\/10\/14\/alcaldesa-de-villagran-anuncia-restructura-en-su-administracion\/","title":{"rendered":"ALCALDESA DE VILLAGRAN ANUNCIA RESTRUCTURA EN SU ADMINISTRACI\u00d3N."},"content":{"rendered":"<p>&nbsp;<\/p>\n<p>Villagr\u00e1n, Gto.14 de octubre de 2024.- La presidenta municipal, Cinthia Teniente Mendoza, anunci\u00f3 una reestructuraci\u00f3n en su administraci\u00f3n, con reducci\u00f3n de direcciones y fusi\u00f3n de \u00e1reas, adem\u00e1s de cumplir con la paridad de g\u00e9nero.<br \/>\nDe esta manera de los 24 espacios directivos que hay, con la fusi\u00f3n se reducir\u00e1n a 12, con igualdad de g\u00e9nero de seis mujeres y seis hombres, explic\u00f3 en entrevista, la alcaldesa.<br \/>\nAs\u00ed, la Oficial\u00eda Mayor desaparece y se convierte en la direcci\u00f3n de Recursos Humanos que estar\u00e1 encabezada por el licenciado Javier Gasca Laguna.<br \/>\nEn la Casa de la Cultura, que es ahora la sede de la Universidad SABES, estar\u00e1n educaci\u00f3n y cultura, a cargo de Clara Campos como directora general.<br \/>\nEn Desarrollo Social que ahora se convertir\u00e1 en la Direcci\u00f3n Social del Bienestar, su titular ser\u00e1 Juan Luis Serrano Lerma.<br \/>\nToda la recaudaci\u00f3n estar\u00e1 en Tesorer\u00eda con Fiscalizaci\u00f3n para el comercio establecido y los ambulantes, adem\u00e1s de fusionar a Catastro, y tendr\u00e1 como titular a Jos\u00e9 Ram\u00f3n Mu\u00f1oz Galv\u00e1n.<br \/>\nEn el despacho Jur\u00eddico que estar\u00e1 fusionado con Transparencia, estar\u00e1 a cargo de Jazm\u00edn Carmona.<br \/>\nEn Fomento Econ\u00f3mico que se ubicar\u00e1 junto con Atenci\u00f3n al Migrante estar\u00e1 a cargo de Heriberto L\u00f3pez Vargas.<br \/>\nEstos cambios, indic\u00f3 la Presidente Municipal, son m\u00e1s de forma que de fondo, principalmente para hacer una reubicaci\u00f3n de las dependencias que permitan atender mejor a la ciudadan\u00eda villagranense que as\u00ed lo requiera.<\/p>\n","protected":false},"excerpt":{"rendered":"<p>&nbsp; Villagr\u00e1n, Gto.14 de octubre de 2024.- La presidenta municipal, Cinthia Teniente Mendoza, anunci\u00f3 una reestructuraci\u00f3n en su administraci\u00f3n, con reducci\u00f3n de direcciones y fusi\u00f3n de \u00e1reas, adem\u00e1s de cumplir con la paridad de g\u00e9nero. De esta manera de los 24 espacios directivos que hay, con la fusi\u00f3n se reducir\u00e1n a 12, con igualdad de [&hellip;]<\/p>\n","protected":false},"author":1,"featured_media":8751,"comment_status":"open","ping_status":"closed","sticky":false,"template":"","format":"standard","meta":{"_jetpack_newsletter_access":"","_jetpack_dont_email_post_to_subs":false,"_jetpack_newsletter_tier_id":0,"_jetpack_memberships_contains_paywalled_content":false,"_jetpack_memberships_contains_paid_content":false,"footnotes":""},"categories":[85],"tags":[],"class_list":{"0":"post-8750","1":"post","2":"type-post","3":"status-publish","4":"format-standard","5":"has-post-thumbnail","7":"category-villagran"},"yoast_head":"<!-- This site is optimized with the Yoast SEO plugin v27.3 - https:\/\/yoast.com\/product\/yoast-seo-wordpress\/ -->\n<title>ALCALDESA DE VILLAGRAN ANUNCIA RESTRUCTURA EN SU ADMINISTRACI\u00d3N. - El Hijo del llanero solititito<\/title>\n<meta name=\"robots\" content=\"index, follow, max-snippet:-1, max-image-preview:large, max-video-preview:-1\" \/>\n<link rel=\"canonical\" href=\"https:\/\/elhijodelllanero.mx\/index.php\/2024\/10\/14\/alcaldesa-de-villagran-anuncia-restructura-en-su-administracion\/\" \/>\n<meta property=\"og:locale\" content=\"es_ES\" \/>\n<meta property=\"og:type\" content=\"article\" \/>\n<meta property=\"og:title\" content=\"ALCALDESA DE VILLAGRAN ANUNCIA RESTRUCTURA EN SU ADMINISTRACI\u00d3N. - El Hijo del llanero solititito\" \/>\n<meta property=\"og:description\" content=\"&nbsp; Villagr\u00e1n, Gto.14 de octubre de 2024.- La presidenta municipal, Cinthia Teniente Mendoza, anunci\u00f3 una reestructuraci\u00f3n en su administraci\u00f3n, con reducci\u00f3n de direcciones y fusi\u00f3n de \u00e1reas, adem\u00e1s de cumplir con la paridad de g\u00e9nero. De esta manera de los 24 espacios directivos que hay, con la fusi\u00f3n se reducir\u00e1n a 12, con igualdad de [&hellip;]\" \/>\n<meta property=\"og:url\" content=\"https:\/\/elhijodelllanero.mx\/index.php\/2024\/10\/14\/alcaldesa-de-villagran-anuncia-restructura-en-su-administracion\/\" \/>\n<meta property=\"og:site_name\" content=\"El Hijo del llanero solititito\" \/>\n<meta property=\"article:published_time\" content=\"2024-10-14T20:30:40+00:00\" \/>\n<meta property=\"og:image\" content=\"https:\/\/elhijodelllanero.mx\/wp-content\/uploads\/2024\/10\/IMG-20241014-WA0065.jpg\" \/>\n\t<meta property=\"og:image:width\" content=\"1496\" \/>\n\t<meta property=\"og:image:height\" content=\"1496\" \/>\n\t<meta property=\"og:image:type\" content=\"image\/jpeg\" \/>\n<meta name=\"author\" content=\"Redaccion\" \/>\n<meta name=\"twitter:card\" content=\"summary_large_image\" \/>\n<meta name=\"twitter:label1\" content=\"Escrito por\" \/>\n\t<meta name=\"twitter:data1\" content=\"Redaccion\" \/>\n\t<meta name=\"twitter:label2\" content=\"Tiempo de lectura\" \/>\n\t<meta name=\"twitter:data2\" content=\"2 minutos\" \/>\n<script type=\"application\/ld+json\" class=\"yoast-schema-graph\">{\"@context\":\"https:\\\/\\\/schema.org\",\"@graph\":[{\"@type\":\"Article\",\"@id\":\"https:\\\/\\\/elhijodelllanero.mx\\\/index.php\\\/2024\\\/10\\\/14\\\/alcaldesa-de-villagran-anuncia-restructura-en-su-administracion\\\/#article\",\"isPartOf\":{\"@id\":\"https:\\\/\\\/elhijodelllanero.mx\\\/index.php\\\/2024\\\/10\\\/14\\\/alcaldesa-de-villagran-anuncia-restructura-en-su-administracion\\\/\"},\"author\":{\"name\":\"Redaccion\",\"@id\":\"https:\\\/\\\/elhijodelllanero.mx\\\/#\\\/schema\\\/person\\\/5dcfdd3db3a6f7e7906ef5d92cf7340b\"},\"headline\":\"ALCALDESA DE VILLAGRAN ANUNCIA RESTRUCTURA EN SU ADMINISTRACI\u00d3N.\",\"datePublished\":\"2024-10-14T20:30:40+00:00\",\"mainEntityOfPage\":{\"@id\":\"https:\\\/\\\/elhijodelllanero.mx\\\/index.php\\\/2024\\\/10\\\/14\\\/alcaldesa-de-villagran-anuncia-restructura-en-su-administracion\\\/\"},\"wordCount\":269,\"commentCount\":0,\"image\":{\"@id\":\"https:\\\/\\\/elhijodelllanero.mx\\\/index.php\\\/2024\\\/10\\\/14\\\/alcaldesa-de-villagran-anuncia-restructura-en-su-administracion\\\/#primaryimage\"},\"thumbnailUrl\":\"https:\\\/\\\/i0.wp.com\\\/elhijodelllanero.mx\\\/wp-content\\\/uploads\\\/2024\\\/10\\\/IMG-20241014-WA0065.jpg?fit=1496%2C1496&ssl=1\",\"articleSection\":[\"Villagr\u00e1n\"],\"inLanguage\":\"es\",\"potentialAction\":[{\"@type\":\"CommentAction\",\"name\":\"Comment\",\"target\":[\"https:\\\/\\\/elhijodelllanero.mx\\\/index.php\\\/2024\\\/10\\\/14\\\/alcaldesa-de-villagran-anuncia-restructura-en-su-administracion\\\/#respond\"]}]},{\"@type\":\"WebPage\",\"@id\":\"https:\\\/\\\/elhijodelllanero.mx\\\/index.php\\\/2024\\\/10\\\/14\\\/alcaldesa-de-villagran-anuncia-restructura-en-su-administracion\\\/\",\"url\":\"https:\\\/\\\/elhijodelllanero.mx\\\/index.php\\\/2024\\\/10\\\/14\\\/alcaldesa-de-villagran-anuncia-restructura-en-su-administracion\\\/\",\"name\":\"ALCALDESA DE VILLAGRAN ANUNCIA RESTRUCTURA EN SU ADMINISTRACI\u00d3N. - El Hijo del llanero solititito\",\"isPartOf\":{\"@id\":\"https:\\\/\\\/elhijodelllanero.mx\\\/#website\"},\"primaryImageOfPage\":{\"@id\":\"https:\\\/\\\/elhijodelllanero.mx\\\/index.php\\\/2024\\\/10\\\/14\\\/alcaldesa-de-villagran-anuncia-restructura-en-su-administracion\\\/#primaryimage\"},\"image\":{\"@id\":\"https:\\\/\\\/elhijodelllanero.mx\\\/index.php\\\/2024\\\/10\\\/14\\\/alcaldesa-de-villagran-anuncia-restructura-en-su-administracion\\\/#primaryimage\"},\"thumbnailUrl\":\"https:\\\/\\\/i0.wp.com\\\/elhijodelllanero.mx\\\/wp-content\\\/uploads\\\/2024\\\/10\\\/IMG-20241014-WA0065.jpg?fit=1496%2C1496&ssl=1\",\"datePublished\":\"2024-10-14T20:30:40+00:00\",\"author\":{\"@id\":\"https:\\\/\\\/elhijodelllanero.mx\\\/#\\\/schema\\\/person\\\/5dcfdd3db3a6f7e7906ef5d92cf7340b\"},\"breadcrumb\":{\"@id\":\"https:\\\/\\\/elhijodelllanero.mx\\\/index.php\\\/2024\\\/10\\\/14\\\/alcaldesa-de-villagran-anuncia-restructura-en-su-administracion\\\/#breadcrumb\"},\"inLanguage\":\"es\",\"potentialAction\":[{\"@type\":\"ReadAction\",\"target\":[\"https:\\\/\\\/elhijodelllanero.mx\\\/index.php\\\/2024\\\/10\\\/14\\\/alcaldesa-de-villagran-anuncia-restructura-en-su-administracion\\\/\"]}]},{\"@type\":\"ImageObject\",\"inLanguage\":\"es\",\"@id\":\"https:\\\/\\\/elhijodelllanero.mx\\\/index.php\\\/2024\\\/10\\\/14\\\/alcaldesa-de-villagran-anuncia-restructura-en-su-administracion\\\/#primaryimage\",\"url\":\"https:\\\/\\\/i0.wp.com\\\/elhijodelllanero.mx\\\/wp-content\\\/uploads\\\/2024\\\/10\\\/IMG-20241014-WA0065.jpg?fit=1496%2C1496&ssl=1\",\"contentUrl\":\"https:\\\/\\\/i0.wp.com\\\/elhijodelllanero.mx\\\/wp-content\\\/uploads\\\/2024\\\/10\\\/IMG-20241014-WA0065.jpg?fit=1496%2C1496&ssl=1\",\"width\":1496,\"height\":1496},{\"@type\":\"BreadcrumbList\",\"@id\":\"https:\\\/\\\/elhijodelllanero.mx\\\/index.php\\\/2024\\\/10\\\/14\\\/alcaldesa-de-villagran-anuncia-restructura-en-su-administracion\\\/#breadcrumb\",\"itemListElement\":[{\"@type\":\"ListItem\",\"position\":1,\"name\":\"Portada\",\"item\":\"https:\\\/\\\/elhijodelllanero.mx\\\/\"},{\"@type\":\"ListItem\",\"position\":2,\"name\":\"ALCALDESA DE VILLAGRAN ANUNCIA RESTRUCTURA EN SU ADMINISTRACI\u00d3N.\"}]},{\"@type\":\"WebSite\",\"@id\":\"https:\\\/\\\/elhijodelllanero.mx\\\/#website\",\"url\":\"https:\\\/\\\/elhijodelllanero.mx\\\/\",\"name\":\"El Hijo del llanero solititito\",\"description\":\"\",\"potentialAction\":[{\"@type\":\"SearchAction\",\"target\":{\"@type\":\"EntryPoint\",\"urlTemplate\":\"https:\\\/\\\/elhijodelllanero.mx\\\/?s={search_term_string}\"},\"query-input\":{\"@type\":\"PropertyValueSpecification\",\"valueRequired\":true,\"valueName\":\"search_term_string\"}}],\"inLanguage\":\"es\"},{\"@type\":\"Person\",\"@id\":\"https:\\\/\\\/elhijodelllanero.mx\\\/#\\\/schema\\\/person\\\/5dcfdd3db3a6f7e7906ef5d92cf7340b\",\"name\":\"Redaccion\",\"image\":{\"@type\":\"ImageObject\",\"inLanguage\":\"es\",\"@id\":\"https:\\\/\\\/secure.gravatar.com\\\/avatar\\\/f65b913d6e7be363e7396f7fad32ab76d311fbb575fa7e623ec3ea4799f3b718?s=96&d=mm&r=g\",\"url\":\"https:\\\/\\\/secure.gravatar.com\\\/avatar\\\/f65b913d6e7be363e7396f7fad32ab76d311fbb575fa7e623ec3ea4799f3b718?s=96&d=mm&r=g\",\"contentUrl\":\"https:\\\/\\\/secure.gravatar.com\\\/avatar\\\/f65b913d6e7be363e7396f7fad32ab76d311fbb575fa7e623ec3ea4799f3b718?s=96&d=mm&r=g\",\"caption\":\"Redaccion\"},\"sameAs\":[\"https:\\\/\\\/www.elhijodelllanero.mx\"],\"url\":\"https:\\\/\\\/elhijodelllanero.mx\\\/index.php\\\/author\\\/admin_6smc8z8t\\\/\"}]}<\/script>\n<!-- \/ Yoast SEO plugin. -->","yoast_head_json":{"title":"ALCALDESA DE VILLAGRAN ANUNCIA RESTRUCTURA EN SU ADMINISTRACI\u00d3N. - El Hijo del llanero solititito","robots":{"index":"index","follow":"follow","max-snippet":"max-snippet:-1","max-image-preview":"max-image-preview:large","max-video-preview":"max-video-preview:-1"},"canonical":"https:\/\/elhijodelllanero.mx\/index.php\/2024\/10\/14\/alcaldesa-de-villagran-anuncia-restructura-en-su-administracion\/","og_locale":"es_ES","og_type":"article","og_title":"ALCALDESA DE VILLAGRAN ANUNCIA RESTRUCTURA EN SU ADMINISTRACI\u00d3N. - El Hijo del llanero solititito","og_description":"&nbsp; Villagr\u00e1n, Gto.14 de octubre de 2024.- La presidenta municipal, Cinthia Teniente Mendoza, anunci\u00f3 una reestructuraci\u00f3n en su administraci\u00f3n, con reducci\u00f3n de direcciones y fusi\u00f3n de \u00e1reas, adem\u00e1s de cumplir con la paridad de g\u00e9nero. De esta manera de los 24 espacios directivos que hay, con la fusi\u00f3n se reducir\u00e1n a 12, con igualdad de [&hellip;]","og_url":"https:\/\/elhijodelllanero.mx\/index.php\/2024\/10\/14\/alcaldesa-de-villagran-anuncia-restructura-en-su-administracion\/","og_site_name":"El Hijo del llanero solititito","article_published_time":"2024-10-14T20:30:40+00:00","og_image":[{"width":1496,"height":1496,"url":"https:\/\/elhijodelllanero.mx\/wp-content\/uploads\/2024\/10\/IMG-20241014-WA0065.jpg","type":"image\/jpeg"}],"author":"Redaccion","twitter_card":"summary_large_image","twitter_misc":{"Escrito por":"Redaccion","Tiempo de lectura":"2 minutos"},"schema":{"@context":"https:\/\/schema.org","@graph":[{"@type":"Article","@id":"https:\/\/elhijodelllanero.mx\/index.php\/2024\/10\/14\/alcaldesa-de-villagran-anuncia-restructura-en-su-administracion\/#article","isPartOf":{"@id":"https:\/\/elhijodelllanero.mx\/index.php\/2024\/10\/14\/alcaldesa-de-villagran-anuncia-restructura-en-su-administracion\/"},"author":{"name":"Redaccion","@id":"https:\/\/elhijodelllanero.mx\/#\/schema\/person\/5dcfdd3db3a6f7e7906ef5d92cf7340b"},"headline":"ALCALDESA DE VILLAGRAN ANUNCIA RESTRUCTURA EN SU ADMINISTRACI\u00d3N.","datePublished":"2024-10-14T20:30:40+00:00","mainEntityOfPage":{"@id":"https:\/\/elhijodelllanero.mx\/index.php\/2024\/10\/14\/alcaldesa-de-villagran-anuncia-restructura-en-su-administracion\/"},"wordCount":269,"commentCount":0,"image":{"@id":"https:\/\/elhijodelllanero.mx\/index.php\/2024\/10\/14\/alcaldesa-de-villagran-anuncia-restructura-en-su-administracion\/#primaryimage"},"thumbnailUrl":"https:\/\/i0.wp.com\/elhijodelllanero.mx\/wp-content\/uploads\/2024\/10\/IMG-20241014-WA0065.jpg?fit=1496%2C1496&ssl=1","articleSection":["Villagr\u00e1n"],"inLanguage":"es","potentialAction":[{"@type":"CommentAction","name":"Comment","target":["https:\/\/elhijodelllanero.mx\/index.php\/2024\/10\/14\/alcaldesa-de-villagran-anuncia-restructura-en-su-administracion\/#respond"]}]},{"@type":"WebPage","@id":"https:\/\/elhijodelllanero.mx\/index.php\/2024\/10\/14\/alcaldesa-de-villagran-anuncia-restructura-en-su-administracion\/","url":"https:\/\/elhijodelllanero.mx\/index.php\/2024\/10\/14\/alcaldesa-de-villagran-anuncia-restructura-en-su-administracion\/","name":"ALCALDESA DE VILLAGRAN ANUNCIA RESTRUCTURA EN SU ADMINISTRACI\u00d3N. - El Hijo del llanero solititito","isPartOf":{"@id":"https:\/\/elhijodelllanero.mx\/#website"},"primaryImageOfPage":{"@id":"https:\/\/elhijodelllanero.mx\/index.php\/2024\/10\/14\/alcaldesa-de-villagran-anuncia-restructura-en-su-administracion\/#primaryimage"},"image":{"@id":"https:\/\/elhijodelllanero.mx\/index.php\/2024\/10\/14\/alcaldesa-de-villagran-anuncia-restructura-en-su-administracion\/#primaryimage"},"thumbnailUrl":"https:\/\/i0.wp.com\/elhijodelllanero.mx\/wp-content\/uploads\/2024\/10\/IMG-20241014-WA0065.jpg?fit=1496%2C1496&ssl=1","datePublished":"2024-10-14T20:30:40+00:00","author":{"@id":"https:\/\/elhijodelllanero.mx\/#\/schema\/person\/5dcfdd3db3a6f7e7906ef5d92cf7340b"},"breadcrumb":{"@id":"https:\/\/elhijodelllanero.mx\/index.php\/2024\/10\/14\/alcaldesa-de-villagran-anuncia-restructura-en-su-administracion\/#breadcrumb"},"inLanguage":"es","potentialAction":[{"@type":"ReadAction","target":["https:\/\/elhijodelllanero.mx\/index.php\/2024\/10\/14\/alcaldesa-de-villagran-anuncia-restructura-en-su-administracion\/"]}]},{"@type":"ImageObject","inLanguage":"es","@id":"https:\/\/elhijodelllanero.mx\/index.php\/2024\/10\/14\/alcaldesa-de-villagran-anuncia-restructura-en-su-administracion\/#primaryimage","url":"https:\/\/i0.wp.com\/elhijodelllanero.mx\/wp-content\/uploads\/2024\/10\/IMG-20241014-WA0065.jpg?fit=1496%2C1496&ssl=1","contentUrl":"https:\/\/i0.wp.com\/elhijodelllanero.mx\/wp-content\/uploads\/2024\/10\/IMG-20241014-WA0065.jpg?fit=1496%2C1496&ssl=1","width":1496,"height":1496},{"@type":"BreadcrumbList","@id":"https:\/\/elhijodelllanero.mx\/index.php\/2024\/10\/14\/alcaldesa-de-villagran-anuncia-restructura-en-su-administracion\/#breadcrumb","itemListElement":[{"@type":"ListItem","position":1,"name":"Portada","item":"https:\/\/elhijodelllanero.mx\/"},{"@type":"ListItem","position":2,"name":"ALCALDESA DE VILLAGRAN ANUNCIA RESTRUCTURA EN SU ADMINISTRACI\u00d3N."}]},{"@type":"WebSite","@id":"https:\/\/elhijodelllanero.mx\/#website","url":"https:\/\/elhijodelllanero.mx\/","name":"El Hijo del llanero solititito","description":"","potentialAction":[{"@type":"SearchAction","target":{"@type":"EntryPoint","urlTemplate":"https:\/\/elhijodelllanero.mx\/?s={search_term_string}"},"query-input":{"@type":"PropertyValueSpecification","valueRequired":true,"valueName":"search_term_string"}}],"inLanguage":"es"},{"@type":"Person","@id":"https:\/\/elhijodelllanero.mx\/#\/schema\/person\/5dcfdd3db3a6f7e7906ef5d92cf7340b","name":"Redaccion","image":{"@type":"ImageObject","inLanguage":"es","@id":"https:\/\/secure.gravatar.com\/avatar\/f65b913d6e7be363e7396f7fad32ab76d311fbb575fa7e623ec3ea4799f3b718?s=96&d=mm&r=g","url":"https:\/\/secure.gravatar.com\/avatar\/f65b913d6e7be363e7396f7fad32ab76d311fbb575fa7e623ec3ea4799f3b718?s=96&d=mm&r=g","contentUrl":"https:\/\/secure.gravatar.com\/avatar\/f65b913d6e7be363e7396f7fad32ab76d311fbb575fa7e623ec3ea4799f3b718?s=96&d=mm&r=g","caption":"Redaccion"},"sameAs":["https:\/\/www.elhijodelllanero.mx"],"url":"https:\/\/elhijodelllanero.mx\/index.php\/author\/admin_6smc8z8t\/"}]}},"jetpack_featured_media_url":"https:\/\/i0.wp.com\/elhijodelllanero.mx\/wp-content\/uploads\/2024\/10\/IMG-20241014-WA0065.jpg?fit=1496%2C1496&ssl=1","jetpack-related-posts":[],"jetpack_sharing_enabled":true,"_links":{"self":[{"href":"https:\/\/elhijodelllanero.mx\/index.php\/wp-json\/wp\/v2\/posts\/8750","targetHints":{"allow":["GET"]}}],"collection":[{"href":"https:\/\/elhijodelllanero.mx\/index.php\/wp-json\/wp\/v2\/posts"}],"about":[{"href":"https:\/\/elhijodelllanero.mx\/index.php\/wp-json\/wp\/v2\/types\/post"}],"author":[{"embeddable":true,"href":"https:\/\/elhijodelllanero.mx\/index.php\/wp-json\/wp\/v2\/users\/1"}],"replies":[{"embeddable":true,"href":"https:\/\/elhijodelllanero.mx\/index.php\/wp-json\/wp\/v2\/comments?post=8750"}],"version-history":[{"count":1,"href":"https:\/\/elhijodelllanero.mx\/index.php\/wp-json\/wp\/v2\/posts\/8750\/revisions"}],"predecessor-version":[{"id":8752,"href":"https:\/\/elhijodelllanero.mx\/index.php\/wp-json\/wp\/v2\/posts\/8750\/revisions\/8752"}],"wp:featuredmedia":[{"embeddable":true,"href":"https:\/\/elhijodelllanero.mx\/index.php\/wp-json\/wp\/v2\/media\/8751"}],"wp:attachment":[{"href":"https:\/\/elhijodelllanero.mx\/index.php\/wp-json\/wp\/v2\/media?parent=8750"}],"wp:term":[{"taxonomy":"category","embeddable":true,"href":"https:\/\/elhijodelllanero.mx\/index.php\/wp-json\/wp\/v2\/categories?post=8750"},{"taxonomy":"post_tag","embeddable":true,"href":"https:\/\/elhijodelllanero.mx\/index.php\/wp-json\/wp\/v2\/tags?post=8750"}],"curies":[{"name":"wp","href":"https:\/\/api.w.org\/{rel}","templated":true}]}}