{"id":8826,"date":"2024-10-25T21:17:32","date_gmt":"2024-10-25T21:17:32","guid":{"rendered":"https:\/\/elhijodelllanero.mx\/?p=8826"},"modified":"2024-10-25T21:17:32","modified_gmt":"2024-10-25T21:17:32","slug":"alcalde-de-cortazar-solicitara-adelanto-de-particopaciones","status":"publish","type":"post","link":"https:\/\/elhijodelllanero.mx\/index.php\/2024\/10\/25\/alcalde-de-cortazar-solicitara-adelanto-de-particopaciones\/","title":{"rendered":"ALCALDE DE CORTAZAR SOLICITAR\u00c1 ADELANTO DE PARTICOPACIONES"},"content":{"rendered":"<p>&nbsp;<\/p>\n<p>Cortazar, Gto. 25 de octubre del 2024.- Ante la falta de recursos en las arcas municipales y gastos por cubrir que no pueden esperar como la n\u00f3mina, el presidente municipal de Cortazar, Mauricio Estefan\u00eda Torres,<br \/>\nsolicit\u00f3 al estado, 12 millones de pesos de adelanto de participaciones.<br \/>\nSe\u00f1al\u00f3 que ser\u00e1 para cubrir diversos gastos, como el de la feria de Todos Santos 2024.<br \/>\nAnte ello, indic\u00f3 que ya se present\u00f3 la propuesta al pleno del Ayuntamiento, donde se contempla un pago de esta deuda de alrededor de un mill\u00f3n por mes, para liquidarse en un a\u00f1o.<br \/>\nLos gastos que se cubrir\u00e1n son la n\u00f3mina municipal, para la operaci\u00f3n de DIF municipal y para el pago a la empresa responsable de la feria de Todos Santos 2024.<\/p>\n","protected":false},"excerpt":{"rendered":"<p>&nbsp; Cortazar, Gto. 25 de octubre del 2024.- Ante la falta de recursos en las arcas municipales y gastos por cubrir que no pueden esperar como la n\u00f3mina, el presidente municipal de Cortazar, Mauricio Estefan\u00eda Torres, solicit\u00f3 al estado, 12 millones de pesos de adelanto de participaciones. Se\u00f1al\u00f3 que ser\u00e1 para cubrir diversos gastos, como [&hellip;]<\/p>\n","protected":false},"author":1,"featured_media":8827,"comment_status":"open","ping_status":"closed","sticky":false,"template":"","format":"standard","meta":{"_jetpack_newsletter_access":"","_jetpack_dont_email_post_to_subs":false,"_jetpack_newsletter_tier_id":0,"_jetpack_memberships_contains_paywalled_content":false,"_jetpack_memberships_contains_paid_content":false,"footnotes":""},"categories":[77],"tags":[],"class_list":{"0":"post-8826","1":"post","2":"type-post","3":"status-publish","4":"format-standard","5":"has-post-thumbnail","7":"category-cortazar"},"yoast_head":"<!-- This site is optimized with the Yoast SEO plugin v27.3 - https:\/\/yoast.com\/product\/yoast-seo-wordpress\/ -->\n<title>ALCALDE DE CORTAZAR SOLICITAR\u00c1 ADELANTO DE PARTICOPACIONES - El Hijo del llanero solititito<\/title>\n<meta name=\"robots\" content=\"index, follow, max-snippet:-1, max-image-preview:large, max-video-preview:-1\" \/>\n<link rel=\"canonical\" href=\"https:\/\/elhijodelllanero.mx\/index.php\/2024\/10\/25\/alcalde-de-cortazar-solicitara-adelanto-de-particopaciones\/\" \/>\n<meta property=\"og:locale\" content=\"es_ES\" \/>\n<meta property=\"og:type\" content=\"article\" \/>\n<meta property=\"og:title\" content=\"ALCALDE DE CORTAZAR SOLICITAR\u00c1 ADELANTO DE PARTICOPACIONES - El Hijo del llanero solititito\" \/>\n<meta property=\"og:description\" content=\"&nbsp; Cortazar, Gto. 25 de octubre del 2024.- Ante la falta de recursos en las arcas municipales y gastos por cubrir que no pueden esperar como la n\u00f3mina, el presidente municipal de Cortazar, Mauricio Estefan\u00eda Torres, solicit\u00f3 al estado, 12 millones de pesos de adelanto de participaciones. Se\u00f1al\u00f3 que ser\u00e1 para cubrir diversos gastos, como [&hellip;]\" \/>\n<meta property=\"og:url\" content=\"https:\/\/elhijodelllanero.mx\/index.php\/2024\/10\/25\/alcalde-de-cortazar-solicitara-adelanto-de-particopaciones\/\" \/>\n<meta property=\"og:site_name\" content=\"El Hijo del llanero solititito\" \/>\n<meta property=\"article:published_time\" content=\"2024-10-25T21:17:32+00:00\" \/>\n<meta property=\"og:image\" content=\"https:\/\/elhijodelllanero.mx\/wp-content\/uploads\/2024\/10\/IMG-20241025-WA0054.jpg\" \/>\n\t<meta property=\"og:image:width\" content=\"879\" \/>\n\t<meta property=\"og:image:height\" content=\"599\" \/>\n\t<meta property=\"og:image:type\" content=\"image\/jpeg\" \/>\n<meta name=\"author\" content=\"Redaccion\" \/>\n<meta name=\"twitter:card\" content=\"summary_large_image\" \/>\n<meta name=\"twitter:label1\" content=\"Escrito por\" \/>\n\t<meta name=\"twitter:data1\" content=\"Redaccion\" \/>\n\t<meta name=\"twitter:label2\" content=\"Tiempo de lectura\" \/>\n\t<meta name=\"twitter:data2\" content=\"1 minuto\" \/>\n<script type=\"application\/ld+json\" class=\"yoast-schema-graph\">{\"@context\":\"https:\\\/\\\/schema.org\",\"@graph\":[{\"@type\":\"Article\",\"@id\":\"https:\\\/\\\/elhijodelllanero.mx\\\/index.php\\\/2024\\\/10\\\/25\\\/alcalde-de-cortazar-solicitara-adelanto-de-particopaciones\\\/#article\",\"isPartOf\":{\"@id\":\"https:\\\/\\\/elhijodelllanero.mx\\\/index.php\\\/2024\\\/10\\\/25\\\/alcalde-de-cortazar-solicitara-adelanto-de-particopaciones\\\/\"},\"author\":{\"name\":\"Redaccion\",\"@id\":\"https:\\\/\\\/elhijodelllanero.mx\\\/#\\\/schema\\\/person\\\/5dcfdd3db3a6f7e7906ef5d92cf7340b\"},\"headline\":\"ALCALDE DE CORTAZAR SOLICITAR\u00c1 ADELANTO DE PARTICOPACIONES\",\"datePublished\":\"2024-10-25T21:17:32+00:00\",\"mainEntityOfPage\":{\"@id\":\"https:\\\/\\\/elhijodelllanero.mx\\\/index.php\\\/2024\\\/10\\\/25\\\/alcalde-de-cortazar-solicitara-adelanto-de-particopaciones\\\/\"},\"wordCount\":137,\"commentCount\":0,\"image\":{\"@id\":\"https:\\\/\\\/elhijodelllanero.mx\\\/index.php\\\/2024\\\/10\\\/25\\\/alcalde-de-cortazar-solicitara-adelanto-de-particopaciones\\\/#primaryimage\"},\"thumbnailUrl\":\"https:\\\/\\\/i0.wp.com\\\/elhijodelllanero.mx\\\/wp-content\\\/uploads\\\/2024\\\/10\\\/IMG-20241025-WA0054.jpg?fit=879%2C599&ssl=1\",\"articleSection\":[\"CORTAZAR\"],\"inLanguage\":\"es\",\"potentialAction\":[{\"@type\":\"CommentAction\",\"name\":\"Comment\",\"target\":[\"https:\\\/\\\/elhijodelllanero.mx\\\/index.php\\\/2024\\\/10\\\/25\\\/alcalde-de-cortazar-solicitara-adelanto-de-particopaciones\\\/#respond\"]}]},{\"@type\":\"WebPage\",\"@id\":\"https:\\\/\\\/elhijodelllanero.mx\\\/index.php\\\/2024\\\/10\\\/25\\\/alcalde-de-cortazar-solicitara-adelanto-de-particopaciones\\\/\",\"url\":\"https:\\\/\\\/elhijodelllanero.mx\\\/index.php\\\/2024\\\/10\\\/25\\\/alcalde-de-cortazar-solicitara-adelanto-de-particopaciones\\\/\",\"name\":\"ALCALDE DE CORTAZAR SOLICITAR\u00c1 ADELANTO DE PARTICOPACIONES - El Hijo del llanero solititito\",\"isPartOf\":{\"@id\":\"https:\\\/\\\/elhijodelllanero.mx\\\/#website\"},\"primaryImageOfPage\":{\"@id\":\"https:\\\/\\\/elhijodelllanero.mx\\\/index.php\\\/2024\\\/10\\\/25\\\/alcalde-de-cortazar-solicitara-adelanto-de-particopaciones\\\/#primaryimage\"},\"image\":{\"@id\":\"https:\\\/\\\/elhijodelllanero.mx\\\/index.php\\\/2024\\\/10\\\/25\\\/alcalde-de-cortazar-solicitara-adelanto-de-particopaciones\\\/#primaryimage\"},\"thumbnailUrl\":\"https:\\\/\\\/i0.wp.com\\\/elhijodelllanero.mx\\\/wp-content\\\/uploads\\\/2024\\\/10\\\/IMG-20241025-WA0054.jpg?fit=879%2C599&ssl=1\",\"datePublished\":\"2024-10-25T21:17:32+00:00\",\"author\":{\"@id\":\"https:\\\/\\\/elhijodelllanero.mx\\\/#\\\/schema\\\/person\\\/5dcfdd3db3a6f7e7906ef5d92cf7340b\"},\"breadcrumb\":{\"@id\":\"https:\\\/\\\/elhijodelllanero.mx\\\/index.php\\\/2024\\\/10\\\/25\\\/alcalde-de-cortazar-solicitara-adelanto-de-particopaciones\\\/#breadcrumb\"},\"inLanguage\":\"es\",\"potentialAction\":[{\"@type\":\"ReadAction\",\"target\":[\"https:\\\/\\\/elhijodelllanero.mx\\\/index.php\\\/2024\\\/10\\\/25\\\/alcalde-de-cortazar-solicitara-adelanto-de-particopaciones\\\/\"]}]},{\"@type\":\"ImageObject\",\"inLanguage\":\"es\",\"@id\":\"https:\\\/\\\/elhijodelllanero.mx\\\/index.php\\\/2024\\\/10\\\/25\\\/alcalde-de-cortazar-solicitara-adelanto-de-particopaciones\\\/#primaryimage\",\"url\":\"https:\\\/\\\/i0.wp.com\\\/elhijodelllanero.mx\\\/wp-content\\\/uploads\\\/2024\\\/10\\\/IMG-20241025-WA0054.jpg?fit=879%2C599&ssl=1\",\"contentUrl\":\"https:\\\/\\\/i0.wp.com\\\/elhijodelllanero.mx\\\/wp-content\\\/uploads\\\/2024\\\/10\\\/IMG-20241025-WA0054.jpg?fit=879%2C599&ssl=1\",\"width\":879,\"height\":599},{\"@type\":\"BreadcrumbList\",\"@id\":\"https:\\\/\\\/elhijodelllanero.mx\\\/index.php\\\/2024\\\/10\\\/25\\\/alcalde-de-cortazar-solicitara-adelanto-de-particopaciones\\\/#breadcrumb\",\"itemListElement\":[{\"@type\":\"ListItem\",\"position\":1,\"name\":\"Portada\",\"item\":\"https:\\\/\\\/elhijodelllanero.mx\\\/\"},{\"@type\":\"ListItem\",\"position\":2,\"name\":\"ALCALDE DE CORTAZAR SOLICITAR\u00c1 ADELANTO DE PARTICOPACIONES\"}]},{\"@type\":\"WebSite\",\"@id\":\"https:\\\/\\\/elhijodelllanero.mx\\\/#website\",\"url\":\"https:\\\/\\\/elhijodelllanero.mx\\\/\",\"name\":\"El Hijo del llanero solititito\",\"description\":\"\",\"potentialAction\":[{\"@type\":\"SearchAction\",\"target\":{\"@type\":\"EntryPoint\",\"urlTemplate\":\"https:\\\/\\\/elhijodelllanero.mx\\\/?s={search_term_string}\"},\"query-input\":{\"@type\":\"PropertyValueSpecification\",\"valueRequired\":true,\"valueName\":\"search_term_string\"}}],\"inLanguage\":\"es\"},{\"@type\":\"Person\",\"@id\":\"https:\\\/\\\/elhijodelllanero.mx\\\/#\\\/schema\\\/person\\\/5dcfdd3db3a6f7e7906ef5d92cf7340b\",\"name\":\"Redaccion\",\"image\":{\"@type\":\"ImageObject\",\"inLanguage\":\"es\",\"@id\":\"https:\\\/\\\/secure.gravatar.com\\\/avatar\\\/f65b913d6e7be363e7396f7fad32ab76d311fbb575fa7e623ec3ea4799f3b718?s=96&d=mm&r=g\",\"url\":\"https:\\\/\\\/secure.gravatar.com\\\/avatar\\\/f65b913d6e7be363e7396f7fad32ab76d311fbb575fa7e623ec3ea4799f3b718?s=96&d=mm&r=g\",\"contentUrl\":\"https:\\\/\\\/secure.gravatar.com\\\/avatar\\\/f65b913d6e7be363e7396f7fad32ab76d311fbb575fa7e623ec3ea4799f3b718?s=96&d=mm&r=g\",\"caption\":\"Redaccion\"},\"sameAs\":[\"https:\\\/\\\/www.elhijodelllanero.mx\"],\"url\":\"https:\\\/\\\/elhijodelllanero.mx\\\/index.php\\\/author\\\/admin_6smc8z8t\\\/\"}]}<\/script>\n<!-- \/ Yoast SEO plugin. -->","yoast_head_json":{"title":"ALCALDE DE CORTAZAR SOLICITAR\u00c1 ADELANTO DE PARTICOPACIONES - El Hijo del llanero solititito","robots":{"index":"index","follow":"follow","max-snippet":"max-snippet:-1","max-image-preview":"max-image-preview:large","max-video-preview":"max-video-preview:-1"},"canonical":"https:\/\/elhijodelllanero.mx\/index.php\/2024\/10\/25\/alcalde-de-cortazar-solicitara-adelanto-de-particopaciones\/","og_locale":"es_ES","og_type":"article","og_title":"ALCALDE DE CORTAZAR SOLICITAR\u00c1 ADELANTO DE PARTICOPACIONES - El Hijo del llanero solititito","og_description":"&nbsp; Cortazar, Gto. 25 de octubre del 2024.- Ante la falta de recursos en las arcas municipales y gastos por cubrir que no pueden esperar como la n\u00f3mina, el presidente municipal de Cortazar, Mauricio Estefan\u00eda Torres, solicit\u00f3 al estado, 12 millones de pesos de adelanto de participaciones. Se\u00f1al\u00f3 que ser\u00e1 para cubrir diversos gastos, como [&hellip;]","og_url":"https:\/\/elhijodelllanero.mx\/index.php\/2024\/10\/25\/alcalde-de-cortazar-solicitara-adelanto-de-particopaciones\/","og_site_name":"El Hijo del llanero solititito","article_published_time":"2024-10-25T21:17:32+00:00","og_image":[{"width":879,"height":599,"url":"https:\/\/elhijodelllanero.mx\/wp-content\/uploads\/2024\/10\/IMG-20241025-WA0054.jpg","type":"image\/jpeg"}],"author":"Redaccion","twitter_card":"summary_large_image","twitter_misc":{"Escrito por":"Redaccion","Tiempo de lectura":"1 minuto"},"schema":{"@context":"https:\/\/schema.org","@graph":[{"@type":"Article","@id":"https:\/\/elhijodelllanero.mx\/index.php\/2024\/10\/25\/alcalde-de-cortazar-solicitara-adelanto-de-particopaciones\/#article","isPartOf":{"@id":"https:\/\/elhijodelllanero.mx\/index.php\/2024\/10\/25\/alcalde-de-cortazar-solicitara-adelanto-de-particopaciones\/"},"author":{"name":"Redaccion","@id":"https:\/\/elhijodelllanero.mx\/#\/schema\/person\/5dcfdd3db3a6f7e7906ef5d92cf7340b"},"headline":"ALCALDE DE CORTAZAR SOLICITAR\u00c1 ADELANTO DE PARTICOPACIONES","datePublished":"2024-10-25T21:17:32+00:00","mainEntityOfPage":{"@id":"https:\/\/elhijodelllanero.mx\/index.php\/2024\/10\/25\/alcalde-de-cortazar-solicitara-adelanto-de-particopaciones\/"},"wordCount":137,"commentCount":0,"image":{"@id":"https:\/\/elhijodelllanero.mx\/index.php\/2024\/10\/25\/alcalde-de-cortazar-solicitara-adelanto-de-particopaciones\/#primaryimage"},"thumbnailUrl":"https:\/\/i0.wp.com\/elhijodelllanero.mx\/wp-content\/uploads\/2024\/10\/IMG-20241025-WA0054.jpg?fit=879%2C599&ssl=1","articleSection":["CORTAZAR"],"inLanguage":"es","potentialAction":[{"@type":"CommentAction","name":"Comment","target":["https:\/\/elhijodelllanero.mx\/index.php\/2024\/10\/25\/alcalde-de-cortazar-solicitara-adelanto-de-particopaciones\/#respond"]}]},{"@type":"WebPage","@id":"https:\/\/elhijodelllanero.mx\/index.php\/2024\/10\/25\/alcalde-de-cortazar-solicitara-adelanto-de-particopaciones\/","url":"https:\/\/elhijodelllanero.mx\/index.php\/2024\/10\/25\/alcalde-de-cortazar-solicitara-adelanto-de-particopaciones\/","name":"ALCALDE DE CORTAZAR SOLICITAR\u00c1 ADELANTO DE PARTICOPACIONES - El Hijo del llanero solititito","isPartOf":{"@id":"https:\/\/elhijodelllanero.mx\/#website"},"primaryImageOfPage":{"@id":"https:\/\/elhijodelllanero.mx\/index.php\/2024\/10\/25\/alcalde-de-cortazar-solicitara-adelanto-de-particopaciones\/#primaryimage"},"image":{"@id":"https:\/\/elhijodelllanero.mx\/index.php\/2024\/10\/25\/alcalde-de-cortazar-solicitara-adelanto-de-particopaciones\/#primaryimage"},"thumbnailUrl":"https:\/\/i0.wp.com\/elhijodelllanero.mx\/wp-content\/uploads\/2024\/10\/IMG-20241025-WA0054.jpg?fit=879%2C599&ssl=1","datePublished":"2024-10-25T21:17:32+00:00","author":{"@id":"https:\/\/elhijodelllanero.mx\/#\/schema\/person\/5dcfdd3db3a6f7e7906ef5d92cf7340b"},"breadcrumb":{"@id":"https:\/\/elhijodelllanero.mx\/index.php\/2024\/10\/25\/alcalde-de-cortazar-solicitara-adelanto-de-particopaciones\/#breadcrumb"},"inLanguage":"es","potentialAction":[{"@type":"ReadAction","target":["https:\/\/elhijodelllanero.mx\/index.php\/2024\/10\/25\/alcalde-de-cortazar-solicitara-adelanto-de-particopaciones\/"]}]},{"@type":"ImageObject","inLanguage":"es","@id":"https:\/\/elhijodelllanero.mx\/index.php\/2024\/10\/25\/alcalde-de-cortazar-solicitara-adelanto-de-particopaciones\/#primaryimage","url":"https:\/\/i0.wp.com\/elhijodelllanero.mx\/wp-content\/uploads\/2024\/10\/IMG-20241025-WA0054.jpg?fit=879%2C599&ssl=1","contentUrl":"https:\/\/i0.wp.com\/elhijodelllanero.mx\/wp-content\/uploads\/2024\/10\/IMG-20241025-WA0054.jpg?fit=879%2C599&ssl=1","width":879,"height":599},{"@type":"BreadcrumbList","@id":"https:\/\/elhijodelllanero.mx\/index.php\/2024\/10\/25\/alcalde-de-cortazar-solicitara-adelanto-de-particopaciones\/#breadcrumb","itemListElement":[{"@type":"ListItem","position":1,"name":"Portada","item":"https:\/\/elhijodelllanero.mx\/"},{"@type":"ListItem","position":2,"name":"ALCALDE DE CORTAZAR SOLICITAR\u00c1 ADELANTO DE PARTICOPACIONES"}]},{"@type":"WebSite","@id":"https:\/\/elhijodelllanero.mx\/#website","url":"https:\/\/elhijodelllanero.mx\/","name":"El Hijo del llanero solititito","description":"","potentialAction":[{"@type":"SearchAction","target":{"@type":"EntryPoint","urlTemplate":"https:\/\/elhijodelllanero.mx\/?s={search_term_string}"},"query-input":{"@type":"PropertyValueSpecification","valueRequired":true,"valueName":"search_term_string"}}],"inLanguage":"es"},{"@type":"Person","@id":"https:\/\/elhijodelllanero.mx\/#\/schema\/person\/5dcfdd3db3a6f7e7906ef5d92cf7340b","name":"Redaccion","image":{"@type":"ImageObject","inLanguage":"es","@id":"https:\/\/secure.gravatar.com\/avatar\/f65b913d6e7be363e7396f7fad32ab76d311fbb575fa7e623ec3ea4799f3b718?s=96&d=mm&r=g","url":"https:\/\/secure.gravatar.com\/avatar\/f65b913d6e7be363e7396f7fad32ab76d311fbb575fa7e623ec3ea4799f3b718?s=96&d=mm&r=g","contentUrl":"https:\/\/secure.gravatar.com\/avatar\/f65b913d6e7be363e7396f7fad32ab76d311fbb575fa7e623ec3ea4799f3b718?s=96&d=mm&r=g","caption":"Redaccion"},"sameAs":["https:\/\/www.elhijodelllanero.mx"],"url":"https:\/\/elhijodelllanero.mx\/index.php\/author\/admin_6smc8z8t\/"}]}},"jetpack_featured_media_url":"https:\/\/i0.wp.com\/elhijodelllanero.mx\/wp-content\/uploads\/2024\/10\/IMG-20241025-WA0054.jpg?fit=879%2C599&ssl=1","jetpack-related-posts":[],"jetpack_sharing_enabled":true,"_links":{"self":[{"href":"https:\/\/elhijodelllanero.mx\/index.php\/wp-json\/wp\/v2\/posts\/8826","targetHints":{"allow":["GET"]}}],"collection":[{"href":"https:\/\/elhijodelllanero.mx\/index.php\/wp-json\/wp\/v2\/posts"}],"about":[{"href":"https:\/\/elhijodelllanero.mx\/index.php\/wp-json\/wp\/v2\/types\/post"}],"author":[{"embeddable":true,"href":"https:\/\/elhijodelllanero.mx\/index.php\/wp-json\/wp\/v2\/users\/1"}],"replies":[{"embeddable":true,"href":"https:\/\/elhijodelllanero.mx\/index.php\/wp-json\/wp\/v2\/comments?post=8826"}],"version-history":[{"count":1,"href":"https:\/\/elhijodelllanero.mx\/index.php\/wp-json\/wp\/v2\/posts\/8826\/revisions"}],"predecessor-version":[{"id":8828,"href":"https:\/\/elhijodelllanero.mx\/index.php\/wp-json\/wp\/v2\/posts\/8826\/revisions\/8828"}],"wp:featuredmedia":[{"embeddable":true,"href":"https:\/\/elhijodelllanero.mx\/index.php\/wp-json\/wp\/v2\/media\/8827"}],"wp:attachment":[{"href":"https:\/\/elhijodelllanero.mx\/index.php\/wp-json\/wp\/v2\/media?parent=8826"}],"wp:term":[{"taxonomy":"category","embeddable":true,"href":"https:\/\/elhijodelllanero.mx\/index.php\/wp-json\/wp\/v2\/categories?post=8826"},{"taxonomy":"post_tag","embeddable":true,"href":"https:\/\/elhijodelllanero.mx\/index.php\/wp-json\/wp\/v2\/tags?post=8826"}],"curies":[{"name":"wp","href":"https:\/\/api.w.org\/{rel}","templated":true}]}}