{"id":8834,"date":"2024-10-29T15:25:43","date_gmt":"2024-10-29T15:25:43","guid":{"rendered":"https:\/\/elhijodelllanero.mx\/?p=8834"},"modified":"2024-10-29T15:25:43","modified_gmt":"2024-10-29T15:25:43","slug":"lanzan-copa-camino-a-espana-el-campeon-viajara-para-estar-con-atletico-de-madrid","status":"publish","type":"post","link":"https:\/\/elhijodelllanero.mx\/index.php\/2024\/10\/29\/lanzan-copa-camino-a-espana-el-campeon-viajara-para-estar-con-atletico-de-madrid\/","title":{"rendered":"LANZAN COPA CAMINO A ESPA\u00d1A; EL CAMPE\u00d3N VIAJAR\u00c1 PARA ESTAR CON ATL\u00c9TICO DE MADRID"},"content":{"rendered":"<p><img data-recalc-dims=\"1\" loading=\"lazy\" decoding=\"async\" class=\"alignnone size-medium wp-image-8835\" src=\"https:\/\/i0.wp.com\/elhijodelllanero.mx\/wp-content\/uploads\/2024\/10\/IMG-20241028-WA0130.jpg?resize=300%2C200&#038;ssl=1\" alt=\"\" width=\"300\" height=\"200\" srcset=\"https:\/\/i0.wp.com\/elhijodelllanero.mx\/wp-content\/uploads\/2024\/10\/IMG-20241028-WA0130.jpg?resize=300%2C200&amp;ssl=1 300w, https:\/\/i0.wp.com\/elhijodelllanero.mx\/wp-content\/uploads\/2024\/10\/IMG-20241028-WA0130.jpg?resize=1024%2C683&amp;ssl=1 1024w, https:\/\/i0.wp.com\/elhijodelllanero.mx\/wp-content\/uploads\/2024\/10\/IMG-20241028-WA0130.jpg?resize=768%2C512&amp;ssl=1 768w, https:\/\/i0.wp.com\/elhijodelllanero.mx\/wp-content\/uploads\/2024\/10\/IMG-20241028-WA0130.jpg?resize=630%2C420&amp;ssl=1 630w, https:\/\/i0.wp.com\/elhijodelllanero.mx\/wp-content\/uploads\/2024\/10\/IMG-20241028-WA0130.jpg?resize=696%2C464&amp;ssl=1 696w, https:\/\/i0.wp.com\/elhijodelllanero.mx\/wp-content\/uploads\/2024\/10\/IMG-20241028-WA0130.jpg?resize=1068%2C712&amp;ssl=1 1068w, https:\/\/i0.wp.com\/elhijodelllanero.mx\/wp-content\/uploads\/2024\/10\/IMG-20241028-WA0130.jpg?w=1200&amp;ssl=1 1200w\" sizes=\"auto, (max-width: 300px) 100vw, 300px\" \/>Celaya,Gto. 29 de octubre del 2024.- Guanajuato, junto con 17 Estados m\u00e1s del pa\u00eds, reciben el trascendental torneo de f\u00fatbol 7 para chicos de 15 y 16 a\u00f1os, donde el campe\u00f3n entrenar\u00e1 y conocer\u00e1 las instalaciones del cuadro colchonero, adem\u00e1s de estar cerca de los jugadores, los gastos estar\u00e1n cubiertos por Curveball S&amp;E.<\/p>\n<p>Es un torneo de grandes alcances, donde los chicos nacidos en 2008 o 2009 buscar\u00e1n primero el t\u00edtulo de su Estado que les dar\u00e1 el derecho de jugar la fase nacional, programada para el mes de noviembre en la ciudad de Le\u00f3n; las inscripciones est\u00e1n abiertas en www.curveball.mx<\/p>\n<p>Curveball S&amp;E, con experiencia en este tipo de torneos al organizar varias Copa Bayern Munich, llevando al campe\u00f3n al Allianz Arena e instalaciones del club B\u00e1varo, ahora el objetivo es llevar a los campeones a tierras espa\u00f1olas, concretamente a otro de los grandes equipos del viejo continente, el Atl\u00e9tico de Madrid; adem\u00e1s de tener la experiencia en la organizaci\u00f3n de la Revelation Cup, tanto varonil como femenil, y m\u00e1s recientemente el Pre Mundial Sub 20.<\/p>\n<p>Sobre el torneo, que se realiza con la cercan\u00eda y colaboraci\u00f3n de la Academia del Atl\u00e9tico de Madrid, se inform\u00f3 que se jugar\u00e1 a round robin en fase de grupos hasta sacar al campe\u00f3n de los estados de Guanajuato, Durango, Guerrero, Hidalgo, Jalisco, Estado de M\u00e9xico, Michoac\u00e1n, Morelos, Nuevo Le\u00f3n, Oaxaca, Baja California, Ciudad de M\u00e9xico, Puebla, Quer\u00e9taro, Quintana Roo, San Luis Potos\u00ed, Yucat\u00e1n y Zacatecas. Los monarcas se medir\u00e1n en la fase nacional a finales de noviembre porque el viaje a Espa\u00f1a est\u00e1 programado a partir del 11 de diciembre del presente a\u00f1o.<\/p>\n<p>La respuesta ha sido importante por parte de los equipos de academias, clubes, ligas e inclusive conjuntos independientes, por lo que se espera un gran nivel competitivo, por lo que es importante que los chicos, junto con su entrenador, realicen el respectivo registro para no quedarse fuera y cumplan el sue\u00f1o de estar en las mismas instalaciones donde se encuentra el \u201cCholo\u201d Simeone, el campe\u00f3n del mundo Rodrigo de Paul, el emblem\u00e1tico jugador espa\u00f1ol Koke, el franc\u00e9s Griezmann, el argentino Juli\u00e1n \u00c1lvarez, monarca mundial, entre otros.<\/p>\n<p>&nbsp;<\/p>\n","protected":false},"excerpt":{"rendered":"<p>Celaya,Gto. 29 de octubre del 2024.- Guanajuato, junto con 17 Estados m\u00e1s del pa\u00eds, reciben el trascendental torneo de f\u00fatbol 7 para chicos de 15 y 16 a\u00f1os, donde el campe\u00f3n entrenar\u00e1 y conocer\u00e1 las instalaciones del cuadro colchonero, adem\u00e1s de estar cerca de los jugadores, los gastos estar\u00e1n cubiertos por Curveball S&amp;E. Es un [&hellip;]<\/p>\n","protected":false},"author":3,"featured_media":0,"comment_status":"open","ping_status":"closed","sticky":false,"template":"","format":"standard","meta":{"_jetpack_newsletter_access":"","_jetpack_dont_email_post_to_subs":false,"_jetpack_newsletter_tier_id":0,"_jetpack_memberships_contains_paywalled_content":false,"_jetpack_memberships_contains_paid_content":false,"footnotes":""},"categories":[40],"tags":[],"class_list":{"0":"post-8834","1":"post","2":"type-post","3":"status-publish","4":"format-standard","6":"category-deportes"},"yoast_head":"<!-- This site is optimized with the Yoast SEO plugin v27.3 - https:\/\/yoast.com\/product\/yoast-seo-wordpress\/ -->\n<title>LANZAN COPA CAMINO A ESPA\u00d1A; EL CAMPE\u00d3N VIAJAR\u00c1 PARA ESTAR CON ATL\u00c9TICO DE MADRID - El Hijo del llanero solititito<\/title>\n<meta name=\"robots\" content=\"index, follow, max-snippet:-1, max-image-preview:large, max-video-preview:-1\" \/>\n<link rel=\"canonical\" href=\"https:\/\/elhijodelllanero.mx\/index.php\/2024\/10\/29\/lanzan-copa-camino-a-espana-el-campeon-viajara-para-estar-con-atletico-de-madrid\/\" \/>\n<meta property=\"og:locale\" content=\"es_ES\" \/>\n<meta property=\"og:type\" content=\"article\" \/>\n<meta property=\"og:title\" content=\"LANZAN COPA CAMINO A ESPA\u00d1A; EL CAMPE\u00d3N VIAJAR\u00c1 PARA ESTAR CON ATL\u00c9TICO DE MADRID - El Hijo del llanero solititito\" \/>\n<meta property=\"og:description\" content=\"Celaya,Gto. 29 de octubre del 2024.- Guanajuato, junto con 17 Estados m\u00e1s del pa\u00eds, reciben el trascendental torneo de f\u00fatbol 7 para chicos de 15 y 16 a\u00f1os, donde el campe\u00f3n entrenar\u00e1 y conocer\u00e1 las instalaciones del cuadro colchonero, adem\u00e1s de estar cerca de los jugadores, los gastos estar\u00e1n cubiertos por Curveball S&amp;E. Es un [&hellip;]\" \/>\n<meta property=\"og:url\" content=\"https:\/\/elhijodelllanero.mx\/index.php\/2024\/10\/29\/lanzan-copa-camino-a-espana-el-campeon-viajara-para-estar-con-atletico-de-madrid\/\" \/>\n<meta property=\"og:site_name\" content=\"El Hijo del llanero solititito\" \/>\n<meta property=\"article:published_time\" content=\"2024-10-29T15:25:43+00:00\" \/>\n<meta property=\"og:image\" content=\"https:\/\/elhijodelllanero.mx\/wp-content\/uploads\/2024\/10\/IMG-20241028-WA0130-300x200.jpg\" \/>\n<meta name=\"author\" content=\"Mar\u00eda de la Paz Rodarte Ram\u00edrez\" \/>\n<meta name=\"twitter:card\" content=\"summary_large_image\" \/>\n<meta name=\"twitter:label1\" content=\"Escrito por\" \/>\n\t<meta name=\"twitter:data1\" content=\"Mar\u00eda de la Paz Rodarte Ram\u00edrez\" \/>\n\t<meta name=\"twitter:label2\" content=\"Tiempo de lectura\" \/>\n\t<meta name=\"twitter:data2\" content=\"2 minutos\" \/>\n<script type=\"application\/ld+json\" class=\"yoast-schema-graph\">{\"@context\":\"https:\\\/\\\/schema.org\",\"@graph\":[{\"@type\":\"Article\",\"@id\":\"https:\\\/\\\/elhijodelllanero.mx\\\/index.php\\\/2024\\\/10\\\/29\\\/lanzan-copa-camino-a-espana-el-campeon-viajara-para-estar-con-atletico-de-madrid\\\/#article\",\"isPartOf\":{\"@id\":\"https:\\\/\\\/elhijodelllanero.mx\\\/index.php\\\/2024\\\/10\\\/29\\\/lanzan-copa-camino-a-espana-el-campeon-viajara-para-estar-con-atletico-de-madrid\\\/\"},\"author\":{\"name\":\"Mar\u00eda de la Paz Rodarte Ram\u00edrez\",\"@id\":\"https:\\\/\\\/elhijodelllanero.mx\\\/#\\\/schema\\\/person\\\/c7f8c86c55c1eab44ae2b93a9628245f\"},\"headline\":\"LANZAN COPA CAMINO A ESPA\u00d1A; EL CAMPE\u00d3N VIAJAR\u00c1 PARA ESTAR CON ATL\u00c9TICO DE MADRID\",\"datePublished\":\"2024-10-29T15:25:43+00:00\",\"mainEntityOfPage\":{\"@id\":\"https:\\\/\\\/elhijodelllanero.mx\\\/index.php\\\/2024\\\/10\\\/29\\\/lanzan-copa-camino-a-espana-el-campeon-viajara-para-estar-con-atletico-de-madrid\\\/\"},\"wordCount\":409,\"commentCount\":0,\"image\":{\"@id\":\"https:\\\/\\\/elhijodelllanero.mx\\\/index.php\\\/2024\\\/10\\\/29\\\/lanzan-copa-camino-a-espana-el-campeon-viajara-para-estar-con-atletico-de-madrid\\\/#primaryimage\"},\"thumbnailUrl\":\"https:\\\/\\\/elhijodelllanero.mx\\\/wp-content\\\/uploads\\\/2024\\\/10\\\/IMG-20241028-WA0130-300x200.jpg\",\"articleSection\":[\"DEPORTES\"],\"inLanguage\":\"es\",\"potentialAction\":[{\"@type\":\"CommentAction\",\"name\":\"Comment\",\"target\":[\"https:\\\/\\\/elhijodelllanero.mx\\\/index.php\\\/2024\\\/10\\\/29\\\/lanzan-copa-camino-a-espana-el-campeon-viajara-para-estar-con-atletico-de-madrid\\\/#respond\"]}]},{\"@type\":\"WebPage\",\"@id\":\"https:\\\/\\\/elhijodelllanero.mx\\\/index.php\\\/2024\\\/10\\\/29\\\/lanzan-copa-camino-a-espana-el-campeon-viajara-para-estar-con-atletico-de-madrid\\\/\",\"url\":\"https:\\\/\\\/elhijodelllanero.mx\\\/index.php\\\/2024\\\/10\\\/29\\\/lanzan-copa-camino-a-espana-el-campeon-viajara-para-estar-con-atletico-de-madrid\\\/\",\"name\":\"LANZAN COPA CAMINO A ESPA\u00d1A; EL CAMPE\u00d3N VIAJAR\u00c1 PARA ESTAR CON ATL\u00c9TICO DE MADRID - El Hijo del llanero solititito\",\"isPartOf\":{\"@id\":\"https:\\\/\\\/elhijodelllanero.mx\\\/#website\"},\"primaryImageOfPage\":{\"@id\":\"https:\\\/\\\/elhijodelllanero.mx\\\/index.php\\\/2024\\\/10\\\/29\\\/lanzan-copa-camino-a-espana-el-campeon-viajara-para-estar-con-atletico-de-madrid\\\/#primaryimage\"},\"image\":{\"@id\":\"https:\\\/\\\/elhijodelllanero.mx\\\/index.php\\\/2024\\\/10\\\/29\\\/lanzan-copa-camino-a-espana-el-campeon-viajara-para-estar-con-atletico-de-madrid\\\/#primaryimage\"},\"thumbnailUrl\":\"https:\\\/\\\/elhijodelllanero.mx\\\/wp-content\\\/uploads\\\/2024\\\/10\\\/IMG-20241028-WA0130-300x200.jpg\",\"datePublished\":\"2024-10-29T15:25:43+00:00\",\"author\":{\"@id\":\"https:\\\/\\\/elhijodelllanero.mx\\\/#\\\/schema\\\/person\\\/c7f8c86c55c1eab44ae2b93a9628245f\"},\"breadcrumb\":{\"@id\":\"https:\\\/\\\/elhijodelllanero.mx\\\/index.php\\\/2024\\\/10\\\/29\\\/lanzan-copa-camino-a-espana-el-campeon-viajara-para-estar-con-atletico-de-madrid\\\/#breadcrumb\"},\"inLanguage\":\"es\",\"potentialAction\":[{\"@type\":\"ReadAction\",\"target\":[\"https:\\\/\\\/elhijodelllanero.mx\\\/index.php\\\/2024\\\/10\\\/29\\\/lanzan-copa-camino-a-espana-el-campeon-viajara-para-estar-con-atletico-de-madrid\\\/\"]}]},{\"@type\":\"ImageObject\",\"inLanguage\":\"es\",\"@id\":\"https:\\\/\\\/elhijodelllanero.mx\\\/index.php\\\/2024\\\/10\\\/29\\\/lanzan-copa-camino-a-espana-el-campeon-viajara-para-estar-con-atletico-de-madrid\\\/#primaryimage\",\"url\":\"https:\\\/\\\/i0.wp.com\\\/elhijodelllanero.mx\\\/wp-content\\\/uploads\\\/2024\\\/10\\\/IMG-20241028-WA0130.jpg?fit=1200%2C800&ssl=1\",\"contentUrl\":\"https:\\\/\\\/i0.wp.com\\\/elhijodelllanero.mx\\\/wp-content\\\/uploads\\\/2024\\\/10\\\/IMG-20241028-WA0130.jpg?fit=1200%2C800&ssl=1\",\"width\":1200,\"height\":800},{\"@type\":\"BreadcrumbList\",\"@id\":\"https:\\\/\\\/elhijodelllanero.mx\\\/index.php\\\/2024\\\/10\\\/29\\\/lanzan-copa-camino-a-espana-el-campeon-viajara-para-estar-con-atletico-de-madrid\\\/#breadcrumb\",\"itemListElement\":[{\"@type\":\"ListItem\",\"position\":1,\"name\":\"Portada\",\"item\":\"https:\\\/\\\/elhijodelllanero.mx\\\/\"},{\"@type\":\"ListItem\",\"position\":2,\"name\":\"LANZAN COPA CAMINO A ESPA\u00d1A; EL CAMPE\u00d3N VIAJAR\u00c1 PARA ESTAR CON ATL\u00c9TICO DE MADRID\"}]},{\"@type\":\"WebSite\",\"@id\":\"https:\\\/\\\/elhijodelllanero.mx\\\/#website\",\"url\":\"https:\\\/\\\/elhijodelllanero.mx\\\/\",\"name\":\"El Hijo del llanero solititito\",\"description\":\"\",\"potentialAction\":[{\"@type\":\"SearchAction\",\"target\":{\"@type\":\"EntryPoint\",\"urlTemplate\":\"https:\\\/\\\/elhijodelllanero.mx\\\/?s={search_term_string}\"},\"query-input\":{\"@type\":\"PropertyValueSpecification\",\"valueRequired\":true,\"valueName\":\"search_term_string\"}}],\"inLanguage\":\"es\"},{\"@type\":\"Person\",\"@id\":\"https:\\\/\\\/elhijodelllanero.mx\\\/#\\\/schema\\\/person\\\/c7f8c86c55c1eab44ae2b93a9628245f\",\"name\":\"Mar\u00eda de la Paz Rodarte Ram\u00edrez\",\"image\":{\"@type\":\"ImageObject\",\"inLanguage\":\"es\",\"@id\":\"https:\\\/\\\/secure.gravatar.com\\\/avatar\\\/1f38f8518b09a266af73da2bce78d69e7d1275299970134ed62f572e0487e1d0?s=96&d=mm&r=g\",\"url\":\"https:\\\/\\\/secure.gravatar.com\\\/avatar\\\/1f38f8518b09a266af73da2bce78d69e7d1275299970134ed62f572e0487e1d0?s=96&d=mm&r=g\",\"contentUrl\":\"https:\\\/\\\/secure.gravatar.com\\\/avatar\\\/1f38f8518b09a266af73da2bce78d69e7d1275299970134ed62f572e0487e1d0?s=96&d=mm&r=g\",\"caption\":\"Mar\u00eda de la Paz Rodarte Ram\u00edrez\"},\"sameAs\":[\"https:\\\/\\\/www.elhijodelllanero.mx\"],\"url\":\"https:\\\/\\\/elhijodelllanero.mx\\\/index.php\\\/author\\\/maricuas\\\/\"}]}<\/script>\n<!-- \/ Yoast SEO plugin. -->","yoast_head_json":{"title":"LANZAN COPA CAMINO A ESPA\u00d1A; EL CAMPE\u00d3N VIAJAR\u00c1 PARA ESTAR CON ATL\u00c9TICO DE MADRID - El Hijo del llanero solititito","robots":{"index":"index","follow":"follow","max-snippet":"max-snippet:-1","max-image-preview":"max-image-preview:large","max-video-preview":"max-video-preview:-1"},"canonical":"https:\/\/elhijodelllanero.mx\/index.php\/2024\/10\/29\/lanzan-copa-camino-a-espana-el-campeon-viajara-para-estar-con-atletico-de-madrid\/","og_locale":"es_ES","og_type":"article","og_title":"LANZAN COPA CAMINO A ESPA\u00d1A; EL CAMPE\u00d3N VIAJAR\u00c1 PARA ESTAR CON ATL\u00c9TICO DE MADRID - El Hijo del llanero solititito","og_description":"Celaya,Gto. 29 de octubre del 2024.- Guanajuato, junto con 17 Estados m\u00e1s del pa\u00eds, reciben el trascendental torneo de f\u00fatbol 7 para chicos de 15 y 16 a\u00f1os, donde el campe\u00f3n entrenar\u00e1 y conocer\u00e1 las instalaciones del cuadro colchonero, adem\u00e1s de estar cerca de los jugadores, los gastos estar\u00e1n cubiertos por Curveball S&amp;E. Es un [&hellip;]","og_url":"https:\/\/elhijodelllanero.mx\/index.php\/2024\/10\/29\/lanzan-copa-camino-a-espana-el-campeon-viajara-para-estar-con-atletico-de-madrid\/","og_site_name":"El Hijo del llanero solititito","article_published_time":"2024-10-29T15:25:43+00:00","og_image":[{"url":"https:\/\/elhijodelllanero.mx\/wp-content\/uploads\/2024\/10\/IMG-20241028-WA0130-300x200.jpg","type":"","width":"","height":""}],"author":"Mar\u00eda de la Paz Rodarte Ram\u00edrez","twitter_card":"summary_large_image","twitter_misc":{"Escrito por":"Mar\u00eda de la Paz Rodarte Ram\u00edrez","Tiempo de lectura":"2 minutos"},"schema":{"@context":"https:\/\/schema.org","@graph":[{"@type":"Article","@id":"https:\/\/elhijodelllanero.mx\/index.php\/2024\/10\/29\/lanzan-copa-camino-a-espana-el-campeon-viajara-para-estar-con-atletico-de-madrid\/#article","isPartOf":{"@id":"https:\/\/elhijodelllanero.mx\/index.php\/2024\/10\/29\/lanzan-copa-camino-a-espana-el-campeon-viajara-para-estar-con-atletico-de-madrid\/"},"author":{"name":"Mar\u00eda de la Paz Rodarte Ram\u00edrez","@id":"https:\/\/elhijodelllanero.mx\/#\/schema\/person\/c7f8c86c55c1eab44ae2b93a9628245f"},"headline":"LANZAN COPA CAMINO A ESPA\u00d1A; EL CAMPE\u00d3N VIAJAR\u00c1 PARA ESTAR CON ATL\u00c9TICO DE MADRID","datePublished":"2024-10-29T15:25:43+00:00","mainEntityOfPage":{"@id":"https:\/\/elhijodelllanero.mx\/index.php\/2024\/10\/29\/lanzan-copa-camino-a-espana-el-campeon-viajara-para-estar-con-atletico-de-madrid\/"},"wordCount":409,"commentCount":0,"image":{"@id":"https:\/\/elhijodelllanero.mx\/index.php\/2024\/10\/29\/lanzan-copa-camino-a-espana-el-campeon-viajara-para-estar-con-atletico-de-madrid\/#primaryimage"},"thumbnailUrl":"https:\/\/elhijodelllanero.mx\/wp-content\/uploads\/2024\/10\/IMG-20241028-WA0130-300x200.jpg","articleSection":["DEPORTES"],"inLanguage":"es","potentialAction":[{"@type":"CommentAction","name":"Comment","target":["https:\/\/elhijodelllanero.mx\/index.php\/2024\/10\/29\/lanzan-copa-camino-a-espana-el-campeon-viajara-para-estar-con-atletico-de-madrid\/#respond"]}]},{"@type":"WebPage","@id":"https:\/\/elhijodelllanero.mx\/index.php\/2024\/10\/29\/lanzan-copa-camino-a-espana-el-campeon-viajara-para-estar-con-atletico-de-madrid\/","url":"https:\/\/elhijodelllanero.mx\/index.php\/2024\/10\/29\/lanzan-copa-camino-a-espana-el-campeon-viajara-para-estar-con-atletico-de-madrid\/","name":"LANZAN COPA CAMINO A ESPA\u00d1A; EL CAMPE\u00d3N VIAJAR\u00c1 PARA ESTAR CON ATL\u00c9TICO DE MADRID - El Hijo del llanero solititito","isPartOf":{"@id":"https:\/\/elhijodelllanero.mx\/#website"},"primaryImageOfPage":{"@id":"https:\/\/elhijodelllanero.mx\/index.php\/2024\/10\/29\/lanzan-copa-camino-a-espana-el-campeon-viajara-para-estar-con-atletico-de-madrid\/#primaryimage"},"image":{"@id":"https:\/\/elhijodelllanero.mx\/index.php\/2024\/10\/29\/lanzan-copa-camino-a-espana-el-campeon-viajara-para-estar-con-atletico-de-madrid\/#primaryimage"},"thumbnailUrl":"https:\/\/elhijodelllanero.mx\/wp-content\/uploads\/2024\/10\/IMG-20241028-WA0130-300x200.jpg","datePublished":"2024-10-29T15:25:43+00:00","author":{"@id":"https:\/\/elhijodelllanero.mx\/#\/schema\/person\/c7f8c86c55c1eab44ae2b93a9628245f"},"breadcrumb":{"@id":"https:\/\/elhijodelllanero.mx\/index.php\/2024\/10\/29\/lanzan-copa-camino-a-espana-el-campeon-viajara-para-estar-con-atletico-de-madrid\/#breadcrumb"},"inLanguage":"es","potentialAction":[{"@type":"ReadAction","target":["https:\/\/elhijodelllanero.mx\/index.php\/2024\/10\/29\/lanzan-copa-camino-a-espana-el-campeon-viajara-para-estar-con-atletico-de-madrid\/"]}]},{"@type":"ImageObject","inLanguage":"es","@id":"https:\/\/elhijodelllanero.mx\/index.php\/2024\/10\/29\/lanzan-copa-camino-a-espana-el-campeon-viajara-para-estar-con-atletico-de-madrid\/#primaryimage","url":"https:\/\/i0.wp.com\/elhijodelllanero.mx\/wp-content\/uploads\/2024\/10\/IMG-20241028-WA0130.jpg?fit=1200%2C800&ssl=1","contentUrl":"https:\/\/i0.wp.com\/elhijodelllanero.mx\/wp-content\/uploads\/2024\/10\/IMG-20241028-WA0130.jpg?fit=1200%2C800&ssl=1","width":1200,"height":800},{"@type":"BreadcrumbList","@id":"https:\/\/elhijodelllanero.mx\/index.php\/2024\/10\/29\/lanzan-copa-camino-a-espana-el-campeon-viajara-para-estar-con-atletico-de-madrid\/#breadcrumb","itemListElement":[{"@type":"ListItem","position":1,"name":"Portada","item":"https:\/\/elhijodelllanero.mx\/"},{"@type":"ListItem","position":2,"name":"LANZAN COPA CAMINO A ESPA\u00d1A; EL CAMPE\u00d3N VIAJAR\u00c1 PARA ESTAR CON ATL\u00c9TICO DE MADRID"}]},{"@type":"WebSite","@id":"https:\/\/elhijodelllanero.mx\/#website","url":"https:\/\/elhijodelllanero.mx\/","name":"El Hijo del llanero solititito","description":"","potentialAction":[{"@type":"SearchAction","target":{"@type":"EntryPoint","urlTemplate":"https:\/\/elhijodelllanero.mx\/?s={search_term_string}"},"query-input":{"@type":"PropertyValueSpecification","valueRequired":true,"valueName":"search_term_string"}}],"inLanguage":"es"},{"@type":"Person","@id":"https:\/\/elhijodelllanero.mx\/#\/schema\/person\/c7f8c86c55c1eab44ae2b93a9628245f","name":"Mar\u00eda de la Paz Rodarte Ram\u00edrez","image":{"@type":"ImageObject","inLanguage":"es","@id":"https:\/\/secure.gravatar.com\/avatar\/1f38f8518b09a266af73da2bce78d69e7d1275299970134ed62f572e0487e1d0?s=96&d=mm&r=g","url":"https:\/\/secure.gravatar.com\/avatar\/1f38f8518b09a266af73da2bce78d69e7d1275299970134ed62f572e0487e1d0?s=96&d=mm&r=g","contentUrl":"https:\/\/secure.gravatar.com\/avatar\/1f38f8518b09a266af73da2bce78d69e7d1275299970134ed62f572e0487e1d0?s=96&d=mm&r=g","caption":"Mar\u00eda de la Paz Rodarte Ram\u00edrez"},"sameAs":["https:\/\/www.elhijodelllanero.mx"],"url":"https:\/\/elhijodelllanero.mx\/index.php\/author\/maricuas\/"}]}},"jetpack_featured_media_url":"","jetpack-related-posts":[],"jetpack_sharing_enabled":true,"_links":{"self":[{"href":"https:\/\/elhijodelllanero.mx\/index.php\/wp-json\/wp\/v2\/posts\/8834","targetHints":{"allow":["GET"]}}],"collection":[{"href":"https:\/\/elhijodelllanero.mx\/index.php\/wp-json\/wp\/v2\/posts"}],"about":[{"href":"https:\/\/elhijodelllanero.mx\/index.php\/wp-json\/wp\/v2\/types\/post"}],"author":[{"embeddable":true,"href":"https:\/\/elhijodelllanero.mx\/index.php\/wp-json\/wp\/v2\/users\/3"}],"replies":[{"embeddable":true,"href":"https:\/\/elhijodelllanero.mx\/index.php\/wp-json\/wp\/v2\/comments?post=8834"}],"version-history":[{"count":1,"href":"https:\/\/elhijodelllanero.mx\/index.php\/wp-json\/wp\/v2\/posts\/8834\/revisions"}],"predecessor-version":[{"id":8836,"href":"https:\/\/elhijodelllanero.mx\/index.php\/wp-json\/wp\/v2\/posts\/8834\/revisions\/8836"}],"wp:attachment":[{"href":"https:\/\/elhijodelllanero.mx\/index.php\/wp-json\/wp\/v2\/media?parent=8834"}],"wp:term":[{"taxonomy":"category","embeddable":true,"href":"https:\/\/elhijodelllanero.mx\/index.php\/wp-json\/wp\/v2\/categories?post=8834"},{"taxonomy":"post_tag","embeddable":true,"href":"https:\/\/elhijodelllanero.mx\/index.php\/wp-json\/wp\/v2\/tags?post=8834"}],"curies":[{"name":"wp","href":"https:\/\/api.w.org\/{rel}","templated":true}]}}