{"id":8837,"date":"2024-10-29T17:45:32","date_gmt":"2024-10-29T17:45:32","guid":{"rendered":"https:\/\/elhijodelllanero.mx\/?p=8837"},"modified":"2024-10-29T19:34:16","modified_gmt":"2024-10-29T19:34:16","slug":"cruz-roja-realizara-operativo-de-dia-de-muertos","status":"publish","type":"post","link":"https:\/\/elhijodelllanero.mx\/index.php\/2024\/10\/29\/cruz-roja-realizara-operativo-de-dia-de-muertos\/","title":{"rendered":"CRUZ ROJA REALIZAR\u00c1 OPERATIVO DE D\u00cdA DE MUERTOS"},"content":{"rendered":"<p>Celaya,Gto. 29 de octubre del 2024.- A fin de atender las emergencias que se pudiera presentar, este 1 y 2 de noviembre, elementos de Cruz Roja Mexicana, Delegaci\u00f3n Celaya, implementar\u00e1n el Operativo de D\u00eda de Muertos 2024, teniendo presencia en los dos panteones municipales.<\/p>\n<p>As\u00ed lo dio a conocer el Coordinador Local de Socorros, Mart\u00edn Rosas L\u00f3pez, quien detall\u00f3 que cada a\u00f1o se llega a registrar una gran afluencia de personas que visitan los panteones con motivo del D\u00eda de Muertos, por lo que se tendr\u00e1 presencia de T\u00e9cnicos en Urgencias M\u00e9dicas (T.U.M.\u00b4s) y ambulancias, en el Pante\u00f3n Norte y Sur, desde las 9 de la ma\u00f1ana hasta las 9 de la noche.<br \/>\nA\u00f1adi\u00f3 que esto permitir\u00e1 tener una atenci\u00f3n pronta y oportuna de registrarse alg\u00fan incidente dentro de dichos lugares.<br \/>\nRosas L\u00f3pez destac\u00f3 que es importante que quienes acudan a los panteones eviten la aglomeraci\u00f3n de personas, adem\u00e1s de buscar sombra.<br \/>\nAs\u00ed mismo coment\u00f3 que es en esta temporada cuando se llegan a registrar m\u00e1s accidentes automovil\u00edsticos por lo que las atenciones principales son para pacientes de trauma, por lo que para quienes saldr\u00e1n de viaje o har\u00e1n uso de su veh\u00edculo es importante revisarlo, adem\u00e1s de evitar conducir bajo el influjo de sustancias t\u00f3xicas.<\/p>\n","protected":false},"excerpt":{"rendered":"<p>Celaya,Gto. 29 de octubre del 2024.- A fin de atender las emergencias que se pudiera presentar, este 1 y 2 de noviembre, elementos de Cruz Roja Mexicana, Delegaci\u00f3n Celaya, implementar\u00e1n el Operativo de D\u00eda de Muertos 2024, teniendo presencia en los dos panteones municipales. As\u00ed lo dio a conocer el Coordinador Local de Socorros, Mart\u00edn [&hellip;]<\/p>\n","protected":false},"author":3,"featured_media":8838,"comment_status":"open","ping_status":"closed","sticky":false,"template":"","format":"standard","meta":{"_jetpack_newsletter_access":"","_jetpack_dont_email_post_to_subs":false,"_jetpack_newsletter_tier_id":0,"_jetpack_memberships_contains_paywalled_content":false,"_jetpack_memberships_contains_paid_content":false,"footnotes":""},"categories":[74],"tags":[],"class_list":{"0":"post-8837","1":"post","2":"type-post","3":"status-publish","4":"format-standard","5":"has-post-thumbnail","7":"category-celaya"},"yoast_head":"<!-- This site is optimized with the Yoast SEO plugin v27.3 - https:\/\/yoast.com\/product\/yoast-seo-wordpress\/ -->\n<title>CRUZ ROJA REALIZAR\u00c1 OPERATIVO DE D\u00cdA DE MUERTOS - El Hijo del llanero solititito<\/title>\n<meta name=\"robots\" content=\"index, follow, max-snippet:-1, max-image-preview:large, max-video-preview:-1\" \/>\n<link rel=\"canonical\" href=\"https:\/\/elhijodelllanero.mx\/index.php\/2024\/10\/29\/cruz-roja-realizara-operativo-de-dia-de-muertos\/\" \/>\n<meta property=\"og:locale\" content=\"es_ES\" \/>\n<meta property=\"og:type\" content=\"article\" \/>\n<meta property=\"og:title\" content=\"CRUZ ROJA REALIZAR\u00c1 OPERATIVO DE D\u00cdA DE MUERTOS - El Hijo del llanero solititito\" \/>\n<meta property=\"og:description\" content=\"Celaya,Gto. 29 de octubre del 2024.- A fin de atender las emergencias que se pudiera presentar, este 1 y 2 de noviembre, elementos de Cruz Roja Mexicana, Delegaci\u00f3n Celaya, implementar\u00e1n el Operativo de D\u00eda de Muertos 2024, teniendo presencia en los dos panteones municipales. As\u00ed lo dio a conocer el Coordinador Local de Socorros, Mart\u00edn [&hellip;]\" \/>\n<meta property=\"og:url\" content=\"https:\/\/elhijodelllanero.mx\/index.php\/2024\/10\/29\/cruz-roja-realizara-operativo-de-dia-de-muertos\/\" \/>\n<meta property=\"og:site_name\" content=\"El Hijo del llanero solititito\" \/>\n<meta property=\"article:published_time\" content=\"2024-10-29T17:45:32+00:00\" \/>\n<meta property=\"article:modified_time\" content=\"2024-10-29T19:34:16+00:00\" \/>\n<meta property=\"og:image\" content=\"https:\/\/elhijodelllanero.mx\/wp-content\/uploads\/2024\/10\/IMG-20241029-WA0041.jpg\" \/>\n\t<meta property=\"og:image:width\" content=\"1599\" \/>\n\t<meta property=\"og:image:height\" content=\"899\" \/>\n\t<meta property=\"og:image:type\" content=\"image\/jpeg\" \/>\n<meta name=\"author\" content=\"Mar\u00eda de la Paz Rodarte Ram\u00edrez\" \/>\n<meta name=\"twitter:card\" content=\"summary_large_image\" \/>\n<meta name=\"twitter:label1\" content=\"Escrito por\" \/>\n\t<meta name=\"twitter:data1\" content=\"Mar\u00eda de la Paz Rodarte Ram\u00edrez\" \/>\n\t<meta name=\"twitter:label2\" content=\"Tiempo de lectura\" \/>\n\t<meta name=\"twitter:data2\" content=\"2 minutos\" \/>\n<script type=\"application\/ld+json\" class=\"yoast-schema-graph\">{\"@context\":\"https:\\\/\\\/schema.org\",\"@graph\":[{\"@type\":\"Article\",\"@id\":\"https:\\\/\\\/elhijodelllanero.mx\\\/index.php\\\/2024\\\/10\\\/29\\\/cruz-roja-realizara-operativo-de-dia-de-muertos\\\/#article\",\"isPartOf\":{\"@id\":\"https:\\\/\\\/elhijodelllanero.mx\\\/index.php\\\/2024\\\/10\\\/29\\\/cruz-roja-realizara-operativo-de-dia-de-muertos\\\/\"},\"author\":{\"name\":\"Mar\u00eda de la Paz Rodarte Ram\u00edrez\",\"@id\":\"https:\\\/\\\/elhijodelllanero.mx\\\/#\\\/schema\\\/person\\\/c7f8c86c55c1eab44ae2b93a9628245f\"},\"headline\":\"CRUZ ROJA REALIZAR\u00c1 OPERATIVO DE D\u00cdA DE MUERTOS\",\"datePublished\":\"2024-10-29T17:45:32+00:00\",\"dateModified\":\"2024-10-29T19:34:16+00:00\",\"mainEntityOfPage\":{\"@id\":\"https:\\\/\\\/elhijodelllanero.mx\\\/index.php\\\/2024\\\/10\\\/29\\\/cruz-roja-realizara-operativo-de-dia-de-muertos\\\/\"},\"wordCount\":237,\"commentCount\":0,\"image\":{\"@id\":\"https:\\\/\\\/elhijodelllanero.mx\\\/index.php\\\/2024\\\/10\\\/29\\\/cruz-roja-realizara-operativo-de-dia-de-muertos\\\/#primaryimage\"},\"thumbnailUrl\":\"https:\\\/\\\/i0.wp.com\\\/elhijodelllanero.mx\\\/wp-content\\\/uploads\\\/2024\\\/10\\\/IMG-20241029-WA0041.jpg?fit=1599%2C899&ssl=1\",\"articleSection\":[\"CELAYA\"],\"inLanguage\":\"es\",\"potentialAction\":[{\"@type\":\"CommentAction\",\"name\":\"Comment\",\"target\":[\"https:\\\/\\\/elhijodelllanero.mx\\\/index.php\\\/2024\\\/10\\\/29\\\/cruz-roja-realizara-operativo-de-dia-de-muertos\\\/#respond\"]}]},{\"@type\":\"WebPage\",\"@id\":\"https:\\\/\\\/elhijodelllanero.mx\\\/index.php\\\/2024\\\/10\\\/29\\\/cruz-roja-realizara-operativo-de-dia-de-muertos\\\/\",\"url\":\"https:\\\/\\\/elhijodelllanero.mx\\\/index.php\\\/2024\\\/10\\\/29\\\/cruz-roja-realizara-operativo-de-dia-de-muertos\\\/\",\"name\":\"CRUZ ROJA REALIZAR\u00c1 OPERATIVO DE D\u00cdA DE MUERTOS - El Hijo del llanero solititito\",\"isPartOf\":{\"@id\":\"https:\\\/\\\/elhijodelllanero.mx\\\/#website\"},\"primaryImageOfPage\":{\"@id\":\"https:\\\/\\\/elhijodelllanero.mx\\\/index.php\\\/2024\\\/10\\\/29\\\/cruz-roja-realizara-operativo-de-dia-de-muertos\\\/#primaryimage\"},\"image\":{\"@id\":\"https:\\\/\\\/elhijodelllanero.mx\\\/index.php\\\/2024\\\/10\\\/29\\\/cruz-roja-realizara-operativo-de-dia-de-muertos\\\/#primaryimage\"},\"thumbnailUrl\":\"https:\\\/\\\/i0.wp.com\\\/elhijodelllanero.mx\\\/wp-content\\\/uploads\\\/2024\\\/10\\\/IMG-20241029-WA0041.jpg?fit=1599%2C899&ssl=1\",\"datePublished\":\"2024-10-29T17:45:32+00:00\",\"dateModified\":\"2024-10-29T19:34:16+00:00\",\"author\":{\"@id\":\"https:\\\/\\\/elhijodelllanero.mx\\\/#\\\/schema\\\/person\\\/c7f8c86c55c1eab44ae2b93a9628245f\"},\"breadcrumb\":{\"@id\":\"https:\\\/\\\/elhijodelllanero.mx\\\/index.php\\\/2024\\\/10\\\/29\\\/cruz-roja-realizara-operativo-de-dia-de-muertos\\\/#breadcrumb\"},\"inLanguage\":\"es\",\"potentialAction\":[{\"@type\":\"ReadAction\",\"target\":[\"https:\\\/\\\/elhijodelllanero.mx\\\/index.php\\\/2024\\\/10\\\/29\\\/cruz-roja-realizara-operativo-de-dia-de-muertos\\\/\"]}]},{\"@type\":\"ImageObject\",\"inLanguage\":\"es\",\"@id\":\"https:\\\/\\\/elhijodelllanero.mx\\\/index.php\\\/2024\\\/10\\\/29\\\/cruz-roja-realizara-operativo-de-dia-de-muertos\\\/#primaryimage\",\"url\":\"https:\\\/\\\/i0.wp.com\\\/elhijodelllanero.mx\\\/wp-content\\\/uploads\\\/2024\\\/10\\\/IMG-20241029-WA0041.jpg?fit=1599%2C899&ssl=1\",\"contentUrl\":\"https:\\\/\\\/i0.wp.com\\\/elhijodelllanero.mx\\\/wp-content\\\/uploads\\\/2024\\\/10\\\/IMG-20241029-WA0041.jpg?fit=1599%2C899&ssl=1\",\"width\":1599,\"height\":899},{\"@type\":\"BreadcrumbList\",\"@id\":\"https:\\\/\\\/elhijodelllanero.mx\\\/index.php\\\/2024\\\/10\\\/29\\\/cruz-roja-realizara-operativo-de-dia-de-muertos\\\/#breadcrumb\",\"itemListElement\":[{\"@type\":\"ListItem\",\"position\":1,\"name\":\"Portada\",\"item\":\"https:\\\/\\\/elhijodelllanero.mx\\\/\"},{\"@type\":\"ListItem\",\"position\":2,\"name\":\"CRUZ ROJA REALIZAR\u00c1 OPERATIVO DE D\u00cdA DE MUERTOS\"}]},{\"@type\":\"WebSite\",\"@id\":\"https:\\\/\\\/elhijodelllanero.mx\\\/#website\",\"url\":\"https:\\\/\\\/elhijodelllanero.mx\\\/\",\"name\":\"El Hijo del llanero solititito\",\"description\":\"\",\"potentialAction\":[{\"@type\":\"SearchAction\",\"target\":{\"@type\":\"EntryPoint\",\"urlTemplate\":\"https:\\\/\\\/elhijodelllanero.mx\\\/?s={search_term_string}\"},\"query-input\":{\"@type\":\"PropertyValueSpecification\",\"valueRequired\":true,\"valueName\":\"search_term_string\"}}],\"inLanguage\":\"es\"},{\"@type\":\"Person\",\"@id\":\"https:\\\/\\\/elhijodelllanero.mx\\\/#\\\/schema\\\/person\\\/c7f8c86c55c1eab44ae2b93a9628245f\",\"name\":\"Mar\u00eda de la Paz Rodarte Ram\u00edrez\",\"image\":{\"@type\":\"ImageObject\",\"inLanguage\":\"es\",\"@id\":\"https:\\\/\\\/secure.gravatar.com\\\/avatar\\\/1f38f8518b09a266af73da2bce78d69e7d1275299970134ed62f572e0487e1d0?s=96&d=mm&r=g\",\"url\":\"https:\\\/\\\/secure.gravatar.com\\\/avatar\\\/1f38f8518b09a266af73da2bce78d69e7d1275299970134ed62f572e0487e1d0?s=96&d=mm&r=g\",\"contentUrl\":\"https:\\\/\\\/secure.gravatar.com\\\/avatar\\\/1f38f8518b09a266af73da2bce78d69e7d1275299970134ed62f572e0487e1d0?s=96&d=mm&r=g\",\"caption\":\"Mar\u00eda de la Paz Rodarte Ram\u00edrez\"},\"sameAs\":[\"https:\\\/\\\/www.elhijodelllanero.mx\"],\"url\":\"https:\\\/\\\/elhijodelllanero.mx\\\/index.php\\\/author\\\/maricuas\\\/\"}]}<\/script>\n<!-- \/ Yoast SEO plugin. -->","yoast_head_json":{"title":"CRUZ ROJA REALIZAR\u00c1 OPERATIVO DE D\u00cdA DE MUERTOS - El Hijo del llanero solititito","robots":{"index":"index","follow":"follow","max-snippet":"max-snippet:-1","max-image-preview":"max-image-preview:large","max-video-preview":"max-video-preview:-1"},"canonical":"https:\/\/elhijodelllanero.mx\/index.php\/2024\/10\/29\/cruz-roja-realizara-operativo-de-dia-de-muertos\/","og_locale":"es_ES","og_type":"article","og_title":"CRUZ ROJA REALIZAR\u00c1 OPERATIVO DE D\u00cdA DE MUERTOS - El Hijo del llanero solititito","og_description":"Celaya,Gto. 29 de octubre del 2024.- A fin de atender las emergencias que se pudiera presentar, este 1 y 2 de noviembre, elementos de Cruz Roja Mexicana, Delegaci\u00f3n Celaya, implementar\u00e1n el Operativo de D\u00eda de Muertos 2024, teniendo presencia en los dos panteones municipales. As\u00ed lo dio a conocer el Coordinador Local de Socorros, Mart\u00edn [&hellip;]","og_url":"https:\/\/elhijodelllanero.mx\/index.php\/2024\/10\/29\/cruz-roja-realizara-operativo-de-dia-de-muertos\/","og_site_name":"El Hijo del llanero solititito","article_published_time":"2024-10-29T17:45:32+00:00","article_modified_time":"2024-10-29T19:34:16+00:00","og_image":[{"width":1599,"height":899,"url":"https:\/\/elhijodelllanero.mx\/wp-content\/uploads\/2024\/10\/IMG-20241029-WA0041.jpg","type":"image\/jpeg"}],"author":"Mar\u00eda de la Paz Rodarte Ram\u00edrez","twitter_card":"summary_large_image","twitter_misc":{"Escrito por":"Mar\u00eda de la Paz Rodarte Ram\u00edrez","Tiempo de lectura":"2 minutos"},"schema":{"@context":"https:\/\/schema.org","@graph":[{"@type":"Article","@id":"https:\/\/elhijodelllanero.mx\/index.php\/2024\/10\/29\/cruz-roja-realizara-operativo-de-dia-de-muertos\/#article","isPartOf":{"@id":"https:\/\/elhijodelllanero.mx\/index.php\/2024\/10\/29\/cruz-roja-realizara-operativo-de-dia-de-muertos\/"},"author":{"name":"Mar\u00eda de la Paz Rodarte Ram\u00edrez","@id":"https:\/\/elhijodelllanero.mx\/#\/schema\/person\/c7f8c86c55c1eab44ae2b93a9628245f"},"headline":"CRUZ ROJA REALIZAR\u00c1 OPERATIVO DE D\u00cdA DE MUERTOS","datePublished":"2024-10-29T17:45:32+00:00","dateModified":"2024-10-29T19:34:16+00:00","mainEntityOfPage":{"@id":"https:\/\/elhijodelllanero.mx\/index.php\/2024\/10\/29\/cruz-roja-realizara-operativo-de-dia-de-muertos\/"},"wordCount":237,"commentCount":0,"image":{"@id":"https:\/\/elhijodelllanero.mx\/index.php\/2024\/10\/29\/cruz-roja-realizara-operativo-de-dia-de-muertos\/#primaryimage"},"thumbnailUrl":"https:\/\/i0.wp.com\/elhijodelllanero.mx\/wp-content\/uploads\/2024\/10\/IMG-20241029-WA0041.jpg?fit=1599%2C899&ssl=1","articleSection":["CELAYA"],"inLanguage":"es","potentialAction":[{"@type":"CommentAction","name":"Comment","target":["https:\/\/elhijodelllanero.mx\/index.php\/2024\/10\/29\/cruz-roja-realizara-operativo-de-dia-de-muertos\/#respond"]}]},{"@type":"WebPage","@id":"https:\/\/elhijodelllanero.mx\/index.php\/2024\/10\/29\/cruz-roja-realizara-operativo-de-dia-de-muertos\/","url":"https:\/\/elhijodelllanero.mx\/index.php\/2024\/10\/29\/cruz-roja-realizara-operativo-de-dia-de-muertos\/","name":"CRUZ ROJA REALIZAR\u00c1 OPERATIVO DE D\u00cdA DE MUERTOS - El Hijo del llanero solititito","isPartOf":{"@id":"https:\/\/elhijodelllanero.mx\/#website"},"primaryImageOfPage":{"@id":"https:\/\/elhijodelllanero.mx\/index.php\/2024\/10\/29\/cruz-roja-realizara-operativo-de-dia-de-muertos\/#primaryimage"},"image":{"@id":"https:\/\/elhijodelllanero.mx\/index.php\/2024\/10\/29\/cruz-roja-realizara-operativo-de-dia-de-muertos\/#primaryimage"},"thumbnailUrl":"https:\/\/i0.wp.com\/elhijodelllanero.mx\/wp-content\/uploads\/2024\/10\/IMG-20241029-WA0041.jpg?fit=1599%2C899&ssl=1","datePublished":"2024-10-29T17:45:32+00:00","dateModified":"2024-10-29T19:34:16+00:00","author":{"@id":"https:\/\/elhijodelllanero.mx\/#\/schema\/person\/c7f8c86c55c1eab44ae2b93a9628245f"},"breadcrumb":{"@id":"https:\/\/elhijodelllanero.mx\/index.php\/2024\/10\/29\/cruz-roja-realizara-operativo-de-dia-de-muertos\/#breadcrumb"},"inLanguage":"es","potentialAction":[{"@type":"ReadAction","target":["https:\/\/elhijodelllanero.mx\/index.php\/2024\/10\/29\/cruz-roja-realizara-operativo-de-dia-de-muertos\/"]}]},{"@type":"ImageObject","inLanguage":"es","@id":"https:\/\/elhijodelllanero.mx\/index.php\/2024\/10\/29\/cruz-roja-realizara-operativo-de-dia-de-muertos\/#primaryimage","url":"https:\/\/i0.wp.com\/elhijodelllanero.mx\/wp-content\/uploads\/2024\/10\/IMG-20241029-WA0041.jpg?fit=1599%2C899&ssl=1","contentUrl":"https:\/\/i0.wp.com\/elhijodelllanero.mx\/wp-content\/uploads\/2024\/10\/IMG-20241029-WA0041.jpg?fit=1599%2C899&ssl=1","width":1599,"height":899},{"@type":"BreadcrumbList","@id":"https:\/\/elhijodelllanero.mx\/index.php\/2024\/10\/29\/cruz-roja-realizara-operativo-de-dia-de-muertos\/#breadcrumb","itemListElement":[{"@type":"ListItem","position":1,"name":"Portada","item":"https:\/\/elhijodelllanero.mx\/"},{"@type":"ListItem","position":2,"name":"CRUZ ROJA REALIZAR\u00c1 OPERATIVO DE D\u00cdA DE MUERTOS"}]},{"@type":"WebSite","@id":"https:\/\/elhijodelllanero.mx\/#website","url":"https:\/\/elhijodelllanero.mx\/","name":"El Hijo del llanero solititito","description":"","potentialAction":[{"@type":"SearchAction","target":{"@type":"EntryPoint","urlTemplate":"https:\/\/elhijodelllanero.mx\/?s={search_term_string}"},"query-input":{"@type":"PropertyValueSpecification","valueRequired":true,"valueName":"search_term_string"}}],"inLanguage":"es"},{"@type":"Person","@id":"https:\/\/elhijodelllanero.mx\/#\/schema\/person\/c7f8c86c55c1eab44ae2b93a9628245f","name":"Mar\u00eda de la Paz Rodarte Ram\u00edrez","image":{"@type":"ImageObject","inLanguage":"es","@id":"https:\/\/secure.gravatar.com\/avatar\/1f38f8518b09a266af73da2bce78d69e7d1275299970134ed62f572e0487e1d0?s=96&d=mm&r=g","url":"https:\/\/secure.gravatar.com\/avatar\/1f38f8518b09a266af73da2bce78d69e7d1275299970134ed62f572e0487e1d0?s=96&d=mm&r=g","contentUrl":"https:\/\/secure.gravatar.com\/avatar\/1f38f8518b09a266af73da2bce78d69e7d1275299970134ed62f572e0487e1d0?s=96&d=mm&r=g","caption":"Mar\u00eda de la Paz Rodarte Ram\u00edrez"},"sameAs":["https:\/\/www.elhijodelllanero.mx"],"url":"https:\/\/elhijodelllanero.mx\/index.php\/author\/maricuas\/"}]}},"jetpack_featured_media_url":"https:\/\/i0.wp.com\/elhijodelllanero.mx\/wp-content\/uploads\/2024\/10\/IMG-20241029-WA0041.jpg?fit=1599%2C899&ssl=1","jetpack-related-posts":[],"jetpack_sharing_enabled":true,"_links":{"self":[{"href":"https:\/\/elhijodelllanero.mx\/index.php\/wp-json\/wp\/v2\/posts\/8837","targetHints":{"allow":["GET"]}}],"collection":[{"href":"https:\/\/elhijodelllanero.mx\/index.php\/wp-json\/wp\/v2\/posts"}],"about":[{"href":"https:\/\/elhijodelllanero.mx\/index.php\/wp-json\/wp\/v2\/types\/post"}],"author":[{"embeddable":true,"href":"https:\/\/elhijodelllanero.mx\/index.php\/wp-json\/wp\/v2\/users\/3"}],"replies":[{"embeddable":true,"href":"https:\/\/elhijodelllanero.mx\/index.php\/wp-json\/wp\/v2\/comments?post=8837"}],"version-history":[{"count":2,"href":"https:\/\/elhijodelllanero.mx\/index.php\/wp-json\/wp\/v2\/posts\/8837\/revisions"}],"predecessor-version":[{"id":8845,"href":"https:\/\/elhijodelllanero.mx\/index.php\/wp-json\/wp\/v2\/posts\/8837\/revisions\/8845"}],"wp:featuredmedia":[{"embeddable":true,"href":"https:\/\/elhijodelllanero.mx\/index.php\/wp-json\/wp\/v2\/media\/8838"}],"wp:attachment":[{"href":"https:\/\/elhijodelllanero.mx\/index.php\/wp-json\/wp\/v2\/media?parent=8837"}],"wp:term":[{"taxonomy":"category","embeddable":true,"href":"https:\/\/elhijodelllanero.mx\/index.php\/wp-json\/wp\/v2\/categories?post=8837"},{"taxonomy":"post_tag","embeddable":true,"href":"https:\/\/elhijodelllanero.mx\/index.php\/wp-json\/wp\/v2\/tags?post=8837"}],"curies":[{"name":"wp","href":"https:\/\/api.w.org\/{rel}","templated":true}]}}