{"id":8840,"date":"2024-10-29T18:27:07","date_gmt":"2024-10-29T18:27:07","guid":{"rendered":"https:\/\/elhijodelllanero.mx\/?p=8840"},"modified":"2024-10-29T18:27:07","modified_gmt":"2024-10-29T18:27:07","slug":"se-busca-eficientar-el-servicio-en-jumapa-con-recorte-en-la-plantilla-laboral","status":"publish","type":"post","link":"https:\/\/elhijodelllanero.mx\/index.php\/2024\/10\/29\/se-busca-eficientar-el-servicio-en-jumapa-con-recorte-en-la-plantilla-laboral\/","title":{"rendered":"SE BUSCA EFICIENTAR EL SERVICIO EN JUMAPA CON RECORTE EN LA PLANTILLA LABORAL"},"content":{"rendered":"<p><img data-recalc-dims=\"1\" loading=\"lazy\" decoding=\"async\" class=\"size-medium wp-image-8841 aligncenter\" src=\"https:\/\/i0.wp.com\/elhijodelllanero.mx\/wp-content\/uploads\/2024\/10\/IMG-20241029-WA0020.jpg?resize=225%2C300&#038;ssl=1\" alt=\"\" width=\"225\" height=\"300\" srcset=\"https:\/\/i0.wp.com\/elhijodelllanero.mx\/wp-content\/uploads\/2024\/10\/IMG-20241029-WA0020.jpg?resize=225%2C300&amp;ssl=1 225w, https:\/\/i0.wp.com\/elhijodelllanero.mx\/wp-content\/uploads\/2024\/10\/IMG-20241029-WA0020.jpg?resize=768%2C1024&amp;ssl=1 768w, https:\/\/i0.wp.com\/elhijodelllanero.mx\/wp-content\/uploads\/2024\/10\/IMG-20241029-WA0020.jpg?resize=1152%2C1536&amp;ssl=1 1152w, https:\/\/i0.wp.com\/elhijodelllanero.mx\/wp-content\/uploads\/2024\/10\/IMG-20241029-WA0020.jpg?resize=315%2C420&amp;ssl=1 315w, https:\/\/i0.wp.com\/elhijodelllanero.mx\/wp-content\/uploads\/2024\/10\/IMG-20241029-WA0020.jpg?resize=696%2C928&amp;ssl=1 696w, https:\/\/i0.wp.com\/elhijodelllanero.mx\/wp-content\/uploads\/2024\/10\/IMG-20241029-WA0020.jpg?resize=1068%2C1424&amp;ssl=1 1068w, https:\/\/i0.wp.com\/elhijodelllanero.mx\/wp-content\/uploads\/2024\/10\/IMG-20241029-WA0020.jpg?w=1200&amp;ssl=1 1200w\" sizes=\"auto, (max-width: 225px) 100vw, 225px\" \/><\/p>\n<p>Celaya; Gto. 29 de octubre del 2024.- Habr\u00e1 recorte en la plantilla laboral en la Junta Municipal de Agua Potable y Alcantarillado (JUMAPA), buscando la eficiencia para el usuario en sus ocho diferentes coordinaciones administrativos y operativos.<\/p>\n<p>Sa\u00fal Trejo Fuentes, director de la JUMAPA en Celaya, indic\u00f3 que actualmente el presupuesto anual es de 937 millones de pesos del organismo, de los cuales 188 millones de pesos es para cubrir el gasto de 595 empleados, de los cuales, 243 son operativos y 352 son administrativos.<br \/>\nExplicando que con los reportes ademas del ahorro en n\u00f3mina se busca la eficiencia laboral.<br \/>\n\u00abEsta es una valoraci\u00f3n administrativa que forma parte de los trabajos de los primeros 100 d\u00edas de gobierno, donde se busca crear esa sensibilizaci\u00f3n con el personal en la atenci\u00f3n a las personas, en el aspecto social y humano, de ah\u00ed que se tendr\u00e1 que hacer una revisi\u00f3n profunda de los puestos y las actividades que realiza cada empleado\u00bb, explic\u00f3 el director.<br \/>\nTrejo Fuentes, indic\u00f3 que no habr\u00e1 despidos masivos para colocar personal \u201crecomendado\u201d, exhortando al personal operativo y administrativo a que contin\u00faen realizando su trabajo de manera normal.<\/p>\n","protected":false},"excerpt":{"rendered":"<p>Celaya; Gto. 29 de octubre del 2024.- Habr\u00e1 recorte en la plantilla laboral en la Junta Municipal de Agua Potable y Alcantarillado (JUMAPA), buscando la eficiencia para el usuario en sus ocho diferentes coordinaciones administrativos y operativos. Sa\u00fal Trejo Fuentes, director de la JUMAPA en Celaya, indic\u00f3 que actualmente el presupuesto anual es de 937 [&hellip;]<\/p>\n","protected":false},"author":3,"featured_media":0,"comment_status":"open","ping_status":"closed","sticky":false,"template":"","format":"standard","meta":{"_jetpack_newsletter_access":"","_jetpack_dont_email_post_to_subs":false,"_jetpack_newsletter_tier_id":0,"_jetpack_memberships_contains_paywalled_content":false,"_jetpack_memberships_contains_paid_content":false,"footnotes":""},"categories":[74],"tags":[],"class_list":{"0":"post-8840","1":"post","2":"type-post","3":"status-publish","4":"format-standard","6":"category-celaya"},"yoast_head":"<!-- This site is optimized with the Yoast SEO plugin v27.3 - https:\/\/yoast.com\/product\/yoast-seo-wordpress\/ -->\n<title>SE BUSCA EFICIENTAR EL SERVICIO EN JUMAPA CON RECORTE EN LA PLANTILLA LABORAL - El Hijo del llanero solititito<\/title>\n<meta name=\"robots\" content=\"index, follow, max-snippet:-1, max-image-preview:large, max-video-preview:-1\" \/>\n<link rel=\"canonical\" href=\"https:\/\/elhijodelllanero.mx\/index.php\/2024\/10\/29\/se-busca-eficientar-el-servicio-en-jumapa-con-recorte-en-la-plantilla-laboral\/\" \/>\n<meta property=\"og:locale\" content=\"es_ES\" \/>\n<meta property=\"og:type\" content=\"article\" \/>\n<meta property=\"og:title\" content=\"SE BUSCA EFICIENTAR EL SERVICIO EN JUMAPA CON RECORTE EN LA PLANTILLA LABORAL - El Hijo del llanero solititito\" \/>\n<meta property=\"og:description\" content=\"Celaya; Gto. 29 de octubre del 2024.- Habr\u00e1 recorte en la plantilla laboral en la Junta Municipal de Agua Potable y Alcantarillado (JUMAPA), buscando la eficiencia para el usuario en sus ocho diferentes coordinaciones administrativos y operativos. Sa\u00fal Trejo Fuentes, director de la JUMAPA en Celaya, indic\u00f3 que actualmente el presupuesto anual es de 937 [&hellip;]\" \/>\n<meta property=\"og:url\" content=\"https:\/\/elhijodelllanero.mx\/index.php\/2024\/10\/29\/se-busca-eficientar-el-servicio-en-jumapa-con-recorte-en-la-plantilla-laboral\/\" \/>\n<meta property=\"og:site_name\" content=\"El Hijo del llanero solititito\" \/>\n<meta property=\"article:published_time\" content=\"2024-10-29T18:27:07+00:00\" \/>\n<meta property=\"og:image\" content=\"https:\/\/elhijodelllanero.mx\/wp-content\/uploads\/2024\/10\/IMG-20241029-WA0020-225x300.jpg\" \/>\n<meta name=\"author\" content=\"Mar\u00eda de la Paz Rodarte Ram\u00edrez\" \/>\n<meta name=\"twitter:card\" content=\"summary_large_image\" \/>\n<meta name=\"twitter:label1\" content=\"Escrito por\" \/>\n\t<meta name=\"twitter:data1\" content=\"Mar\u00eda de la Paz Rodarte Ram\u00edrez\" \/>\n\t<meta name=\"twitter:label2\" content=\"Tiempo de lectura\" \/>\n\t<meta name=\"twitter:data2\" content=\"2 minutos\" \/>\n<script type=\"application\/ld+json\" class=\"yoast-schema-graph\">{\"@context\":\"https:\\\/\\\/schema.org\",\"@graph\":[{\"@type\":\"Article\",\"@id\":\"https:\\\/\\\/elhijodelllanero.mx\\\/index.php\\\/2024\\\/10\\\/29\\\/se-busca-eficientar-el-servicio-en-jumapa-con-recorte-en-la-plantilla-laboral\\\/#article\",\"isPartOf\":{\"@id\":\"https:\\\/\\\/elhijodelllanero.mx\\\/index.php\\\/2024\\\/10\\\/29\\\/se-busca-eficientar-el-servicio-en-jumapa-con-recorte-en-la-plantilla-laboral\\\/\"},\"author\":{\"name\":\"Mar\u00eda de la Paz Rodarte Ram\u00edrez\",\"@id\":\"https:\\\/\\\/elhijodelllanero.mx\\\/#\\\/schema\\\/person\\\/c7f8c86c55c1eab44ae2b93a9628245f\"},\"headline\":\"SE BUSCA EFICIENTAR EL SERVICIO EN JUMAPA CON RECORTE EN LA PLANTILLA LABORAL\",\"datePublished\":\"2024-10-29T18:27:07+00:00\",\"mainEntityOfPage\":{\"@id\":\"https:\\\/\\\/elhijodelllanero.mx\\\/index.php\\\/2024\\\/10\\\/29\\\/se-busca-eficientar-el-servicio-en-jumapa-con-recorte-en-la-plantilla-laboral\\\/\"},\"wordCount\":203,\"commentCount\":0,\"image\":{\"@id\":\"https:\\\/\\\/elhijodelllanero.mx\\\/index.php\\\/2024\\\/10\\\/29\\\/se-busca-eficientar-el-servicio-en-jumapa-con-recorte-en-la-plantilla-laboral\\\/#primaryimage\"},\"thumbnailUrl\":\"https:\\\/\\\/elhijodelllanero.mx\\\/wp-content\\\/uploads\\\/2024\\\/10\\\/IMG-20241029-WA0020-225x300.jpg\",\"articleSection\":[\"CELAYA\"],\"inLanguage\":\"es\",\"potentialAction\":[{\"@type\":\"CommentAction\",\"name\":\"Comment\",\"target\":[\"https:\\\/\\\/elhijodelllanero.mx\\\/index.php\\\/2024\\\/10\\\/29\\\/se-busca-eficientar-el-servicio-en-jumapa-con-recorte-en-la-plantilla-laboral\\\/#respond\"]}]},{\"@type\":\"WebPage\",\"@id\":\"https:\\\/\\\/elhijodelllanero.mx\\\/index.php\\\/2024\\\/10\\\/29\\\/se-busca-eficientar-el-servicio-en-jumapa-con-recorte-en-la-plantilla-laboral\\\/\",\"url\":\"https:\\\/\\\/elhijodelllanero.mx\\\/index.php\\\/2024\\\/10\\\/29\\\/se-busca-eficientar-el-servicio-en-jumapa-con-recorte-en-la-plantilla-laboral\\\/\",\"name\":\"SE BUSCA EFICIENTAR EL SERVICIO EN JUMAPA CON RECORTE EN LA PLANTILLA LABORAL - El Hijo del llanero solititito\",\"isPartOf\":{\"@id\":\"https:\\\/\\\/elhijodelllanero.mx\\\/#website\"},\"primaryImageOfPage\":{\"@id\":\"https:\\\/\\\/elhijodelllanero.mx\\\/index.php\\\/2024\\\/10\\\/29\\\/se-busca-eficientar-el-servicio-en-jumapa-con-recorte-en-la-plantilla-laboral\\\/#primaryimage\"},\"image\":{\"@id\":\"https:\\\/\\\/elhijodelllanero.mx\\\/index.php\\\/2024\\\/10\\\/29\\\/se-busca-eficientar-el-servicio-en-jumapa-con-recorte-en-la-plantilla-laboral\\\/#primaryimage\"},\"thumbnailUrl\":\"https:\\\/\\\/elhijodelllanero.mx\\\/wp-content\\\/uploads\\\/2024\\\/10\\\/IMG-20241029-WA0020-225x300.jpg\",\"datePublished\":\"2024-10-29T18:27:07+00:00\",\"author\":{\"@id\":\"https:\\\/\\\/elhijodelllanero.mx\\\/#\\\/schema\\\/person\\\/c7f8c86c55c1eab44ae2b93a9628245f\"},\"breadcrumb\":{\"@id\":\"https:\\\/\\\/elhijodelllanero.mx\\\/index.php\\\/2024\\\/10\\\/29\\\/se-busca-eficientar-el-servicio-en-jumapa-con-recorte-en-la-plantilla-laboral\\\/#breadcrumb\"},\"inLanguage\":\"es\",\"potentialAction\":[{\"@type\":\"ReadAction\",\"target\":[\"https:\\\/\\\/elhijodelllanero.mx\\\/index.php\\\/2024\\\/10\\\/29\\\/se-busca-eficientar-el-servicio-en-jumapa-con-recorte-en-la-plantilla-laboral\\\/\"]}]},{\"@type\":\"ImageObject\",\"inLanguage\":\"es\",\"@id\":\"https:\\\/\\\/elhijodelllanero.mx\\\/index.php\\\/2024\\\/10\\\/29\\\/se-busca-eficientar-el-servicio-en-jumapa-con-recorte-en-la-plantilla-laboral\\\/#primaryimage\",\"url\":\"https:\\\/\\\/i0.wp.com\\\/elhijodelllanero.mx\\\/wp-content\\\/uploads\\\/2024\\\/10\\\/IMG-20241029-WA0020.jpg?fit=1200%2C1600&ssl=1\",\"contentUrl\":\"https:\\\/\\\/i0.wp.com\\\/elhijodelllanero.mx\\\/wp-content\\\/uploads\\\/2024\\\/10\\\/IMG-20241029-WA0020.jpg?fit=1200%2C1600&ssl=1\",\"width\":1200,\"height\":1600},{\"@type\":\"BreadcrumbList\",\"@id\":\"https:\\\/\\\/elhijodelllanero.mx\\\/index.php\\\/2024\\\/10\\\/29\\\/se-busca-eficientar-el-servicio-en-jumapa-con-recorte-en-la-plantilla-laboral\\\/#breadcrumb\",\"itemListElement\":[{\"@type\":\"ListItem\",\"position\":1,\"name\":\"Portada\",\"item\":\"https:\\\/\\\/elhijodelllanero.mx\\\/\"},{\"@type\":\"ListItem\",\"position\":2,\"name\":\"SE BUSCA EFICIENTAR EL SERVICIO EN JUMAPA CON RECORTE EN LA PLANTILLA LABORAL\"}]},{\"@type\":\"WebSite\",\"@id\":\"https:\\\/\\\/elhijodelllanero.mx\\\/#website\",\"url\":\"https:\\\/\\\/elhijodelllanero.mx\\\/\",\"name\":\"El Hijo del llanero solititito\",\"description\":\"\",\"potentialAction\":[{\"@type\":\"SearchAction\",\"target\":{\"@type\":\"EntryPoint\",\"urlTemplate\":\"https:\\\/\\\/elhijodelllanero.mx\\\/?s={search_term_string}\"},\"query-input\":{\"@type\":\"PropertyValueSpecification\",\"valueRequired\":true,\"valueName\":\"search_term_string\"}}],\"inLanguage\":\"es\"},{\"@type\":\"Person\",\"@id\":\"https:\\\/\\\/elhijodelllanero.mx\\\/#\\\/schema\\\/person\\\/c7f8c86c55c1eab44ae2b93a9628245f\",\"name\":\"Mar\u00eda de la Paz Rodarte Ram\u00edrez\",\"image\":{\"@type\":\"ImageObject\",\"inLanguage\":\"es\",\"@id\":\"https:\\\/\\\/secure.gravatar.com\\\/avatar\\\/1f38f8518b09a266af73da2bce78d69e7d1275299970134ed62f572e0487e1d0?s=96&d=mm&r=g\",\"url\":\"https:\\\/\\\/secure.gravatar.com\\\/avatar\\\/1f38f8518b09a266af73da2bce78d69e7d1275299970134ed62f572e0487e1d0?s=96&d=mm&r=g\",\"contentUrl\":\"https:\\\/\\\/secure.gravatar.com\\\/avatar\\\/1f38f8518b09a266af73da2bce78d69e7d1275299970134ed62f572e0487e1d0?s=96&d=mm&r=g\",\"caption\":\"Mar\u00eda de la Paz Rodarte Ram\u00edrez\"},\"sameAs\":[\"https:\\\/\\\/www.elhijodelllanero.mx\"],\"url\":\"https:\\\/\\\/elhijodelllanero.mx\\\/index.php\\\/author\\\/maricuas\\\/\"}]}<\/script>\n<!-- \/ Yoast SEO plugin. -->","yoast_head_json":{"title":"SE BUSCA EFICIENTAR EL SERVICIO EN JUMAPA CON RECORTE EN LA PLANTILLA LABORAL - El Hijo del llanero solititito","robots":{"index":"index","follow":"follow","max-snippet":"max-snippet:-1","max-image-preview":"max-image-preview:large","max-video-preview":"max-video-preview:-1"},"canonical":"https:\/\/elhijodelllanero.mx\/index.php\/2024\/10\/29\/se-busca-eficientar-el-servicio-en-jumapa-con-recorte-en-la-plantilla-laboral\/","og_locale":"es_ES","og_type":"article","og_title":"SE BUSCA EFICIENTAR EL SERVICIO EN JUMAPA CON RECORTE EN LA PLANTILLA LABORAL - El Hijo del llanero solititito","og_description":"Celaya; Gto. 29 de octubre del 2024.- Habr\u00e1 recorte en la plantilla laboral en la Junta Municipal de Agua Potable y Alcantarillado (JUMAPA), buscando la eficiencia para el usuario en sus ocho diferentes coordinaciones administrativos y operativos. Sa\u00fal Trejo Fuentes, director de la JUMAPA en Celaya, indic\u00f3 que actualmente el presupuesto anual es de 937 [&hellip;]","og_url":"https:\/\/elhijodelllanero.mx\/index.php\/2024\/10\/29\/se-busca-eficientar-el-servicio-en-jumapa-con-recorte-en-la-plantilla-laboral\/","og_site_name":"El Hijo del llanero solititito","article_published_time":"2024-10-29T18:27:07+00:00","og_image":[{"url":"https:\/\/elhijodelllanero.mx\/wp-content\/uploads\/2024\/10\/IMG-20241029-WA0020-225x300.jpg","type":"","width":"","height":""}],"author":"Mar\u00eda de la Paz Rodarte Ram\u00edrez","twitter_card":"summary_large_image","twitter_misc":{"Escrito por":"Mar\u00eda de la Paz Rodarte Ram\u00edrez","Tiempo de lectura":"2 minutos"},"schema":{"@context":"https:\/\/schema.org","@graph":[{"@type":"Article","@id":"https:\/\/elhijodelllanero.mx\/index.php\/2024\/10\/29\/se-busca-eficientar-el-servicio-en-jumapa-con-recorte-en-la-plantilla-laboral\/#article","isPartOf":{"@id":"https:\/\/elhijodelllanero.mx\/index.php\/2024\/10\/29\/se-busca-eficientar-el-servicio-en-jumapa-con-recorte-en-la-plantilla-laboral\/"},"author":{"name":"Mar\u00eda de la Paz Rodarte Ram\u00edrez","@id":"https:\/\/elhijodelllanero.mx\/#\/schema\/person\/c7f8c86c55c1eab44ae2b93a9628245f"},"headline":"SE BUSCA EFICIENTAR EL SERVICIO EN JUMAPA CON RECORTE EN LA PLANTILLA LABORAL","datePublished":"2024-10-29T18:27:07+00:00","mainEntityOfPage":{"@id":"https:\/\/elhijodelllanero.mx\/index.php\/2024\/10\/29\/se-busca-eficientar-el-servicio-en-jumapa-con-recorte-en-la-plantilla-laboral\/"},"wordCount":203,"commentCount":0,"image":{"@id":"https:\/\/elhijodelllanero.mx\/index.php\/2024\/10\/29\/se-busca-eficientar-el-servicio-en-jumapa-con-recorte-en-la-plantilla-laboral\/#primaryimage"},"thumbnailUrl":"https:\/\/elhijodelllanero.mx\/wp-content\/uploads\/2024\/10\/IMG-20241029-WA0020-225x300.jpg","articleSection":["CELAYA"],"inLanguage":"es","potentialAction":[{"@type":"CommentAction","name":"Comment","target":["https:\/\/elhijodelllanero.mx\/index.php\/2024\/10\/29\/se-busca-eficientar-el-servicio-en-jumapa-con-recorte-en-la-plantilla-laboral\/#respond"]}]},{"@type":"WebPage","@id":"https:\/\/elhijodelllanero.mx\/index.php\/2024\/10\/29\/se-busca-eficientar-el-servicio-en-jumapa-con-recorte-en-la-plantilla-laboral\/","url":"https:\/\/elhijodelllanero.mx\/index.php\/2024\/10\/29\/se-busca-eficientar-el-servicio-en-jumapa-con-recorte-en-la-plantilla-laboral\/","name":"SE BUSCA EFICIENTAR EL SERVICIO EN JUMAPA CON RECORTE EN LA PLANTILLA LABORAL - El Hijo del llanero solititito","isPartOf":{"@id":"https:\/\/elhijodelllanero.mx\/#website"},"primaryImageOfPage":{"@id":"https:\/\/elhijodelllanero.mx\/index.php\/2024\/10\/29\/se-busca-eficientar-el-servicio-en-jumapa-con-recorte-en-la-plantilla-laboral\/#primaryimage"},"image":{"@id":"https:\/\/elhijodelllanero.mx\/index.php\/2024\/10\/29\/se-busca-eficientar-el-servicio-en-jumapa-con-recorte-en-la-plantilla-laboral\/#primaryimage"},"thumbnailUrl":"https:\/\/elhijodelllanero.mx\/wp-content\/uploads\/2024\/10\/IMG-20241029-WA0020-225x300.jpg","datePublished":"2024-10-29T18:27:07+00:00","author":{"@id":"https:\/\/elhijodelllanero.mx\/#\/schema\/person\/c7f8c86c55c1eab44ae2b93a9628245f"},"breadcrumb":{"@id":"https:\/\/elhijodelllanero.mx\/index.php\/2024\/10\/29\/se-busca-eficientar-el-servicio-en-jumapa-con-recorte-en-la-plantilla-laboral\/#breadcrumb"},"inLanguage":"es","potentialAction":[{"@type":"ReadAction","target":["https:\/\/elhijodelllanero.mx\/index.php\/2024\/10\/29\/se-busca-eficientar-el-servicio-en-jumapa-con-recorte-en-la-plantilla-laboral\/"]}]},{"@type":"ImageObject","inLanguage":"es","@id":"https:\/\/elhijodelllanero.mx\/index.php\/2024\/10\/29\/se-busca-eficientar-el-servicio-en-jumapa-con-recorte-en-la-plantilla-laboral\/#primaryimage","url":"https:\/\/i0.wp.com\/elhijodelllanero.mx\/wp-content\/uploads\/2024\/10\/IMG-20241029-WA0020.jpg?fit=1200%2C1600&ssl=1","contentUrl":"https:\/\/i0.wp.com\/elhijodelllanero.mx\/wp-content\/uploads\/2024\/10\/IMG-20241029-WA0020.jpg?fit=1200%2C1600&ssl=1","width":1200,"height":1600},{"@type":"BreadcrumbList","@id":"https:\/\/elhijodelllanero.mx\/index.php\/2024\/10\/29\/se-busca-eficientar-el-servicio-en-jumapa-con-recorte-en-la-plantilla-laboral\/#breadcrumb","itemListElement":[{"@type":"ListItem","position":1,"name":"Portada","item":"https:\/\/elhijodelllanero.mx\/"},{"@type":"ListItem","position":2,"name":"SE BUSCA EFICIENTAR EL SERVICIO EN JUMAPA CON RECORTE EN LA PLANTILLA LABORAL"}]},{"@type":"WebSite","@id":"https:\/\/elhijodelllanero.mx\/#website","url":"https:\/\/elhijodelllanero.mx\/","name":"El Hijo del llanero solititito","description":"","potentialAction":[{"@type":"SearchAction","target":{"@type":"EntryPoint","urlTemplate":"https:\/\/elhijodelllanero.mx\/?s={search_term_string}"},"query-input":{"@type":"PropertyValueSpecification","valueRequired":true,"valueName":"search_term_string"}}],"inLanguage":"es"},{"@type":"Person","@id":"https:\/\/elhijodelllanero.mx\/#\/schema\/person\/c7f8c86c55c1eab44ae2b93a9628245f","name":"Mar\u00eda de la Paz Rodarte Ram\u00edrez","image":{"@type":"ImageObject","inLanguage":"es","@id":"https:\/\/secure.gravatar.com\/avatar\/1f38f8518b09a266af73da2bce78d69e7d1275299970134ed62f572e0487e1d0?s=96&d=mm&r=g","url":"https:\/\/secure.gravatar.com\/avatar\/1f38f8518b09a266af73da2bce78d69e7d1275299970134ed62f572e0487e1d0?s=96&d=mm&r=g","contentUrl":"https:\/\/secure.gravatar.com\/avatar\/1f38f8518b09a266af73da2bce78d69e7d1275299970134ed62f572e0487e1d0?s=96&d=mm&r=g","caption":"Mar\u00eda de la Paz Rodarte Ram\u00edrez"},"sameAs":["https:\/\/www.elhijodelllanero.mx"],"url":"https:\/\/elhijodelllanero.mx\/index.php\/author\/maricuas\/"}]}},"jetpack_featured_media_url":"","jetpack-related-posts":[],"jetpack_sharing_enabled":true,"_links":{"self":[{"href":"https:\/\/elhijodelllanero.mx\/index.php\/wp-json\/wp\/v2\/posts\/8840","targetHints":{"allow":["GET"]}}],"collection":[{"href":"https:\/\/elhijodelllanero.mx\/index.php\/wp-json\/wp\/v2\/posts"}],"about":[{"href":"https:\/\/elhijodelllanero.mx\/index.php\/wp-json\/wp\/v2\/types\/post"}],"author":[{"embeddable":true,"href":"https:\/\/elhijodelllanero.mx\/index.php\/wp-json\/wp\/v2\/users\/3"}],"replies":[{"embeddable":true,"href":"https:\/\/elhijodelllanero.mx\/index.php\/wp-json\/wp\/v2\/comments?post=8840"}],"version-history":[{"count":2,"href":"https:\/\/elhijodelllanero.mx\/index.php\/wp-json\/wp\/v2\/posts\/8840\/revisions"}],"predecessor-version":[{"id":8843,"href":"https:\/\/elhijodelllanero.mx\/index.php\/wp-json\/wp\/v2\/posts\/8840\/revisions\/8843"}],"wp:attachment":[{"href":"https:\/\/elhijodelllanero.mx\/index.php\/wp-json\/wp\/v2\/media?parent=8840"}],"wp:term":[{"taxonomy":"category","embeddable":true,"href":"https:\/\/elhijodelllanero.mx\/index.php\/wp-json\/wp\/v2\/categories?post=8840"},{"taxonomy":"post_tag","embeddable":true,"href":"https:\/\/elhijodelllanero.mx\/index.php\/wp-json\/wp\/v2\/tags?post=8840"}],"curies":[{"name":"wp","href":"https:\/\/api.w.org\/{rel}","templated":true}]}}