{"id":8857,"date":"2024-10-30T15:42:56","date_gmt":"2024-10-30T15:42:56","guid":{"rendered":"https:\/\/elhijodelllanero.mx\/?p=8857"},"modified":"2024-10-30T15:42:56","modified_gmt":"2024-10-30T15:42:56","slug":"colorido-salvatierra-para-festejar-dia-de-muertos","status":"publish","type":"post","link":"https:\/\/elhijodelllanero.mx\/index.php\/2024\/10\/30\/colorido-salvatierra-para-festejar-dia-de-muertos\/","title":{"rendered":"COLORIDO SALVATIERRA PARA FESTEJAR DIA DE MUERTOS"},"content":{"rendered":"<p>&nbsp;<\/p>\n<p>Salvatierra, Gto.30 de octubre de 2024. \u2013 En el marco del Festival de las Almas, las calles y plazas del centro de Salvatierra se adornan con elementos que evocan las tradiciones mexicanas en torno al D\u00eda de Muertos, ofreciendo un espect\u00e1culo visual para residentes y visitantes.<\/p>\n<p>Por tercer a\u00f1o consecutivo, la Asociaci\u00f3n Civil de Tapeteros de Uriangato ha creado dos tapetes de aserr\u00edn con im\u00e1genes alusivas a esta festividad. Uno de ellos, ubicado en la explanada del Carmen, presenta una calaverita de az\u00facar rodeada de flores de cempas\u00fachil, y tiene dimensiones de 5 metros de ancho por 25 metros de largo. El segundo tapete, situado en el pasillo central del jard\u00edn principal frente a la Presidencia Municipal, muestra una calaverita decorada con detalles de m\u00fasica y mide 2 metros de ancho por 25 metros de largo.<\/p>\n<p>Adem\u00e1s, personal de Servicios Municipales ha colocado flores de cempas\u00fachil en los macetones a lo largo de las calles Miguel Hidalgo, Benito Ju\u00e1rez y en la explanada del Carmen. La Direcci\u00f3n de Turismo y el \u00e1rea de eventos municipales tambi\u00e9n han decorado el kiosco del jard\u00edn principal, donde estar\u00e1 el altar \u201cIn Memoriam\u201d.<br \/>\nEn el pasaje Peregrina, tanto salvaterrenses como turistas podr\u00e1n admirar altares de D\u00eda de Muertos elaborados por estudiantes de diversas escuelas y asociaciones civiles, contribuyendo as\u00ed a resaltar la importancia de esta tradici\u00f3n.<\/p>\n","protected":false},"excerpt":{"rendered":"<p>&nbsp; Salvatierra, Gto.30 de octubre de 2024. \u2013 En el marco del Festival de las Almas, las calles y plazas del centro de Salvatierra se adornan con elementos que evocan las tradiciones mexicanas en torno al D\u00eda de Muertos, ofreciendo un espect\u00e1culo visual para residentes y visitantes. Por tercer a\u00f1o consecutivo, la Asociaci\u00f3n Civil de [&hellip;]<\/p>\n","protected":false},"author":1,"featured_media":8858,"comment_status":"open","ping_status":"closed","sticky":false,"template":"","format":"standard","meta":{"_jetpack_newsletter_access":"","_jetpack_dont_email_post_to_subs":false,"_jetpack_newsletter_tier_id":0,"_jetpack_memberships_contains_paywalled_content":false,"_jetpack_memberships_contains_paid_content":false,"footnotes":""},"categories":[80],"tags":[],"class_list":{"0":"post-8857","1":"post","2":"type-post","3":"status-publish","4":"format-standard","5":"has-post-thumbnail","7":"category-salvatierra"},"yoast_head":"<!-- This site is optimized with the Yoast SEO plugin v27.3 - https:\/\/yoast.com\/product\/yoast-seo-wordpress\/ -->\n<title>COLORIDO SALVATIERRA PARA FESTEJAR DIA DE MUERTOS - El Hijo del llanero solititito<\/title>\n<meta name=\"robots\" content=\"index, follow, max-snippet:-1, max-image-preview:large, max-video-preview:-1\" \/>\n<link rel=\"canonical\" href=\"https:\/\/elhijodelllanero.mx\/index.php\/2024\/10\/30\/colorido-salvatierra-para-festejar-dia-de-muertos\/\" \/>\n<meta property=\"og:locale\" content=\"es_ES\" \/>\n<meta property=\"og:type\" content=\"article\" \/>\n<meta property=\"og:title\" content=\"COLORIDO SALVATIERRA PARA FESTEJAR DIA DE MUERTOS - El Hijo del llanero solititito\" \/>\n<meta property=\"og:description\" content=\"&nbsp; Salvatierra, Gto.30 de octubre de 2024. \u2013 En el marco del Festival de las Almas, las calles y plazas del centro de Salvatierra se adornan con elementos que evocan las tradiciones mexicanas en torno al D\u00eda de Muertos, ofreciendo un espect\u00e1culo visual para residentes y visitantes. Por tercer a\u00f1o consecutivo, la Asociaci\u00f3n Civil de [&hellip;]\" \/>\n<meta property=\"og:url\" content=\"https:\/\/elhijodelllanero.mx\/index.php\/2024\/10\/30\/colorido-salvatierra-para-festejar-dia-de-muertos\/\" \/>\n<meta property=\"og:site_name\" content=\"El Hijo del llanero solititito\" \/>\n<meta property=\"article:published_time\" content=\"2024-10-30T15:42:56+00:00\" \/>\n<meta property=\"og:image\" content=\"https:\/\/elhijodelllanero.mx\/wp-content\/uploads\/2024\/10\/Collage_20241030_094055-scaled.jpg\" \/>\n\t<meta property=\"og:image:width\" content=\"2560\" \/>\n\t<meta property=\"og:image:height\" content=\"1920\" \/>\n\t<meta property=\"og:image:type\" content=\"image\/jpeg\" \/>\n<meta name=\"author\" content=\"Redaccion\" \/>\n<meta name=\"twitter:card\" content=\"summary_large_image\" \/>\n<meta name=\"twitter:label1\" content=\"Escrito por\" \/>\n\t<meta name=\"twitter:data1\" content=\"Redaccion\" \/>\n\t<meta name=\"twitter:label2\" content=\"Tiempo de lectura\" \/>\n\t<meta name=\"twitter:data2\" content=\"2 minutos\" \/>\n<script type=\"application\/ld+json\" class=\"yoast-schema-graph\">{\"@context\":\"https:\\\/\\\/schema.org\",\"@graph\":[{\"@type\":\"Article\",\"@id\":\"https:\\\/\\\/elhijodelllanero.mx\\\/index.php\\\/2024\\\/10\\\/30\\\/colorido-salvatierra-para-festejar-dia-de-muertos\\\/#article\",\"isPartOf\":{\"@id\":\"https:\\\/\\\/elhijodelllanero.mx\\\/index.php\\\/2024\\\/10\\\/30\\\/colorido-salvatierra-para-festejar-dia-de-muertos\\\/\"},\"author\":{\"name\":\"Redaccion\",\"@id\":\"https:\\\/\\\/elhijodelllanero.mx\\\/#\\\/schema\\\/person\\\/5dcfdd3db3a6f7e7906ef5d92cf7340b\"},\"headline\":\"COLORIDO SALVATIERRA PARA FESTEJAR DIA DE MUERTOS\",\"datePublished\":\"2024-10-30T15:42:56+00:00\",\"mainEntityOfPage\":{\"@id\":\"https:\\\/\\\/elhijodelllanero.mx\\\/index.php\\\/2024\\\/10\\\/30\\\/colorido-salvatierra-para-festejar-dia-de-muertos\\\/\"},\"wordCount\":243,\"commentCount\":0,\"image\":{\"@id\":\"https:\\\/\\\/elhijodelllanero.mx\\\/index.php\\\/2024\\\/10\\\/30\\\/colorido-salvatierra-para-festejar-dia-de-muertos\\\/#primaryimage\"},\"thumbnailUrl\":\"https:\\\/\\\/i0.wp.com\\\/elhijodelllanero.mx\\\/wp-content\\\/uploads\\\/2024\\\/10\\\/Collage_20241030_094055-scaled.jpg?fit=2560%2C1920&ssl=1\",\"articleSection\":[\"SALVATIERRA\"],\"inLanguage\":\"es\",\"potentialAction\":[{\"@type\":\"CommentAction\",\"name\":\"Comment\",\"target\":[\"https:\\\/\\\/elhijodelllanero.mx\\\/index.php\\\/2024\\\/10\\\/30\\\/colorido-salvatierra-para-festejar-dia-de-muertos\\\/#respond\"]}]},{\"@type\":\"WebPage\",\"@id\":\"https:\\\/\\\/elhijodelllanero.mx\\\/index.php\\\/2024\\\/10\\\/30\\\/colorido-salvatierra-para-festejar-dia-de-muertos\\\/\",\"url\":\"https:\\\/\\\/elhijodelllanero.mx\\\/index.php\\\/2024\\\/10\\\/30\\\/colorido-salvatierra-para-festejar-dia-de-muertos\\\/\",\"name\":\"COLORIDO SALVATIERRA PARA FESTEJAR DIA DE MUERTOS - El Hijo del llanero solititito\",\"isPartOf\":{\"@id\":\"https:\\\/\\\/elhijodelllanero.mx\\\/#website\"},\"primaryImageOfPage\":{\"@id\":\"https:\\\/\\\/elhijodelllanero.mx\\\/index.php\\\/2024\\\/10\\\/30\\\/colorido-salvatierra-para-festejar-dia-de-muertos\\\/#primaryimage\"},\"image\":{\"@id\":\"https:\\\/\\\/elhijodelllanero.mx\\\/index.php\\\/2024\\\/10\\\/30\\\/colorido-salvatierra-para-festejar-dia-de-muertos\\\/#primaryimage\"},\"thumbnailUrl\":\"https:\\\/\\\/i0.wp.com\\\/elhijodelllanero.mx\\\/wp-content\\\/uploads\\\/2024\\\/10\\\/Collage_20241030_094055-scaled.jpg?fit=2560%2C1920&ssl=1\",\"datePublished\":\"2024-10-30T15:42:56+00:00\",\"author\":{\"@id\":\"https:\\\/\\\/elhijodelllanero.mx\\\/#\\\/schema\\\/person\\\/5dcfdd3db3a6f7e7906ef5d92cf7340b\"},\"breadcrumb\":{\"@id\":\"https:\\\/\\\/elhijodelllanero.mx\\\/index.php\\\/2024\\\/10\\\/30\\\/colorido-salvatierra-para-festejar-dia-de-muertos\\\/#breadcrumb\"},\"inLanguage\":\"es\",\"potentialAction\":[{\"@type\":\"ReadAction\",\"target\":[\"https:\\\/\\\/elhijodelllanero.mx\\\/index.php\\\/2024\\\/10\\\/30\\\/colorido-salvatierra-para-festejar-dia-de-muertos\\\/\"]}]},{\"@type\":\"ImageObject\",\"inLanguage\":\"es\",\"@id\":\"https:\\\/\\\/elhijodelllanero.mx\\\/index.php\\\/2024\\\/10\\\/30\\\/colorido-salvatierra-para-festejar-dia-de-muertos\\\/#primaryimage\",\"url\":\"https:\\\/\\\/i0.wp.com\\\/elhijodelllanero.mx\\\/wp-content\\\/uploads\\\/2024\\\/10\\\/Collage_20241030_094055-scaled.jpg?fit=2560%2C1920&ssl=1\",\"contentUrl\":\"https:\\\/\\\/i0.wp.com\\\/elhijodelllanero.mx\\\/wp-content\\\/uploads\\\/2024\\\/10\\\/Collage_20241030_094055-scaled.jpg?fit=2560%2C1920&ssl=1\",\"width\":2560,\"height\":1920},{\"@type\":\"BreadcrumbList\",\"@id\":\"https:\\\/\\\/elhijodelllanero.mx\\\/index.php\\\/2024\\\/10\\\/30\\\/colorido-salvatierra-para-festejar-dia-de-muertos\\\/#breadcrumb\",\"itemListElement\":[{\"@type\":\"ListItem\",\"position\":1,\"name\":\"Portada\",\"item\":\"https:\\\/\\\/elhijodelllanero.mx\\\/\"},{\"@type\":\"ListItem\",\"position\":2,\"name\":\"COLORIDO SALVATIERRA PARA FESTEJAR DIA DE MUERTOS\"}]},{\"@type\":\"WebSite\",\"@id\":\"https:\\\/\\\/elhijodelllanero.mx\\\/#website\",\"url\":\"https:\\\/\\\/elhijodelllanero.mx\\\/\",\"name\":\"El Hijo del llanero solititito\",\"description\":\"\",\"potentialAction\":[{\"@type\":\"SearchAction\",\"target\":{\"@type\":\"EntryPoint\",\"urlTemplate\":\"https:\\\/\\\/elhijodelllanero.mx\\\/?s={search_term_string}\"},\"query-input\":{\"@type\":\"PropertyValueSpecification\",\"valueRequired\":true,\"valueName\":\"search_term_string\"}}],\"inLanguage\":\"es\"},{\"@type\":\"Person\",\"@id\":\"https:\\\/\\\/elhijodelllanero.mx\\\/#\\\/schema\\\/person\\\/5dcfdd3db3a6f7e7906ef5d92cf7340b\",\"name\":\"Redaccion\",\"image\":{\"@type\":\"ImageObject\",\"inLanguage\":\"es\",\"@id\":\"https:\\\/\\\/secure.gravatar.com\\\/avatar\\\/f65b913d6e7be363e7396f7fad32ab76d311fbb575fa7e623ec3ea4799f3b718?s=96&d=mm&r=g\",\"url\":\"https:\\\/\\\/secure.gravatar.com\\\/avatar\\\/f65b913d6e7be363e7396f7fad32ab76d311fbb575fa7e623ec3ea4799f3b718?s=96&d=mm&r=g\",\"contentUrl\":\"https:\\\/\\\/secure.gravatar.com\\\/avatar\\\/f65b913d6e7be363e7396f7fad32ab76d311fbb575fa7e623ec3ea4799f3b718?s=96&d=mm&r=g\",\"caption\":\"Redaccion\"},\"sameAs\":[\"https:\\\/\\\/www.elhijodelllanero.mx\"],\"url\":\"https:\\\/\\\/elhijodelllanero.mx\\\/index.php\\\/author\\\/admin_6smc8z8t\\\/\"}]}<\/script>\n<!-- \/ Yoast SEO plugin. -->","yoast_head_json":{"title":"COLORIDO SALVATIERRA PARA FESTEJAR DIA DE MUERTOS - El Hijo del llanero solititito","robots":{"index":"index","follow":"follow","max-snippet":"max-snippet:-1","max-image-preview":"max-image-preview:large","max-video-preview":"max-video-preview:-1"},"canonical":"https:\/\/elhijodelllanero.mx\/index.php\/2024\/10\/30\/colorido-salvatierra-para-festejar-dia-de-muertos\/","og_locale":"es_ES","og_type":"article","og_title":"COLORIDO SALVATIERRA PARA FESTEJAR DIA DE MUERTOS - El Hijo del llanero solititito","og_description":"&nbsp; Salvatierra, Gto.30 de octubre de 2024. \u2013 En el marco del Festival de las Almas, las calles y plazas del centro de Salvatierra se adornan con elementos que evocan las tradiciones mexicanas en torno al D\u00eda de Muertos, ofreciendo un espect\u00e1culo visual para residentes y visitantes. Por tercer a\u00f1o consecutivo, la Asociaci\u00f3n Civil de [&hellip;]","og_url":"https:\/\/elhijodelllanero.mx\/index.php\/2024\/10\/30\/colorido-salvatierra-para-festejar-dia-de-muertos\/","og_site_name":"El Hijo del llanero solititito","article_published_time":"2024-10-30T15:42:56+00:00","og_image":[{"width":2560,"height":1920,"url":"https:\/\/elhijodelllanero.mx\/wp-content\/uploads\/2024\/10\/Collage_20241030_094055-scaled.jpg","type":"image\/jpeg"}],"author":"Redaccion","twitter_card":"summary_large_image","twitter_misc":{"Escrito por":"Redaccion","Tiempo de lectura":"2 minutos"},"schema":{"@context":"https:\/\/schema.org","@graph":[{"@type":"Article","@id":"https:\/\/elhijodelllanero.mx\/index.php\/2024\/10\/30\/colorido-salvatierra-para-festejar-dia-de-muertos\/#article","isPartOf":{"@id":"https:\/\/elhijodelllanero.mx\/index.php\/2024\/10\/30\/colorido-salvatierra-para-festejar-dia-de-muertos\/"},"author":{"name":"Redaccion","@id":"https:\/\/elhijodelllanero.mx\/#\/schema\/person\/5dcfdd3db3a6f7e7906ef5d92cf7340b"},"headline":"COLORIDO SALVATIERRA PARA FESTEJAR DIA DE MUERTOS","datePublished":"2024-10-30T15:42:56+00:00","mainEntityOfPage":{"@id":"https:\/\/elhijodelllanero.mx\/index.php\/2024\/10\/30\/colorido-salvatierra-para-festejar-dia-de-muertos\/"},"wordCount":243,"commentCount":0,"image":{"@id":"https:\/\/elhijodelllanero.mx\/index.php\/2024\/10\/30\/colorido-salvatierra-para-festejar-dia-de-muertos\/#primaryimage"},"thumbnailUrl":"https:\/\/i0.wp.com\/elhijodelllanero.mx\/wp-content\/uploads\/2024\/10\/Collage_20241030_094055-scaled.jpg?fit=2560%2C1920&ssl=1","articleSection":["SALVATIERRA"],"inLanguage":"es","potentialAction":[{"@type":"CommentAction","name":"Comment","target":["https:\/\/elhijodelllanero.mx\/index.php\/2024\/10\/30\/colorido-salvatierra-para-festejar-dia-de-muertos\/#respond"]}]},{"@type":"WebPage","@id":"https:\/\/elhijodelllanero.mx\/index.php\/2024\/10\/30\/colorido-salvatierra-para-festejar-dia-de-muertos\/","url":"https:\/\/elhijodelllanero.mx\/index.php\/2024\/10\/30\/colorido-salvatierra-para-festejar-dia-de-muertos\/","name":"COLORIDO SALVATIERRA PARA FESTEJAR DIA DE MUERTOS - El Hijo del llanero solititito","isPartOf":{"@id":"https:\/\/elhijodelllanero.mx\/#website"},"primaryImageOfPage":{"@id":"https:\/\/elhijodelllanero.mx\/index.php\/2024\/10\/30\/colorido-salvatierra-para-festejar-dia-de-muertos\/#primaryimage"},"image":{"@id":"https:\/\/elhijodelllanero.mx\/index.php\/2024\/10\/30\/colorido-salvatierra-para-festejar-dia-de-muertos\/#primaryimage"},"thumbnailUrl":"https:\/\/i0.wp.com\/elhijodelllanero.mx\/wp-content\/uploads\/2024\/10\/Collage_20241030_094055-scaled.jpg?fit=2560%2C1920&ssl=1","datePublished":"2024-10-30T15:42:56+00:00","author":{"@id":"https:\/\/elhijodelllanero.mx\/#\/schema\/person\/5dcfdd3db3a6f7e7906ef5d92cf7340b"},"breadcrumb":{"@id":"https:\/\/elhijodelllanero.mx\/index.php\/2024\/10\/30\/colorido-salvatierra-para-festejar-dia-de-muertos\/#breadcrumb"},"inLanguage":"es","potentialAction":[{"@type":"ReadAction","target":["https:\/\/elhijodelllanero.mx\/index.php\/2024\/10\/30\/colorido-salvatierra-para-festejar-dia-de-muertos\/"]}]},{"@type":"ImageObject","inLanguage":"es","@id":"https:\/\/elhijodelllanero.mx\/index.php\/2024\/10\/30\/colorido-salvatierra-para-festejar-dia-de-muertos\/#primaryimage","url":"https:\/\/i0.wp.com\/elhijodelllanero.mx\/wp-content\/uploads\/2024\/10\/Collage_20241030_094055-scaled.jpg?fit=2560%2C1920&ssl=1","contentUrl":"https:\/\/i0.wp.com\/elhijodelllanero.mx\/wp-content\/uploads\/2024\/10\/Collage_20241030_094055-scaled.jpg?fit=2560%2C1920&ssl=1","width":2560,"height":1920},{"@type":"BreadcrumbList","@id":"https:\/\/elhijodelllanero.mx\/index.php\/2024\/10\/30\/colorido-salvatierra-para-festejar-dia-de-muertos\/#breadcrumb","itemListElement":[{"@type":"ListItem","position":1,"name":"Portada","item":"https:\/\/elhijodelllanero.mx\/"},{"@type":"ListItem","position":2,"name":"COLORIDO SALVATIERRA PARA FESTEJAR DIA DE MUERTOS"}]},{"@type":"WebSite","@id":"https:\/\/elhijodelllanero.mx\/#website","url":"https:\/\/elhijodelllanero.mx\/","name":"El Hijo del llanero solititito","description":"","potentialAction":[{"@type":"SearchAction","target":{"@type":"EntryPoint","urlTemplate":"https:\/\/elhijodelllanero.mx\/?s={search_term_string}"},"query-input":{"@type":"PropertyValueSpecification","valueRequired":true,"valueName":"search_term_string"}}],"inLanguage":"es"},{"@type":"Person","@id":"https:\/\/elhijodelllanero.mx\/#\/schema\/person\/5dcfdd3db3a6f7e7906ef5d92cf7340b","name":"Redaccion","image":{"@type":"ImageObject","inLanguage":"es","@id":"https:\/\/secure.gravatar.com\/avatar\/f65b913d6e7be363e7396f7fad32ab76d311fbb575fa7e623ec3ea4799f3b718?s=96&d=mm&r=g","url":"https:\/\/secure.gravatar.com\/avatar\/f65b913d6e7be363e7396f7fad32ab76d311fbb575fa7e623ec3ea4799f3b718?s=96&d=mm&r=g","contentUrl":"https:\/\/secure.gravatar.com\/avatar\/f65b913d6e7be363e7396f7fad32ab76d311fbb575fa7e623ec3ea4799f3b718?s=96&d=mm&r=g","caption":"Redaccion"},"sameAs":["https:\/\/www.elhijodelllanero.mx"],"url":"https:\/\/elhijodelllanero.mx\/index.php\/author\/admin_6smc8z8t\/"}]}},"jetpack_featured_media_url":"https:\/\/i0.wp.com\/elhijodelllanero.mx\/wp-content\/uploads\/2024\/10\/Collage_20241030_094055-scaled.jpg?fit=2560%2C1920&ssl=1","jetpack-related-posts":[],"jetpack_sharing_enabled":true,"_links":{"self":[{"href":"https:\/\/elhijodelllanero.mx\/index.php\/wp-json\/wp\/v2\/posts\/8857","targetHints":{"allow":["GET"]}}],"collection":[{"href":"https:\/\/elhijodelllanero.mx\/index.php\/wp-json\/wp\/v2\/posts"}],"about":[{"href":"https:\/\/elhijodelllanero.mx\/index.php\/wp-json\/wp\/v2\/types\/post"}],"author":[{"embeddable":true,"href":"https:\/\/elhijodelllanero.mx\/index.php\/wp-json\/wp\/v2\/users\/1"}],"replies":[{"embeddable":true,"href":"https:\/\/elhijodelllanero.mx\/index.php\/wp-json\/wp\/v2\/comments?post=8857"}],"version-history":[{"count":1,"href":"https:\/\/elhijodelllanero.mx\/index.php\/wp-json\/wp\/v2\/posts\/8857\/revisions"}],"predecessor-version":[{"id":8859,"href":"https:\/\/elhijodelllanero.mx\/index.php\/wp-json\/wp\/v2\/posts\/8857\/revisions\/8859"}],"wp:featuredmedia":[{"embeddable":true,"href":"https:\/\/elhijodelllanero.mx\/index.php\/wp-json\/wp\/v2\/media\/8858"}],"wp:attachment":[{"href":"https:\/\/elhijodelllanero.mx\/index.php\/wp-json\/wp\/v2\/media?parent=8857"}],"wp:term":[{"taxonomy":"category","embeddable":true,"href":"https:\/\/elhijodelllanero.mx\/index.php\/wp-json\/wp\/v2\/categories?post=8857"},{"taxonomy":"post_tag","embeddable":true,"href":"https:\/\/elhijodelllanero.mx\/index.php\/wp-json\/wp\/v2\/tags?post=8857"}],"curies":[{"name":"wp","href":"https:\/\/api.w.org\/{rel}","templated":true}]}}