{"id":8880,"date":"2024-11-06T03:06:48","date_gmt":"2024-11-06T03:06:48","guid":{"rendered":"https:\/\/elhijodelllanero.mx\/?p=8880"},"modified":"2024-11-06T03:36:26","modified_gmt":"2024-11-06T03:36:26","slug":"cierre-vial-por-construccion-de-estacion-de-medicion-en-rio-bravo-y-madero","status":"publish","type":"post","link":"https:\/\/elhijodelllanero.mx\/index.php\/2024\/11\/06\/cierre-vial-por-construccion-de-estacion-de-medicion-en-rio-bravo-y-madero\/","title":{"rendered":"CIERRE VIAL POR CONSTRUCCI\u00d3N DE ESTACI\u00d3N DE MEDICI\u00d3N EN RIO BRAVO Y MADERO"},"content":{"rendered":"<p>Celaya, Gto. 6 de noviembre de 2024.- Para construir una estaci\u00f3n de medici\u00f3n y caja de v\u00e1lvulas de agua potable, que mejorar\u00e1 el servicio de distribuci\u00f3n del vital l\u00edquido, se iniciar\u00e1n trabajos de obra p\u00fablica en la calle de Rio Bravo casi esquina con la calle Madero, en la zona centro.<\/p>\n<blockquote>\n<ol>\n<li style=\"text-align: center;\"><img data-recalc-dims=\"1\" loading=\"lazy\" decoding=\"async\" class=\"alignnone size-medium wp-image-8881\" src=\"https:\/\/i0.wp.com\/elhijodelllanero.mx\/wp-content\/uploads\/2024\/11\/IMG-20241105-WA0156.jpg?resize=300%2C300&#038;ssl=1\" alt=\"\" width=\"300\" height=\"300\" srcset=\"https:\/\/i0.wp.com\/elhijodelllanero.mx\/wp-content\/uploads\/2024\/11\/IMG-20241105-WA0156.jpg?resize=300%2C300&amp;ssl=1 300w, https:\/\/i0.wp.com\/elhijodelllanero.mx\/wp-content\/uploads\/2024\/11\/IMG-20241105-WA0156.jpg?resize=1024%2C1024&amp;ssl=1 1024w, https:\/\/i0.wp.com\/elhijodelllanero.mx\/wp-content\/uploads\/2024\/11\/IMG-20241105-WA0156.jpg?resize=150%2C150&amp;ssl=1 150w, https:\/\/i0.wp.com\/elhijodelllanero.mx\/wp-content\/uploads\/2024\/11\/IMG-20241105-WA0156.jpg?resize=768%2C768&amp;ssl=1 768w, https:\/\/i0.wp.com\/elhijodelllanero.mx\/wp-content\/uploads\/2024\/11\/IMG-20241105-WA0156.jpg?resize=1536%2C1536&amp;ssl=1 1536w, https:\/\/i0.wp.com\/elhijodelllanero.mx\/wp-content\/uploads\/2024\/11\/IMG-20241105-WA0156.jpg?resize=420%2C420&amp;ssl=1 420w, https:\/\/i0.wp.com\/elhijodelllanero.mx\/wp-content\/uploads\/2024\/11\/IMG-20241105-WA0156.jpg?resize=696%2C696&amp;ssl=1 696w, https:\/\/i0.wp.com\/elhijodelllanero.mx\/wp-content\/uploads\/2024\/11\/IMG-20241105-WA0156.jpg?resize=1068%2C1068&amp;ssl=1 1068w, https:\/\/i0.wp.com\/elhijodelllanero.mx\/wp-content\/uploads\/2024\/11\/IMG-20241105-WA0156.jpg?w=1600&amp;ssl=1 1600w, https:\/\/i0.wp.com\/elhijodelllanero.mx\/wp-content\/uploads\/2024\/11\/IMG-20241105-WA0156.jpg?w=1392&amp;ssl=1 1392w\" sizes=\"auto, (max-width: 300px) 100vw, 300px\" \/>Este mi\u00e9rcoles 06 de noviembre, pasadas las 8 de la ma\u00f1ana, tiempo despu\u00e9s de la entrada a las escuelas y centros de trabajo, se cerrar\u00e1 a la circulaci\u00f3n sobre la calle R\u00edo Bravo.<\/li>\n<\/ol>\n<\/blockquote>\n<p>Por lo anterior, es importante que tomen precauciones quienes llegan al centro hist\u00f3rico o, al parque Morelos por R\u00edo Bravo.<\/p>\n<p>Para JUMAPA es necesario el cierre vial por las dimensiones que implica esta estaci\u00f3n con sistema de medici\u00f3n y v\u00e1lvulas de flujo que ah\u00ed se construir\u00e1 pr\u00e1cticamente al centro del arroyo vehicular<\/p>\n<p>Esta obra es fundamental realizarla, ya que concreta la sectorizaci\u00f3n de la zona, que ha incluido la rehabilitaci\u00f3n de redes de agua potable, del proyecto denominado Sector San Agust\u00edn tercera etapa.<\/p>\n<p>Es importante destacar que las rutas de trasporte p\u00fablico que hacen base o parada en el parque Morelos se mantienen, ya que \u00fanicamente se desviar\u00e1n previamente, es decir aquellas que circulan sobre 5 de mayo hac\u00eda Rio Bravo, se desviar\u00e1n desde la calle Guadalupe, para tomar Calzada, Morelos, Tenochtitlan, Madero y llegar a la parada del parque Morelos.<\/p>\n<p>El tiempo estimado de los trabajos y cierre vial es de m\u00e1ximo 2 semanas, ya que es importante concluir y abrir la circulaci\u00f3n antes de que se instale el comercio navide\u00f1o en el parque Morelos.<\/p>\n","protected":false},"excerpt":{"rendered":"<p>Celaya, Gto. 6 de noviembre de 2024.- Para construir una estaci\u00f3n de medici\u00f3n y caja de v\u00e1lvulas de agua potable, que mejorar\u00e1 el servicio de distribuci\u00f3n del vital l\u00edquido, se iniciar\u00e1n trabajos de obra p\u00fablica en la calle de Rio Bravo casi esquina con la calle Madero, en la zona centro. Este mi\u00e9rcoles 06 de [&hellip;]<\/p>\n","protected":false},"author":3,"featured_media":0,"comment_status":"open","ping_status":"closed","sticky":false,"template":"","format":"standard","meta":{"_jetpack_newsletter_access":"","_jetpack_dont_email_post_to_subs":false,"_jetpack_newsletter_tier_id":0,"_jetpack_memberships_contains_paywalled_content":false,"_jetpack_memberships_contains_paid_content":false,"footnotes":""},"categories":[1],"tags":[],"class_list":{"0":"post-8880","1":"post","2":"type-post","3":"status-publish","4":"format-standard","6":"category-uncategorized"},"yoast_head":"<!-- This site is optimized with the Yoast SEO plugin v27.3 - https:\/\/yoast.com\/product\/yoast-seo-wordpress\/ -->\n<title>CIERRE VIAL POR CONSTRUCCI\u00d3N DE ESTACI\u00d3N DE MEDICI\u00d3N EN RIO BRAVO Y MADERO - El Hijo del llanero solititito<\/title>\n<meta name=\"robots\" content=\"index, follow, max-snippet:-1, max-image-preview:large, max-video-preview:-1\" \/>\n<link rel=\"canonical\" href=\"https:\/\/elhijodelllanero.mx\/index.php\/2024\/11\/06\/cierre-vial-por-construccion-de-estacion-de-medicion-en-rio-bravo-y-madero\/\" \/>\n<meta property=\"og:locale\" content=\"es_ES\" \/>\n<meta property=\"og:type\" content=\"article\" \/>\n<meta property=\"og:title\" content=\"CIERRE VIAL POR CONSTRUCCI\u00d3N DE ESTACI\u00d3N DE MEDICI\u00d3N EN RIO BRAVO Y MADERO - El Hijo del llanero solititito\" \/>\n<meta property=\"og:description\" content=\"Celaya, Gto. 6 de noviembre de 2024.- Para construir una estaci\u00f3n de medici\u00f3n y caja de v\u00e1lvulas de agua potable, que mejorar\u00e1 el servicio de distribuci\u00f3n del vital l\u00edquido, se iniciar\u00e1n trabajos de obra p\u00fablica en la calle de Rio Bravo casi esquina con la calle Madero, en la zona centro. Este mi\u00e9rcoles 06 de [&hellip;]\" \/>\n<meta property=\"og:url\" content=\"https:\/\/elhijodelllanero.mx\/index.php\/2024\/11\/06\/cierre-vial-por-construccion-de-estacion-de-medicion-en-rio-bravo-y-madero\/\" \/>\n<meta property=\"og:site_name\" content=\"El Hijo del llanero solititito\" \/>\n<meta property=\"article:published_time\" content=\"2024-11-06T03:06:48+00:00\" \/>\n<meta property=\"article:modified_time\" content=\"2024-11-06T03:36:26+00:00\" \/>\n<meta property=\"og:image\" content=\"https:\/\/elhijodelllanero.mx\/wp-content\/uploads\/2024\/11\/IMG-20241105-WA0156-300x300.jpg\" \/>\n<meta name=\"author\" content=\"Mar\u00eda de la Paz Rodarte Ram\u00edrez\" \/>\n<meta name=\"twitter:card\" content=\"summary_large_image\" \/>\n<meta name=\"twitter:label1\" content=\"Escrito por\" \/>\n\t<meta name=\"twitter:data1\" content=\"Mar\u00eda de la Paz Rodarte Ram\u00edrez\" \/>\n\t<meta name=\"twitter:label2\" content=\"Tiempo de lectura\" \/>\n\t<meta name=\"twitter:data2\" content=\"2 minutos\" \/>\n<script type=\"application\/ld+json\" class=\"yoast-schema-graph\">{\"@context\":\"https:\\\/\\\/schema.org\",\"@graph\":[{\"@type\":\"Article\",\"@id\":\"https:\\\/\\\/elhijodelllanero.mx\\\/index.php\\\/2024\\\/11\\\/06\\\/cierre-vial-por-construccion-de-estacion-de-medicion-en-rio-bravo-y-madero\\\/#article\",\"isPartOf\":{\"@id\":\"https:\\\/\\\/elhijodelllanero.mx\\\/index.php\\\/2024\\\/11\\\/06\\\/cierre-vial-por-construccion-de-estacion-de-medicion-en-rio-bravo-y-madero\\\/\"},\"author\":{\"name\":\"Mar\u00eda de la Paz Rodarte Ram\u00edrez\",\"@id\":\"https:\\\/\\\/elhijodelllanero.mx\\\/#\\\/schema\\\/person\\\/c7f8c86c55c1eab44ae2b93a9628245f\"},\"headline\":\"CIERRE VIAL POR CONSTRUCCI\u00d3N DE ESTACI\u00d3N DE MEDICI\u00d3N EN RIO BRAVO Y MADERO\",\"datePublished\":\"2024-11-06T03:06:48+00:00\",\"dateModified\":\"2024-11-06T03:36:26+00:00\",\"mainEntityOfPage\":{\"@id\":\"https:\\\/\\\/elhijodelllanero.mx\\\/index.php\\\/2024\\\/11\\\/06\\\/cierre-vial-por-construccion-de-estacion-de-medicion-en-rio-bravo-y-madero\\\/\"},\"wordCount\":299,\"commentCount\":0,\"image\":{\"@id\":\"https:\\\/\\\/elhijodelllanero.mx\\\/index.php\\\/2024\\\/11\\\/06\\\/cierre-vial-por-construccion-de-estacion-de-medicion-en-rio-bravo-y-madero\\\/#primaryimage\"},\"thumbnailUrl\":\"https:\\\/\\\/elhijodelllanero.mx\\\/wp-content\\\/uploads\\\/2024\\\/11\\\/IMG-20241105-WA0156-300x300.jpg\",\"articleSection\":[\"Uncategorized\"],\"inLanguage\":\"es\",\"potentialAction\":[{\"@type\":\"CommentAction\",\"name\":\"Comment\",\"target\":[\"https:\\\/\\\/elhijodelllanero.mx\\\/index.php\\\/2024\\\/11\\\/06\\\/cierre-vial-por-construccion-de-estacion-de-medicion-en-rio-bravo-y-madero\\\/#respond\"]}]},{\"@type\":\"WebPage\",\"@id\":\"https:\\\/\\\/elhijodelllanero.mx\\\/index.php\\\/2024\\\/11\\\/06\\\/cierre-vial-por-construccion-de-estacion-de-medicion-en-rio-bravo-y-madero\\\/\",\"url\":\"https:\\\/\\\/elhijodelllanero.mx\\\/index.php\\\/2024\\\/11\\\/06\\\/cierre-vial-por-construccion-de-estacion-de-medicion-en-rio-bravo-y-madero\\\/\",\"name\":\"CIERRE VIAL POR CONSTRUCCI\u00d3N DE ESTACI\u00d3N DE MEDICI\u00d3N EN RIO BRAVO Y MADERO - El Hijo del llanero solititito\",\"isPartOf\":{\"@id\":\"https:\\\/\\\/elhijodelllanero.mx\\\/#website\"},\"primaryImageOfPage\":{\"@id\":\"https:\\\/\\\/elhijodelllanero.mx\\\/index.php\\\/2024\\\/11\\\/06\\\/cierre-vial-por-construccion-de-estacion-de-medicion-en-rio-bravo-y-madero\\\/#primaryimage\"},\"image\":{\"@id\":\"https:\\\/\\\/elhijodelllanero.mx\\\/index.php\\\/2024\\\/11\\\/06\\\/cierre-vial-por-construccion-de-estacion-de-medicion-en-rio-bravo-y-madero\\\/#primaryimage\"},\"thumbnailUrl\":\"https:\\\/\\\/elhijodelllanero.mx\\\/wp-content\\\/uploads\\\/2024\\\/11\\\/IMG-20241105-WA0156-300x300.jpg\",\"datePublished\":\"2024-11-06T03:06:48+00:00\",\"dateModified\":\"2024-11-06T03:36:26+00:00\",\"author\":{\"@id\":\"https:\\\/\\\/elhijodelllanero.mx\\\/#\\\/schema\\\/person\\\/c7f8c86c55c1eab44ae2b93a9628245f\"},\"breadcrumb\":{\"@id\":\"https:\\\/\\\/elhijodelllanero.mx\\\/index.php\\\/2024\\\/11\\\/06\\\/cierre-vial-por-construccion-de-estacion-de-medicion-en-rio-bravo-y-madero\\\/#breadcrumb\"},\"inLanguage\":\"es\",\"potentialAction\":[{\"@type\":\"ReadAction\",\"target\":[\"https:\\\/\\\/elhijodelllanero.mx\\\/index.php\\\/2024\\\/11\\\/06\\\/cierre-vial-por-construccion-de-estacion-de-medicion-en-rio-bravo-y-madero\\\/\"]}]},{\"@type\":\"ImageObject\",\"inLanguage\":\"es\",\"@id\":\"https:\\\/\\\/elhijodelllanero.mx\\\/index.php\\\/2024\\\/11\\\/06\\\/cierre-vial-por-construccion-de-estacion-de-medicion-en-rio-bravo-y-madero\\\/#primaryimage\",\"url\":\"https:\\\/\\\/i0.wp.com\\\/elhijodelllanero.mx\\\/wp-content\\\/uploads\\\/2024\\\/11\\\/IMG-20241105-WA0156.jpg?fit=1600%2C1600&ssl=1\",\"contentUrl\":\"https:\\\/\\\/i0.wp.com\\\/elhijodelllanero.mx\\\/wp-content\\\/uploads\\\/2024\\\/11\\\/IMG-20241105-WA0156.jpg?fit=1600%2C1600&ssl=1\",\"width\":1600,\"height\":1600},{\"@type\":\"BreadcrumbList\",\"@id\":\"https:\\\/\\\/elhijodelllanero.mx\\\/index.php\\\/2024\\\/11\\\/06\\\/cierre-vial-por-construccion-de-estacion-de-medicion-en-rio-bravo-y-madero\\\/#breadcrumb\",\"itemListElement\":[{\"@type\":\"ListItem\",\"position\":1,\"name\":\"Portada\",\"item\":\"https:\\\/\\\/elhijodelllanero.mx\\\/\"},{\"@type\":\"ListItem\",\"position\":2,\"name\":\"CIERRE VIAL POR CONSTRUCCI\u00d3N DE ESTACI\u00d3N DE MEDICI\u00d3N EN RIO BRAVO Y MADERO\"}]},{\"@type\":\"WebSite\",\"@id\":\"https:\\\/\\\/elhijodelllanero.mx\\\/#website\",\"url\":\"https:\\\/\\\/elhijodelllanero.mx\\\/\",\"name\":\"El Hijo del llanero solititito\",\"description\":\"\",\"potentialAction\":[{\"@type\":\"SearchAction\",\"target\":{\"@type\":\"EntryPoint\",\"urlTemplate\":\"https:\\\/\\\/elhijodelllanero.mx\\\/?s={search_term_string}\"},\"query-input\":{\"@type\":\"PropertyValueSpecification\",\"valueRequired\":true,\"valueName\":\"search_term_string\"}}],\"inLanguage\":\"es\"},{\"@type\":\"Person\",\"@id\":\"https:\\\/\\\/elhijodelllanero.mx\\\/#\\\/schema\\\/person\\\/c7f8c86c55c1eab44ae2b93a9628245f\",\"name\":\"Mar\u00eda de la Paz Rodarte Ram\u00edrez\",\"image\":{\"@type\":\"ImageObject\",\"inLanguage\":\"es\",\"@id\":\"https:\\\/\\\/secure.gravatar.com\\\/avatar\\\/1f38f8518b09a266af73da2bce78d69e7d1275299970134ed62f572e0487e1d0?s=96&d=mm&r=g\",\"url\":\"https:\\\/\\\/secure.gravatar.com\\\/avatar\\\/1f38f8518b09a266af73da2bce78d69e7d1275299970134ed62f572e0487e1d0?s=96&d=mm&r=g\",\"contentUrl\":\"https:\\\/\\\/secure.gravatar.com\\\/avatar\\\/1f38f8518b09a266af73da2bce78d69e7d1275299970134ed62f572e0487e1d0?s=96&d=mm&r=g\",\"caption\":\"Mar\u00eda de la Paz Rodarte Ram\u00edrez\"},\"sameAs\":[\"https:\\\/\\\/www.elhijodelllanero.mx\"],\"url\":\"https:\\\/\\\/elhijodelllanero.mx\\\/index.php\\\/author\\\/maricuas\\\/\"}]}<\/script>\n<!-- \/ Yoast SEO plugin. -->","yoast_head_json":{"title":"CIERRE VIAL POR CONSTRUCCI\u00d3N DE ESTACI\u00d3N DE MEDICI\u00d3N EN RIO BRAVO Y MADERO - El Hijo del llanero solititito","robots":{"index":"index","follow":"follow","max-snippet":"max-snippet:-1","max-image-preview":"max-image-preview:large","max-video-preview":"max-video-preview:-1"},"canonical":"https:\/\/elhijodelllanero.mx\/index.php\/2024\/11\/06\/cierre-vial-por-construccion-de-estacion-de-medicion-en-rio-bravo-y-madero\/","og_locale":"es_ES","og_type":"article","og_title":"CIERRE VIAL POR CONSTRUCCI\u00d3N DE ESTACI\u00d3N DE MEDICI\u00d3N EN RIO BRAVO Y MADERO - El Hijo del llanero solititito","og_description":"Celaya, Gto. 6 de noviembre de 2024.- Para construir una estaci\u00f3n de medici\u00f3n y caja de v\u00e1lvulas de agua potable, que mejorar\u00e1 el servicio de distribuci\u00f3n del vital l\u00edquido, se iniciar\u00e1n trabajos de obra p\u00fablica en la calle de Rio Bravo casi esquina con la calle Madero, en la zona centro. Este mi\u00e9rcoles 06 de [&hellip;]","og_url":"https:\/\/elhijodelllanero.mx\/index.php\/2024\/11\/06\/cierre-vial-por-construccion-de-estacion-de-medicion-en-rio-bravo-y-madero\/","og_site_name":"El Hijo del llanero solititito","article_published_time":"2024-11-06T03:06:48+00:00","article_modified_time":"2024-11-06T03:36:26+00:00","og_image":[{"url":"https:\/\/elhijodelllanero.mx\/wp-content\/uploads\/2024\/11\/IMG-20241105-WA0156-300x300.jpg","type":"","width":"","height":""}],"author":"Mar\u00eda de la Paz Rodarte Ram\u00edrez","twitter_card":"summary_large_image","twitter_misc":{"Escrito por":"Mar\u00eda de la Paz Rodarte Ram\u00edrez","Tiempo de lectura":"2 minutos"},"schema":{"@context":"https:\/\/schema.org","@graph":[{"@type":"Article","@id":"https:\/\/elhijodelllanero.mx\/index.php\/2024\/11\/06\/cierre-vial-por-construccion-de-estacion-de-medicion-en-rio-bravo-y-madero\/#article","isPartOf":{"@id":"https:\/\/elhijodelllanero.mx\/index.php\/2024\/11\/06\/cierre-vial-por-construccion-de-estacion-de-medicion-en-rio-bravo-y-madero\/"},"author":{"name":"Mar\u00eda de la Paz Rodarte Ram\u00edrez","@id":"https:\/\/elhijodelllanero.mx\/#\/schema\/person\/c7f8c86c55c1eab44ae2b93a9628245f"},"headline":"CIERRE VIAL POR CONSTRUCCI\u00d3N DE ESTACI\u00d3N DE MEDICI\u00d3N EN RIO BRAVO Y MADERO","datePublished":"2024-11-06T03:06:48+00:00","dateModified":"2024-11-06T03:36:26+00:00","mainEntityOfPage":{"@id":"https:\/\/elhijodelllanero.mx\/index.php\/2024\/11\/06\/cierre-vial-por-construccion-de-estacion-de-medicion-en-rio-bravo-y-madero\/"},"wordCount":299,"commentCount":0,"image":{"@id":"https:\/\/elhijodelllanero.mx\/index.php\/2024\/11\/06\/cierre-vial-por-construccion-de-estacion-de-medicion-en-rio-bravo-y-madero\/#primaryimage"},"thumbnailUrl":"https:\/\/elhijodelllanero.mx\/wp-content\/uploads\/2024\/11\/IMG-20241105-WA0156-300x300.jpg","articleSection":["Uncategorized"],"inLanguage":"es","potentialAction":[{"@type":"CommentAction","name":"Comment","target":["https:\/\/elhijodelllanero.mx\/index.php\/2024\/11\/06\/cierre-vial-por-construccion-de-estacion-de-medicion-en-rio-bravo-y-madero\/#respond"]}]},{"@type":"WebPage","@id":"https:\/\/elhijodelllanero.mx\/index.php\/2024\/11\/06\/cierre-vial-por-construccion-de-estacion-de-medicion-en-rio-bravo-y-madero\/","url":"https:\/\/elhijodelllanero.mx\/index.php\/2024\/11\/06\/cierre-vial-por-construccion-de-estacion-de-medicion-en-rio-bravo-y-madero\/","name":"CIERRE VIAL POR CONSTRUCCI\u00d3N DE ESTACI\u00d3N DE MEDICI\u00d3N EN RIO BRAVO Y MADERO - El Hijo del llanero solititito","isPartOf":{"@id":"https:\/\/elhijodelllanero.mx\/#website"},"primaryImageOfPage":{"@id":"https:\/\/elhijodelllanero.mx\/index.php\/2024\/11\/06\/cierre-vial-por-construccion-de-estacion-de-medicion-en-rio-bravo-y-madero\/#primaryimage"},"image":{"@id":"https:\/\/elhijodelllanero.mx\/index.php\/2024\/11\/06\/cierre-vial-por-construccion-de-estacion-de-medicion-en-rio-bravo-y-madero\/#primaryimage"},"thumbnailUrl":"https:\/\/elhijodelllanero.mx\/wp-content\/uploads\/2024\/11\/IMG-20241105-WA0156-300x300.jpg","datePublished":"2024-11-06T03:06:48+00:00","dateModified":"2024-11-06T03:36:26+00:00","author":{"@id":"https:\/\/elhijodelllanero.mx\/#\/schema\/person\/c7f8c86c55c1eab44ae2b93a9628245f"},"breadcrumb":{"@id":"https:\/\/elhijodelllanero.mx\/index.php\/2024\/11\/06\/cierre-vial-por-construccion-de-estacion-de-medicion-en-rio-bravo-y-madero\/#breadcrumb"},"inLanguage":"es","potentialAction":[{"@type":"ReadAction","target":["https:\/\/elhijodelllanero.mx\/index.php\/2024\/11\/06\/cierre-vial-por-construccion-de-estacion-de-medicion-en-rio-bravo-y-madero\/"]}]},{"@type":"ImageObject","inLanguage":"es","@id":"https:\/\/elhijodelllanero.mx\/index.php\/2024\/11\/06\/cierre-vial-por-construccion-de-estacion-de-medicion-en-rio-bravo-y-madero\/#primaryimage","url":"https:\/\/i0.wp.com\/elhijodelllanero.mx\/wp-content\/uploads\/2024\/11\/IMG-20241105-WA0156.jpg?fit=1600%2C1600&ssl=1","contentUrl":"https:\/\/i0.wp.com\/elhijodelllanero.mx\/wp-content\/uploads\/2024\/11\/IMG-20241105-WA0156.jpg?fit=1600%2C1600&ssl=1","width":1600,"height":1600},{"@type":"BreadcrumbList","@id":"https:\/\/elhijodelllanero.mx\/index.php\/2024\/11\/06\/cierre-vial-por-construccion-de-estacion-de-medicion-en-rio-bravo-y-madero\/#breadcrumb","itemListElement":[{"@type":"ListItem","position":1,"name":"Portada","item":"https:\/\/elhijodelllanero.mx\/"},{"@type":"ListItem","position":2,"name":"CIERRE VIAL POR CONSTRUCCI\u00d3N DE ESTACI\u00d3N DE MEDICI\u00d3N EN RIO BRAVO Y MADERO"}]},{"@type":"WebSite","@id":"https:\/\/elhijodelllanero.mx\/#website","url":"https:\/\/elhijodelllanero.mx\/","name":"El Hijo del llanero solititito","description":"","potentialAction":[{"@type":"SearchAction","target":{"@type":"EntryPoint","urlTemplate":"https:\/\/elhijodelllanero.mx\/?s={search_term_string}"},"query-input":{"@type":"PropertyValueSpecification","valueRequired":true,"valueName":"search_term_string"}}],"inLanguage":"es"},{"@type":"Person","@id":"https:\/\/elhijodelllanero.mx\/#\/schema\/person\/c7f8c86c55c1eab44ae2b93a9628245f","name":"Mar\u00eda de la Paz Rodarte Ram\u00edrez","image":{"@type":"ImageObject","inLanguage":"es","@id":"https:\/\/secure.gravatar.com\/avatar\/1f38f8518b09a266af73da2bce78d69e7d1275299970134ed62f572e0487e1d0?s=96&d=mm&r=g","url":"https:\/\/secure.gravatar.com\/avatar\/1f38f8518b09a266af73da2bce78d69e7d1275299970134ed62f572e0487e1d0?s=96&d=mm&r=g","contentUrl":"https:\/\/secure.gravatar.com\/avatar\/1f38f8518b09a266af73da2bce78d69e7d1275299970134ed62f572e0487e1d0?s=96&d=mm&r=g","caption":"Mar\u00eda de la Paz Rodarte Ram\u00edrez"},"sameAs":["https:\/\/www.elhijodelllanero.mx"],"url":"https:\/\/elhijodelllanero.mx\/index.php\/author\/maricuas\/"}]}},"jetpack_featured_media_url":"","jetpack-related-posts":[],"jetpack_sharing_enabled":true,"_links":{"self":[{"href":"https:\/\/elhijodelllanero.mx\/index.php\/wp-json\/wp\/v2\/posts\/8880","targetHints":{"allow":["GET"]}}],"collection":[{"href":"https:\/\/elhijodelllanero.mx\/index.php\/wp-json\/wp\/v2\/posts"}],"about":[{"href":"https:\/\/elhijodelllanero.mx\/index.php\/wp-json\/wp\/v2\/types\/post"}],"author":[{"embeddable":true,"href":"https:\/\/elhijodelllanero.mx\/index.php\/wp-json\/wp\/v2\/users\/3"}],"replies":[{"embeddable":true,"href":"https:\/\/elhijodelllanero.mx\/index.php\/wp-json\/wp\/v2\/comments?post=8880"}],"version-history":[{"count":3,"href":"https:\/\/elhijodelllanero.mx\/index.php\/wp-json\/wp\/v2\/posts\/8880\/revisions"}],"predecessor-version":[{"id":8884,"href":"https:\/\/elhijodelllanero.mx\/index.php\/wp-json\/wp\/v2\/posts\/8880\/revisions\/8884"}],"wp:attachment":[{"href":"https:\/\/elhijodelllanero.mx\/index.php\/wp-json\/wp\/v2\/media?parent=8880"}],"wp:term":[{"taxonomy":"category","embeddable":true,"href":"https:\/\/elhijodelllanero.mx\/index.php\/wp-json\/wp\/v2\/categories?post=8880"},{"taxonomy":"post_tag","embeddable":true,"href":"https:\/\/elhijodelllanero.mx\/index.php\/wp-json\/wp\/v2\/tags?post=8880"}],"curies":[{"name":"wp","href":"https:\/\/api.w.org\/{rel}","templated":true}]}}