{"id":8893,"date":"2024-11-07T18:47:35","date_gmt":"2024-11-07T18:47:35","guid":{"rendered":"https:\/\/elhijodelllanero.mx\/?p=8893"},"modified":"2024-11-07T18:50:56","modified_gmt":"2024-11-07T18:50:56","slug":"habitantes-del-rehilete-estan-hartos-de-ser-ignorados-piden-solucion-a-las-autoridades","status":"publish","type":"post","link":"https:\/\/elhijodelllanero.mx\/index.php\/2024\/11\/07\/habitantes-del-rehilete-estan-hartos-de-ser-ignorados-piden-solucion-a-las-autoridades\/","title":{"rendered":"HABITANTES DEL REHILETE EST\u00c1N HARTOS DE SER IGNORADOS, PIDEN SOLUCI\u00d3N A LAS AUTORIDADES"},"content":{"rendered":"<p><img data-recalc-dims=\"1\" loading=\"lazy\" decoding=\"async\" class=\"alignnone size-medium wp-image-8894\" src=\"https:\/\/i0.wp.com\/elhijodelllanero.mx\/wp-content\/uploads\/2024\/11\/IMG-20241107-WA0075.jpg?resize=300%2C300&#038;ssl=1\" alt=\"\" width=\"300\" height=\"300\" srcset=\"https:\/\/i0.wp.com\/elhijodelllanero.mx\/wp-content\/uploads\/2024\/11\/IMG-20241107-WA0075.jpg?resize=300%2C300&amp;ssl=1 300w, https:\/\/i0.wp.com\/elhijodelllanero.mx\/wp-content\/uploads\/2024\/11\/IMG-20241107-WA0075.jpg?resize=1024%2C1024&amp;ssl=1 1024w, https:\/\/i0.wp.com\/elhijodelllanero.mx\/wp-content\/uploads\/2024\/11\/IMG-20241107-WA0075.jpg?resize=150%2C150&amp;ssl=1 150w, https:\/\/i0.wp.com\/elhijodelllanero.mx\/wp-content\/uploads\/2024\/11\/IMG-20241107-WA0075.jpg?resize=768%2C768&amp;ssl=1 768w, https:\/\/i0.wp.com\/elhijodelllanero.mx\/wp-content\/uploads\/2024\/11\/IMG-20241107-WA0075.jpg?resize=1536%2C1536&amp;ssl=1 1536w, https:\/\/i0.wp.com\/elhijodelllanero.mx\/wp-content\/uploads\/2024\/11\/IMG-20241107-WA0075.jpg?resize=420%2C420&amp;ssl=1 420w, https:\/\/i0.wp.com\/elhijodelllanero.mx\/wp-content\/uploads\/2024\/11\/IMG-20241107-WA0075.jpg?resize=696%2C696&amp;ssl=1 696w, https:\/\/i0.wp.com\/elhijodelllanero.mx\/wp-content\/uploads\/2024\/11\/IMG-20241107-WA0075.jpg?resize=1068%2C1068&amp;ssl=1 1068w, https:\/\/i0.wp.com\/elhijodelllanero.mx\/wp-content\/uploads\/2024\/11\/IMG-20241107-WA0075.jpg?w=1600&amp;ssl=1 1600w, https:\/\/i0.wp.com\/elhijodelllanero.mx\/wp-content\/uploads\/2024\/11\/IMG-20241107-WA0075.jpg?w=1392&amp;ssl=1 1392w\" sizes=\"auto, (max-width: 300px) 100vw, 300px\" \/>Villagr\u00e1n,GTO. 7 de noviembre del 2024.- Familias del Fraccionamiento El Rehilete se manifiestaron por falta de servicios basicos, se\u00f1alando que tienen m\u00e1s de 15 a\u00f1os olvidados por autoridades municipales, estatales y federales, adem\u00e1s de la inmobiliaria que vendi\u00f3 las casas.<\/p>\n<p>Los pobladores, representados por sus comit\u00e9s de vecinos, citaron a los medios comunicaci\u00f3n para dar a conocer la situaci\u00f3n que viven y que pese a que se han reportado, nadie les hace caso.<br \/>\nEl llamado directo fue para Carlos Martinez Vel\u00e1zquez, director general INFONAVIT, a la gobernadora del estado de Guanajuato, Libia Denisse Garc\u00eda Mu\u00f1oz Ledo as\u00ed como a la presidenta de M\u00e9xico, Claudia Sheinbaum y la inmobiliaria urbanizadora del baj\u00edo, de quien est\u00e1 al frente Fernando Carrilo.<br \/>\nSe explic\u00f3 que son 15 a\u00f1os que los habitantes han tenido que lidiar con diversas situaciones, la principal el desabasto de agua.<br \/>\nEl fraccionamiento cuenta con tres pozos, de los cuales las tres bombas se encuentran descompuestas, los mismo pobladores han buscado la cotizaci\u00f3n para reparar al menos una, lo cual oscila entre los 125 a 175 mil pesos, y aunque la mayor\u00eda de los vecinos est\u00e1n dispuestos en dar aportaci\u00f3n para que se repare, la situaci\u00f3n econ\u00f3mica no les permite juntar ni la mitad de la cantidad, lo que complica a\u00fan m\u00e1s la situaci\u00f3n si se pretende arreglar las tres bombas. Otros de los problemas que enfrentan los vecinos de El Rehilete es la falta de alumbrado p\u00fablico, servicio de limpia y recolecci\u00f3n de basura, por lo que se han visto en la necesidad de dejar sus desperdicios en casas abandonadas, agravando el problema de salud en la zona.<br \/>\nEntre otros puntos abordados, se\u00f1alan que<br \/>\nInfonavit tiene marcado como punto rojo el fraccionamiento, lo que quiere decir que no pueden ser vendidos los inmuebles, lo que deja a los pobladores sin opciones de vender para irse a vivir a otro lugar y tener una mejor vida.<br \/>\nIndicaron, que la actual administraci\u00f3n de Villagr\u00e1n se ha mostrado emp\u00e1tica con ellos, facilit\u00e1ndoles agua por medio de pipas, pero que resulta insuficiente para atender las necesidades que se tienen.<br \/>\nAnte est\u00e1 problem\u00e1tica, se reiter\u00f3, el pedir la intervenci\u00f3n de las involucradas a nivel estatal y federal, exigiendo contar con un lugar digno para vivir.<\/p>\n","protected":false},"excerpt":{"rendered":"<p>Villagr\u00e1n,GTO. 7 de noviembre del 2024.- Familias del Fraccionamiento El Rehilete se manifiestaron por falta de servicios basicos, se\u00f1alando que tienen m\u00e1s de 15 a\u00f1os olvidados por autoridades municipales, estatales y federales, adem\u00e1s de la inmobiliaria que vendi\u00f3 las casas. Los pobladores, representados por sus comit\u00e9s de vecinos, citaron a los medios comunicaci\u00f3n para dar [&hellip;]<\/p>\n","protected":false},"author":3,"featured_media":0,"comment_status":"open","ping_status":"closed","sticky":false,"template":"","format":"standard","meta":{"_jetpack_newsletter_access":"","_jetpack_dont_email_post_to_subs":false,"_jetpack_newsletter_tier_id":0,"_jetpack_memberships_contains_paywalled_content":false,"_jetpack_memberships_contains_paid_content":false,"footnotes":""},"categories":[76,1,85],"tags":[],"class_list":{"0":"post-8893","1":"post","2":"type-post","3":"status-publish","4":"format-standard","6":"category-municipios","7":"category-uncategorized","8":"category-villagran"},"yoast_head":"<!-- This site is optimized with the Yoast SEO plugin v27.3 - https:\/\/yoast.com\/product\/yoast-seo-wordpress\/ -->\n<title>HABITANTES DEL REHILETE EST\u00c1N HARTOS DE SER IGNORADOS, PIDEN SOLUCI\u00d3N A LAS AUTORIDADES - El Hijo del llanero solititito<\/title>\n<meta name=\"robots\" content=\"index, follow, max-snippet:-1, max-image-preview:large, max-video-preview:-1\" \/>\n<link rel=\"canonical\" href=\"https:\/\/elhijodelllanero.mx\/index.php\/2024\/11\/07\/habitantes-del-rehilete-estan-hartos-de-ser-ignorados-piden-solucion-a-las-autoridades\/\" \/>\n<meta property=\"og:locale\" content=\"es_ES\" \/>\n<meta property=\"og:type\" content=\"article\" \/>\n<meta property=\"og:title\" content=\"HABITANTES DEL REHILETE EST\u00c1N HARTOS DE SER IGNORADOS, PIDEN SOLUCI\u00d3N A LAS AUTORIDADES - El Hijo del llanero solititito\" \/>\n<meta property=\"og:description\" content=\"Villagr\u00e1n,GTO. 7 de noviembre del 2024.- Familias del Fraccionamiento El Rehilete se manifiestaron por falta de servicios basicos, se\u00f1alando que tienen m\u00e1s de 15 a\u00f1os olvidados por autoridades municipales, estatales y federales, adem\u00e1s de la inmobiliaria que vendi\u00f3 las casas. Los pobladores, representados por sus comit\u00e9s de vecinos, citaron a los medios comunicaci\u00f3n para dar [&hellip;]\" \/>\n<meta property=\"og:url\" content=\"https:\/\/elhijodelllanero.mx\/index.php\/2024\/11\/07\/habitantes-del-rehilete-estan-hartos-de-ser-ignorados-piden-solucion-a-las-autoridades\/\" \/>\n<meta property=\"og:site_name\" content=\"El Hijo del llanero solititito\" \/>\n<meta property=\"article:published_time\" content=\"2024-11-07T18:47:35+00:00\" \/>\n<meta property=\"article:modified_time\" content=\"2024-11-07T18:50:56+00:00\" \/>\n<meta property=\"og:image\" content=\"https:\/\/elhijodelllanero.mx\/wp-content\/uploads\/2024\/11\/IMG-20241107-WA0075-300x300.jpg\" \/>\n<meta name=\"author\" content=\"Mar\u00eda de la Paz Rodarte Ram\u00edrez\" \/>\n<meta name=\"twitter:card\" content=\"summary_large_image\" \/>\n<meta name=\"twitter:label1\" content=\"Escrito por\" \/>\n\t<meta name=\"twitter:data1\" content=\"Mar\u00eda de la Paz Rodarte Ram\u00edrez\" \/>\n\t<meta name=\"twitter:label2\" content=\"Tiempo de lectura\" \/>\n\t<meta name=\"twitter:data2\" content=\"2 minutos\" \/>\n<script type=\"application\/ld+json\" class=\"yoast-schema-graph\">{\"@context\":\"https:\\\/\\\/schema.org\",\"@graph\":[{\"@type\":\"Article\",\"@id\":\"https:\\\/\\\/elhijodelllanero.mx\\\/index.php\\\/2024\\\/11\\\/07\\\/habitantes-del-rehilete-estan-hartos-de-ser-ignorados-piden-solucion-a-las-autoridades\\\/#article\",\"isPartOf\":{\"@id\":\"https:\\\/\\\/elhijodelllanero.mx\\\/index.php\\\/2024\\\/11\\\/07\\\/habitantes-del-rehilete-estan-hartos-de-ser-ignorados-piden-solucion-a-las-autoridades\\\/\"},\"author\":{\"name\":\"Mar\u00eda de la Paz Rodarte Ram\u00edrez\",\"@id\":\"https:\\\/\\\/elhijodelllanero.mx\\\/#\\\/schema\\\/person\\\/c7f8c86c55c1eab44ae2b93a9628245f\"},\"headline\":\"HABITANTES DEL REHILETE EST\u00c1N HARTOS DE SER IGNORADOS, PIDEN SOLUCI\u00d3N A LAS AUTORIDADES\",\"datePublished\":\"2024-11-07T18:47:35+00:00\",\"dateModified\":\"2024-11-07T18:50:56+00:00\",\"mainEntityOfPage\":{\"@id\":\"https:\\\/\\\/elhijodelllanero.mx\\\/index.php\\\/2024\\\/11\\\/07\\\/habitantes-del-rehilete-estan-hartos-de-ser-ignorados-piden-solucion-a-las-autoridades\\\/\"},\"wordCount\":413,\"commentCount\":0,\"image\":{\"@id\":\"https:\\\/\\\/elhijodelllanero.mx\\\/index.php\\\/2024\\\/11\\\/07\\\/habitantes-del-rehilete-estan-hartos-de-ser-ignorados-piden-solucion-a-las-autoridades\\\/#primaryimage\"},\"thumbnailUrl\":\"https:\\\/\\\/elhijodelllanero.mx\\\/wp-content\\\/uploads\\\/2024\\\/11\\\/IMG-20241107-WA0075-300x300.jpg\",\"articleSection\":[\"MUNICIPIOS\",\"Uncategorized\",\"Villagr\u00e1n\"],\"inLanguage\":\"es\",\"potentialAction\":[{\"@type\":\"CommentAction\",\"name\":\"Comment\",\"target\":[\"https:\\\/\\\/elhijodelllanero.mx\\\/index.php\\\/2024\\\/11\\\/07\\\/habitantes-del-rehilete-estan-hartos-de-ser-ignorados-piden-solucion-a-las-autoridades\\\/#respond\"]}]},{\"@type\":\"WebPage\",\"@id\":\"https:\\\/\\\/elhijodelllanero.mx\\\/index.php\\\/2024\\\/11\\\/07\\\/habitantes-del-rehilete-estan-hartos-de-ser-ignorados-piden-solucion-a-las-autoridades\\\/\",\"url\":\"https:\\\/\\\/elhijodelllanero.mx\\\/index.php\\\/2024\\\/11\\\/07\\\/habitantes-del-rehilete-estan-hartos-de-ser-ignorados-piden-solucion-a-las-autoridades\\\/\",\"name\":\"HABITANTES DEL REHILETE EST\u00c1N HARTOS DE SER IGNORADOS, PIDEN SOLUCI\u00d3N A LAS AUTORIDADES - El Hijo del llanero solititito\",\"isPartOf\":{\"@id\":\"https:\\\/\\\/elhijodelllanero.mx\\\/#website\"},\"primaryImageOfPage\":{\"@id\":\"https:\\\/\\\/elhijodelllanero.mx\\\/index.php\\\/2024\\\/11\\\/07\\\/habitantes-del-rehilete-estan-hartos-de-ser-ignorados-piden-solucion-a-las-autoridades\\\/#primaryimage\"},\"image\":{\"@id\":\"https:\\\/\\\/elhijodelllanero.mx\\\/index.php\\\/2024\\\/11\\\/07\\\/habitantes-del-rehilete-estan-hartos-de-ser-ignorados-piden-solucion-a-las-autoridades\\\/#primaryimage\"},\"thumbnailUrl\":\"https:\\\/\\\/elhijodelllanero.mx\\\/wp-content\\\/uploads\\\/2024\\\/11\\\/IMG-20241107-WA0075-300x300.jpg\",\"datePublished\":\"2024-11-07T18:47:35+00:00\",\"dateModified\":\"2024-11-07T18:50:56+00:00\",\"author\":{\"@id\":\"https:\\\/\\\/elhijodelllanero.mx\\\/#\\\/schema\\\/person\\\/c7f8c86c55c1eab44ae2b93a9628245f\"},\"breadcrumb\":{\"@id\":\"https:\\\/\\\/elhijodelllanero.mx\\\/index.php\\\/2024\\\/11\\\/07\\\/habitantes-del-rehilete-estan-hartos-de-ser-ignorados-piden-solucion-a-las-autoridades\\\/#breadcrumb\"},\"inLanguage\":\"es\",\"potentialAction\":[{\"@type\":\"ReadAction\",\"target\":[\"https:\\\/\\\/elhijodelllanero.mx\\\/index.php\\\/2024\\\/11\\\/07\\\/habitantes-del-rehilete-estan-hartos-de-ser-ignorados-piden-solucion-a-las-autoridades\\\/\"]}]},{\"@type\":\"ImageObject\",\"inLanguage\":\"es\",\"@id\":\"https:\\\/\\\/elhijodelllanero.mx\\\/index.php\\\/2024\\\/11\\\/07\\\/habitantes-del-rehilete-estan-hartos-de-ser-ignorados-piden-solucion-a-las-autoridades\\\/#primaryimage\",\"url\":\"https:\\\/\\\/i0.wp.com\\\/elhijodelllanero.mx\\\/wp-content\\\/uploads\\\/2024\\\/11\\\/IMG-20241107-WA0075.jpg?fit=1600%2C1600&ssl=1\",\"contentUrl\":\"https:\\\/\\\/i0.wp.com\\\/elhijodelllanero.mx\\\/wp-content\\\/uploads\\\/2024\\\/11\\\/IMG-20241107-WA0075.jpg?fit=1600%2C1600&ssl=1\",\"width\":1600,\"height\":1600},{\"@type\":\"BreadcrumbList\",\"@id\":\"https:\\\/\\\/elhijodelllanero.mx\\\/index.php\\\/2024\\\/11\\\/07\\\/habitantes-del-rehilete-estan-hartos-de-ser-ignorados-piden-solucion-a-las-autoridades\\\/#breadcrumb\",\"itemListElement\":[{\"@type\":\"ListItem\",\"position\":1,\"name\":\"Portada\",\"item\":\"https:\\\/\\\/elhijodelllanero.mx\\\/\"},{\"@type\":\"ListItem\",\"position\":2,\"name\":\"HABITANTES DEL REHILETE EST\u00c1N HARTOS DE SER IGNORADOS, PIDEN SOLUCI\u00d3N A LAS AUTORIDADES\"}]},{\"@type\":\"WebSite\",\"@id\":\"https:\\\/\\\/elhijodelllanero.mx\\\/#website\",\"url\":\"https:\\\/\\\/elhijodelllanero.mx\\\/\",\"name\":\"El Hijo del llanero solititito\",\"description\":\"\",\"potentialAction\":[{\"@type\":\"SearchAction\",\"target\":{\"@type\":\"EntryPoint\",\"urlTemplate\":\"https:\\\/\\\/elhijodelllanero.mx\\\/?s={search_term_string}\"},\"query-input\":{\"@type\":\"PropertyValueSpecification\",\"valueRequired\":true,\"valueName\":\"search_term_string\"}}],\"inLanguage\":\"es\"},{\"@type\":\"Person\",\"@id\":\"https:\\\/\\\/elhijodelllanero.mx\\\/#\\\/schema\\\/person\\\/c7f8c86c55c1eab44ae2b93a9628245f\",\"name\":\"Mar\u00eda de la Paz Rodarte Ram\u00edrez\",\"image\":{\"@type\":\"ImageObject\",\"inLanguage\":\"es\",\"@id\":\"https:\\\/\\\/secure.gravatar.com\\\/avatar\\\/1f38f8518b09a266af73da2bce78d69e7d1275299970134ed62f572e0487e1d0?s=96&d=mm&r=g\",\"url\":\"https:\\\/\\\/secure.gravatar.com\\\/avatar\\\/1f38f8518b09a266af73da2bce78d69e7d1275299970134ed62f572e0487e1d0?s=96&d=mm&r=g\",\"contentUrl\":\"https:\\\/\\\/secure.gravatar.com\\\/avatar\\\/1f38f8518b09a266af73da2bce78d69e7d1275299970134ed62f572e0487e1d0?s=96&d=mm&r=g\",\"caption\":\"Mar\u00eda de la Paz Rodarte Ram\u00edrez\"},\"sameAs\":[\"https:\\\/\\\/www.elhijodelllanero.mx\"],\"url\":\"https:\\\/\\\/elhijodelllanero.mx\\\/index.php\\\/author\\\/maricuas\\\/\"}]}<\/script>\n<!-- \/ Yoast SEO plugin. -->","yoast_head_json":{"title":"HABITANTES DEL REHILETE EST\u00c1N HARTOS DE SER IGNORADOS, PIDEN SOLUCI\u00d3N A LAS AUTORIDADES - El Hijo del llanero solititito","robots":{"index":"index","follow":"follow","max-snippet":"max-snippet:-1","max-image-preview":"max-image-preview:large","max-video-preview":"max-video-preview:-1"},"canonical":"https:\/\/elhijodelllanero.mx\/index.php\/2024\/11\/07\/habitantes-del-rehilete-estan-hartos-de-ser-ignorados-piden-solucion-a-las-autoridades\/","og_locale":"es_ES","og_type":"article","og_title":"HABITANTES DEL REHILETE EST\u00c1N HARTOS DE SER IGNORADOS, PIDEN SOLUCI\u00d3N A LAS AUTORIDADES - El Hijo del llanero solititito","og_description":"Villagr\u00e1n,GTO. 7 de noviembre del 2024.- Familias del Fraccionamiento El Rehilete se manifiestaron por falta de servicios basicos, se\u00f1alando que tienen m\u00e1s de 15 a\u00f1os olvidados por autoridades municipales, estatales y federales, adem\u00e1s de la inmobiliaria que vendi\u00f3 las casas. Los pobladores, representados por sus comit\u00e9s de vecinos, citaron a los medios comunicaci\u00f3n para dar [&hellip;]","og_url":"https:\/\/elhijodelllanero.mx\/index.php\/2024\/11\/07\/habitantes-del-rehilete-estan-hartos-de-ser-ignorados-piden-solucion-a-las-autoridades\/","og_site_name":"El Hijo del llanero solititito","article_published_time":"2024-11-07T18:47:35+00:00","article_modified_time":"2024-11-07T18:50:56+00:00","og_image":[{"url":"https:\/\/elhijodelllanero.mx\/wp-content\/uploads\/2024\/11\/IMG-20241107-WA0075-300x300.jpg","type":"","width":"","height":""}],"author":"Mar\u00eda de la Paz Rodarte Ram\u00edrez","twitter_card":"summary_large_image","twitter_misc":{"Escrito por":"Mar\u00eda de la Paz Rodarte Ram\u00edrez","Tiempo de lectura":"2 minutos"},"schema":{"@context":"https:\/\/schema.org","@graph":[{"@type":"Article","@id":"https:\/\/elhijodelllanero.mx\/index.php\/2024\/11\/07\/habitantes-del-rehilete-estan-hartos-de-ser-ignorados-piden-solucion-a-las-autoridades\/#article","isPartOf":{"@id":"https:\/\/elhijodelllanero.mx\/index.php\/2024\/11\/07\/habitantes-del-rehilete-estan-hartos-de-ser-ignorados-piden-solucion-a-las-autoridades\/"},"author":{"name":"Mar\u00eda de la Paz Rodarte Ram\u00edrez","@id":"https:\/\/elhijodelllanero.mx\/#\/schema\/person\/c7f8c86c55c1eab44ae2b93a9628245f"},"headline":"HABITANTES DEL REHILETE EST\u00c1N HARTOS DE SER IGNORADOS, PIDEN SOLUCI\u00d3N A LAS AUTORIDADES","datePublished":"2024-11-07T18:47:35+00:00","dateModified":"2024-11-07T18:50:56+00:00","mainEntityOfPage":{"@id":"https:\/\/elhijodelllanero.mx\/index.php\/2024\/11\/07\/habitantes-del-rehilete-estan-hartos-de-ser-ignorados-piden-solucion-a-las-autoridades\/"},"wordCount":413,"commentCount":0,"image":{"@id":"https:\/\/elhijodelllanero.mx\/index.php\/2024\/11\/07\/habitantes-del-rehilete-estan-hartos-de-ser-ignorados-piden-solucion-a-las-autoridades\/#primaryimage"},"thumbnailUrl":"https:\/\/elhijodelllanero.mx\/wp-content\/uploads\/2024\/11\/IMG-20241107-WA0075-300x300.jpg","articleSection":["MUNICIPIOS","Uncategorized","Villagr\u00e1n"],"inLanguage":"es","potentialAction":[{"@type":"CommentAction","name":"Comment","target":["https:\/\/elhijodelllanero.mx\/index.php\/2024\/11\/07\/habitantes-del-rehilete-estan-hartos-de-ser-ignorados-piden-solucion-a-las-autoridades\/#respond"]}]},{"@type":"WebPage","@id":"https:\/\/elhijodelllanero.mx\/index.php\/2024\/11\/07\/habitantes-del-rehilete-estan-hartos-de-ser-ignorados-piden-solucion-a-las-autoridades\/","url":"https:\/\/elhijodelllanero.mx\/index.php\/2024\/11\/07\/habitantes-del-rehilete-estan-hartos-de-ser-ignorados-piden-solucion-a-las-autoridades\/","name":"HABITANTES DEL REHILETE EST\u00c1N HARTOS DE SER IGNORADOS, PIDEN SOLUCI\u00d3N A LAS AUTORIDADES - El Hijo del llanero solititito","isPartOf":{"@id":"https:\/\/elhijodelllanero.mx\/#website"},"primaryImageOfPage":{"@id":"https:\/\/elhijodelllanero.mx\/index.php\/2024\/11\/07\/habitantes-del-rehilete-estan-hartos-de-ser-ignorados-piden-solucion-a-las-autoridades\/#primaryimage"},"image":{"@id":"https:\/\/elhijodelllanero.mx\/index.php\/2024\/11\/07\/habitantes-del-rehilete-estan-hartos-de-ser-ignorados-piden-solucion-a-las-autoridades\/#primaryimage"},"thumbnailUrl":"https:\/\/elhijodelllanero.mx\/wp-content\/uploads\/2024\/11\/IMG-20241107-WA0075-300x300.jpg","datePublished":"2024-11-07T18:47:35+00:00","dateModified":"2024-11-07T18:50:56+00:00","author":{"@id":"https:\/\/elhijodelllanero.mx\/#\/schema\/person\/c7f8c86c55c1eab44ae2b93a9628245f"},"breadcrumb":{"@id":"https:\/\/elhijodelllanero.mx\/index.php\/2024\/11\/07\/habitantes-del-rehilete-estan-hartos-de-ser-ignorados-piden-solucion-a-las-autoridades\/#breadcrumb"},"inLanguage":"es","potentialAction":[{"@type":"ReadAction","target":["https:\/\/elhijodelllanero.mx\/index.php\/2024\/11\/07\/habitantes-del-rehilete-estan-hartos-de-ser-ignorados-piden-solucion-a-las-autoridades\/"]}]},{"@type":"ImageObject","inLanguage":"es","@id":"https:\/\/elhijodelllanero.mx\/index.php\/2024\/11\/07\/habitantes-del-rehilete-estan-hartos-de-ser-ignorados-piden-solucion-a-las-autoridades\/#primaryimage","url":"https:\/\/i0.wp.com\/elhijodelllanero.mx\/wp-content\/uploads\/2024\/11\/IMG-20241107-WA0075.jpg?fit=1600%2C1600&ssl=1","contentUrl":"https:\/\/i0.wp.com\/elhijodelllanero.mx\/wp-content\/uploads\/2024\/11\/IMG-20241107-WA0075.jpg?fit=1600%2C1600&ssl=1","width":1600,"height":1600},{"@type":"BreadcrumbList","@id":"https:\/\/elhijodelllanero.mx\/index.php\/2024\/11\/07\/habitantes-del-rehilete-estan-hartos-de-ser-ignorados-piden-solucion-a-las-autoridades\/#breadcrumb","itemListElement":[{"@type":"ListItem","position":1,"name":"Portada","item":"https:\/\/elhijodelllanero.mx\/"},{"@type":"ListItem","position":2,"name":"HABITANTES DEL REHILETE EST\u00c1N HARTOS DE SER IGNORADOS, PIDEN SOLUCI\u00d3N A LAS AUTORIDADES"}]},{"@type":"WebSite","@id":"https:\/\/elhijodelllanero.mx\/#website","url":"https:\/\/elhijodelllanero.mx\/","name":"El Hijo del llanero solititito","description":"","potentialAction":[{"@type":"SearchAction","target":{"@type":"EntryPoint","urlTemplate":"https:\/\/elhijodelllanero.mx\/?s={search_term_string}"},"query-input":{"@type":"PropertyValueSpecification","valueRequired":true,"valueName":"search_term_string"}}],"inLanguage":"es"},{"@type":"Person","@id":"https:\/\/elhijodelllanero.mx\/#\/schema\/person\/c7f8c86c55c1eab44ae2b93a9628245f","name":"Mar\u00eda de la Paz Rodarte Ram\u00edrez","image":{"@type":"ImageObject","inLanguage":"es","@id":"https:\/\/secure.gravatar.com\/avatar\/1f38f8518b09a266af73da2bce78d69e7d1275299970134ed62f572e0487e1d0?s=96&d=mm&r=g","url":"https:\/\/secure.gravatar.com\/avatar\/1f38f8518b09a266af73da2bce78d69e7d1275299970134ed62f572e0487e1d0?s=96&d=mm&r=g","contentUrl":"https:\/\/secure.gravatar.com\/avatar\/1f38f8518b09a266af73da2bce78d69e7d1275299970134ed62f572e0487e1d0?s=96&d=mm&r=g","caption":"Mar\u00eda de la Paz Rodarte Ram\u00edrez"},"sameAs":["https:\/\/www.elhijodelllanero.mx"],"url":"https:\/\/elhijodelllanero.mx\/index.php\/author\/maricuas\/"}]}},"jetpack_featured_media_url":"","jetpack-related-posts":[],"jetpack_sharing_enabled":true,"_links":{"self":[{"href":"https:\/\/elhijodelllanero.mx\/index.php\/wp-json\/wp\/v2\/posts\/8893","targetHints":{"allow":["GET"]}}],"collection":[{"href":"https:\/\/elhijodelllanero.mx\/index.php\/wp-json\/wp\/v2\/posts"}],"about":[{"href":"https:\/\/elhijodelllanero.mx\/index.php\/wp-json\/wp\/v2\/types\/post"}],"author":[{"embeddable":true,"href":"https:\/\/elhijodelllanero.mx\/index.php\/wp-json\/wp\/v2\/users\/3"}],"replies":[{"embeddable":true,"href":"https:\/\/elhijodelllanero.mx\/index.php\/wp-json\/wp\/v2\/comments?post=8893"}],"version-history":[{"count":2,"href":"https:\/\/elhijodelllanero.mx\/index.php\/wp-json\/wp\/v2\/posts\/8893\/revisions"}],"predecessor-version":[{"id":8896,"href":"https:\/\/elhijodelllanero.mx\/index.php\/wp-json\/wp\/v2\/posts\/8893\/revisions\/8896"}],"wp:attachment":[{"href":"https:\/\/elhijodelllanero.mx\/index.php\/wp-json\/wp\/v2\/media?parent=8893"}],"wp:term":[{"taxonomy":"category","embeddable":true,"href":"https:\/\/elhijodelllanero.mx\/index.php\/wp-json\/wp\/v2\/categories?post=8893"},{"taxonomy":"post_tag","embeddable":true,"href":"https:\/\/elhijodelllanero.mx\/index.php\/wp-json\/wp\/v2\/tags?post=8893"}],"curies":[{"name":"wp","href":"https:\/\/api.w.org\/{rel}","templated":true}]}}