{"id":8897,"date":"2024-11-08T14:59:31","date_gmt":"2024-11-08T14:59:31","guid":{"rendered":"https:\/\/elhijodelllanero.mx\/?p=8897"},"modified":"2024-11-08T14:59:31","modified_gmt":"2024-11-08T14:59:31","slug":"celayense-rumbo-al-campeonato-mundial-de-parkour-en-japon","status":"publish","type":"post","link":"https:\/\/elhijodelllanero.mx\/index.php\/2024\/11\/08\/celayense-rumbo-al-campeonato-mundial-de-parkour-en-japon\/","title":{"rendered":"CELAYENSE RUMBO AL CAMPEONATO MUNDIAL DE PARKOUR EN JAP\u00d3N."},"content":{"rendered":"<p>C<img data-recalc-dims=\"1\" loading=\"lazy\" decoding=\"async\" class=\"alignnone size-medium wp-image-8898\" src=\"https:\/\/i0.wp.com\/elhijodelllanero.mx\/wp-content\/uploads\/2024\/11\/IMG-20241108-WA0017.jpg?resize=300%2C225&#038;ssl=1\" alt=\"\" width=\"300\" height=\"225\" srcset=\"https:\/\/i0.wp.com\/elhijodelllanero.mx\/wp-content\/uploads\/2024\/11\/IMG-20241108-WA0017.jpg?resize=300%2C225&amp;ssl=1 300w, https:\/\/i0.wp.com\/elhijodelllanero.mx\/wp-content\/uploads\/2024\/11\/IMG-20241108-WA0017.jpg?resize=1024%2C768&amp;ssl=1 1024w, https:\/\/i0.wp.com\/elhijodelllanero.mx\/wp-content\/uploads\/2024\/11\/IMG-20241108-WA0017.jpg?resize=768%2C576&amp;ssl=1 768w, https:\/\/i0.wp.com\/elhijodelllanero.mx\/wp-content\/uploads\/2024\/11\/IMG-20241108-WA0017.jpg?resize=1536%2C1152&amp;ssl=1 1536w, https:\/\/i0.wp.com\/elhijodelllanero.mx\/wp-content\/uploads\/2024\/11\/IMG-20241108-WA0017.jpg?resize=560%2C420&amp;ssl=1 560w, https:\/\/i0.wp.com\/elhijodelllanero.mx\/wp-content\/uploads\/2024\/11\/IMG-20241108-WA0017.jpg?resize=80%2C60&amp;ssl=1 80w, https:\/\/i0.wp.com\/elhijodelllanero.mx\/wp-content\/uploads\/2024\/11\/IMG-20241108-WA0017.jpg?resize=696%2C522&amp;ssl=1 696w, https:\/\/i0.wp.com\/elhijodelllanero.mx\/wp-content\/uploads\/2024\/11\/IMG-20241108-WA0017.jpg?resize=1068%2C801&amp;ssl=1 1068w, https:\/\/i0.wp.com\/elhijodelllanero.mx\/wp-content\/uploads\/2024\/11\/IMG-20241108-WA0017.jpg?w=1600&amp;ssl=1 1600w, https:\/\/i0.wp.com\/elhijodelllanero.mx\/wp-content\/uploads\/2024\/11\/IMG-20241108-WA0017.jpg?w=1392&amp;ssl=1 1392w\" sizes=\"auto, (max-width: 300px) 100vw, 300px\" \/>Celaya,Gto. 8 de noviembre del 2024.- Mauricio Vega de 23 a\u00f1os, forma parte de la Selecci\u00f3n Mexicana que viajar\u00e1 al pa\u00eds del sol naciente.<\/p>\n<p>Mentalmente al 100 por ciento y con el objetivo de colocarse entre los primeros 10 lugares, el celayense Jes\u00fas Mauricio Vega Huerta, estar\u00e1 viajando como parte de la Selecci\u00f3n Mexicana de Parkour, en la modalidad de freestyle, misma que competir\u00e1 del 15 al 18 de noviembre, en el segundo Campeonato Mundial, en la ciudad de Kitakyushu, Jap\u00f3n.<br \/>\n\u201cEmocionado por viajar a este mundial. S\u00e9 que es dif\u00edcil, pero conf\u00edo en llegar alto y estar dentro de los primeros 10. Hay pa\u00edses fuertes como Pa\u00edses Bajos, Francia, Estados Unidos, Suecia y el propio Jap\u00f3n, pero daremos todo para poner a M\u00e9xico en alto\u201d, coment\u00f3 Vega Huerta.<br \/>\nContenta y dese\u00e1ndole el mayor de los \u00e9xitos a Mauricio Vega en esta nueva aventura en su carrera deportiva dentro del parkour, la directora del Sistema de Cultura F\u00edsica y Deporte de Celaya (SIDEC), Alma Gorety Mart\u00ednez Garc\u00eda, conf\u00eda en que har\u00e1 un buen papel en el Campeonato Mundial, debido a su experiencia de m\u00e1s de una d\u00e9cada.<br \/>\nSiendo el \u00fanico guanajuatense en integrar la Selecci\u00f3n Mexicana, Mauricio pr\u00e1ctica la disciplina del parkour desde hace 11 a\u00f1os, contando ya con experiencia a nivel nacional e internacional, esto al acudir a dos Copas del Mundo (Francia\/17 lugar y Portugal 11 lugar), un Panamericano en Costa Rica (13 lugar), adem\u00e1s de dos eventos nacionales.<br \/>\nEl joven de 22 a\u00f1os, Mauricio Vega, pertenece y entrena en el gimnasio Gymfinity, donde tambi\u00e9n es instructor desde hace dos a\u00f1os, teniendo a su cargo a cerca de 30 j\u00f3venes, quienes buscan llegar a representar a M\u00e9xico en el \u00e1mbito internacional.<br \/>\nJes\u00fas Mauricio Vega viaja hoy a la Ciudad de M\u00e9xico y ma\u00f1ana partir\u00e1 hacia Jap\u00f3n, un vuelo que durar\u00e1 aproximadamente 23 horas, pero con la mentalidad de ser uno de los protagonistas a nivel internacional del parkour.<\/p>\n","protected":false},"excerpt":{"rendered":"<p>CCelaya,Gto. 8 de noviembre del 2024.- Mauricio Vega de 23 a\u00f1os, forma parte de la Selecci\u00f3n Mexicana que viajar\u00e1 al pa\u00eds del sol naciente. Mentalmente al 100 por ciento y con el objetivo de colocarse entre los primeros 10 lugares, el celayense Jes\u00fas Mauricio Vega Huerta, estar\u00e1 viajando como parte de la Selecci\u00f3n Mexicana de [&hellip;]<\/p>\n","protected":false},"author":3,"featured_media":0,"comment_status":"open","ping_status":"closed","sticky":false,"template":"","format":"standard","meta":{"_jetpack_newsletter_access":"","_jetpack_dont_email_post_to_subs":false,"_jetpack_newsletter_tier_id":0,"_jetpack_memberships_contains_paywalled_content":false,"_jetpack_memberships_contains_paid_content":false,"footnotes":""},"categories":[74,40],"tags":[],"class_list":{"0":"post-8897","1":"post","2":"type-post","3":"status-publish","4":"format-standard","6":"category-celaya","7":"category-deportes"},"yoast_head":"<!-- This site is optimized with the Yoast SEO plugin v27.3 - https:\/\/yoast.com\/product\/yoast-seo-wordpress\/ -->\n<title>CELAYENSE RUMBO AL CAMPEONATO MUNDIAL DE PARKOUR EN JAP\u00d3N. - El Hijo del llanero solititito<\/title>\n<meta name=\"robots\" content=\"index, follow, max-snippet:-1, max-image-preview:large, max-video-preview:-1\" \/>\n<link rel=\"canonical\" href=\"https:\/\/elhijodelllanero.mx\/index.php\/2024\/11\/08\/celayense-rumbo-al-campeonato-mundial-de-parkour-en-japon\/\" \/>\n<meta property=\"og:locale\" content=\"es_ES\" \/>\n<meta property=\"og:type\" content=\"article\" \/>\n<meta property=\"og:title\" content=\"CELAYENSE RUMBO AL CAMPEONATO MUNDIAL DE PARKOUR EN JAP\u00d3N. - El Hijo del llanero solititito\" \/>\n<meta property=\"og:description\" content=\"CCelaya,Gto. 8 de noviembre del 2024.- Mauricio Vega de 23 a\u00f1os, forma parte de la Selecci\u00f3n Mexicana que viajar\u00e1 al pa\u00eds del sol naciente. Mentalmente al 100 por ciento y con el objetivo de colocarse entre los primeros 10 lugares, el celayense Jes\u00fas Mauricio Vega Huerta, estar\u00e1 viajando como parte de la Selecci\u00f3n Mexicana de [&hellip;]\" \/>\n<meta property=\"og:url\" content=\"https:\/\/elhijodelllanero.mx\/index.php\/2024\/11\/08\/celayense-rumbo-al-campeonato-mundial-de-parkour-en-japon\/\" \/>\n<meta property=\"og:site_name\" content=\"El Hijo del llanero solititito\" \/>\n<meta property=\"article:published_time\" content=\"2024-11-08T14:59:31+00:00\" \/>\n<meta property=\"og:image\" content=\"https:\/\/elhijodelllanero.mx\/wp-content\/uploads\/2024\/11\/IMG-20241108-WA0017-300x225.jpg\" \/>\n<meta name=\"author\" content=\"Mar\u00eda de la Paz Rodarte Ram\u00edrez\" \/>\n<meta name=\"twitter:card\" content=\"summary_large_image\" \/>\n<meta name=\"twitter:label1\" content=\"Escrito por\" \/>\n\t<meta name=\"twitter:data1\" content=\"Mar\u00eda de la Paz Rodarte Ram\u00edrez\" \/>\n\t<meta name=\"twitter:label2\" content=\"Tiempo de lectura\" \/>\n\t<meta name=\"twitter:data2\" content=\"2 minutos\" \/>\n<script type=\"application\/ld+json\" class=\"yoast-schema-graph\">{\"@context\":\"https:\\\/\\\/schema.org\",\"@graph\":[{\"@type\":\"Article\",\"@id\":\"https:\\\/\\\/elhijodelllanero.mx\\\/index.php\\\/2024\\\/11\\\/08\\\/celayense-rumbo-al-campeonato-mundial-de-parkour-en-japon\\\/#article\",\"isPartOf\":{\"@id\":\"https:\\\/\\\/elhijodelllanero.mx\\\/index.php\\\/2024\\\/11\\\/08\\\/celayense-rumbo-al-campeonato-mundial-de-parkour-en-japon\\\/\"},\"author\":{\"name\":\"Mar\u00eda de la Paz Rodarte Ram\u00edrez\",\"@id\":\"https:\\\/\\\/elhijodelllanero.mx\\\/#\\\/schema\\\/person\\\/c7f8c86c55c1eab44ae2b93a9628245f\"},\"headline\":\"CELAYENSE RUMBO AL CAMPEONATO MUNDIAL DE PARKOUR EN JAP\u00d3N.\",\"datePublished\":\"2024-11-08T14:59:31+00:00\",\"mainEntityOfPage\":{\"@id\":\"https:\\\/\\\/elhijodelllanero.mx\\\/index.php\\\/2024\\\/11\\\/08\\\/celayense-rumbo-al-campeonato-mundial-de-parkour-en-japon\\\/\"},\"wordCount\":350,\"commentCount\":0,\"image\":{\"@id\":\"https:\\\/\\\/elhijodelllanero.mx\\\/index.php\\\/2024\\\/11\\\/08\\\/celayense-rumbo-al-campeonato-mundial-de-parkour-en-japon\\\/#primaryimage\"},\"thumbnailUrl\":\"https:\\\/\\\/elhijodelllanero.mx\\\/wp-content\\\/uploads\\\/2024\\\/11\\\/IMG-20241108-WA0017-300x225.jpg\",\"articleSection\":[\"CELAYA\",\"DEPORTES\"],\"inLanguage\":\"es\",\"potentialAction\":[{\"@type\":\"CommentAction\",\"name\":\"Comment\",\"target\":[\"https:\\\/\\\/elhijodelllanero.mx\\\/index.php\\\/2024\\\/11\\\/08\\\/celayense-rumbo-al-campeonato-mundial-de-parkour-en-japon\\\/#respond\"]}]},{\"@type\":\"WebPage\",\"@id\":\"https:\\\/\\\/elhijodelllanero.mx\\\/index.php\\\/2024\\\/11\\\/08\\\/celayense-rumbo-al-campeonato-mundial-de-parkour-en-japon\\\/\",\"url\":\"https:\\\/\\\/elhijodelllanero.mx\\\/index.php\\\/2024\\\/11\\\/08\\\/celayense-rumbo-al-campeonato-mundial-de-parkour-en-japon\\\/\",\"name\":\"CELAYENSE RUMBO AL CAMPEONATO MUNDIAL DE PARKOUR EN JAP\u00d3N. - El Hijo del llanero solititito\",\"isPartOf\":{\"@id\":\"https:\\\/\\\/elhijodelllanero.mx\\\/#website\"},\"primaryImageOfPage\":{\"@id\":\"https:\\\/\\\/elhijodelllanero.mx\\\/index.php\\\/2024\\\/11\\\/08\\\/celayense-rumbo-al-campeonato-mundial-de-parkour-en-japon\\\/#primaryimage\"},\"image\":{\"@id\":\"https:\\\/\\\/elhijodelllanero.mx\\\/index.php\\\/2024\\\/11\\\/08\\\/celayense-rumbo-al-campeonato-mundial-de-parkour-en-japon\\\/#primaryimage\"},\"thumbnailUrl\":\"https:\\\/\\\/elhijodelllanero.mx\\\/wp-content\\\/uploads\\\/2024\\\/11\\\/IMG-20241108-WA0017-300x225.jpg\",\"datePublished\":\"2024-11-08T14:59:31+00:00\",\"author\":{\"@id\":\"https:\\\/\\\/elhijodelllanero.mx\\\/#\\\/schema\\\/person\\\/c7f8c86c55c1eab44ae2b93a9628245f\"},\"breadcrumb\":{\"@id\":\"https:\\\/\\\/elhijodelllanero.mx\\\/index.php\\\/2024\\\/11\\\/08\\\/celayense-rumbo-al-campeonato-mundial-de-parkour-en-japon\\\/#breadcrumb\"},\"inLanguage\":\"es\",\"potentialAction\":[{\"@type\":\"ReadAction\",\"target\":[\"https:\\\/\\\/elhijodelllanero.mx\\\/index.php\\\/2024\\\/11\\\/08\\\/celayense-rumbo-al-campeonato-mundial-de-parkour-en-japon\\\/\"]}]},{\"@type\":\"ImageObject\",\"inLanguage\":\"es\",\"@id\":\"https:\\\/\\\/elhijodelllanero.mx\\\/index.php\\\/2024\\\/11\\\/08\\\/celayense-rumbo-al-campeonato-mundial-de-parkour-en-japon\\\/#primaryimage\",\"url\":\"https:\\\/\\\/i0.wp.com\\\/elhijodelllanero.mx\\\/wp-content\\\/uploads\\\/2024\\\/11\\\/IMG-20241108-WA0017.jpg?fit=1600%2C1200&ssl=1\",\"contentUrl\":\"https:\\\/\\\/i0.wp.com\\\/elhijodelllanero.mx\\\/wp-content\\\/uploads\\\/2024\\\/11\\\/IMG-20241108-WA0017.jpg?fit=1600%2C1200&ssl=1\",\"width\":1600,\"height\":1200},{\"@type\":\"BreadcrumbList\",\"@id\":\"https:\\\/\\\/elhijodelllanero.mx\\\/index.php\\\/2024\\\/11\\\/08\\\/celayense-rumbo-al-campeonato-mundial-de-parkour-en-japon\\\/#breadcrumb\",\"itemListElement\":[{\"@type\":\"ListItem\",\"position\":1,\"name\":\"Portada\",\"item\":\"https:\\\/\\\/elhijodelllanero.mx\\\/\"},{\"@type\":\"ListItem\",\"position\":2,\"name\":\"CELAYENSE RUMBO AL CAMPEONATO MUNDIAL DE PARKOUR EN JAP\u00d3N.\"}]},{\"@type\":\"WebSite\",\"@id\":\"https:\\\/\\\/elhijodelllanero.mx\\\/#website\",\"url\":\"https:\\\/\\\/elhijodelllanero.mx\\\/\",\"name\":\"El Hijo del llanero solititito\",\"description\":\"\",\"potentialAction\":[{\"@type\":\"SearchAction\",\"target\":{\"@type\":\"EntryPoint\",\"urlTemplate\":\"https:\\\/\\\/elhijodelllanero.mx\\\/?s={search_term_string}\"},\"query-input\":{\"@type\":\"PropertyValueSpecification\",\"valueRequired\":true,\"valueName\":\"search_term_string\"}}],\"inLanguage\":\"es\"},{\"@type\":\"Person\",\"@id\":\"https:\\\/\\\/elhijodelllanero.mx\\\/#\\\/schema\\\/person\\\/c7f8c86c55c1eab44ae2b93a9628245f\",\"name\":\"Mar\u00eda de la Paz Rodarte Ram\u00edrez\",\"image\":{\"@type\":\"ImageObject\",\"inLanguage\":\"es\",\"@id\":\"https:\\\/\\\/secure.gravatar.com\\\/avatar\\\/1f38f8518b09a266af73da2bce78d69e7d1275299970134ed62f572e0487e1d0?s=96&d=mm&r=g\",\"url\":\"https:\\\/\\\/secure.gravatar.com\\\/avatar\\\/1f38f8518b09a266af73da2bce78d69e7d1275299970134ed62f572e0487e1d0?s=96&d=mm&r=g\",\"contentUrl\":\"https:\\\/\\\/secure.gravatar.com\\\/avatar\\\/1f38f8518b09a266af73da2bce78d69e7d1275299970134ed62f572e0487e1d0?s=96&d=mm&r=g\",\"caption\":\"Mar\u00eda de la Paz Rodarte Ram\u00edrez\"},\"sameAs\":[\"https:\\\/\\\/www.elhijodelllanero.mx\"],\"url\":\"https:\\\/\\\/elhijodelllanero.mx\\\/index.php\\\/author\\\/maricuas\\\/\"}]}<\/script>\n<!-- \/ Yoast SEO plugin. -->","yoast_head_json":{"title":"CELAYENSE RUMBO AL CAMPEONATO MUNDIAL DE PARKOUR EN JAP\u00d3N. - El Hijo del llanero solititito","robots":{"index":"index","follow":"follow","max-snippet":"max-snippet:-1","max-image-preview":"max-image-preview:large","max-video-preview":"max-video-preview:-1"},"canonical":"https:\/\/elhijodelllanero.mx\/index.php\/2024\/11\/08\/celayense-rumbo-al-campeonato-mundial-de-parkour-en-japon\/","og_locale":"es_ES","og_type":"article","og_title":"CELAYENSE RUMBO AL CAMPEONATO MUNDIAL DE PARKOUR EN JAP\u00d3N. - El Hijo del llanero solititito","og_description":"CCelaya,Gto. 8 de noviembre del 2024.- Mauricio Vega de 23 a\u00f1os, forma parte de la Selecci\u00f3n Mexicana que viajar\u00e1 al pa\u00eds del sol naciente. Mentalmente al 100 por ciento y con el objetivo de colocarse entre los primeros 10 lugares, el celayense Jes\u00fas Mauricio Vega Huerta, estar\u00e1 viajando como parte de la Selecci\u00f3n Mexicana de [&hellip;]","og_url":"https:\/\/elhijodelllanero.mx\/index.php\/2024\/11\/08\/celayense-rumbo-al-campeonato-mundial-de-parkour-en-japon\/","og_site_name":"El Hijo del llanero solititito","article_published_time":"2024-11-08T14:59:31+00:00","og_image":[{"url":"https:\/\/elhijodelllanero.mx\/wp-content\/uploads\/2024\/11\/IMG-20241108-WA0017-300x225.jpg","type":"","width":"","height":""}],"author":"Mar\u00eda de la Paz Rodarte Ram\u00edrez","twitter_card":"summary_large_image","twitter_misc":{"Escrito por":"Mar\u00eda de la Paz Rodarte Ram\u00edrez","Tiempo de lectura":"2 minutos"},"schema":{"@context":"https:\/\/schema.org","@graph":[{"@type":"Article","@id":"https:\/\/elhijodelllanero.mx\/index.php\/2024\/11\/08\/celayense-rumbo-al-campeonato-mundial-de-parkour-en-japon\/#article","isPartOf":{"@id":"https:\/\/elhijodelllanero.mx\/index.php\/2024\/11\/08\/celayense-rumbo-al-campeonato-mundial-de-parkour-en-japon\/"},"author":{"name":"Mar\u00eda de la Paz Rodarte Ram\u00edrez","@id":"https:\/\/elhijodelllanero.mx\/#\/schema\/person\/c7f8c86c55c1eab44ae2b93a9628245f"},"headline":"CELAYENSE RUMBO AL CAMPEONATO MUNDIAL DE PARKOUR EN JAP\u00d3N.","datePublished":"2024-11-08T14:59:31+00:00","mainEntityOfPage":{"@id":"https:\/\/elhijodelllanero.mx\/index.php\/2024\/11\/08\/celayense-rumbo-al-campeonato-mundial-de-parkour-en-japon\/"},"wordCount":350,"commentCount":0,"image":{"@id":"https:\/\/elhijodelllanero.mx\/index.php\/2024\/11\/08\/celayense-rumbo-al-campeonato-mundial-de-parkour-en-japon\/#primaryimage"},"thumbnailUrl":"https:\/\/elhijodelllanero.mx\/wp-content\/uploads\/2024\/11\/IMG-20241108-WA0017-300x225.jpg","articleSection":["CELAYA","DEPORTES"],"inLanguage":"es","potentialAction":[{"@type":"CommentAction","name":"Comment","target":["https:\/\/elhijodelllanero.mx\/index.php\/2024\/11\/08\/celayense-rumbo-al-campeonato-mundial-de-parkour-en-japon\/#respond"]}]},{"@type":"WebPage","@id":"https:\/\/elhijodelllanero.mx\/index.php\/2024\/11\/08\/celayense-rumbo-al-campeonato-mundial-de-parkour-en-japon\/","url":"https:\/\/elhijodelllanero.mx\/index.php\/2024\/11\/08\/celayense-rumbo-al-campeonato-mundial-de-parkour-en-japon\/","name":"CELAYENSE RUMBO AL CAMPEONATO MUNDIAL DE PARKOUR EN JAP\u00d3N. - El Hijo del llanero solititito","isPartOf":{"@id":"https:\/\/elhijodelllanero.mx\/#website"},"primaryImageOfPage":{"@id":"https:\/\/elhijodelllanero.mx\/index.php\/2024\/11\/08\/celayense-rumbo-al-campeonato-mundial-de-parkour-en-japon\/#primaryimage"},"image":{"@id":"https:\/\/elhijodelllanero.mx\/index.php\/2024\/11\/08\/celayense-rumbo-al-campeonato-mundial-de-parkour-en-japon\/#primaryimage"},"thumbnailUrl":"https:\/\/elhijodelllanero.mx\/wp-content\/uploads\/2024\/11\/IMG-20241108-WA0017-300x225.jpg","datePublished":"2024-11-08T14:59:31+00:00","author":{"@id":"https:\/\/elhijodelllanero.mx\/#\/schema\/person\/c7f8c86c55c1eab44ae2b93a9628245f"},"breadcrumb":{"@id":"https:\/\/elhijodelllanero.mx\/index.php\/2024\/11\/08\/celayense-rumbo-al-campeonato-mundial-de-parkour-en-japon\/#breadcrumb"},"inLanguage":"es","potentialAction":[{"@type":"ReadAction","target":["https:\/\/elhijodelllanero.mx\/index.php\/2024\/11\/08\/celayense-rumbo-al-campeonato-mundial-de-parkour-en-japon\/"]}]},{"@type":"ImageObject","inLanguage":"es","@id":"https:\/\/elhijodelllanero.mx\/index.php\/2024\/11\/08\/celayense-rumbo-al-campeonato-mundial-de-parkour-en-japon\/#primaryimage","url":"https:\/\/i0.wp.com\/elhijodelllanero.mx\/wp-content\/uploads\/2024\/11\/IMG-20241108-WA0017.jpg?fit=1600%2C1200&ssl=1","contentUrl":"https:\/\/i0.wp.com\/elhijodelllanero.mx\/wp-content\/uploads\/2024\/11\/IMG-20241108-WA0017.jpg?fit=1600%2C1200&ssl=1","width":1600,"height":1200},{"@type":"BreadcrumbList","@id":"https:\/\/elhijodelllanero.mx\/index.php\/2024\/11\/08\/celayense-rumbo-al-campeonato-mundial-de-parkour-en-japon\/#breadcrumb","itemListElement":[{"@type":"ListItem","position":1,"name":"Portada","item":"https:\/\/elhijodelllanero.mx\/"},{"@type":"ListItem","position":2,"name":"CELAYENSE RUMBO AL CAMPEONATO MUNDIAL DE PARKOUR EN JAP\u00d3N."}]},{"@type":"WebSite","@id":"https:\/\/elhijodelllanero.mx\/#website","url":"https:\/\/elhijodelllanero.mx\/","name":"El Hijo del llanero solititito","description":"","potentialAction":[{"@type":"SearchAction","target":{"@type":"EntryPoint","urlTemplate":"https:\/\/elhijodelllanero.mx\/?s={search_term_string}"},"query-input":{"@type":"PropertyValueSpecification","valueRequired":true,"valueName":"search_term_string"}}],"inLanguage":"es"},{"@type":"Person","@id":"https:\/\/elhijodelllanero.mx\/#\/schema\/person\/c7f8c86c55c1eab44ae2b93a9628245f","name":"Mar\u00eda de la Paz Rodarte Ram\u00edrez","image":{"@type":"ImageObject","inLanguage":"es","@id":"https:\/\/secure.gravatar.com\/avatar\/1f38f8518b09a266af73da2bce78d69e7d1275299970134ed62f572e0487e1d0?s=96&d=mm&r=g","url":"https:\/\/secure.gravatar.com\/avatar\/1f38f8518b09a266af73da2bce78d69e7d1275299970134ed62f572e0487e1d0?s=96&d=mm&r=g","contentUrl":"https:\/\/secure.gravatar.com\/avatar\/1f38f8518b09a266af73da2bce78d69e7d1275299970134ed62f572e0487e1d0?s=96&d=mm&r=g","caption":"Mar\u00eda de la Paz Rodarte Ram\u00edrez"},"sameAs":["https:\/\/www.elhijodelllanero.mx"],"url":"https:\/\/elhijodelllanero.mx\/index.php\/author\/maricuas\/"}]}},"jetpack_featured_media_url":"","jetpack-related-posts":[],"jetpack_sharing_enabled":true,"_links":{"self":[{"href":"https:\/\/elhijodelllanero.mx\/index.php\/wp-json\/wp\/v2\/posts\/8897","targetHints":{"allow":["GET"]}}],"collection":[{"href":"https:\/\/elhijodelllanero.mx\/index.php\/wp-json\/wp\/v2\/posts"}],"about":[{"href":"https:\/\/elhijodelllanero.mx\/index.php\/wp-json\/wp\/v2\/types\/post"}],"author":[{"embeddable":true,"href":"https:\/\/elhijodelllanero.mx\/index.php\/wp-json\/wp\/v2\/users\/3"}],"replies":[{"embeddable":true,"href":"https:\/\/elhijodelllanero.mx\/index.php\/wp-json\/wp\/v2\/comments?post=8897"}],"version-history":[{"count":1,"href":"https:\/\/elhijodelllanero.mx\/index.php\/wp-json\/wp\/v2\/posts\/8897\/revisions"}],"predecessor-version":[{"id":8899,"href":"https:\/\/elhijodelllanero.mx\/index.php\/wp-json\/wp\/v2\/posts\/8897\/revisions\/8899"}],"wp:attachment":[{"href":"https:\/\/elhijodelllanero.mx\/index.php\/wp-json\/wp\/v2\/media?parent=8897"}],"wp:term":[{"taxonomy":"category","embeddable":true,"href":"https:\/\/elhijodelllanero.mx\/index.php\/wp-json\/wp\/v2\/categories?post=8897"},{"taxonomy":"post_tag","embeddable":true,"href":"https:\/\/elhijodelllanero.mx\/index.php\/wp-json\/wp\/v2\/tags?post=8897"}],"curies":[{"name":"wp","href":"https:\/\/api.w.org\/{rel}","templated":true}]}}