{"id":8901,"date":"2024-11-08T15:19:09","date_gmt":"2024-11-08T15:19:09","guid":{"rendered":"https:\/\/elhijodelllanero.mx\/?p=8901"},"modified":"2024-11-08T15:19:09","modified_gmt":"2024-11-08T15:19:09","slug":"abren-oficina-en-presidencia-para-atencion-ciudadana-y-apoyos-federales","status":"publish","type":"post","link":"https:\/\/elhijodelllanero.mx\/index.php\/2024\/11\/08\/abren-oficina-en-presidencia-para-atencion-ciudadana-y-apoyos-federales\/","title":{"rendered":"ABREN OFICINA EN PRESIDENCIA PARA ATENCI\u00d3N CIUDADANA Y APOYOS FEDERALES"},"content":{"rendered":"<p>Villagr\u00e1n, Gto, 8 de noviembre del 2024.- Para que los ciudadanos tengan acceso a los programas federales del Bienestar, la alcaldesa Cinthia Teniente dio a conocer que se instal\u00f3 una oficina especial en Presidencia, y al mismo tiempo, dijo que se atienden las peticiones ciudadanas.<br \/>\nEn la conferencia Semanera, la alcaldesa dijo que a partir de su administraci\u00f3n, se cre\u00f3 un departamento de Atenci\u00f3n Ciudadana, que tiene como principal objetivo atender a los ciudadanos y darle seguimiento a sus peticiones.<br \/>\nPor ahora hay 39 que est\u00e1n pendientes, pero otras ya fueron atendidas a satisfacci\u00f3n de los ciudadanos.<br \/>\nDe esta manera, los programas federales del Bienestar que ahora promueve, como las becas \u201cRita Cetina\u201d para los alumnos de secundaria, se podr\u00e1n tramitar ante los Servidores de la Educaci\u00f3n, a los que ya se les asign\u00f3 una oficina en la presidencia municipal,<br \/>\nDe esta manera las personas que no puedan tener acceso a la informaci\u00f3n o inscripci\u00f3n, podr\u00e1n hacerlo sin problemas.<br \/>\nPROBLEMAS DE AGUA<br \/>\nPor otra parte, al abordar el tema de los problemas que hay con el servicio de agua potable en algunas zonas de la ciudad, la Alcaldesa dijo que la JUMAPAVI les ha dado curso, principalmente en algunos fraccionamientos.<br \/>\nEn el caso de El Rehilete, que tiene problemas con el servicio, pero que la autoridad no puede otorgarlo porque por cuestiones legales con el fraccionador, no se ha entregado y tampoco se les atiende, pero mediante el di\u00e1logo con los afectados, se acord\u00f3 enviar pipas.<br \/>\nDijo que los vecinos estuvieron de acuerdo en que se prorratear\u00e1n el costo por el servicio que ser\u00e1 de mil 300 pesos, en tanto se resuelve el problema.<br \/>\n<img data-recalc-dims=\"1\" loading=\"lazy\" decoding=\"async\" class=\"alignnone size-medium wp-image-8868\" src=\"https:\/\/i0.wp.com\/elhijodelllanero.mx\/wp-content\/uploads\/2024\/11\/IMG-20241104-WA0041.jpg?resize=200%2C300&#038;ssl=1\" alt=\"\" width=\"200\" height=\"300\" srcset=\"https:\/\/i0.wp.com\/elhijodelllanero.mx\/wp-content\/uploads\/2024\/11\/IMG-20241104-WA0041.jpg?resize=200%2C300&amp;ssl=1 200w, https:\/\/i0.wp.com\/elhijodelllanero.mx\/wp-content\/uploads\/2024\/11\/IMG-20241104-WA0041.jpg?resize=684%2C1024&amp;ssl=1 684w, https:\/\/i0.wp.com\/elhijodelllanero.mx\/wp-content\/uploads\/2024\/11\/IMG-20241104-WA0041.jpg?resize=768%2C1151&amp;ssl=1 768w, https:\/\/i0.wp.com\/elhijodelllanero.mx\/wp-content\/uploads\/2024\/11\/IMG-20241104-WA0041.jpg?resize=1025%2C1536&amp;ssl=1 1025w, https:\/\/i0.wp.com\/elhijodelllanero.mx\/wp-content\/uploads\/2024\/11\/IMG-20241104-WA0041.jpg?resize=280%2C420&amp;ssl=1 280w, https:\/\/i0.wp.com\/elhijodelllanero.mx\/wp-content\/uploads\/2024\/11\/IMG-20241104-WA0041.jpg?resize=696%2C1043&amp;ssl=1 696w, https:\/\/i0.wp.com\/elhijodelllanero.mx\/wp-content\/uploads\/2024\/11\/IMG-20241104-WA0041.jpg?w=1068&amp;ssl=1 1068w\" sizes=\"auto, (max-width: 200px) 100vw, 200px\" \/><\/p>\n","protected":false},"excerpt":{"rendered":"<p>Villagr\u00e1n, Gto, 8 de noviembre del 2024.- Para que los ciudadanos tengan acceso a los programas federales del Bienestar, la alcaldesa Cinthia Teniente dio a conocer que se instal\u00f3 una oficina especial en Presidencia, y al mismo tiempo, dijo que se atienden las peticiones ciudadanas. En la conferencia Semanera, la alcaldesa dijo que a partir [&hellip;]<\/p>\n","protected":false},"author":3,"featured_media":0,"comment_status":"open","ping_status":"closed","sticky":false,"template":"","format":"standard","meta":{"_jetpack_newsletter_access":"","_jetpack_dont_email_post_to_subs":false,"_jetpack_newsletter_tier_id":0,"_jetpack_memberships_contains_paywalled_content":false,"_jetpack_memberships_contains_paid_content":false,"footnotes":""},"categories":[76,85],"tags":[],"class_list":{"0":"post-8901","1":"post","2":"type-post","3":"status-publish","4":"format-standard","6":"category-municipios","7":"category-villagran"},"yoast_head":"<!-- This site is optimized with the Yoast SEO plugin v27.3 - https:\/\/yoast.com\/product\/yoast-seo-wordpress\/ -->\n<title>ABREN OFICINA EN PRESIDENCIA PARA ATENCI\u00d3N CIUDADANA Y APOYOS FEDERALES - El Hijo del llanero solititito<\/title>\n<meta name=\"robots\" content=\"index, follow, max-snippet:-1, max-image-preview:large, max-video-preview:-1\" \/>\n<link rel=\"canonical\" href=\"https:\/\/elhijodelllanero.mx\/index.php\/2024\/11\/08\/abren-oficina-en-presidencia-para-atencion-ciudadana-y-apoyos-federales\/\" \/>\n<meta property=\"og:locale\" content=\"es_ES\" \/>\n<meta property=\"og:type\" content=\"article\" \/>\n<meta property=\"og:title\" content=\"ABREN OFICINA EN PRESIDENCIA PARA ATENCI\u00d3N CIUDADANA Y APOYOS FEDERALES - El Hijo del llanero solititito\" \/>\n<meta property=\"og:description\" content=\"Villagr\u00e1n, Gto, 8 de noviembre del 2024.- Para que los ciudadanos tengan acceso a los programas federales del Bienestar, la alcaldesa Cinthia Teniente dio a conocer que se instal\u00f3 una oficina especial en Presidencia, y al mismo tiempo, dijo que se atienden las peticiones ciudadanas. En la conferencia Semanera, la alcaldesa dijo que a partir [&hellip;]\" \/>\n<meta property=\"og:url\" content=\"https:\/\/elhijodelllanero.mx\/index.php\/2024\/11\/08\/abren-oficina-en-presidencia-para-atencion-ciudadana-y-apoyos-federales\/\" \/>\n<meta property=\"og:site_name\" content=\"El Hijo del llanero solititito\" \/>\n<meta property=\"article:published_time\" content=\"2024-11-08T15:19:09+00:00\" \/>\n<meta property=\"og:image\" content=\"https:\/\/elhijodelllanero.mx\/wp-content\/uploads\/2024\/11\/IMG-20241104-WA0041-200x300.jpg\" \/>\n<meta name=\"author\" content=\"Mar\u00eda de la Paz Rodarte Ram\u00edrez\" \/>\n<meta name=\"twitter:card\" content=\"summary_large_image\" \/>\n<meta name=\"twitter:label1\" content=\"Escrito por\" \/>\n\t<meta name=\"twitter:data1\" content=\"Mar\u00eda de la Paz Rodarte Ram\u00edrez\" \/>\n\t<meta name=\"twitter:label2\" content=\"Tiempo de lectura\" \/>\n\t<meta name=\"twitter:data2\" content=\"2 minutos\" \/>\n<script type=\"application\/ld+json\" class=\"yoast-schema-graph\">{\"@context\":\"https:\\\/\\\/schema.org\",\"@graph\":[{\"@type\":\"Article\",\"@id\":\"https:\\\/\\\/elhijodelllanero.mx\\\/index.php\\\/2024\\\/11\\\/08\\\/abren-oficina-en-presidencia-para-atencion-ciudadana-y-apoyos-federales\\\/#article\",\"isPartOf\":{\"@id\":\"https:\\\/\\\/elhijodelllanero.mx\\\/index.php\\\/2024\\\/11\\\/08\\\/abren-oficina-en-presidencia-para-atencion-ciudadana-y-apoyos-federales\\\/\"},\"author\":{\"name\":\"Mar\u00eda de la Paz Rodarte Ram\u00edrez\",\"@id\":\"https:\\\/\\\/elhijodelllanero.mx\\\/#\\\/schema\\\/person\\\/c7f8c86c55c1eab44ae2b93a9628245f\"},\"headline\":\"ABREN OFICINA EN PRESIDENCIA PARA ATENCI\u00d3N CIUDADANA Y APOYOS FEDERALES\",\"datePublished\":\"2024-11-08T15:19:09+00:00\",\"mainEntityOfPage\":{\"@id\":\"https:\\\/\\\/elhijodelllanero.mx\\\/index.php\\\/2024\\\/11\\\/08\\\/abren-oficina-en-presidencia-para-atencion-ciudadana-y-apoyos-federales\\\/\"},\"wordCount\":294,\"commentCount\":0,\"image\":{\"@id\":\"https:\\\/\\\/elhijodelllanero.mx\\\/index.php\\\/2024\\\/11\\\/08\\\/abren-oficina-en-presidencia-para-atencion-ciudadana-y-apoyos-federales\\\/#primaryimage\"},\"thumbnailUrl\":\"https:\\\/\\\/elhijodelllanero.mx\\\/wp-content\\\/uploads\\\/2024\\\/11\\\/IMG-20241104-WA0041-200x300.jpg\",\"articleSection\":[\"MUNICIPIOS\",\"Villagr\u00e1n\"],\"inLanguage\":\"es\",\"potentialAction\":[{\"@type\":\"CommentAction\",\"name\":\"Comment\",\"target\":[\"https:\\\/\\\/elhijodelllanero.mx\\\/index.php\\\/2024\\\/11\\\/08\\\/abren-oficina-en-presidencia-para-atencion-ciudadana-y-apoyos-federales\\\/#respond\"]}]},{\"@type\":\"WebPage\",\"@id\":\"https:\\\/\\\/elhijodelllanero.mx\\\/index.php\\\/2024\\\/11\\\/08\\\/abren-oficina-en-presidencia-para-atencion-ciudadana-y-apoyos-federales\\\/\",\"url\":\"https:\\\/\\\/elhijodelllanero.mx\\\/index.php\\\/2024\\\/11\\\/08\\\/abren-oficina-en-presidencia-para-atencion-ciudadana-y-apoyos-federales\\\/\",\"name\":\"ABREN OFICINA EN PRESIDENCIA PARA ATENCI\u00d3N CIUDADANA Y APOYOS FEDERALES - El Hijo del llanero solititito\",\"isPartOf\":{\"@id\":\"https:\\\/\\\/elhijodelllanero.mx\\\/#website\"},\"primaryImageOfPage\":{\"@id\":\"https:\\\/\\\/elhijodelllanero.mx\\\/index.php\\\/2024\\\/11\\\/08\\\/abren-oficina-en-presidencia-para-atencion-ciudadana-y-apoyos-federales\\\/#primaryimage\"},\"image\":{\"@id\":\"https:\\\/\\\/elhijodelllanero.mx\\\/index.php\\\/2024\\\/11\\\/08\\\/abren-oficina-en-presidencia-para-atencion-ciudadana-y-apoyos-federales\\\/#primaryimage\"},\"thumbnailUrl\":\"https:\\\/\\\/elhijodelllanero.mx\\\/wp-content\\\/uploads\\\/2024\\\/11\\\/IMG-20241104-WA0041-200x300.jpg\",\"datePublished\":\"2024-11-08T15:19:09+00:00\",\"author\":{\"@id\":\"https:\\\/\\\/elhijodelllanero.mx\\\/#\\\/schema\\\/person\\\/c7f8c86c55c1eab44ae2b93a9628245f\"},\"breadcrumb\":{\"@id\":\"https:\\\/\\\/elhijodelllanero.mx\\\/index.php\\\/2024\\\/11\\\/08\\\/abren-oficina-en-presidencia-para-atencion-ciudadana-y-apoyos-federales\\\/#breadcrumb\"},\"inLanguage\":\"es\",\"potentialAction\":[{\"@type\":\"ReadAction\",\"target\":[\"https:\\\/\\\/elhijodelllanero.mx\\\/index.php\\\/2024\\\/11\\\/08\\\/abren-oficina-en-presidencia-para-atencion-ciudadana-y-apoyos-federales\\\/\"]}]},{\"@type\":\"ImageObject\",\"inLanguage\":\"es\",\"@id\":\"https:\\\/\\\/elhijodelllanero.mx\\\/index.php\\\/2024\\\/11\\\/08\\\/abren-oficina-en-presidencia-para-atencion-ciudadana-y-apoyos-federales\\\/#primaryimage\",\"url\":\"https:\\\/\\\/i0.wp.com\\\/elhijodelllanero.mx\\\/wp-content\\\/uploads\\\/2024\\\/11\\\/IMG-20241104-WA0041.jpg?fit=1068%2C1600&ssl=1\",\"contentUrl\":\"https:\\\/\\\/i0.wp.com\\\/elhijodelllanero.mx\\\/wp-content\\\/uploads\\\/2024\\\/11\\\/IMG-20241104-WA0041.jpg?fit=1068%2C1600&ssl=1\",\"width\":1068,\"height\":1600},{\"@type\":\"BreadcrumbList\",\"@id\":\"https:\\\/\\\/elhijodelllanero.mx\\\/index.php\\\/2024\\\/11\\\/08\\\/abren-oficina-en-presidencia-para-atencion-ciudadana-y-apoyos-federales\\\/#breadcrumb\",\"itemListElement\":[{\"@type\":\"ListItem\",\"position\":1,\"name\":\"Portada\",\"item\":\"https:\\\/\\\/elhijodelllanero.mx\\\/\"},{\"@type\":\"ListItem\",\"position\":2,\"name\":\"ABREN OFICINA EN PRESIDENCIA PARA ATENCI\u00d3N CIUDADANA Y APOYOS FEDERALES\"}]},{\"@type\":\"WebSite\",\"@id\":\"https:\\\/\\\/elhijodelllanero.mx\\\/#website\",\"url\":\"https:\\\/\\\/elhijodelllanero.mx\\\/\",\"name\":\"El Hijo del llanero solititito\",\"description\":\"\",\"potentialAction\":[{\"@type\":\"SearchAction\",\"target\":{\"@type\":\"EntryPoint\",\"urlTemplate\":\"https:\\\/\\\/elhijodelllanero.mx\\\/?s={search_term_string}\"},\"query-input\":{\"@type\":\"PropertyValueSpecification\",\"valueRequired\":true,\"valueName\":\"search_term_string\"}}],\"inLanguage\":\"es\"},{\"@type\":\"Person\",\"@id\":\"https:\\\/\\\/elhijodelllanero.mx\\\/#\\\/schema\\\/person\\\/c7f8c86c55c1eab44ae2b93a9628245f\",\"name\":\"Mar\u00eda de la Paz Rodarte Ram\u00edrez\",\"image\":{\"@type\":\"ImageObject\",\"inLanguage\":\"es\",\"@id\":\"https:\\\/\\\/secure.gravatar.com\\\/avatar\\\/1f38f8518b09a266af73da2bce78d69e7d1275299970134ed62f572e0487e1d0?s=96&d=mm&r=g\",\"url\":\"https:\\\/\\\/secure.gravatar.com\\\/avatar\\\/1f38f8518b09a266af73da2bce78d69e7d1275299970134ed62f572e0487e1d0?s=96&d=mm&r=g\",\"contentUrl\":\"https:\\\/\\\/secure.gravatar.com\\\/avatar\\\/1f38f8518b09a266af73da2bce78d69e7d1275299970134ed62f572e0487e1d0?s=96&d=mm&r=g\",\"caption\":\"Mar\u00eda de la Paz Rodarte Ram\u00edrez\"},\"sameAs\":[\"https:\\\/\\\/www.elhijodelllanero.mx\"],\"url\":\"https:\\\/\\\/elhijodelllanero.mx\\\/index.php\\\/author\\\/maricuas\\\/\"}]}<\/script>\n<!-- \/ Yoast SEO plugin. -->","yoast_head_json":{"title":"ABREN OFICINA EN PRESIDENCIA PARA ATENCI\u00d3N CIUDADANA Y APOYOS FEDERALES - El Hijo del llanero solititito","robots":{"index":"index","follow":"follow","max-snippet":"max-snippet:-1","max-image-preview":"max-image-preview:large","max-video-preview":"max-video-preview:-1"},"canonical":"https:\/\/elhijodelllanero.mx\/index.php\/2024\/11\/08\/abren-oficina-en-presidencia-para-atencion-ciudadana-y-apoyos-federales\/","og_locale":"es_ES","og_type":"article","og_title":"ABREN OFICINA EN PRESIDENCIA PARA ATENCI\u00d3N CIUDADANA Y APOYOS FEDERALES - El Hijo del llanero solititito","og_description":"Villagr\u00e1n, Gto, 8 de noviembre del 2024.- Para que los ciudadanos tengan acceso a los programas federales del Bienestar, la alcaldesa Cinthia Teniente dio a conocer que se instal\u00f3 una oficina especial en Presidencia, y al mismo tiempo, dijo que se atienden las peticiones ciudadanas. En la conferencia Semanera, la alcaldesa dijo que a partir [&hellip;]","og_url":"https:\/\/elhijodelllanero.mx\/index.php\/2024\/11\/08\/abren-oficina-en-presidencia-para-atencion-ciudadana-y-apoyos-federales\/","og_site_name":"El Hijo del llanero solititito","article_published_time":"2024-11-08T15:19:09+00:00","og_image":[{"url":"https:\/\/elhijodelllanero.mx\/wp-content\/uploads\/2024\/11\/IMG-20241104-WA0041-200x300.jpg","type":"","width":"","height":""}],"author":"Mar\u00eda de la Paz Rodarte Ram\u00edrez","twitter_card":"summary_large_image","twitter_misc":{"Escrito por":"Mar\u00eda de la Paz Rodarte Ram\u00edrez","Tiempo de lectura":"2 minutos"},"schema":{"@context":"https:\/\/schema.org","@graph":[{"@type":"Article","@id":"https:\/\/elhijodelllanero.mx\/index.php\/2024\/11\/08\/abren-oficina-en-presidencia-para-atencion-ciudadana-y-apoyos-federales\/#article","isPartOf":{"@id":"https:\/\/elhijodelllanero.mx\/index.php\/2024\/11\/08\/abren-oficina-en-presidencia-para-atencion-ciudadana-y-apoyos-federales\/"},"author":{"name":"Mar\u00eda de la Paz Rodarte Ram\u00edrez","@id":"https:\/\/elhijodelllanero.mx\/#\/schema\/person\/c7f8c86c55c1eab44ae2b93a9628245f"},"headline":"ABREN OFICINA EN PRESIDENCIA PARA ATENCI\u00d3N CIUDADANA Y APOYOS FEDERALES","datePublished":"2024-11-08T15:19:09+00:00","mainEntityOfPage":{"@id":"https:\/\/elhijodelllanero.mx\/index.php\/2024\/11\/08\/abren-oficina-en-presidencia-para-atencion-ciudadana-y-apoyos-federales\/"},"wordCount":294,"commentCount":0,"image":{"@id":"https:\/\/elhijodelllanero.mx\/index.php\/2024\/11\/08\/abren-oficina-en-presidencia-para-atencion-ciudadana-y-apoyos-federales\/#primaryimage"},"thumbnailUrl":"https:\/\/elhijodelllanero.mx\/wp-content\/uploads\/2024\/11\/IMG-20241104-WA0041-200x300.jpg","articleSection":["MUNICIPIOS","Villagr\u00e1n"],"inLanguage":"es","potentialAction":[{"@type":"CommentAction","name":"Comment","target":["https:\/\/elhijodelllanero.mx\/index.php\/2024\/11\/08\/abren-oficina-en-presidencia-para-atencion-ciudadana-y-apoyos-federales\/#respond"]}]},{"@type":"WebPage","@id":"https:\/\/elhijodelllanero.mx\/index.php\/2024\/11\/08\/abren-oficina-en-presidencia-para-atencion-ciudadana-y-apoyos-federales\/","url":"https:\/\/elhijodelllanero.mx\/index.php\/2024\/11\/08\/abren-oficina-en-presidencia-para-atencion-ciudadana-y-apoyos-federales\/","name":"ABREN OFICINA EN PRESIDENCIA PARA ATENCI\u00d3N CIUDADANA Y APOYOS FEDERALES - El Hijo del llanero solititito","isPartOf":{"@id":"https:\/\/elhijodelllanero.mx\/#website"},"primaryImageOfPage":{"@id":"https:\/\/elhijodelllanero.mx\/index.php\/2024\/11\/08\/abren-oficina-en-presidencia-para-atencion-ciudadana-y-apoyos-federales\/#primaryimage"},"image":{"@id":"https:\/\/elhijodelllanero.mx\/index.php\/2024\/11\/08\/abren-oficina-en-presidencia-para-atencion-ciudadana-y-apoyos-federales\/#primaryimage"},"thumbnailUrl":"https:\/\/elhijodelllanero.mx\/wp-content\/uploads\/2024\/11\/IMG-20241104-WA0041-200x300.jpg","datePublished":"2024-11-08T15:19:09+00:00","author":{"@id":"https:\/\/elhijodelllanero.mx\/#\/schema\/person\/c7f8c86c55c1eab44ae2b93a9628245f"},"breadcrumb":{"@id":"https:\/\/elhijodelllanero.mx\/index.php\/2024\/11\/08\/abren-oficina-en-presidencia-para-atencion-ciudadana-y-apoyos-federales\/#breadcrumb"},"inLanguage":"es","potentialAction":[{"@type":"ReadAction","target":["https:\/\/elhijodelllanero.mx\/index.php\/2024\/11\/08\/abren-oficina-en-presidencia-para-atencion-ciudadana-y-apoyos-federales\/"]}]},{"@type":"ImageObject","inLanguage":"es","@id":"https:\/\/elhijodelllanero.mx\/index.php\/2024\/11\/08\/abren-oficina-en-presidencia-para-atencion-ciudadana-y-apoyos-federales\/#primaryimage","url":"https:\/\/i0.wp.com\/elhijodelllanero.mx\/wp-content\/uploads\/2024\/11\/IMG-20241104-WA0041.jpg?fit=1068%2C1600&ssl=1","contentUrl":"https:\/\/i0.wp.com\/elhijodelllanero.mx\/wp-content\/uploads\/2024\/11\/IMG-20241104-WA0041.jpg?fit=1068%2C1600&ssl=1","width":1068,"height":1600},{"@type":"BreadcrumbList","@id":"https:\/\/elhijodelllanero.mx\/index.php\/2024\/11\/08\/abren-oficina-en-presidencia-para-atencion-ciudadana-y-apoyos-federales\/#breadcrumb","itemListElement":[{"@type":"ListItem","position":1,"name":"Portada","item":"https:\/\/elhijodelllanero.mx\/"},{"@type":"ListItem","position":2,"name":"ABREN OFICINA EN PRESIDENCIA PARA ATENCI\u00d3N CIUDADANA Y APOYOS FEDERALES"}]},{"@type":"WebSite","@id":"https:\/\/elhijodelllanero.mx\/#website","url":"https:\/\/elhijodelllanero.mx\/","name":"El Hijo del llanero solititito","description":"","potentialAction":[{"@type":"SearchAction","target":{"@type":"EntryPoint","urlTemplate":"https:\/\/elhijodelllanero.mx\/?s={search_term_string}"},"query-input":{"@type":"PropertyValueSpecification","valueRequired":true,"valueName":"search_term_string"}}],"inLanguage":"es"},{"@type":"Person","@id":"https:\/\/elhijodelllanero.mx\/#\/schema\/person\/c7f8c86c55c1eab44ae2b93a9628245f","name":"Mar\u00eda de la Paz Rodarte Ram\u00edrez","image":{"@type":"ImageObject","inLanguage":"es","@id":"https:\/\/secure.gravatar.com\/avatar\/1f38f8518b09a266af73da2bce78d69e7d1275299970134ed62f572e0487e1d0?s=96&d=mm&r=g","url":"https:\/\/secure.gravatar.com\/avatar\/1f38f8518b09a266af73da2bce78d69e7d1275299970134ed62f572e0487e1d0?s=96&d=mm&r=g","contentUrl":"https:\/\/secure.gravatar.com\/avatar\/1f38f8518b09a266af73da2bce78d69e7d1275299970134ed62f572e0487e1d0?s=96&d=mm&r=g","caption":"Mar\u00eda de la Paz Rodarte Ram\u00edrez"},"sameAs":["https:\/\/www.elhijodelllanero.mx"],"url":"https:\/\/elhijodelllanero.mx\/index.php\/author\/maricuas\/"}]}},"jetpack_featured_media_url":"","jetpack-related-posts":[],"jetpack_sharing_enabled":true,"_links":{"self":[{"href":"https:\/\/elhijodelllanero.mx\/index.php\/wp-json\/wp\/v2\/posts\/8901","targetHints":{"allow":["GET"]}}],"collection":[{"href":"https:\/\/elhijodelllanero.mx\/index.php\/wp-json\/wp\/v2\/posts"}],"about":[{"href":"https:\/\/elhijodelllanero.mx\/index.php\/wp-json\/wp\/v2\/types\/post"}],"author":[{"embeddable":true,"href":"https:\/\/elhijodelllanero.mx\/index.php\/wp-json\/wp\/v2\/users\/3"}],"replies":[{"embeddable":true,"href":"https:\/\/elhijodelllanero.mx\/index.php\/wp-json\/wp\/v2\/comments?post=8901"}],"version-history":[{"count":1,"href":"https:\/\/elhijodelllanero.mx\/index.php\/wp-json\/wp\/v2\/posts\/8901\/revisions"}],"predecessor-version":[{"id":8902,"href":"https:\/\/elhijodelllanero.mx\/index.php\/wp-json\/wp\/v2\/posts\/8901\/revisions\/8902"}],"wp:attachment":[{"href":"https:\/\/elhijodelllanero.mx\/index.php\/wp-json\/wp\/v2\/media?parent=8901"}],"wp:term":[{"taxonomy":"category","embeddable":true,"href":"https:\/\/elhijodelllanero.mx\/index.php\/wp-json\/wp\/v2\/categories?post=8901"},{"taxonomy":"post_tag","embeddable":true,"href":"https:\/\/elhijodelllanero.mx\/index.php\/wp-json\/wp\/v2\/tags?post=8901"}],"curies":[{"name":"wp","href":"https:\/\/api.w.org\/{rel}","templated":true}]}}