{"id":9256,"date":"2025-01-30T22:53:59","date_gmt":"2025-01-30T22:53:59","guid":{"rendered":"https:\/\/elhijodelllanero.mx\/?p=9256"},"modified":"2025-01-30T22:54:59","modified_gmt":"2025-01-30T22:54:59","slug":"alcaldesa-se-compromete-apoyar-a-alumnos-del-cecyte","status":"publish","type":"post","link":"https:\/\/elhijodelllanero.mx\/index.php\/2025\/01\/30\/alcaldesa-se-compromete-apoyar-a-alumnos-del-cecyte\/","title":{"rendered":"ALCALDESA SE COMPROMETE APOYAR A ALUMNOS DEL CECYTE"},"content":{"rendered":"<p><img data-recalc-dims=\"1\" loading=\"lazy\" decoding=\"async\" class=\"alignnone size-medium wp-image-9257\" src=\"https:\/\/i0.wp.com\/elhijodelllanero.mx\/wp-content\/uploads\/2025\/01\/IMG-20250130-WA0111.jpg?resize=300%2C200&#038;ssl=1\" alt=\"\" width=\"300\" height=\"200\" srcset=\"https:\/\/i0.wp.com\/elhijodelllanero.mx\/wp-content\/uploads\/2025\/01\/IMG-20250130-WA0111.jpg?resize=300%2C200&amp;ssl=1 300w, https:\/\/i0.wp.com\/elhijodelllanero.mx\/wp-content\/uploads\/2025\/01\/IMG-20250130-WA0111.jpg?resize=1024%2C682&amp;ssl=1 1024w, https:\/\/i0.wp.com\/elhijodelllanero.mx\/wp-content\/uploads\/2025\/01\/IMG-20250130-WA0111.jpg?resize=768%2C512&amp;ssl=1 768w, https:\/\/i0.wp.com\/elhijodelllanero.mx\/wp-content\/uploads\/2025\/01\/IMG-20250130-WA0111.jpg?resize=1536%2C1023&amp;ssl=1 1536w, https:\/\/i0.wp.com\/elhijodelllanero.mx\/wp-content\/uploads\/2025\/01\/IMG-20250130-WA0111.jpg?resize=630%2C420&amp;ssl=1 630w, https:\/\/i0.wp.com\/elhijodelllanero.mx\/wp-content\/uploads\/2025\/01\/IMG-20250130-WA0111.jpg?resize=696%2C464&amp;ssl=1 696w, https:\/\/i0.wp.com\/elhijodelllanero.mx\/wp-content\/uploads\/2025\/01\/IMG-20250130-WA0111.jpg?resize=1068%2C712&amp;ssl=1 1068w, https:\/\/i0.wp.com\/elhijodelllanero.mx\/wp-content\/uploads\/2025\/01\/IMG-20250130-WA0111.jpg?w=1600&amp;ssl=1 1600w, https:\/\/i0.wp.com\/elhijodelllanero.mx\/wp-content\/uploads\/2025\/01\/IMG-20250130-WA0111.jpg?w=1392&amp;ssl=1 1392w\" sizes=\"auto, (max-width: 300px) 100vw, 300px\" \/><\/p>\n<p>Villagr\u00e1n, Gto. 30 de enero del 2025.- En una visita realizada esta ma\u00f1ana al plantel Cecyte, la presidenta municipal, Cinthia Teniente ofreci\u00f3 brindar apoyo para la soluci\u00f3n a varios problemas que presenta el plantel y con ello, mantener el gran nivel que tiene, donde la matr\u00edcula supera\u00a0 a los mil alumnos.<\/p>\n<p style=\"text-align: left;\">La alcaldesa fue recibida por la directora Blanca Esther Mart\u00ednez Torres y profesores de varias asignaturas, qui\u00e9n entre las peticiones que encontr\u00f3, fue el que algunos estudiantes tras concursos previos se hicieron acreedores a representar el CecyTe internacionalmente con otras escuelas en Ecuador, y que har\u00e1n a principios de marzo. Explicaron que sus trabajos de innovaci\u00f3n consisten en el aprovechamiento del esti\u00e9rcol de las vacas, para la elaboraci\u00f3n de papel y casas de cart\u00f3n, y ahora lo perfeccionan para presentarlo en las competencias que se realizar\u00e1n en aquel pa\u00eds.<\/p>\n<p style=\"text-align: left;\">La presidenta les ofreci\u00f3 que les dar\u00e1 su apoyo, adem\u00e1s de que los felicit\u00f3 por sus esfuerzos y les pidi\u00f3 que hagan su mejor esfuerzo para poner en alto el nombre de Villagr\u00e1n.<\/p>\n<p style=\"text-align: left;\">En su mensaje a los profesores, record\u00f3 que ella es egresada del plantel con su c\u00e9dula profesional como t\u00e9cnico en contabilidad, y reconoci\u00f3 que ahora, en comparaci\u00f3n con esos a\u00f1os de estudiante, el plantel se ha desarrollado mucho.<\/p>\n<p style=\"text-align: left;\">Se pidi\u00f3 apoyo tambi\u00e9n para la asignaci\u00f3n de personal de Tr\u00e1nsito para que por las tardes, proteja la salida de los estudiantes; y que se haga un control de las motos que muchos j\u00f3venes utilizan para su transporte de su casa a la escuela.<\/p>\n<p style=\"text-align: left;\">Se pidi\u00f3 que se implemente un programa de seguridad en la conducci\u00f3n de motos, en las que se les obligue a utilizar casco, traer licencia, placa y que solo suban dos, y todo esto no es con af\u00e1n de molestar a los j\u00f3venes, sino para su propia seguridad, dijeron.<\/p>\n<p style=\"text-align: left;\">Primero se les har\u00e1n se\u00f1alamientos para que cumplan y pasado alg\u00fan tiempo, se podr\u00e1n aplicar infracciones entre los que no cumplan.<\/p>\n<p style=\"text-align: left;\">La presidenta municipal despu\u00e9s de escuchar los planteamientos, ofreci\u00f3 comisionar al director de Obras P\u00fablicas para que realice un estudio respecto a los problemas de entrada de agua de lluvia en la cancha techada de basquetbol, la que comenz\u00f3 a causar problemas en las paredes.<\/p>\n<p style=\"text-align: left;\">Tambi\u00e9n ser\u00e1 comisionado para hacer estudios para la construcci\u00f3n de una cancha de futbol y a la direcci\u00f3n de deportes, organizar torneos estudiantiles.<\/p>\n","protected":false},"excerpt":{"rendered":"<p>Villagr\u00e1n, Gto. 30 de enero del 2025.- En una visita realizada esta ma\u00f1ana al plantel Cecyte, la presidenta municipal, Cinthia Teniente ofreci\u00f3 brindar apoyo para la soluci\u00f3n a varios problemas que presenta el plantel y con ello, mantener el gran nivel que tiene, donde la matr\u00edcula supera\u00a0 a los mil alumnos. La alcaldesa fue recibida [&hellip;]<\/p>\n","protected":false},"author":3,"featured_media":0,"comment_status":"open","ping_status":"closed","sticky":false,"template":"","format":"standard","meta":{"_jetpack_newsletter_access":"","_jetpack_dont_email_post_to_subs":false,"_jetpack_newsletter_tier_id":0,"_jetpack_memberships_contains_paywalled_content":false,"_jetpack_memberships_contains_paid_content":false,"footnotes":""},"categories":[76,85],"tags":[],"class_list":{"0":"post-9256","1":"post","2":"type-post","3":"status-publish","4":"format-standard","6":"category-municipios","7":"category-villagran"},"yoast_head":"<!-- This site is optimized with the Yoast SEO plugin v27.3 - https:\/\/yoast.com\/product\/yoast-seo-wordpress\/ -->\n<title>ALCALDESA SE COMPROMETE APOYAR A ALUMNOS DEL CECYTE - El Hijo del llanero solititito<\/title>\n<meta name=\"robots\" content=\"index, follow, max-snippet:-1, max-image-preview:large, max-video-preview:-1\" \/>\n<link rel=\"canonical\" href=\"https:\/\/elhijodelllanero.mx\/index.php\/2025\/01\/30\/alcaldesa-se-compromete-apoyar-a-alumnos-del-cecyte\/\" \/>\n<meta property=\"og:locale\" content=\"es_ES\" \/>\n<meta property=\"og:type\" content=\"article\" \/>\n<meta property=\"og:title\" content=\"ALCALDESA SE COMPROMETE APOYAR A ALUMNOS DEL CECYTE - El Hijo del llanero solititito\" \/>\n<meta property=\"og:description\" content=\"Villagr\u00e1n, Gto. 30 de enero del 2025.- En una visita realizada esta ma\u00f1ana al plantel Cecyte, la presidenta municipal, Cinthia Teniente ofreci\u00f3 brindar apoyo para la soluci\u00f3n a varios problemas que presenta el plantel y con ello, mantener el gran nivel que tiene, donde la matr\u00edcula supera\u00a0 a los mil alumnos. La alcaldesa fue recibida [&hellip;]\" \/>\n<meta property=\"og:url\" content=\"https:\/\/elhijodelllanero.mx\/index.php\/2025\/01\/30\/alcaldesa-se-compromete-apoyar-a-alumnos-del-cecyte\/\" \/>\n<meta property=\"og:site_name\" content=\"El Hijo del llanero solititito\" \/>\n<meta property=\"article:published_time\" content=\"2025-01-30T22:53:59+00:00\" \/>\n<meta property=\"article:modified_time\" content=\"2025-01-30T22:54:59+00:00\" \/>\n<meta property=\"og:image\" content=\"https:\/\/elhijodelllanero.mx\/wp-content\/uploads\/2025\/01\/IMG-20250130-WA0111-300x200.jpg\" \/>\n<meta name=\"author\" content=\"Mar\u00eda de la Paz Rodarte Ram\u00edrez\" \/>\n<meta name=\"twitter:card\" content=\"summary_large_image\" \/>\n<meta name=\"twitter:label1\" content=\"Escrito por\" \/>\n\t<meta name=\"twitter:data1\" content=\"Mar\u00eda de la Paz Rodarte Ram\u00edrez\" \/>\n\t<meta name=\"twitter:label2\" content=\"Tiempo de lectura\" \/>\n\t<meta name=\"twitter:data2\" content=\"3 minutos\" \/>\n<script type=\"application\/ld+json\" class=\"yoast-schema-graph\">{\"@context\":\"https:\\\/\\\/schema.org\",\"@graph\":[{\"@type\":\"Article\",\"@id\":\"https:\\\/\\\/elhijodelllanero.mx\\\/index.php\\\/2025\\\/01\\\/30\\\/alcaldesa-se-compromete-apoyar-a-alumnos-del-cecyte\\\/#article\",\"isPartOf\":{\"@id\":\"https:\\\/\\\/elhijodelllanero.mx\\\/index.php\\\/2025\\\/01\\\/30\\\/alcaldesa-se-compromete-apoyar-a-alumnos-del-cecyte\\\/\"},\"author\":{\"name\":\"Mar\u00eda de la Paz Rodarte Ram\u00edrez\",\"@id\":\"https:\\\/\\\/elhijodelllanero.mx\\\/#\\\/schema\\\/person\\\/c7f8c86c55c1eab44ae2b93a9628245f\"},\"headline\":\"ALCALDESA SE COMPROMETE APOYAR A ALUMNOS DEL CECYTE\",\"datePublished\":\"2025-01-30T22:53:59+00:00\",\"dateModified\":\"2025-01-30T22:54:59+00:00\",\"mainEntityOfPage\":{\"@id\":\"https:\\\/\\\/elhijodelllanero.mx\\\/index.php\\\/2025\\\/01\\\/30\\\/alcaldesa-se-compromete-apoyar-a-alumnos-del-cecyte\\\/\"},\"wordCount\":435,\"commentCount\":0,\"image\":{\"@id\":\"https:\\\/\\\/elhijodelllanero.mx\\\/index.php\\\/2025\\\/01\\\/30\\\/alcaldesa-se-compromete-apoyar-a-alumnos-del-cecyte\\\/#primaryimage\"},\"thumbnailUrl\":\"https:\\\/\\\/elhijodelllanero.mx\\\/wp-content\\\/uploads\\\/2025\\\/01\\\/IMG-20250130-WA0111-300x200.jpg\",\"articleSection\":[\"MUNICIPIOS\",\"Villagr\u00e1n\"],\"inLanguage\":\"es\",\"potentialAction\":[{\"@type\":\"CommentAction\",\"name\":\"Comment\",\"target\":[\"https:\\\/\\\/elhijodelllanero.mx\\\/index.php\\\/2025\\\/01\\\/30\\\/alcaldesa-se-compromete-apoyar-a-alumnos-del-cecyte\\\/#respond\"]}]},{\"@type\":\"WebPage\",\"@id\":\"https:\\\/\\\/elhijodelllanero.mx\\\/index.php\\\/2025\\\/01\\\/30\\\/alcaldesa-se-compromete-apoyar-a-alumnos-del-cecyte\\\/\",\"url\":\"https:\\\/\\\/elhijodelllanero.mx\\\/index.php\\\/2025\\\/01\\\/30\\\/alcaldesa-se-compromete-apoyar-a-alumnos-del-cecyte\\\/\",\"name\":\"ALCALDESA SE COMPROMETE APOYAR A ALUMNOS DEL CECYTE - El Hijo del llanero solititito\",\"isPartOf\":{\"@id\":\"https:\\\/\\\/elhijodelllanero.mx\\\/#website\"},\"primaryImageOfPage\":{\"@id\":\"https:\\\/\\\/elhijodelllanero.mx\\\/index.php\\\/2025\\\/01\\\/30\\\/alcaldesa-se-compromete-apoyar-a-alumnos-del-cecyte\\\/#primaryimage\"},\"image\":{\"@id\":\"https:\\\/\\\/elhijodelllanero.mx\\\/index.php\\\/2025\\\/01\\\/30\\\/alcaldesa-se-compromete-apoyar-a-alumnos-del-cecyte\\\/#primaryimage\"},\"thumbnailUrl\":\"https:\\\/\\\/elhijodelllanero.mx\\\/wp-content\\\/uploads\\\/2025\\\/01\\\/IMG-20250130-WA0111-300x200.jpg\",\"datePublished\":\"2025-01-30T22:53:59+00:00\",\"dateModified\":\"2025-01-30T22:54:59+00:00\",\"author\":{\"@id\":\"https:\\\/\\\/elhijodelllanero.mx\\\/#\\\/schema\\\/person\\\/c7f8c86c55c1eab44ae2b93a9628245f\"},\"breadcrumb\":{\"@id\":\"https:\\\/\\\/elhijodelllanero.mx\\\/index.php\\\/2025\\\/01\\\/30\\\/alcaldesa-se-compromete-apoyar-a-alumnos-del-cecyte\\\/#breadcrumb\"},\"inLanguage\":\"es\",\"potentialAction\":[{\"@type\":\"ReadAction\",\"target\":[\"https:\\\/\\\/elhijodelllanero.mx\\\/index.php\\\/2025\\\/01\\\/30\\\/alcaldesa-se-compromete-apoyar-a-alumnos-del-cecyte\\\/\"]}]},{\"@type\":\"ImageObject\",\"inLanguage\":\"es\",\"@id\":\"https:\\\/\\\/elhijodelllanero.mx\\\/index.php\\\/2025\\\/01\\\/30\\\/alcaldesa-se-compromete-apoyar-a-alumnos-del-cecyte\\\/#primaryimage\",\"url\":\"https:\\\/\\\/i0.wp.com\\\/elhijodelllanero.mx\\\/wp-content\\\/uploads\\\/2025\\\/01\\\/IMG-20250130-WA0111.jpg?fit=1600%2C1066&ssl=1\",\"contentUrl\":\"https:\\\/\\\/i0.wp.com\\\/elhijodelllanero.mx\\\/wp-content\\\/uploads\\\/2025\\\/01\\\/IMG-20250130-WA0111.jpg?fit=1600%2C1066&ssl=1\",\"width\":1600,\"height\":1066},{\"@type\":\"BreadcrumbList\",\"@id\":\"https:\\\/\\\/elhijodelllanero.mx\\\/index.php\\\/2025\\\/01\\\/30\\\/alcaldesa-se-compromete-apoyar-a-alumnos-del-cecyte\\\/#breadcrumb\",\"itemListElement\":[{\"@type\":\"ListItem\",\"position\":1,\"name\":\"Portada\",\"item\":\"https:\\\/\\\/elhijodelllanero.mx\\\/\"},{\"@type\":\"ListItem\",\"position\":2,\"name\":\"ALCALDESA SE COMPROMETE APOYAR A ALUMNOS DEL CECYTE\"}]},{\"@type\":\"WebSite\",\"@id\":\"https:\\\/\\\/elhijodelllanero.mx\\\/#website\",\"url\":\"https:\\\/\\\/elhijodelllanero.mx\\\/\",\"name\":\"El Hijo del llanero solititito\",\"description\":\"\",\"potentialAction\":[{\"@type\":\"SearchAction\",\"target\":{\"@type\":\"EntryPoint\",\"urlTemplate\":\"https:\\\/\\\/elhijodelllanero.mx\\\/?s={search_term_string}\"},\"query-input\":{\"@type\":\"PropertyValueSpecification\",\"valueRequired\":true,\"valueName\":\"search_term_string\"}}],\"inLanguage\":\"es\"},{\"@type\":\"Person\",\"@id\":\"https:\\\/\\\/elhijodelllanero.mx\\\/#\\\/schema\\\/person\\\/c7f8c86c55c1eab44ae2b93a9628245f\",\"name\":\"Mar\u00eda de la Paz Rodarte Ram\u00edrez\",\"image\":{\"@type\":\"ImageObject\",\"inLanguage\":\"es\",\"@id\":\"https:\\\/\\\/secure.gravatar.com\\\/avatar\\\/1f38f8518b09a266af73da2bce78d69e7d1275299970134ed62f572e0487e1d0?s=96&d=mm&r=g\",\"url\":\"https:\\\/\\\/secure.gravatar.com\\\/avatar\\\/1f38f8518b09a266af73da2bce78d69e7d1275299970134ed62f572e0487e1d0?s=96&d=mm&r=g\",\"contentUrl\":\"https:\\\/\\\/secure.gravatar.com\\\/avatar\\\/1f38f8518b09a266af73da2bce78d69e7d1275299970134ed62f572e0487e1d0?s=96&d=mm&r=g\",\"caption\":\"Mar\u00eda de la Paz Rodarte Ram\u00edrez\"},\"sameAs\":[\"https:\\\/\\\/www.elhijodelllanero.mx\"],\"url\":\"https:\\\/\\\/elhijodelllanero.mx\\\/index.php\\\/author\\\/maricuas\\\/\"}]}<\/script>\n<!-- \/ Yoast SEO plugin. -->","yoast_head_json":{"title":"ALCALDESA SE COMPROMETE APOYAR A ALUMNOS DEL CECYTE - El Hijo del llanero solititito","robots":{"index":"index","follow":"follow","max-snippet":"max-snippet:-1","max-image-preview":"max-image-preview:large","max-video-preview":"max-video-preview:-1"},"canonical":"https:\/\/elhijodelllanero.mx\/index.php\/2025\/01\/30\/alcaldesa-se-compromete-apoyar-a-alumnos-del-cecyte\/","og_locale":"es_ES","og_type":"article","og_title":"ALCALDESA SE COMPROMETE APOYAR A ALUMNOS DEL CECYTE - El Hijo del llanero solititito","og_description":"Villagr\u00e1n, Gto. 30 de enero del 2025.- En una visita realizada esta ma\u00f1ana al plantel Cecyte, la presidenta municipal, Cinthia Teniente ofreci\u00f3 brindar apoyo para la soluci\u00f3n a varios problemas que presenta el plantel y con ello, mantener el gran nivel que tiene, donde la matr\u00edcula supera\u00a0 a los mil alumnos. La alcaldesa fue recibida [&hellip;]","og_url":"https:\/\/elhijodelllanero.mx\/index.php\/2025\/01\/30\/alcaldesa-se-compromete-apoyar-a-alumnos-del-cecyte\/","og_site_name":"El Hijo del llanero solititito","article_published_time":"2025-01-30T22:53:59+00:00","article_modified_time":"2025-01-30T22:54:59+00:00","og_image":[{"url":"https:\/\/elhijodelllanero.mx\/wp-content\/uploads\/2025\/01\/IMG-20250130-WA0111-300x200.jpg","type":"","width":"","height":""}],"author":"Mar\u00eda de la Paz Rodarte Ram\u00edrez","twitter_card":"summary_large_image","twitter_misc":{"Escrito por":"Mar\u00eda de la Paz Rodarte Ram\u00edrez","Tiempo de lectura":"3 minutos"},"schema":{"@context":"https:\/\/schema.org","@graph":[{"@type":"Article","@id":"https:\/\/elhijodelllanero.mx\/index.php\/2025\/01\/30\/alcaldesa-se-compromete-apoyar-a-alumnos-del-cecyte\/#article","isPartOf":{"@id":"https:\/\/elhijodelllanero.mx\/index.php\/2025\/01\/30\/alcaldesa-se-compromete-apoyar-a-alumnos-del-cecyte\/"},"author":{"name":"Mar\u00eda de la Paz Rodarte Ram\u00edrez","@id":"https:\/\/elhijodelllanero.mx\/#\/schema\/person\/c7f8c86c55c1eab44ae2b93a9628245f"},"headline":"ALCALDESA SE COMPROMETE APOYAR A ALUMNOS DEL CECYTE","datePublished":"2025-01-30T22:53:59+00:00","dateModified":"2025-01-30T22:54:59+00:00","mainEntityOfPage":{"@id":"https:\/\/elhijodelllanero.mx\/index.php\/2025\/01\/30\/alcaldesa-se-compromete-apoyar-a-alumnos-del-cecyte\/"},"wordCount":435,"commentCount":0,"image":{"@id":"https:\/\/elhijodelllanero.mx\/index.php\/2025\/01\/30\/alcaldesa-se-compromete-apoyar-a-alumnos-del-cecyte\/#primaryimage"},"thumbnailUrl":"https:\/\/elhijodelllanero.mx\/wp-content\/uploads\/2025\/01\/IMG-20250130-WA0111-300x200.jpg","articleSection":["MUNICIPIOS","Villagr\u00e1n"],"inLanguage":"es","potentialAction":[{"@type":"CommentAction","name":"Comment","target":["https:\/\/elhijodelllanero.mx\/index.php\/2025\/01\/30\/alcaldesa-se-compromete-apoyar-a-alumnos-del-cecyte\/#respond"]}]},{"@type":"WebPage","@id":"https:\/\/elhijodelllanero.mx\/index.php\/2025\/01\/30\/alcaldesa-se-compromete-apoyar-a-alumnos-del-cecyte\/","url":"https:\/\/elhijodelllanero.mx\/index.php\/2025\/01\/30\/alcaldesa-se-compromete-apoyar-a-alumnos-del-cecyte\/","name":"ALCALDESA SE COMPROMETE APOYAR A ALUMNOS DEL CECYTE - El Hijo del llanero solititito","isPartOf":{"@id":"https:\/\/elhijodelllanero.mx\/#website"},"primaryImageOfPage":{"@id":"https:\/\/elhijodelllanero.mx\/index.php\/2025\/01\/30\/alcaldesa-se-compromete-apoyar-a-alumnos-del-cecyte\/#primaryimage"},"image":{"@id":"https:\/\/elhijodelllanero.mx\/index.php\/2025\/01\/30\/alcaldesa-se-compromete-apoyar-a-alumnos-del-cecyte\/#primaryimage"},"thumbnailUrl":"https:\/\/elhijodelllanero.mx\/wp-content\/uploads\/2025\/01\/IMG-20250130-WA0111-300x200.jpg","datePublished":"2025-01-30T22:53:59+00:00","dateModified":"2025-01-30T22:54:59+00:00","author":{"@id":"https:\/\/elhijodelllanero.mx\/#\/schema\/person\/c7f8c86c55c1eab44ae2b93a9628245f"},"breadcrumb":{"@id":"https:\/\/elhijodelllanero.mx\/index.php\/2025\/01\/30\/alcaldesa-se-compromete-apoyar-a-alumnos-del-cecyte\/#breadcrumb"},"inLanguage":"es","potentialAction":[{"@type":"ReadAction","target":["https:\/\/elhijodelllanero.mx\/index.php\/2025\/01\/30\/alcaldesa-se-compromete-apoyar-a-alumnos-del-cecyte\/"]}]},{"@type":"ImageObject","inLanguage":"es","@id":"https:\/\/elhijodelllanero.mx\/index.php\/2025\/01\/30\/alcaldesa-se-compromete-apoyar-a-alumnos-del-cecyte\/#primaryimage","url":"https:\/\/i0.wp.com\/elhijodelllanero.mx\/wp-content\/uploads\/2025\/01\/IMG-20250130-WA0111.jpg?fit=1600%2C1066&ssl=1","contentUrl":"https:\/\/i0.wp.com\/elhijodelllanero.mx\/wp-content\/uploads\/2025\/01\/IMG-20250130-WA0111.jpg?fit=1600%2C1066&ssl=1","width":1600,"height":1066},{"@type":"BreadcrumbList","@id":"https:\/\/elhijodelllanero.mx\/index.php\/2025\/01\/30\/alcaldesa-se-compromete-apoyar-a-alumnos-del-cecyte\/#breadcrumb","itemListElement":[{"@type":"ListItem","position":1,"name":"Portada","item":"https:\/\/elhijodelllanero.mx\/"},{"@type":"ListItem","position":2,"name":"ALCALDESA SE COMPROMETE APOYAR A ALUMNOS DEL CECYTE"}]},{"@type":"WebSite","@id":"https:\/\/elhijodelllanero.mx\/#website","url":"https:\/\/elhijodelllanero.mx\/","name":"El Hijo del llanero solititito","description":"","potentialAction":[{"@type":"SearchAction","target":{"@type":"EntryPoint","urlTemplate":"https:\/\/elhijodelllanero.mx\/?s={search_term_string}"},"query-input":{"@type":"PropertyValueSpecification","valueRequired":true,"valueName":"search_term_string"}}],"inLanguage":"es"},{"@type":"Person","@id":"https:\/\/elhijodelllanero.mx\/#\/schema\/person\/c7f8c86c55c1eab44ae2b93a9628245f","name":"Mar\u00eda de la Paz Rodarte Ram\u00edrez","image":{"@type":"ImageObject","inLanguage":"es","@id":"https:\/\/secure.gravatar.com\/avatar\/1f38f8518b09a266af73da2bce78d69e7d1275299970134ed62f572e0487e1d0?s=96&d=mm&r=g","url":"https:\/\/secure.gravatar.com\/avatar\/1f38f8518b09a266af73da2bce78d69e7d1275299970134ed62f572e0487e1d0?s=96&d=mm&r=g","contentUrl":"https:\/\/secure.gravatar.com\/avatar\/1f38f8518b09a266af73da2bce78d69e7d1275299970134ed62f572e0487e1d0?s=96&d=mm&r=g","caption":"Mar\u00eda de la Paz Rodarte Ram\u00edrez"},"sameAs":["https:\/\/www.elhijodelllanero.mx"],"url":"https:\/\/elhijodelllanero.mx\/index.php\/author\/maricuas\/"}]}},"jetpack_featured_media_url":"","jetpack-related-posts":[],"jetpack_sharing_enabled":true,"_links":{"self":[{"href":"https:\/\/elhijodelllanero.mx\/index.php\/wp-json\/wp\/v2\/posts\/9256","targetHints":{"allow":["GET"]}}],"collection":[{"href":"https:\/\/elhijodelllanero.mx\/index.php\/wp-json\/wp\/v2\/posts"}],"about":[{"href":"https:\/\/elhijodelllanero.mx\/index.php\/wp-json\/wp\/v2\/types\/post"}],"author":[{"embeddable":true,"href":"https:\/\/elhijodelllanero.mx\/index.php\/wp-json\/wp\/v2\/users\/3"}],"replies":[{"embeddable":true,"href":"https:\/\/elhijodelllanero.mx\/index.php\/wp-json\/wp\/v2\/comments?post=9256"}],"version-history":[{"count":1,"href":"https:\/\/elhijodelllanero.mx\/index.php\/wp-json\/wp\/v2\/posts\/9256\/revisions"}],"predecessor-version":[{"id":9258,"href":"https:\/\/elhijodelllanero.mx\/index.php\/wp-json\/wp\/v2\/posts\/9256\/revisions\/9258"}],"wp:attachment":[{"href":"https:\/\/elhijodelllanero.mx\/index.php\/wp-json\/wp\/v2\/media?parent=9256"}],"wp:term":[{"taxonomy":"category","embeddable":true,"href":"https:\/\/elhijodelllanero.mx\/index.php\/wp-json\/wp\/v2\/categories?post=9256"},{"taxonomy":"post_tag","embeddable":true,"href":"https:\/\/elhijodelllanero.mx\/index.php\/wp-json\/wp\/v2\/tags?post=9256"}],"curies":[{"name":"wp","href":"https:\/\/api.w.org\/{rel}","templated":true}]}}