{"id":9274,"date":"2025-02-03T20:03:21","date_gmt":"2025-02-03T20:03:21","guid":{"rendered":"https:\/\/elhijodelllanero.mx\/?p=9274"},"modified":"2025-02-03T20:03:21","modified_gmt":"2025-02-03T20:03:21","slug":"alcalde-visito-las-instalaciones-de-mi-nueva-catedral-faltan-4-anos-para-terminar-la-obra","status":"publish","type":"post","link":"https:\/\/elhijodelllanero.mx\/index.php\/2025\/02\/03\/alcalde-visito-las-instalaciones-de-mi-nueva-catedral-faltan-4-anos-para-terminar-la-obra\/","title":{"rendered":"ALCALDE VISIT\u00d3 LAS INSTALACIONES DE MI NUEVA CATEDRAL. FALTAN 4 A\u00d1OS PARA TERMINAR LA OBRA"},"content":{"rendered":"<p><img data-recalc-dims=\"1\" loading=\"lazy\" decoding=\"async\" class=\"alignnone size-medium wp-image-9275\" src=\"https:\/\/i0.wp.com\/elhijodelllanero.mx\/wp-content\/uploads\/2025\/02\/Collage_20250203_132050.jpg?resize=300%2C225&#038;ssl=1\" alt=\"\" width=\"300\" height=\"225\" srcset=\"https:\/\/i0.wp.com\/elhijodelllanero.mx\/wp-content\/uploads\/2025\/02\/Collage_20250203_132050.jpg?resize=300%2C225&amp;ssl=1 300w, https:\/\/i0.wp.com\/elhijodelllanero.mx\/wp-content\/uploads\/2025\/02\/Collage_20250203_132050.jpg?resize=1024%2C768&amp;ssl=1 1024w, https:\/\/i0.wp.com\/elhijodelllanero.mx\/wp-content\/uploads\/2025\/02\/Collage_20250203_132050.jpg?resize=768%2C576&amp;ssl=1 768w, https:\/\/i0.wp.com\/elhijodelllanero.mx\/wp-content\/uploads\/2025\/02\/Collage_20250203_132050.jpg?resize=1536%2C1152&amp;ssl=1 1536w, https:\/\/i0.wp.com\/elhijodelllanero.mx\/wp-content\/uploads\/2025\/02\/Collage_20250203_132050.jpg?resize=2048%2C1536&amp;ssl=1 2048w, https:\/\/i0.wp.com\/elhijodelllanero.mx\/wp-content\/uploads\/2025\/02\/Collage_20250203_132050.jpg?resize=560%2C420&amp;ssl=1 560w, https:\/\/i0.wp.com\/elhijodelllanero.mx\/wp-content\/uploads\/2025\/02\/Collage_20250203_132050.jpg?resize=80%2C60&amp;ssl=1 80w, https:\/\/i0.wp.com\/elhijodelllanero.mx\/wp-content\/uploads\/2025\/02\/Collage_20250203_132050.jpg?resize=696%2C522&amp;ssl=1 696w, https:\/\/i0.wp.com\/elhijodelllanero.mx\/wp-content\/uploads\/2025\/02\/Collage_20250203_132050.jpg?resize=1068%2C801&amp;ssl=1 1068w, https:\/\/i0.wp.com\/elhijodelllanero.mx\/wp-content\/uploads\/2025\/02\/Collage_20250203_132050.jpg?resize=1920%2C1440&amp;ssl=1 1920w, https:\/\/i0.wp.com\/elhijodelllanero.mx\/wp-content\/uploads\/2025\/02\/Collage_20250203_132050.jpg?w=1392&amp;ssl=1 1392w\" sizes=\"auto, (max-width: 300px) 100vw, 300px\" \/><\/p>\n<p>Celaya, Gto. 3 de febrero del 2025.-Con el objetivo de conocer los avances y proyectos de la obra de Mi Nueva Catedral, el presidente municipal, Juan Miguel Ram\u00edrez S\u00e1nchez, fue recibido por Monse\u00f1or V\u00edctor Alejandro Aguilar Ledesma, obispo de la Di\u00f3cesis de Celaya.<br \/>\nDurante la visita parte del equipo t\u00e9cnico de Mi Nueva Catedral, explic\u00f3 a detalle el avance material y la hoja de ruta, puntualizando que se tiene un avance del 60 por ciento, pero que podr\u00eda estar terminada en 4 a\u00f1os.<br \/>\n\u00abEsto se a logrado gracias a la aportado por los feligreses, los eventos deportivos y sorteos qu\u00e9 se han hecho para la recaudaci\u00f3n de recursos\u00bb, se explic\u00f3.<br \/>\nEl alcalde y miembros del Ayuntamiento acompa\u00f1ados por el Obispo recorrieron la obra en proceso.<br \/>\nSe explic\u00f3, que con los seis millones de pesos obtenidos del sorteo pasado, se destinar\u00e1n para adquirir acero y contratar\u00e1 una empresa para su colocaci\u00f3n.<br \/>\nSe puntualiz\u00f3 qu\u00e9 parte del trabajo ya realizado consiste en siete columnas del edificio principal, \u00e1reas de servicio, oficinas, seis aulas de formaci\u00f3n y una sala de conferencias, cafeter\u00eda, atenci\u00f3n m\u00e9dica.<br \/>\nCabe mencionar que cuando inici\u00f3 el proyecto se estimaba la construcci\u00f3n en 10 a\u00f1os, con una inversi\u00f3n superior a los 150 millones de pesos, sin embargo, el recurso solo ha alcanzado para una primera etapa, por lo que se espera que en un m\u00e1ximo de cuatro a\u00f1os quede concluida en su totalidad.<\/p>\n","protected":false},"excerpt":{"rendered":"<p>Celaya, Gto. 3 de febrero del 2025.-Con el objetivo de conocer los avances y proyectos de la obra de Mi Nueva Catedral, el presidente municipal, Juan Miguel Ram\u00edrez S\u00e1nchez, fue recibido por Monse\u00f1or V\u00edctor Alejandro Aguilar Ledesma, obispo de la Di\u00f3cesis de Celaya. Durante la visita parte del equipo t\u00e9cnico de Mi Nueva Catedral, explic\u00f3 [&hellip;]<\/p>\n","protected":false},"author":3,"featured_media":0,"comment_status":"open","ping_status":"closed","sticky":false,"template":"","format":"standard","meta":{"_jetpack_newsletter_access":"","_jetpack_dont_email_post_to_subs":false,"_jetpack_newsletter_tier_id":0,"_jetpack_memberships_contains_paywalled_content":false,"_jetpack_memberships_contains_paid_content":false,"footnotes":""},"categories":[74],"tags":[],"class_list":{"0":"post-9274","1":"post","2":"type-post","3":"status-publish","4":"format-standard","6":"category-celaya"},"yoast_head":"<!-- This site is optimized with the Yoast SEO plugin v27.3 - https:\/\/yoast.com\/product\/yoast-seo-wordpress\/ -->\n<title>ALCALDE VISIT\u00d3 LAS INSTALACIONES DE MI NUEVA CATEDRAL. FALTAN 4 A\u00d1OS PARA TERMINAR LA OBRA - El Hijo del llanero solititito<\/title>\n<meta name=\"robots\" content=\"index, follow, max-snippet:-1, max-image-preview:large, max-video-preview:-1\" \/>\n<link rel=\"canonical\" href=\"https:\/\/elhijodelllanero.mx\/index.php\/2025\/02\/03\/alcalde-visito-las-instalaciones-de-mi-nueva-catedral-faltan-4-anos-para-terminar-la-obra\/\" \/>\n<meta property=\"og:locale\" content=\"es_ES\" \/>\n<meta property=\"og:type\" content=\"article\" \/>\n<meta property=\"og:title\" content=\"ALCALDE VISIT\u00d3 LAS INSTALACIONES DE MI NUEVA CATEDRAL. FALTAN 4 A\u00d1OS PARA TERMINAR LA OBRA - El Hijo del llanero solititito\" \/>\n<meta property=\"og:description\" content=\"Celaya, Gto. 3 de febrero del 2025.-Con el objetivo de conocer los avances y proyectos de la obra de Mi Nueva Catedral, el presidente municipal, Juan Miguel Ram\u00edrez S\u00e1nchez, fue recibido por Monse\u00f1or V\u00edctor Alejandro Aguilar Ledesma, obispo de la Di\u00f3cesis de Celaya. Durante la visita parte del equipo t\u00e9cnico de Mi Nueva Catedral, explic\u00f3 [&hellip;]\" \/>\n<meta property=\"og:url\" content=\"https:\/\/elhijodelllanero.mx\/index.php\/2025\/02\/03\/alcalde-visito-las-instalaciones-de-mi-nueva-catedral-faltan-4-anos-para-terminar-la-obra\/\" \/>\n<meta property=\"og:site_name\" content=\"El Hijo del llanero solititito\" \/>\n<meta property=\"article:published_time\" content=\"2025-02-03T20:03:21+00:00\" \/>\n<meta property=\"og:image\" content=\"https:\/\/elhijodelllanero.mx\/wp-content\/uploads\/2025\/02\/Collage_20250203_132050-300x225.jpg\" \/>\n<meta name=\"author\" content=\"Mar\u00eda de la Paz Rodarte Ram\u00edrez\" \/>\n<meta name=\"twitter:card\" content=\"summary_large_image\" \/>\n<meta name=\"twitter:label1\" content=\"Escrito por\" \/>\n\t<meta name=\"twitter:data1\" content=\"Mar\u00eda de la Paz Rodarte Ram\u00edrez\" \/>\n\t<meta name=\"twitter:label2\" content=\"Tiempo de lectura\" \/>\n\t<meta name=\"twitter:data2\" content=\"2 minutos\" \/>\n<script type=\"application\/ld+json\" class=\"yoast-schema-graph\">{\"@context\":\"https:\\\/\\\/schema.org\",\"@graph\":[{\"@type\":\"Article\",\"@id\":\"https:\\\/\\\/elhijodelllanero.mx\\\/index.php\\\/2025\\\/02\\\/03\\\/alcalde-visito-las-instalaciones-de-mi-nueva-catedral-faltan-4-anos-para-terminar-la-obra\\\/#article\",\"isPartOf\":{\"@id\":\"https:\\\/\\\/elhijodelllanero.mx\\\/index.php\\\/2025\\\/02\\\/03\\\/alcalde-visito-las-instalaciones-de-mi-nueva-catedral-faltan-4-anos-para-terminar-la-obra\\\/\"},\"author\":{\"name\":\"Mar\u00eda de la Paz Rodarte Ram\u00edrez\",\"@id\":\"https:\\\/\\\/elhijodelllanero.mx\\\/#\\\/schema\\\/person\\\/c7f8c86c55c1eab44ae2b93a9628245f\"},\"headline\":\"ALCALDE VISIT\u00d3 LAS INSTALACIONES DE MI NUEVA CATEDRAL. FALTAN 4 A\u00d1OS PARA TERMINAR LA OBRA\",\"datePublished\":\"2025-02-03T20:03:21+00:00\",\"mainEntityOfPage\":{\"@id\":\"https:\\\/\\\/elhijodelllanero.mx\\\/index.php\\\/2025\\\/02\\\/03\\\/alcalde-visito-las-instalaciones-de-mi-nueva-catedral-faltan-4-anos-para-terminar-la-obra\\\/\"},\"wordCount\":264,\"commentCount\":0,\"image\":{\"@id\":\"https:\\\/\\\/elhijodelllanero.mx\\\/index.php\\\/2025\\\/02\\\/03\\\/alcalde-visito-las-instalaciones-de-mi-nueva-catedral-faltan-4-anos-para-terminar-la-obra\\\/#primaryimage\"},\"thumbnailUrl\":\"https:\\\/\\\/elhijodelllanero.mx\\\/wp-content\\\/uploads\\\/2025\\\/02\\\/Collage_20250203_132050-300x225.jpg\",\"articleSection\":[\"CELAYA\"],\"inLanguage\":\"es\",\"potentialAction\":[{\"@type\":\"CommentAction\",\"name\":\"Comment\",\"target\":[\"https:\\\/\\\/elhijodelllanero.mx\\\/index.php\\\/2025\\\/02\\\/03\\\/alcalde-visito-las-instalaciones-de-mi-nueva-catedral-faltan-4-anos-para-terminar-la-obra\\\/#respond\"]}]},{\"@type\":\"WebPage\",\"@id\":\"https:\\\/\\\/elhijodelllanero.mx\\\/index.php\\\/2025\\\/02\\\/03\\\/alcalde-visito-las-instalaciones-de-mi-nueva-catedral-faltan-4-anos-para-terminar-la-obra\\\/\",\"url\":\"https:\\\/\\\/elhijodelllanero.mx\\\/index.php\\\/2025\\\/02\\\/03\\\/alcalde-visito-las-instalaciones-de-mi-nueva-catedral-faltan-4-anos-para-terminar-la-obra\\\/\",\"name\":\"ALCALDE VISIT\u00d3 LAS INSTALACIONES DE MI NUEVA CATEDRAL. FALTAN 4 A\u00d1OS PARA TERMINAR LA OBRA - El Hijo del llanero solititito\",\"isPartOf\":{\"@id\":\"https:\\\/\\\/elhijodelllanero.mx\\\/#website\"},\"primaryImageOfPage\":{\"@id\":\"https:\\\/\\\/elhijodelllanero.mx\\\/index.php\\\/2025\\\/02\\\/03\\\/alcalde-visito-las-instalaciones-de-mi-nueva-catedral-faltan-4-anos-para-terminar-la-obra\\\/#primaryimage\"},\"image\":{\"@id\":\"https:\\\/\\\/elhijodelllanero.mx\\\/index.php\\\/2025\\\/02\\\/03\\\/alcalde-visito-las-instalaciones-de-mi-nueva-catedral-faltan-4-anos-para-terminar-la-obra\\\/#primaryimage\"},\"thumbnailUrl\":\"https:\\\/\\\/elhijodelllanero.mx\\\/wp-content\\\/uploads\\\/2025\\\/02\\\/Collage_20250203_132050-300x225.jpg\",\"datePublished\":\"2025-02-03T20:03:21+00:00\",\"author\":{\"@id\":\"https:\\\/\\\/elhijodelllanero.mx\\\/#\\\/schema\\\/person\\\/c7f8c86c55c1eab44ae2b93a9628245f\"},\"breadcrumb\":{\"@id\":\"https:\\\/\\\/elhijodelllanero.mx\\\/index.php\\\/2025\\\/02\\\/03\\\/alcalde-visito-las-instalaciones-de-mi-nueva-catedral-faltan-4-anos-para-terminar-la-obra\\\/#breadcrumb\"},\"inLanguage\":\"es\",\"potentialAction\":[{\"@type\":\"ReadAction\",\"target\":[\"https:\\\/\\\/elhijodelllanero.mx\\\/index.php\\\/2025\\\/02\\\/03\\\/alcalde-visito-las-instalaciones-de-mi-nueva-catedral-faltan-4-anos-para-terminar-la-obra\\\/\"]}]},{\"@type\":\"ImageObject\",\"inLanguage\":\"es\",\"@id\":\"https:\\\/\\\/elhijodelllanero.mx\\\/index.php\\\/2025\\\/02\\\/03\\\/alcalde-visito-las-instalaciones-de-mi-nueva-catedral-faltan-4-anos-para-terminar-la-obra\\\/#primaryimage\",\"url\":\"https:\\\/\\\/i0.wp.com\\\/elhijodelllanero.mx\\\/wp-content\\\/uploads\\\/2025\\\/02\\\/Collage_20250203_132050.jpg?fit=2160%2C1620&ssl=1\",\"contentUrl\":\"https:\\\/\\\/i0.wp.com\\\/elhijodelllanero.mx\\\/wp-content\\\/uploads\\\/2025\\\/02\\\/Collage_20250203_132050.jpg?fit=2160%2C1620&ssl=1\",\"width\":2160,\"height\":1620},{\"@type\":\"BreadcrumbList\",\"@id\":\"https:\\\/\\\/elhijodelllanero.mx\\\/index.php\\\/2025\\\/02\\\/03\\\/alcalde-visito-las-instalaciones-de-mi-nueva-catedral-faltan-4-anos-para-terminar-la-obra\\\/#breadcrumb\",\"itemListElement\":[{\"@type\":\"ListItem\",\"position\":1,\"name\":\"Portada\",\"item\":\"https:\\\/\\\/elhijodelllanero.mx\\\/\"},{\"@type\":\"ListItem\",\"position\":2,\"name\":\"ALCALDE VISIT\u00d3 LAS INSTALACIONES DE MI NUEVA CATEDRAL. FALTAN 4 A\u00d1OS PARA TERMINAR LA OBRA\"}]},{\"@type\":\"WebSite\",\"@id\":\"https:\\\/\\\/elhijodelllanero.mx\\\/#website\",\"url\":\"https:\\\/\\\/elhijodelllanero.mx\\\/\",\"name\":\"El Hijo del llanero solititito\",\"description\":\"\",\"potentialAction\":[{\"@type\":\"SearchAction\",\"target\":{\"@type\":\"EntryPoint\",\"urlTemplate\":\"https:\\\/\\\/elhijodelllanero.mx\\\/?s={search_term_string}\"},\"query-input\":{\"@type\":\"PropertyValueSpecification\",\"valueRequired\":true,\"valueName\":\"search_term_string\"}}],\"inLanguage\":\"es\"},{\"@type\":\"Person\",\"@id\":\"https:\\\/\\\/elhijodelllanero.mx\\\/#\\\/schema\\\/person\\\/c7f8c86c55c1eab44ae2b93a9628245f\",\"name\":\"Mar\u00eda de la Paz Rodarte Ram\u00edrez\",\"image\":{\"@type\":\"ImageObject\",\"inLanguage\":\"es\",\"@id\":\"https:\\\/\\\/secure.gravatar.com\\\/avatar\\\/1f38f8518b09a266af73da2bce78d69e7d1275299970134ed62f572e0487e1d0?s=96&d=mm&r=g\",\"url\":\"https:\\\/\\\/secure.gravatar.com\\\/avatar\\\/1f38f8518b09a266af73da2bce78d69e7d1275299970134ed62f572e0487e1d0?s=96&d=mm&r=g\",\"contentUrl\":\"https:\\\/\\\/secure.gravatar.com\\\/avatar\\\/1f38f8518b09a266af73da2bce78d69e7d1275299970134ed62f572e0487e1d0?s=96&d=mm&r=g\",\"caption\":\"Mar\u00eda de la Paz Rodarte Ram\u00edrez\"},\"sameAs\":[\"https:\\\/\\\/www.elhijodelllanero.mx\"],\"url\":\"https:\\\/\\\/elhijodelllanero.mx\\\/index.php\\\/author\\\/maricuas\\\/\"}]}<\/script>\n<!-- \/ Yoast SEO plugin. -->","yoast_head_json":{"title":"ALCALDE VISIT\u00d3 LAS INSTALACIONES DE MI NUEVA CATEDRAL. FALTAN 4 A\u00d1OS PARA TERMINAR LA OBRA - El Hijo del llanero solititito","robots":{"index":"index","follow":"follow","max-snippet":"max-snippet:-1","max-image-preview":"max-image-preview:large","max-video-preview":"max-video-preview:-1"},"canonical":"https:\/\/elhijodelllanero.mx\/index.php\/2025\/02\/03\/alcalde-visito-las-instalaciones-de-mi-nueva-catedral-faltan-4-anos-para-terminar-la-obra\/","og_locale":"es_ES","og_type":"article","og_title":"ALCALDE VISIT\u00d3 LAS INSTALACIONES DE MI NUEVA CATEDRAL. FALTAN 4 A\u00d1OS PARA TERMINAR LA OBRA - El Hijo del llanero solititito","og_description":"Celaya, Gto. 3 de febrero del 2025.-Con el objetivo de conocer los avances y proyectos de la obra de Mi Nueva Catedral, el presidente municipal, Juan Miguel Ram\u00edrez S\u00e1nchez, fue recibido por Monse\u00f1or V\u00edctor Alejandro Aguilar Ledesma, obispo de la Di\u00f3cesis de Celaya. Durante la visita parte del equipo t\u00e9cnico de Mi Nueva Catedral, explic\u00f3 [&hellip;]","og_url":"https:\/\/elhijodelllanero.mx\/index.php\/2025\/02\/03\/alcalde-visito-las-instalaciones-de-mi-nueva-catedral-faltan-4-anos-para-terminar-la-obra\/","og_site_name":"El Hijo del llanero solititito","article_published_time":"2025-02-03T20:03:21+00:00","og_image":[{"url":"https:\/\/elhijodelllanero.mx\/wp-content\/uploads\/2025\/02\/Collage_20250203_132050-300x225.jpg","type":"","width":"","height":""}],"author":"Mar\u00eda de la Paz Rodarte Ram\u00edrez","twitter_card":"summary_large_image","twitter_misc":{"Escrito por":"Mar\u00eda de la Paz Rodarte Ram\u00edrez","Tiempo de lectura":"2 minutos"},"schema":{"@context":"https:\/\/schema.org","@graph":[{"@type":"Article","@id":"https:\/\/elhijodelllanero.mx\/index.php\/2025\/02\/03\/alcalde-visito-las-instalaciones-de-mi-nueva-catedral-faltan-4-anos-para-terminar-la-obra\/#article","isPartOf":{"@id":"https:\/\/elhijodelllanero.mx\/index.php\/2025\/02\/03\/alcalde-visito-las-instalaciones-de-mi-nueva-catedral-faltan-4-anos-para-terminar-la-obra\/"},"author":{"name":"Mar\u00eda de la Paz Rodarte Ram\u00edrez","@id":"https:\/\/elhijodelllanero.mx\/#\/schema\/person\/c7f8c86c55c1eab44ae2b93a9628245f"},"headline":"ALCALDE VISIT\u00d3 LAS INSTALACIONES DE MI NUEVA CATEDRAL. FALTAN 4 A\u00d1OS PARA TERMINAR LA OBRA","datePublished":"2025-02-03T20:03:21+00:00","mainEntityOfPage":{"@id":"https:\/\/elhijodelllanero.mx\/index.php\/2025\/02\/03\/alcalde-visito-las-instalaciones-de-mi-nueva-catedral-faltan-4-anos-para-terminar-la-obra\/"},"wordCount":264,"commentCount":0,"image":{"@id":"https:\/\/elhijodelllanero.mx\/index.php\/2025\/02\/03\/alcalde-visito-las-instalaciones-de-mi-nueva-catedral-faltan-4-anos-para-terminar-la-obra\/#primaryimage"},"thumbnailUrl":"https:\/\/elhijodelllanero.mx\/wp-content\/uploads\/2025\/02\/Collage_20250203_132050-300x225.jpg","articleSection":["CELAYA"],"inLanguage":"es","potentialAction":[{"@type":"CommentAction","name":"Comment","target":["https:\/\/elhijodelllanero.mx\/index.php\/2025\/02\/03\/alcalde-visito-las-instalaciones-de-mi-nueva-catedral-faltan-4-anos-para-terminar-la-obra\/#respond"]}]},{"@type":"WebPage","@id":"https:\/\/elhijodelllanero.mx\/index.php\/2025\/02\/03\/alcalde-visito-las-instalaciones-de-mi-nueva-catedral-faltan-4-anos-para-terminar-la-obra\/","url":"https:\/\/elhijodelllanero.mx\/index.php\/2025\/02\/03\/alcalde-visito-las-instalaciones-de-mi-nueva-catedral-faltan-4-anos-para-terminar-la-obra\/","name":"ALCALDE VISIT\u00d3 LAS INSTALACIONES DE MI NUEVA CATEDRAL. FALTAN 4 A\u00d1OS PARA TERMINAR LA OBRA - El Hijo del llanero solititito","isPartOf":{"@id":"https:\/\/elhijodelllanero.mx\/#website"},"primaryImageOfPage":{"@id":"https:\/\/elhijodelllanero.mx\/index.php\/2025\/02\/03\/alcalde-visito-las-instalaciones-de-mi-nueva-catedral-faltan-4-anos-para-terminar-la-obra\/#primaryimage"},"image":{"@id":"https:\/\/elhijodelllanero.mx\/index.php\/2025\/02\/03\/alcalde-visito-las-instalaciones-de-mi-nueva-catedral-faltan-4-anos-para-terminar-la-obra\/#primaryimage"},"thumbnailUrl":"https:\/\/elhijodelllanero.mx\/wp-content\/uploads\/2025\/02\/Collage_20250203_132050-300x225.jpg","datePublished":"2025-02-03T20:03:21+00:00","author":{"@id":"https:\/\/elhijodelllanero.mx\/#\/schema\/person\/c7f8c86c55c1eab44ae2b93a9628245f"},"breadcrumb":{"@id":"https:\/\/elhijodelllanero.mx\/index.php\/2025\/02\/03\/alcalde-visito-las-instalaciones-de-mi-nueva-catedral-faltan-4-anos-para-terminar-la-obra\/#breadcrumb"},"inLanguage":"es","potentialAction":[{"@type":"ReadAction","target":["https:\/\/elhijodelllanero.mx\/index.php\/2025\/02\/03\/alcalde-visito-las-instalaciones-de-mi-nueva-catedral-faltan-4-anos-para-terminar-la-obra\/"]}]},{"@type":"ImageObject","inLanguage":"es","@id":"https:\/\/elhijodelllanero.mx\/index.php\/2025\/02\/03\/alcalde-visito-las-instalaciones-de-mi-nueva-catedral-faltan-4-anos-para-terminar-la-obra\/#primaryimage","url":"https:\/\/i0.wp.com\/elhijodelllanero.mx\/wp-content\/uploads\/2025\/02\/Collage_20250203_132050.jpg?fit=2160%2C1620&ssl=1","contentUrl":"https:\/\/i0.wp.com\/elhijodelllanero.mx\/wp-content\/uploads\/2025\/02\/Collage_20250203_132050.jpg?fit=2160%2C1620&ssl=1","width":2160,"height":1620},{"@type":"BreadcrumbList","@id":"https:\/\/elhijodelllanero.mx\/index.php\/2025\/02\/03\/alcalde-visito-las-instalaciones-de-mi-nueva-catedral-faltan-4-anos-para-terminar-la-obra\/#breadcrumb","itemListElement":[{"@type":"ListItem","position":1,"name":"Portada","item":"https:\/\/elhijodelllanero.mx\/"},{"@type":"ListItem","position":2,"name":"ALCALDE VISIT\u00d3 LAS INSTALACIONES DE MI NUEVA CATEDRAL. FALTAN 4 A\u00d1OS PARA TERMINAR LA OBRA"}]},{"@type":"WebSite","@id":"https:\/\/elhijodelllanero.mx\/#website","url":"https:\/\/elhijodelllanero.mx\/","name":"El Hijo del llanero solititito","description":"","potentialAction":[{"@type":"SearchAction","target":{"@type":"EntryPoint","urlTemplate":"https:\/\/elhijodelllanero.mx\/?s={search_term_string}"},"query-input":{"@type":"PropertyValueSpecification","valueRequired":true,"valueName":"search_term_string"}}],"inLanguage":"es"},{"@type":"Person","@id":"https:\/\/elhijodelllanero.mx\/#\/schema\/person\/c7f8c86c55c1eab44ae2b93a9628245f","name":"Mar\u00eda de la Paz Rodarte Ram\u00edrez","image":{"@type":"ImageObject","inLanguage":"es","@id":"https:\/\/secure.gravatar.com\/avatar\/1f38f8518b09a266af73da2bce78d69e7d1275299970134ed62f572e0487e1d0?s=96&d=mm&r=g","url":"https:\/\/secure.gravatar.com\/avatar\/1f38f8518b09a266af73da2bce78d69e7d1275299970134ed62f572e0487e1d0?s=96&d=mm&r=g","contentUrl":"https:\/\/secure.gravatar.com\/avatar\/1f38f8518b09a266af73da2bce78d69e7d1275299970134ed62f572e0487e1d0?s=96&d=mm&r=g","caption":"Mar\u00eda de la Paz Rodarte Ram\u00edrez"},"sameAs":["https:\/\/www.elhijodelllanero.mx"],"url":"https:\/\/elhijodelllanero.mx\/index.php\/author\/maricuas\/"}]}},"jetpack_featured_media_url":"","jetpack-related-posts":[],"jetpack_sharing_enabled":true,"_links":{"self":[{"href":"https:\/\/elhijodelllanero.mx\/index.php\/wp-json\/wp\/v2\/posts\/9274","targetHints":{"allow":["GET"]}}],"collection":[{"href":"https:\/\/elhijodelllanero.mx\/index.php\/wp-json\/wp\/v2\/posts"}],"about":[{"href":"https:\/\/elhijodelllanero.mx\/index.php\/wp-json\/wp\/v2\/types\/post"}],"author":[{"embeddable":true,"href":"https:\/\/elhijodelllanero.mx\/index.php\/wp-json\/wp\/v2\/users\/3"}],"replies":[{"embeddable":true,"href":"https:\/\/elhijodelllanero.mx\/index.php\/wp-json\/wp\/v2\/comments?post=9274"}],"version-history":[{"count":1,"href":"https:\/\/elhijodelllanero.mx\/index.php\/wp-json\/wp\/v2\/posts\/9274\/revisions"}],"predecessor-version":[{"id":9276,"href":"https:\/\/elhijodelllanero.mx\/index.php\/wp-json\/wp\/v2\/posts\/9274\/revisions\/9276"}],"wp:attachment":[{"href":"https:\/\/elhijodelllanero.mx\/index.php\/wp-json\/wp\/v2\/media?parent=9274"}],"wp:term":[{"taxonomy":"category","embeddable":true,"href":"https:\/\/elhijodelllanero.mx\/index.php\/wp-json\/wp\/v2\/categories?post=9274"},{"taxonomy":"post_tag","embeddable":true,"href":"https:\/\/elhijodelllanero.mx\/index.php\/wp-json\/wp\/v2\/tags?post=9274"}],"curies":[{"name":"wp","href":"https:\/\/api.w.org\/{rel}","templated":true}]}}