{"id":9277,"date":"2025-02-03T20:26:06","date_gmt":"2025-02-03T20:26:06","guid":{"rendered":"https:\/\/elhijodelllanero.mx\/?p=9277"},"modified":"2025-02-03T20:26:06","modified_gmt":"2025-02-03T20:26:06","slug":"disfrutan-salvaterrenses-del-tradicional-desfile-de-carros-alegoricos","status":"publish","type":"post","link":"https:\/\/elhijodelllanero.mx\/index.php\/2025\/02\/03\/disfrutan-salvaterrenses-del-tradicional-desfile-de-carros-alegoricos\/","title":{"rendered":"DISFRUTAN SALVATERRENSES DEL TRADICIONAL DESFILE DE CARROS ALEG\u00d3RICOS"},"content":{"rendered":"<p style=\"text-align: left;\"><img data-recalc-dims=\"1\" loading=\"lazy\" decoding=\"async\" class=\"alignnone size-medium wp-image-9278\" src=\"https:\/\/i0.wp.com\/elhijodelllanero.mx\/wp-content\/uploads\/2025\/02\/Collage_20250203_142022.jpg?resize=300%2C300&#038;ssl=1\" alt=\"\" width=\"300\" height=\"300\" srcset=\"https:\/\/i0.wp.com\/elhijodelllanero.mx\/wp-content\/uploads\/2025\/02\/Collage_20250203_142022.jpg?resize=300%2C300&amp;ssl=1 300w, https:\/\/i0.wp.com\/elhijodelllanero.mx\/wp-content\/uploads\/2025\/02\/Collage_20250203_142022.jpg?resize=1024%2C1024&amp;ssl=1 1024w, https:\/\/i0.wp.com\/elhijodelllanero.mx\/wp-content\/uploads\/2025\/02\/Collage_20250203_142022.jpg?resize=150%2C150&amp;ssl=1 150w, https:\/\/i0.wp.com\/elhijodelllanero.mx\/wp-content\/uploads\/2025\/02\/Collage_20250203_142022.jpg?resize=768%2C768&amp;ssl=1 768w, https:\/\/i0.wp.com\/elhijodelllanero.mx\/wp-content\/uploads\/2025\/02\/Collage_20250203_142022.jpg?resize=1536%2C1536&amp;ssl=1 1536w, https:\/\/i0.wp.com\/elhijodelllanero.mx\/wp-content\/uploads\/2025\/02\/Collage_20250203_142022.jpg?resize=2048%2C2048&amp;ssl=1 2048w, https:\/\/i0.wp.com\/elhijodelllanero.mx\/wp-content\/uploads\/2025\/02\/Collage_20250203_142022.jpg?resize=420%2C420&amp;ssl=1 420w, https:\/\/i0.wp.com\/elhijodelllanero.mx\/wp-content\/uploads\/2025\/02\/Collage_20250203_142022.jpg?resize=696%2C696&amp;ssl=1 696w, https:\/\/i0.wp.com\/elhijodelllanero.mx\/wp-content\/uploads\/2025\/02\/Collage_20250203_142022.jpg?resize=1068%2C1068&amp;ssl=1 1068w, https:\/\/i0.wp.com\/elhijodelllanero.mx\/wp-content\/uploads\/2025\/02\/Collage_20250203_142022.jpg?resize=1920%2C1920&amp;ssl=1 1920w, https:\/\/i0.wp.com\/elhijodelllanero.mx\/wp-content\/uploads\/2025\/02\/Collage_20250203_142022.jpg?w=1392&amp;ssl=1 1392w\" sizes=\"auto, (max-width: 300px) 100vw, 300px\" \/><\/p>\n<p>Salvatierra, Gto. 3 febrero del 2025.-<br \/>\nEn el marco de la celebraci\u00f3n del D\u00eda de la Candelaria, la noche del 2 de febrero se llev\u00f3 a cabo el tradicional desfile de carros aleg\u00f3ricos, un evento que resalt\u00f3 el fervor religioso y las tradiciones de diversas comunidades del municipio.<\/p>\n<p>El desfile inici\u00f3 a las 7:30 de la noche, encabezado por la imagen peregrina de la Sant\u00edsima Virgen de la Luz, acompa\u00f1ada de sus damas y caballeros. Tambi\u00e9n participaron la reina de la ciudad, Lizeth Primera, junto con las princesas Perla y Wendy.<\/p>\n<p>Se cont\u00f3 con la participaci\u00f3n del contingente de la comunidad de San Miguel Emenguaro, que desfil\u00f3 con su reina, princesas y la danza folcl\u00f3rica de paloteros.<\/p>\n<p>Asimismo, los habitantes de la comunidad de Urireo enriquecieron el evento con la representaci\u00f3n de los Reyes Magos, grupos de danza folcl\u00f3rica y cabalgadores, las cocineras regalaron el tradicional pan conocido como \u201cp\u00edcaro\u201d y tortillas hechas a mano.<\/p>\n<p>Por su parte, la comunidad de San Nicol\u00e1s de los Agustinos se sum\u00f3 con danzas prehisp\u00e1nicas y la alegre participaci\u00f3n de \u201cLas Locas de San Nicol\u00e1s\u201d, quienes pusieron a re\u00edr y bailar a los asistentes.<\/p>\n<p>El recorrido abarc\u00f3 las calles Miguel Hidalgo, Heroico Colegio Militar, Guerrero y Benito Ju\u00e1rez, hasta llegar a la parroquia de la Virgen de la Luz. Cientos de salvaterrenses salieron a las calles para disfrutar de este desfile que, a\u00f1o con a\u00f1o, mantiene viva la identidad y las tradiciones de Salvatierra.<\/p>\n","protected":false},"excerpt":{"rendered":"<p>Salvatierra, Gto. 3 febrero del 2025.- En el marco de la celebraci\u00f3n del D\u00eda de la Candelaria, la noche del 2 de febrero se llev\u00f3 a cabo el tradicional desfile de carros aleg\u00f3ricos, un evento que resalt\u00f3 el fervor religioso y las tradiciones de diversas comunidades del municipio. El desfile inici\u00f3 a las 7:30 de [&hellip;]<\/p>\n","protected":false},"author":3,"featured_media":0,"comment_status":"open","ping_status":"closed","sticky":false,"template":"","format":"standard","meta":{"_jetpack_newsletter_access":"","_jetpack_dont_email_post_to_subs":false,"_jetpack_newsletter_tier_id":0,"_jetpack_memberships_contains_paywalled_content":false,"_jetpack_memberships_contains_paid_content":false,"footnotes":""},"categories":[76,80],"tags":[],"class_list":{"0":"post-9277","1":"post","2":"type-post","3":"status-publish","4":"format-standard","6":"category-municipios","7":"category-salvatierra"},"yoast_head":"<!-- This site is optimized with the Yoast SEO plugin v27.3 - https:\/\/yoast.com\/product\/yoast-seo-wordpress\/ -->\n<title>DISFRUTAN SALVATERRENSES DEL TRADICIONAL DESFILE DE CARROS ALEG\u00d3RICOS - El Hijo del llanero solititito<\/title>\n<meta name=\"robots\" content=\"index, follow, max-snippet:-1, max-image-preview:large, max-video-preview:-1\" \/>\n<link rel=\"canonical\" href=\"https:\/\/elhijodelllanero.mx\/index.php\/2025\/02\/03\/disfrutan-salvaterrenses-del-tradicional-desfile-de-carros-alegoricos\/\" \/>\n<meta property=\"og:locale\" content=\"es_ES\" \/>\n<meta property=\"og:type\" content=\"article\" \/>\n<meta property=\"og:title\" content=\"DISFRUTAN SALVATERRENSES DEL TRADICIONAL DESFILE DE CARROS ALEG\u00d3RICOS - El Hijo del llanero solititito\" \/>\n<meta property=\"og:description\" content=\"Salvatierra, Gto. 3 febrero del 2025.- En el marco de la celebraci\u00f3n del D\u00eda de la Candelaria, la noche del 2 de febrero se llev\u00f3 a cabo el tradicional desfile de carros aleg\u00f3ricos, un evento que resalt\u00f3 el fervor religioso y las tradiciones de diversas comunidades del municipio. El desfile inici\u00f3 a las 7:30 de [&hellip;]\" \/>\n<meta property=\"og:url\" content=\"https:\/\/elhijodelllanero.mx\/index.php\/2025\/02\/03\/disfrutan-salvaterrenses-del-tradicional-desfile-de-carros-alegoricos\/\" \/>\n<meta property=\"og:site_name\" content=\"El Hijo del llanero solititito\" \/>\n<meta property=\"article:published_time\" content=\"2025-02-03T20:26:06+00:00\" \/>\n<meta property=\"og:image\" content=\"https:\/\/elhijodelllanero.mx\/wp-content\/uploads\/2025\/02\/Collage_20250203_142022-300x300.jpg\" \/>\n<meta name=\"author\" content=\"Mar\u00eda de la Paz Rodarte Ram\u00edrez\" \/>\n<meta name=\"twitter:card\" content=\"summary_large_image\" \/>\n<meta name=\"twitter:label1\" content=\"Escrito por\" \/>\n\t<meta name=\"twitter:data1\" content=\"Mar\u00eda de la Paz Rodarte Ram\u00edrez\" \/>\n\t<meta name=\"twitter:label2\" content=\"Tiempo de lectura\" \/>\n\t<meta name=\"twitter:data2\" content=\"2 minutos\" \/>\n<script type=\"application\/ld+json\" class=\"yoast-schema-graph\">{\"@context\":\"https:\\\/\\\/schema.org\",\"@graph\":[{\"@type\":\"Article\",\"@id\":\"https:\\\/\\\/elhijodelllanero.mx\\\/index.php\\\/2025\\\/02\\\/03\\\/disfrutan-salvaterrenses-del-tradicional-desfile-de-carros-alegoricos\\\/#article\",\"isPartOf\":{\"@id\":\"https:\\\/\\\/elhijodelllanero.mx\\\/index.php\\\/2025\\\/02\\\/03\\\/disfrutan-salvaterrenses-del-tradicional-desfile-de-carros-alegoricos\\\/\"},\"author\":{\"name\":\"Mar\u00eda de la Paz Rodarte Ram\u00edrez\",\"@id\":\"https:\\\/\\\/elhijodelllanero.mx\\\/#\\\/schema\\\/person\\\/c7f8c86c55c1eab44ae2b93a9628245f\"},\"headline\":\"DISFRUTAN SALVATERRENSES DEL TRADICIONAL DESFILE DE CARROS ALEG\u00d3RICOS\",\"datePublished\":\"2025-02-03T20:26:06+00:00\",\"mainEntityOfPage\":{\"@id\":\"https:\\\/\\\/elhijodelllanero.mx\\\/index.php\\\/2025\\\/02\\\/03\\\/disfrutan-salvaterrenses-del-tradicional-desfile-de-carros-alegoricos\\\/\"},\"wordCount\":265,\"commentCount\":0,\"image\":{\"@id\":\"https:\\\/\\\/elhijodelllanero.mx\\\/index.php\\\/2025\\\/02\\\/03\\\/disfrutan-salvaterrenses-del-tradicional-desfile-de-carros-alegoricos\\\/#primaryimage\"},\"thumbnailUrl\":\"https:\\\/\\\/elhijodelllanero.mx\\\/wp-content\\\/uploads\\\/2025\\\/02\\\/Collage_20250203_142022-300x300.jpg\",\"articleSection\":[\"MUNICIPIOS\",\"SALVATIERRA\"],\"inLanguage\":\"es\",\"potentialAction\":[{\"@type\":\"CommentAction\",\"name\":\"Comment\",\"target\":[\"https:\\\/\\\/elhijodelllanero.mx\\\/index.php\\\/2025\\\/02\\\/03\\\/disfrutan-salvaterrenses-del-tradicional-desfile-de-carros-alegoricos\\\/#respond\"]}]},{\"@type\":\"WebPage\",\"@id\":\"https:\\\/\\\/elhijodelllanero.mx\\\/index.php\\\/2025\\\/02\\\/03\\\/disfrutan-salvaterrenses-del-tradicional-desfile-de-carros-alegoricos\\\/\",\"url\":\"https:\\\/\\\/elhijodelllanero.mx\\\/index.php\\\/2025\\\/02\\\/03\\\/disfrutan-salvaterrenses-del-tradicional-desfile-de-carros-alegoricos\\\/\",\"name\":\"DISFRUTAN SALVATERRENSES DEL TRADICIONAL DESFILE DE CARROS ALEG\u00d3RICOS - El Hijo del llanero solititito\",\"isPartOf\":{\"@id\":\"https:\\\/\\\/elhijodelllanero.mx\\\/#website\"},\"primaryImageOfPage\":{\"@id\":\"https:\\\/\\\/elhijodelllanero.mx\\\/index.php\\\/2025\\\/02\\\/03\\\/disfrutan-salvaterrenses-del-tradicional-desfile-de-carros-alegoricos\\\/#primaryimage\"},\"image\":{\"@id\":\"https:\\\/\\\/elhijodelllanero.mx\\\/index.php\\\/2025\\\/02\\\/03\\\/disfrutan-salvaterrenses-del-tradicional-desfile-de-carros-alegoricos\\\/#primaryimage\"},\"thumbnailUrl\":\"https:\\\/\\\/elhijodelllanero.mx\\\/wp-content\\\/uploads\\\/2025\\\/02\\\/Collage_20250203_142022-300x300.jpg\",\"datePublished\":\"2025-02-03T20:26:06+00:00\",\"author\":{\"@id\":\"https:\\\/\\\/elhijodelllanero.mx\\\/#\\\/schema\\\/person\\\/c7f8c86c55c1eab44ae2b93a9628245f\"},\"breadcrumb\":{\"@id\":\"https:\\\/\\\/elhijodelllanero.mx\\\/index.php\\\/2025\\\/02\\\/03\\\/disfrutan-salvaterrenses-del-tradicional-desfile-de-carros-alegoricos\\\/#breadcrumb\"},\"inLanguage\":\"es\",\"potentialAction\":[{\"@type\":\"ReadAction\",\"target\":[\"https:\\\/\\\/elhijodelllanero.mx\\\/index.php\\\/2025\\\/02\\\/03\\\/disfrutan-salvaterrenses-del-tradicional-desfile-de-carros-alegoricos\\\/\"]}]},{\"@type\":\"ImageObject\",\"inLanguage\":\"es\",\"@id\":\"https:\\\/\\\/elhijodelllanero.mx\\\/index.php\\\/2025\\\/02\\\/03\\\/disfrutan-salvaterrenses-del-tradicional-desfile-de-carros-alegoricos\\\/#primaryimage\",\"url\":\"https:\\\/\\\/i0.wp.com\\\/elhijodelllanero.mx\\\/wp-content\\\/uploads\\\/2025\\\/02\\\/Collage_20250203_142022.jpg?fit=2160%2C2160&ssl=1\",\"contentUrl\":\"https:\\\/\\\/i0.wp.com\\\/elhijodelllanero.mx\\\/wp-content\\\/uploads\\\/2025\\\/02\\\/Collage_20250203_142022.jpg?fit=2160%2C2160&ssl=1\",\"width\":2160,\"height\":2160},{\"@type\":\"BreadcrumbList\",\"@id\":\"https:\\\/\\\/elhijodelllanero.mx\\\/index.php\\\/2025\\\/02\\\/03\\\/disfrutan-salvaterrenses-del-tradicional-desfile-de-carros-alegoricos\\\/#breadcrumb\",\"itemListElement\":[{\"@type\":\"ListItem\",\"position\":1,\"name\":\"Portada\",\"item\":\"https:\\\/\\\/elhijodelllanero.mx\\\/\"},{\"@type\":\"ListItem\",\"position\":2,\"name\":\"DISFRUTAN SALVATERRENSES DEL TRADICIONAL DESFILE DE CARROS ALEG\u00d3RICOS\"}]},{\"@type\":\"WebSite\",\"@id\":\"https:\\\/\\\/elhijodelllanero.mx\\\/#website\",\"url\":\"https:\\\/\\\/elhijodelllanero.mx\\\/\",\"name\":\"El Hijo del llanero solititito\",\"description\":\"\",\"potentialAction\":[{\"@type\":\"SearchAction\",\"target\":{\"@type\":\"EntryPoint\",\"urlTemplate\":\"https:\\\/\\\/elhijodelllanero.mx\\\/?s={search_term_string}\"},\"query-input\":{\"@type\":\"PropertyValueSpecification\",\"valueRequired\":true,\"valueName\":\"search_term_string\"}}],\"inLanguage\":\"es\"},{\"@type\":\"Person\",\"@id\":\"https:\\\/\\\/elhijodelllanero.mx\\\/#\\\/schema\\\/person\\\/c7f8c86c55c1eab44ae2b93a9628245f\",\"name\":\"Mar\u00eda de la Paz Rodarte Ram\u00edrez\",\"image\":{\"@type\":\"ImageObject\",\"inLanguage\":\"es\",\"@id\":\"https:\\\/\\\/secure.gravatar.com\\\/avatar\\\/1f38f8518b09a266af73da2bce78d69e7d1275299970134ed62f572e0487e1d0?s=96&d=mm&r=g\",\"url\":\"https:\\\/\\\/secure.gravatar.com\\\/avatar\\\/1f38f8518b09a266af73da2bce78d69e7d1275299970134ed62f572e0487e1d0?s=96&d=mm&r=g\",\"contentUrl\":\"https:\\\/\\\/secure.gravatar.com\\\/avatar\\\/1f38f8518b09a266af73da2bce78d69e7d1275299970134ed62f572e0487e1d0?s=96&d=mm&r=g\",\"caption\":\"Mar\u00eda de la Paz Rodarte Ram\u00edrez\"},\"sameAs\":[\"https:\\\/\\\/www.elhijodelllanero.mx\"],\"url\":\"https:\\\/\\\/elhijodelllanero.mx\\\/index.php\\\/author\\\/maricuas\\\/\"}]}<\/script>\n<!-- \/ Yoast SEO plugin. -->","yoast_head_json":{"title":"DISFRUTAN SALVATERRENSES DEL TRADICIONAL DESFILE DE CARROS ALEG\u00d3RICOS - El Hijo del llanero solititito","robots":{"index":"index","follow":"follow","max-snippet":"max-snippet:-1","max-image-preview":"max-image-preview:large","max-video-preview":"max-video-preview:-1"},"canonical":"https:\/\/elhijodelllanero.mx\/index.php\/2025\/02\/03\/disfrutan-salvaterrenses-del-tradicional-desfile-de-carros-alegoricos\/","og_locale":"es_ES","og_type":"article","og_title":"DISFRUTAN SALVATERRENSES DEL TRADICIONAL DESFILE DE CARROS ALEG\u00d3RICOS - El Hijo del llanero solititito","og_description":"Salvatierra, Gto. 3 febrero del 2025.- En el marco de la celebraci\u00f3n del D\u00eda de la Candelaria, la noche del 2 de febrero se llev\u00f3 a cabo el tradicional desfile de carros aleg\u00f3ricos, un evento que resalt\u00f3 el fervor religioso y las tradiciones de diversas comunidades del municipio. El desfile inici\u00f3 a las 7:30 de [&hellip;]","og_url":"https:\/\/elhijodelllanero.mx\/index.php\/2025\/02\/03\/disfrutan-salvaterrenses-del-tradicional-desfile-de-carros-alegoricos\/","og_site_name":"El Hijo del llanero solititito","article_published_time":"2025-02-03T20:26:06+00:00","og_image":[{"url":"https:\/\/elhijodelllanero.mx\/wp-content\/uploads\/2025\/02\/Collage_20250203_142022-300x300.jpg","type":"","width":"","height":""}],"author":"Mar\u00eda de la Paz Rodarte Ram\u00edrez","twitter_card":"summary_large_image","twitter_misc":{"Escrito por":"Mar\u00eda de la Paz Rodarte Ram\u00edrez","Tiempo de lectura":"2 minutos"},"schema":{"@context":"https:\/\/schema.org","@graph":[{"@type":"Article","@id":"https:\/\/elhijodelllanero.mx\/index.php\/2025\/02\/03\/disfrutan-salvaterrenses-del-tradicional-desfile-de-carros-alegoricos\/#article","isPartOf":{"@id":"https:\/\/elhijodelllanero.mx\/index.php\/2025\/02\/03\/disfrutan-salvaterrenses-del-tradicional-desfile-de-carros-alegoricos\/"},"author":{"name":"Mar\u00eda de la Paz Rodarte Ram\u00edrez","@id":"https:\/\/elhijodelllanero.mx\/#\/schema\/person\/c7f8c86c55c1eab44ae2b93a9628245f"},"headline":"DISFRUTAN SALVATERRENSES DEL TRADICIONAL DESFILE DE CARROS ALEG\u00d3RICOS","datePublished":"2025-02-03T20:26:06+00:00","mainEntityOfPage":{"@id":"https:\/\/elhijodelllanero.mx\/index.php\/2025\/02\/03\/disfrutan-salvaterrenses-del-tradicional-desfile-de-carros-alegoricos\/"},"wordCount":265,"commentCount":0,"image":{"@id":"https:\/\/elhijodelllanero.mx\/index.php\/2025\/02\/03\/disfrutan-salvaterrenses-del-tradicional-desfile-de-carros-alegoricos\/#primaryimage"},"thumbnailUrl":"https:\/\/elhijodelllanero.mx\/wp-content\/uploads\/2025\/02\/Collage_20250203_142022-300x300.jpg","articleSection":["MUNICIPIOS","SALVATIERRA"],"inLanguage":"es","potentialAction":[{"@type":"CommentAction","name":"Comment","target":["https:\/\/elhijodelllanero.mx\/index.php\/2025\/02\/03\/disfrutan-salvaterrenses-del-tradicional-desfile-de-carros-alegoricos\/#respond"]}]},{"@type":"WebPage","@id":"https:\/\/elhijodelllanero.mx\/index.php\/2025\/02\/03\/disfrutan-salvaterrenses-del-tradicional-desfile-de-carros-alegoricos\/","url":"https:\/\/elhijodelllanero.mx\/index.php\/2025\/02\/03\/disfrutan-salvaterrenses-del-tradicional-desfile-de-carros-alegoricos\/","name":"DISFRUTAN SALVATERRENSES DEL TRADICIONAL DESFILE DE CARROS ALEG\u00d3RICOS - El Hijo del llanero solititito","isPartOf":{"@id":"https:\/\/elhijodelllanero.mx\/#website"},"primaryImageOfPage":{"@id":"https:\/\/elhijodelllanero.mx\/index.php\/2025\/02\/03\/disfrutan-salvaterrenses-del-tradicional-desfile-de-carros-alegoricos\/#primaryimage"},"image":{"@id":"https:\/\/elhijodelllanero.mx\/index.php\/2025\/02\/03\/disfrutan-salvaterrenses-del-tradicional-desfile-de-carros-alegoricos\/#primaryimage"},"thumbnailUrl":"https:\/\/elhijodelllanero.mx\/wp-content\/uploads\/2025\/02\/Collage_20250203_142022-300x300.jpg","datePublished":"2025-02-03T20:26:06+00:00","author":{"@id":"https:\/\/elhijodelllanero.mx\/#\/schema\/person\/c7f8c86c55c1eab44ae2b93a9628245f"},"breadcrumb":{"@id":"https:\/\/elhijodelllanero.mx\/index.php\/2025\/02\/03\/disfrutan-salvaterrenses-del-tradicional-desfile-de-carros-alegoricos\/#breadcrumb"},"inLanguage":"es","potentialAction":[{"@type":"ReadAction","target":["https:\/\/elhijodelllanero.mx\/index.php\/2025\/02\/03\/disfrutan-salvaterrenses-del-tradicional-desfile-de-carros-alegoricos\/"]}]},{"@type":"ImageObject","inLanguage":"es","@id":"https:\/\/elhijodelllanero.mx\/index.php\/2025\/02\/03\/disfrutan-salvaterrenses-del-tradicional-desfile-de-carros-alegoricos\/#primaryimage","url":"https:\/\/i0.wp.com\/elhijodelllanero.mx\/wp-content\/uploads\/2025\/02\/Collage_20250203_142022.jpg?fit=2160%2C2160&ssl=1","contentUrl":"https:\/\/i0.wp.com\/elhijodelllanero.mx\/wp-content\/uploads\/2025\/02\/Collage_20250203_142022.jpg?fit=2160%2C2160&ssl=1","width":2160,"height":2160},{"@type":"BreadcrumbList","@id":"https:\/\/elhijodelllanero.mx\/index.php\/2025\/02\/03\/disfrutan-salvaterrenses-del-tradicional-desfile-de-carros-alegoricos\/#breadcrumb","itemListElement":[{"@type":"ListItem","position":1,"name":"Portada","item":"https:\/\/elhijodelllanero.mx\/"},{"@type":"ListItem","position":2,"name":"DISFRUTAN SALVATERRENSES DEL TRADICIONAL DESFILE DE CARROS ALEG\u00d3RICOS"}]},{"@type":"WebSite","@id":"https:\/\/elhijodelllanero.mx\/#website","url":"https:\/\/elhijodelllanero.mx\/","name":"El Hijo del llanero solititito","description":"","potentialAction":[{"@type":"SearchAction","target":{"@type":"EntryPoint","urlTemplate":"https:\/\/elhijodelllanero.mx\/?s={search_term_string}"},"query-input":{"@type":"PropertyValueSpecification","valueRequired":true,"valueName":"search_term_string"}}],"inLanguage":"es"},{"@type":"Person","@id":"https:\/\/elhijodelllanero.mx\/#\/schema\/person\/c7f8c86c55c1eab44ae2b93a9628245f","name":"Mar\u00eda de la Paz Rodarte Ram\u00edrez","image":{"@type":"ImageObject","inLanguage":"es","@id":"https:\/\/secure.gravatar.com\/avatar\/1f38f8518b09a266af73da2bce78d69e7d1275299970134ed62f572e0487e1d0?s=96&d=mm&r=g","url":"https:\/\/secure.gravatar.com\/avatar\/1f38f8518b09a266af73da2bce78d69e7d1275299970134ed62f572e0487e1d0?s=96&d=mm&r=g","contentUrl":"https:\/\/secure.gravatar.com\/avatar\/1f38f8518b09a266af73da2bce78d69e7d1275299970134ed62f572e0487e1d0?s=96&d=mm&r=g","caption":"Mar\u00eda de la Paz Rodarte Ram\u00edrez"},"sameAs":["https:\/\/www.elhijodelllanero.mx"],"url":"https:\/\/elhijodelllanero.mx\/index.php\/author\/maricuas\/"}]}},"jetpack_featured_media_url":"","jetpack-related-posts":[],"jetpack_sharing_enabled":true,"_links":{"self":[{"href":"https:\/\/elhijodelllanero.mx\/index.php\/wp-json\/wp\/v2\/posts\/9277","targetHints":{"allow":["GET"]}}],"collection":[{"href":"https:\/\/elhijodelllanero.mx\/index.php\/wp-json\/wp\/v2\/posts"}],"about":[{"href":"https:\/\/elhijodelllanero.mx\/index.php\/wp-json\/wp\/v2\/types\/post"}],"author":[{"embeddable":true,"href":"https:\/\/elhijodelllanero.mx\/index.php\/wp-json\/wp\/v2\/users\/3"}],"replies":[{"embeddable":true,"href":"https:\/\/elhijodelllanero.mx\/index.php\/wp-json\/wp\/v2\/comments?post=9277"}],"version-history":[{"count":1,"href":"https:\/\/elhijodelllanero.mx\/index.php\/wp-json\/wp\/v2\/posts\/9277\/revisions"}],"predecessor-version":[{"id":9279,"href":"https:\/\/elhijodelllanero.mx\/index.php\/wp-json\/wp\/v2\/posts\/9277\/revisions\/9279"}],"wp:attachment":[{"href":"https:\/\/elhijodelllanero.mx\/index.php\/wp-json\/wp\/v2\/media?parent=9277"}],"wp:term":[{"taxonomy":"category","embeddable":true,"href":"https:\/\/elhijodelllanero.mx\/index.php\/wp-json\/wp\/v2\/categories?post=9277"},{"taxonomy":"post_tag","embeddable":true,"href":"https:\/\/elhijodelllanero.mx\/index.php\/wp-json\/wp\/v2\/tags?post=9277"}],"curies":[{"name":"wp","href":"https:\/\/api.w.org\/{rel}","templated":true}]}}