{"id":9302,"date":"2025-02-06T23:33:11","date_gmt":"2025-02-06T23:33:11","guid":{"rendered":"https:\/\/elhijodelllanero.mx\/?p=9302"},"modified":"2025-02-06T23:33:11","modified_gmt":"2025-02-06T23:33:11","slug":"favorable-la-recaudacion-del-impuesto-predial-en-celaya","status":"publish","type":"post","link":"https:\/\/elhijodelllanero.mx\/index.php\/2025\/02\/06\/favorable-la-recaudacion-del-impuesto-predial-en-celaya\/","title":{"rendered":"FAVORABLE LA RECAUDACI\u00d3N DEL IMPUESTO PREDIAL EN CELAYA"},"content":{"rendered":"<p><img data-recalc-dims=\"1\" loading=\"lazy\" decoding=\"async\" class=\"alignnone size-medium wp-image-9303\" src=\"https:\/\/i0.wp.com\/elhijodelllanero.mx\/wp-content\/uploads\/2025\/02\/IMG-20250206-WA0076.jpg?resize=300%2C200&#038;ssl=1\" alt=\"\" width=\"300\" height=\"200\" srcset=\"https:\/\/i0.wp.com\/elhijodelllanero.mx\/wp-content\/uploads\/2025\/02\/IMG-20250206-WA0076.jpg?resize=300%2C200&amp;ssl=1 300w, https:\/\/i0.wp.com\/elhijodelllanero.mx\/wp-content\/uploads\/2025\/02\/IMG-20250206-WA0076.jpg?resize=1024%2C684&amp;ssl=1 1024w, https:\/\/i0.wp.com\/elhijodelllanero.mx\/wp-content\/uploads\/2025\/02\/IMG-20250206-WA0076.jpg?resize=768%2C513&amp;ssl=1 768w, https:\/\/i0.wp.com\/elhijodelllanero.mx\/wp-content\/uploads\/2025\/02\/IMG-20250206-WA0076.jpg?resize=629%2C420&amp;ssl=1 629w, https:\/\/i0.wp.com\/elhijodelllanero.mx\/wp-content\/uploads\/2025\/02\/IMG-20250206-WA0076.jpg?resize=696%2C465&amp;ssl=1 696w, https:\/\/i0.wp.com\/elhijodelllanero.mx\/wp-content\/uploads\/2025\/02\/IMG-20250206-WA0076.jpg?resize=1068%2C713&amp;ssl=1 1068w, https:\/\/i0.wp.com\/elhijodelllanero.mx\/wp-content\/uploads\/2025\/02\/IMG-20250206-WA0076.jpg?w=1280&amp;ssl=1 1280w\" sizes=\"auto, (max-width: 300px) 100vw, 300px\" \/><\/p>\n<p>Celaya, Gto.6 de febrero del 2025. &#8211; Ante la buena respuesta de los ciudadanos que han acudido de manera puntual a realizar su pago del impuesto predial, durante enero se recaudaron 252 millones 067 mil pesos que representan un aumento del cuatro por ciento en relaci\u00f3n al mismo periodo del a\u00f1o pasado, recursos que ingresan a las arcas municipales y que se regresan a los celayenses a trav\u00e9s de servicios, obras y programas.<\/p>\n<p>El tesorero municipal, Juan Almaraz Vilchis, present\u00f3 los resultados positivos del primer mes de la campa\u00f1a de pago anticipado de predial.<\/p>\n<p>Expuso, que en enero del 2024 se recaudaron 243 millones 509 mil 798.55 pesos y el mismo periodo de este 2025 aument\u00f3 en ocho millones 55 mil 284.55 pesos, es decir, un cuatro por ciento m\u00e1s.<\/p>\n<p>El tesorero mencion\u00f3 que el presidente municipal, Juan Miguel Ram\u00edrez, reconoce y agradece a los celayenses comprometidos que de manera puntual acuden a cumplir su compromiso.<\/p>\n<p>De igual manera, el tesorero municipal inform\u00f3 que los contribuyentes cada a\u00f1o muestran mayor preferencia por utilizar los m\u00e9todos electr\u00f3nicos de pago y en el periodo informado se tuvo una recaudaci\u00f3n del 63 por ciento por esta v\u00eda, mientras que en cajas municipales fue del 22 por ciento y en puntos externos de cobro fue del 15 por ciento.<\/p>\n<p>Respecto a la cartera vencida, que es de aproximadamente el 26 por ciento del padr\u00f3n de contribuyentes, inform\u00f3 que se analiza la posibilidad de establecer un convenio con BANOBRAS que ayudar\u00eda en la labor de cobranza, sin cargo al erario de Celaya, fortaleciendo as\u00ed la hacienda p\u00fablica en el corto, mediano y largo plazo.<\/p>\n","protected":false},"excerpt":{"rendered":"<p>Celaya, Gto.6 de febrero del 2025. &#8211; Ante la buena respuesta de los ciudadanos que han acudido de manera puntual a realizar su pago del impuesto predial, durante enero se recaudaron 252 millones 067 mil pesos que representan un aumento del cuatro por ciento en relaci\u00f3n al mismo periodo del a\u00f1o pasado, recursos que ingresan [&hellip;]<\/p>\n","protected":false},"author":3,"featured_media":0,"comment_status":"open","ping_status":"closed","sticky":false,"template":"","format":"standard","meta":{"_jetpack_newsletter_access":"","_jetpack_dont_email_post_to_subs":false,"_jetpack_newsletter_tier_id":0,"_jetpack_memberships_contains_paywalled_content":false,"_jetpack_memberships_contains_paid_content":false,"footnotes":""},"categories":[74],"tags":[],"class_list":{"0":"post-9302","1":"post","2":"type-post","3":"status-publish","4":"format-standard","6":"category-celaya"},"yoast_head":"<!-- This site is optimized with the Yoast SEO plugin v27.3 - https:\/\/yoast.com\/product\/yoast-seo-wordpress\/ -->\n<title>FAVORABLE LA RECAUDACI\u00d3N DEL IMPUESTO PREDIAL EN CELAYA - El Hijo del llanero solititito<\/title>\n<meta name=\"robots\" content=\"index, follow, max-snippet:-1, max-image-preview:large, max-video-preview:-1\" \/>\n<link rel=\"canonical\" href=\"https:\/\/elhijodelllanero.mx\/index.php\/2025\/02\/06\/favorable-la-recaudacion-del-impuesto-predial-en-celaya\/\" \/>\n<meta property=\"og:locale\" content=\"es_ES\" \/>\n<meta property=\"og:type\" content=\"article\" \/>\n<meta property=\"og:title\" content=\"FAVORABLE LA RECAUDACI\u00d3N DEL IMPUESTO PREDIAL EN CELAYA - El Hijo del llanero solititito\" \/>\n<meta property=\"og:description\" content=\"Celaya, Gto.6 de febrero del 2025. &#8211; Ante la buena respuesta de los ciudadanos que han acudido de manera puntual a realizar su pago del impuesto predial, durante enero se recaudaron 252 millones 067 mil pesos que representan un aumento del cuatro por ciento en relaci\u00f3n al mismo periodo del a\u00f1o pasado, recursos que ingresan [&hellip;]\" \/>\n<meta property=\"og:url\" content=\"https:\/\/elhijodelllanero.mx\/index.php\/2025\/02\/06\/favorable-la-recaudacion-del-impuesto-predial-en-celaya\/\" \/>\n<meta property=\"og:site_name\" content=\"El Hijo del llanero solititito\" \/>\n<meta property=\"article:published_time\" content=\"2025-02-06T23:33:11+00:00\" \/>\n<meta property=\"og:image\" content=\"https:\/\/elhijodelllanero.mx\/wp-content\/uploads\/2025\/02\/IMG-20250206-WA0076-300x200.jpg\" \/>\n<meta name=\"author\" content=\"Mar\u00eda de la Paz Rodarte Ram\u00edrez\" \/>\n<meta name=\"twitter:card\" content=\"summary_large_image\" \/>\n<meta name=\"twitter:label1\" content=\"Escrito por\" \/>\n\t<meta name=\"twitter:data1\" content=\"Mar\u00eda de la Paz Rodarte Ram\u00edrez\" \/>\n\t<meta name=\"twitter:label2\" content=\"Tiempo de lectura\" \/>\n\t<meta name=\"twitter:data2\" content=\"2 minutos\" \/>\n<script type=\"application\/ld+json\" class=\"yoast-schema-graph\">{\"@context\":\"https:\\\/\\\/schema.org\",\"@graph\":[{\"@type\":\"Article\",\"@id\":\"https:\\\/\\\/elhijodelllanero.mx\\\/index.php\\\/2025\\\/02\\\/06\\\/favorable-la-recaudacion-del-impuesto-predial-en-celaya\\\/#article\",\"isPartOf\":{\"@id\":\"https:\\\/\\\/elhijodelllanero.mx\\\/index.php\\\/2025\\\/02\\\/06\\\/favorable-la-recaudacion-del-impuesto-predial-en-celaya\\\/\"},\"author\":{\"name\":\"Mar\u00eda de la Paz Rodarte Ram\u00edrez\",\"@id\":\"https:\\\/\\\/elhijodelllanero.mx\\\/#\\\/schema\\\/person\\\/c7f8c86c55c1eab44ae2b93a9628245f\"},\"headline\":\"FAVORABLE LA RECAUDACI\u00d3N DEL IMPUESTO PREDIAL EN CELAYA\",\"datePublished\":\"2025-02-06T23:33:11+00:00\",\"mainEntityOfPage\":{\"@id\":\"https:\\\/\\\/elhijodelllanero.mx\\\/index.php\\\/2025\\\/02\\\/06\\\/favorable-la-recaudacion-del-impuesto-predial-en-celaya\\\/\"},\"wordCount\":278,\"commentCount\":0,\"image\":{\"@id\":\"https:\\\/\\\/elhijodelllanero.mx\\\/index.php\\\/2025\\\/02\\\/06\\\/favorable-la-recaudacion-del-impuesto-predial-en-celaya\\\/#primaryimage\"},\"thumbnailUrl\":\"https:\\\/\\\/elhijodelllanero.mx\\\/wp-content\\\/uploads\\\/2025\\\/02\\\/IMG-20250206-WA0076-300x200.jpg\",\"articleSection\":[\"CELAYA\"],\"inLanguage\":\"es\",\"potentialAction\":[{\"@type\":\"CommentAction\",\"name\":\"Comment\",\"target\":[\"https:\\\/\\\/elhijodelllanero.mx\\\/index.php\\\/2025\\\/02\\\/06\\\/favorable-la-recaudacion-del-impuesto-predial-en-celaya\\\/#respond\"]}]},{\"@type\":\"WebPage\",\"@id\":\"https:\\\/\\\/elhijodelllanero.mx\\\/index.php\\\/2025\\\/02\\\/06\\\/favorable-la-recaudacion-del-impuesto-predial-en-celaya\\\/\",\"url\":\"https:\\\/\\\/elhijodelllanero.mx\\\/index.php\\\/2025\\\/02\\\/06\\\/favorable-la-recaudacion-del-impuesto-predial-en-celaya\\\/\",\"name\":\"FAVORABLE LA RECAUDACI\u00d3N DEL IMPUESTO PREDIAL EN CELAYA - El Hijo del llanero solititito\",\"isPartOf\":{\"@id\":\"https:\\\/\\\/elhijodelllanero.mx\\\/#website\"},\"primaryImageOfPage\":{\"@id\":\"https:\\\/\\\/elhijodelllanero.mx\\\/index.php\\\/2025\\\/02\\\/06\\\/favorable-la-recaudacion-del-impuesto-predial-en-celaya\\\/#primaryimage\"},\"image\":{\"@id\":\"https:\\\/\\\/elhijodelllanero.mx\\\/index.php\\\/2025\\\/02\\\/06\\\/favorable-la-recaudacion-del-impuesto-predial-en-celaya\\\/#primaryimage\"},\"thumbnailUrl\":\"https:\\\/\\\/elhijodelllanero.mx\\\/wp-content\\\/uploads\\\/2025\\\/02\\\/IMG-20250206-WA0076-300x200.jpg\",\"datePublished\":\"2025-02-06T23:33:11+00:00\",\"author\":{\"@id\":\"https:\\\/\\\/elhijodelllanero.mx\\\/#\\\/schema\\\/person\\\/c7f8c86c55c1eab44ae2b93a9628245f\"},\"breadcrumb\":{\"@id\":\"https:\\\/\\\/elhijodelllanero.mx\\\/index.php\\\/2025\\\/02\\\/06\\\/favorable-la-recaudacion-del-impuesto-predial-en-celaya\\\/#breadcrumb\"},\"inLanguage\":\"es\",\"potentialAction\":[{\"@type\":\"ReadAction\",\"target\":[\"https:\\\/\\\/elhijodelllanero.mx\\\/index.php\\\/2025\\\/02\\\/06\\\/favorable-la-recaudacion-del-impuesto-predial-en-celaya\\\/\"]}]},{\"@type\":\"ImageObject\",\"inLanguage\":\"es\",\"@id\":\"https:\\\/\\\/elhijodelllanero.mx\\\/index.php\\\/2025\\\/02\\\/06\\\/favorable-la-recaudacion-del-impuesto-predial-en-celaya\\\/#primaryimage\",\"url\":\"https:\\\/\\\/i0.wp.com\\\/elhijodelllanero.mx\\\/wp-content\\\/uploads\\\/2025\\\/02\\\/IMG-20250206-WA0076.jpg?fit=1280%2C855&ssl=1\",\"contentUrl\":\"https:\\\/\\\/i0.wp.com\\\/elhijodelllanero.mx\\\/wp-content\\\/uploads\\\/2025\\\/02\\\/IMG-20250206-WA0076.jpg?fit=1280%2C855&ssl=1\",\"width\":1280,\"height\":855},{\"@type\":\"BreadcrumbList\",\"@id\":\"https:\\\/\\\/elhijodelllanero.mx\\\/index.php\\\/2025\\\/02\\\/06\\\/favorable-la-recaudacion-del-impuesto-predial-en-celaya\\\/#breadcrumb\",\"itemListElement\":[{\"@type\":\"ListItem\",\"position\":1,\"name\":\"Portada\",\"item\":\"https:\\\/\\\/elhijodelllanero.mx\\\/\"},{\"@type\":\"ListItem\",\"position\":2,\"name\":\"FAVORABLE LA RECAUDACI\u00d3N DEL IMPUESTO PREDIAL EN CELAYA\"}]},{\"@type\":\"WebSite\",\"@id\":\"https:\\\/\\\/elhijodelllanero.mx\\\/#website\",\"url\":\"https:\\\/\\\/elhijodelllanero.mx\\\/\",\"name\":\"El Hijo del llanero solititito\",\"description\":\"\",\"potentialAction\":[{\"@type\":\"SearchAction\",\"target\":{\"@type\":\"EntryPoint\",\"urlTemplate\":\"https:\\\/\\\/elhijodelllanero.mx\\\/?s={search_term_string}\"},\"query-input\":{\"@type\":\"PropertyValueSpecification\",\"valueRequired\":true,\"valueName\":\"search_term_string\"}}],\"inLanguage\":\"es\"},{\"@type\":\"Person\",\"@id\":\"https:\\\/\\\/elhijodelllanero.mx\\\/#\\\/schema\\\/person\\\/c7f8c86c55c1eab44ae2b93a9628245f\",\"name\":\"Mar\u00eda de la Paz Rodarte Ram\u00edrez\",\"image\":{\"@type\":\"ImageObject\",\"inLanguage\":\"es\",\"@id\":\"https:\\\/\\\/secure.gravatar.com\\\/avatar\\\/1f38f8518b09a266af73da2bce78d69e7d1275299970134ed62f572e0487e1d0?s=96&d=mm&r=g\",\"url\":\"https:\\\/\\\/secure.gravatar.com\\\/avatar\\\/1f38f8518b09a266af73da2bce78d69e7d1275299970134ed62f572e0487e1d0?s=96&d=mm&r=g\",\"contentUrl\":\"https:\\\/\\\/secure.gravatar.com\\\/avatar\\\/1f38f8518b09a266af73da2bce78d69e7d1275299970134ed62f572e0487e1d0?s=96&d=mm&r=g\",\"caption\":\"Mar\u00eda de la Paz Rodarte Ram\u00edrez\"},\"sameAs\":[\"https:\\\/\\\/www.elhijodelllanero.mx\"],\"url\":\"https:\\\/\\\/elhijodelllanero.mx\\\/index.php\\\/author\\\/maricuas\\\/\"}]}<\/script>\n<!-- \/ Yoast SEO plugin. -->","yoast_head_json":{"title":"FAVORABLE LA RECAUDACI\u00d3N DEL IMPUESTO PREDIAL EN CELAYA - El Hijo del llanero solititito","robots":{"index":"index","follow":"follow","max-snippet":"max-snippet:-1","max-image-preview":"max-image-preview:large","max-video-preview":"max-video-preview:-1"},"canonical":"https:\/\/elhijodelllanero.mx\/index.php\/2025\/02\/06\/favorable-la-recaudacion-del-impuesto-predial-en-celaya\/","og_locale":"es_ES","og_type":"article","og_title":"FAVORABLE LA RECAUDACI\u00d3N DEL IMPUESTO PREDIAL EN CELAYA - El Hijo del llanero solititito","og_description":"Celaya, Gto.6 de febrero del 2025. &#8211; Ante la buena respuesta de los ciudadanos que han acudido de manera puntual a realizar su pago del impuesto predial, durante enero se recaudaron 252 millones 067 mil pesos que representan un aumento del cuatro por ciento en relaci\u00f3n al mismo periodo del a\u00f1o pasado, recursos que ingresan [&hellip;]","og_url":"https:\/\/elhijodelllanero.mx\/index.php\/2025\/02\/06\/favorable-la-recaudacion-del-impuesto-predial-en-celaya\/","og_site_name":"El Hijo del llanero solititito","article_published_time":"2025-02-06T23:33:11+00:00","og_image":[{"url":"https:\/\/elhijodelllanero.mx\/wp-content\/uploads\/2025\/02\/IMG-20250206-WA0076-300x200.jpg","type":"","width":"","height":""}],"author":"Mar\u00eda de la Paz Rodarte Ram\u00edrez","twitter_card":"summary_large_image","twitter_misc":{"Escrito por":"Mar\u00eda de la Paz Rodarte Ram\u00edrez","Tiempo de lectura":"2 minutos"},"schema":{"@context":"https:\/\/schema.org","@graph":[{"@type":"Article","@id":"https:\/\/elhijodelllanero.mx\/index.php\/2025\/02\/06\/favorable-la-recaudacion-del-impuesto-predial-en-celaya\/#article","isPartOf":{"@id":"https:\/\/elhijodelllanero.mx\/index.php\/2025\/02\/06\/favorable-la-recaudacion-del-impuesto-predial-en-celaya\/"},"author":{"name":"Mar\u00eda de la Paz Rodarte Ram\u00edrez","@id":"https:\/\/elhijodelllanero.mx\/#\/schema\/person\/c7f8c86c55c1eab44ae2b93a9628245f"},"headline":"FAVORABLE LA RECAUDACI\u00d3N DEL IMPUESTO PREDIAL EN CELAYA","datePublished":"2025-02-06T23:33:11+00:00","mainEntityOfPage":{"@id":"https:\/\/elhijodelllanero.mx\/index.php\/2025\/02\/06\/favorable-la-recaudacion-del-impuesto-predial-en-celaya\/"},"wordCount":278,"commentCount":0,"image":{"@id":"https:\/\/elhijodelllanero.mx\/index.php\/2025\/02\/06\/favorable-la-recaudacion-del-impuesto-predial-en-celaya\/#primaryimage"},"thumbnailUrl":"https:\/\/elhijodelllanero.mx\/wp-content\/uploads\/2025\/02\/IMG-20250206-WA0076-300x200.jpg","articleSection":["CELAYA"],"inLanguage":"es","potentialAction":[{"@type":"CommentAction","name":"Comment","target":["https:\/\/elhijodelllanero.mx\/index.php\/2025\/02\/06\/favorable-la-recaudacion-del-impuesto-predial-en-celaya\/#respond"]}]},{"@type":"WebPage","@id":"https:\/\/elhijodelllanero.mx\/index.php\/2025\/02\/06\/favorable-la-recaudacion-del-impuesto-predial-en-celaya\/","url":"https:\/\/elhijodelllanero.mx\/index.php\/2025\/02\/06\/favorable-la-recaudacion-del-impuesto-predial-en-celaya\/","name":"FAVORABLE LA RECAUDACI\u00d3N DEL IMPUESTO PREDIAL EN CELAYA - El Hijo del llanero solititito","isPartOf":{"@id":"https:\/\/elhijodelllanero.mx\/#website"},"primaryImageOfPage":{"@id":"https:\/\/elhijodelllanero.mx\/index.php\/2025\/02\/06\/favorable-la-recaudacion-del-impuesto-predial-en-celaya\/#primaryimage"},"image":{"@id":"https:\/\/elhijodelllanero.mx\/index.php\/2025\/02\/06\/favorable-la-recaudacion-del-impuesto-predial-en-celaya\/#primaryimage"},"thumbnailUrl":"https:\/\/elhijodelllanero.mx\/wp-content\/uploads\/2025\/02\/IMG-20250206-WA0076-300x200.jpg","datePublished":"2025-02-06T23:33:11+00:00","author":{"@id":"https:\/\/elhijodelllanero.mx\/#\/schema\/person\/c7f8c86c55c1eab44ae2b93a9628245f"},"breadcrumb":{"@id":"https:\/\/elhijodelllanero.mx\/index.php\/2025\/02\/06\/favorable-la-recaudacion-del-impuesto-predial-en-celaya\/#breadcrumb"},"inLanguage":"es","potentialAction":[{"@type":"ReadAction","target":["https:\/\/elhijodelllanero.mx\/index.php\/2025\/02\/06\/favorable-la-recaudacion-del-impuesto-predial-en-celaya\/"]}]},{"@type":"ImageObject","inLanguage":"es","@id":"https:\/\/elhijodelllanero.mx\/index.php\/2025\/02\/06\/favorable-la-recaudacion-del-impuesto-predial-en-celaya\/#primaryimage","url":"https:\/\/i0.wp.com\/elhijodelllanero.mx\/wp-content\/uploads\/2025\/02\/IMG-20250206-WA0076.jpg?fit=1280%2C855&ssl=1","contentUrl":"https:\/\/i0.wp.com\/elhijodelllanero.mx\/wp-content\/uploads\/2025\/02\/IMG-20250206-WA0076.jpg?fit=1280%2C855&ssl=1","width":1280,"height":855},{"@type":"BreadcrumbList","@id":"https:\/\/elhijodelllanero.mx\/index.php\/2025\/02\/06\/favorable-la-recaudacion-del-impuesto-predial-en-celaya\/#breadcrumb","itemListElement":[{"@type":"ListItem","position":1,"name":"Portada","item":"https:\/\/elhijodelllanero.mx\/"},{"@type":"ListItem","position":2,"name":"FAVORABLE LA RECAUDACI\u00d3N DEL IMPUESTO PREDIAL EN CELAYA"}]},{"@type":"WebSite","@id":"https:\/\/elhijodelllanero.mx\/#website","url":"https:\/\/elhijodelllanero.mx\/","name":"El Hijo del llanero solititito","description":"","potentialAction":[{"@type":"SearchAction","target":{"@type":"EntryPoint","urlTemplate":"https:\/\/elhijodelllanero.mx\/?s={search_term_string}"},"query-input":{"@type":"PropertyValueSpecification","valueRequired":true,"valueName":"search_term_string"}}],"inLanguage":"es"},{"@type":"Person","@id":"https:\/\/elhijodelllanero.mx\/#\/schema\/person\/c7f8c86c55c1eab44ae2b93a9628245f","name":"Mar\u00eda de la Paz Rodarte Ram\u00edrez","image":{"@type":"ImageObject","inLanguage":"es","@id":"https:\/\/secure.gravatar.com\/avatar\/1f38f8518b09a266af73da2bce78d69e7d1275299970134ed62f572e0487e1d0?s=96&d=mm&r=g","url":"https:\/\/secure.gravatar.com\/avatar\/1f38f8518b09a266af73da2bce78d69e7d1275299970134ed62f572e0487e1d0?s=96&d=mm&r=g","contentUrl":"https:\/\/secure.gravatar.com\/avatar\/1f38f8518b09a266af73da2bce78d69e7d1275299970134ed62f572e0487e1d0?s=96&d=mm&r=g","caption":"Mar\u00eda de la Paz Rodarte Ram\u00edrez"},"sameAs":["https:\/\/www.elhijodelllanero.mx"],"url":"https:\/\/elhijodelllanero.mx\/index.php\/author\/maricuas\/"}]}},"jetpack_featured_media_url":"","jetpack-related-posts":[],"jetpack_sharing_enabled":true,"_links":{"self":[{"href":"https:\/\/elhijodelllanero.mx\/index.php\/wp-json\/wp\/v2\/posts\/9302","targetHints":{"allow":["GET"]}}],"collection":[{"href":"https:\/\/elhijodelllanero.mx\/index.php\/wp-json\/wp\/v2\/posts"}],"about":[{"href":"https:\/\/elhijodelllanero.mx\/index.php\/wp-json\/wp\/v2\/types\/post"}],"author":[{"embeddable":true,"href":"https:\/\/elhijodelllanero.mx\/index.php\/wp-json\/wp\/v2\/users\/3"}],"replies":[{"embeddable":true,"href":"https:\/\/elhijodelllanero.mx\/index.php\/wp-json\/wp\/v2\/comments?post=9302"}],"version-history":[{"count":1,"href":"https:\/\/elhijodelllanero.mx\/index.php\/wp-json\/wp\/v2\/posts\/9302\/revisions"}],"predecessor-version":[{"id":9304,"href":"https:\/\/elhijodelllanero.mx\/index.php\/wp-json\/wp\/v2\/posts\/9302\/revisions\/9304"}],"wp:attachment":[{"href":"https:\/\/elhijodelllanero.mx\/index.php\/wp-json\/wp\/v2\/media?parent=9302"}],"wp:term":[{"taxonomy":"category","embeddable":true,"href":"https:\/\/elhijodelllanero.mx\/index.php\/wp-json\/wp\/v2\/categories?post=9302"},{"taxonomy":"post_tag","embeddable":true,"href":"https:\/\/elhijodelllanero.mx\/index.php\/wp-json\/wp\/v2\/tags?post=9302"}],"curies":[{"name":"wp","href":"https:\/\/api.w.org\/{rel}","templated":true}]}}