{"id":9305,"date":"2025-02-07T00:19:24","date_gmt":"2025-02-07T00:19:24","guid":{"rendered":"https:\/\/elhijodelllanero.mx\/?p=9305"},"modified":"2025-02-07T00:19:24","modified_gmt":"2025-02-07T00:19:24","slug":"ya-se-cuenta-con-dos-hectareas-de-terreno-para-programa-nacional-de-vivienda","status":"publish","type":"post","link":"https:\/\/elhijodelllanero.mx\/index.php\/2025\/02\/07\/ya-se-cuenta-con-dos-hectareas-de-terreno-para-programa-nacional-de-vivienda\/","title":{"rendered":"YA SE CUENTA CON DOS HECT\u00c1REAS DE TERRENO PARA PROGRAMA NACIONAL DE VIVIENDA"},"content":{"rendered":"<p><img data-recalc-dims=\"1\" loading=\"lazy\" decoding=\"async\" class=\"alignnone size-medium wp-image-9306\" src=\"https:\/\/i0.wp.com\/elhijodelllanero.mx\/wp-content\/uploads\/2025\/02\/IMG-20250203-WA0112-1.jpg?resize=300%2C225&#038;ssl=1\" alt=\"\" width=\"300\" height=\"225\" srcset=\"https:\/\/i0.wp.com\/elhijodelllanero.mx\/wp-content\/uploads\/2025\/02\/IMG-20250203-WA0112-1.jpg?resize=300%2C225&amp;ssl=1 300w, https:\/\/i0.wp.com\/elhijodelllanero.mx\/wp-content\/uploads\/2025\/02\/IMG-20250203-WA0112-1.jpg?resize=1024%2C769&amp;ssl=1 1024w, https:\/\/i0.wp.com\/elhijodelllanero.mx\/wp-content\/uploads\/2025\/02\/IMG-20250203-WA0112-1.jpg?resize=768%2C576&amp;ssl=1 768w, https:\/\/i0.wp.com\/elhijodelllanero.mx\/wp-content\/uploads\/2025\/02\/IMG-20250203-WA0112-1.jpg?resize=1536%2C1153&amp;ssl=1 1536w, https:\/\/i0.wp.com\/elhijodelllanero.mx\/wp-content\/uploads\/2025\/02\/IMG-20250203-WA0112-1.jpg?resize=560%2C420&amp;ssl=1 560w, https:\/\/i0.wp.com\/elhijodelllanero.mx\/wp-content\/uploads\/2025\/02\/IMG-20250203-WA0112-1.jpg?resize=80%2C60&amp;ssl=1 80w, https:\/\/i0.wp.com\/elhijodelllanero.mx\/wp-content\/uploads\/2025\/02\/IMG-20250203-WA0112-1.jpg?resize=696%2C522&amp;ssl=1 696w, https:\/\/i0.wp.com\/elhijodelllanero.mx\/wp-content\/uploads\/2025\/02\/IMG-20250203-WA0112-1.jpg?resize=1068%2C802&amp;ssl=1 1068w, https:\/\/i0.wp.com\/elhijodelllanero.mx\/wp-content\/uploads\/2025\/02\/IMG-20250203-WA0112-1.jpg?w=1600&amp;ssl=1 1600w, https:\/\/i0.wp.com\/elhijodelllanero.mx\/wp-content\/uploads\/2025\/02\/IMG-20250203-WA0112-1.jpg?w=1392&amp;ssl=1 1392w\" sizes=\"auto, (max-width: 300px) 100vw, 300px\" \/><\/p>\n<p>Juventino Rosas Gto. 6 de febrero del 2025. &#8211; El Ayuntamiento de Juventino Rosas aprob\u00f3 la donaci\u00f3n de dos hect\u00e1reas dentro de su reserva territorial para que el gobierno federal realice la construcci\u00f3n de cien casas como parte del programa nacional de vivienda.<\/p>\n<p>El alcalde Fidel Ru\u00edz indic\u00f3 que el gobierno federal les solicit\u00f3 unas dos hect\u00e1reas las cuales ser\u00e1n dotadas de servicios por el municipio para la creaci\u00f3n de cien viviendas que fueron adjudicadas al municipio por el gobierno federal.<\/p>\n<p>Detall\u00f3 que el municipio no tiene mayor injerencia en el tema, m\u00e1s que la donaci\u00f3n del terreno y dotarlos de servicios, ya que es gobierno federal quien se encargar\u00e1 por medio de infonavit la entrega de cr\u00e9ditos para dichas viviendas, sin embargo detallo el beneficio que esto traer\u00e1 para la gente del municipio.<\/p>\n<p>\u00abEl gobierno federal est\u00e1 pidiendo aproximadamente dos hect\u00e1reas con servicios, drenaje, luz, agua, guarniciones, se van instalar 100 casas, me tocaron 100 casas ah\u00ed en el municipio, estuvimos un poquito, por el tema de ejecuci\u00f3n, debido a que la ejecuci\u00f3n la cedemos y a veces se torna, entonces a veces se torna pol\u00edtico esto y nos pega directamente y yo como no tengo partido nos pega directamente porque la gente piensa que uno designa y el tema es que el gobierno federal las va a designar\u00bb, concluy\u00f3 el alcalde.<\/p>\n","protected":false},"excerpt":{"rendered":"<p>Juventino Rosas Gto. 6 de febrero del 2025. &#8211; El Ayuntamiento de Juventino Rosas aprob\u00f3 la donaci\u00f3n de dos hect\u00e1reas dentro de su reserva territorial para que el gobierno federal realice la construcci\u00f3n de cien casas como parte del programa nacional de vivienda. El alcalde Fidel Ru\u00edz indic\u00f3 que el gobierno federal les solicit\u00f3 unas [&hellip;]<\/p>\n","protected":false},"author":3,"featured_media":0,"comment_status":"open","ping_status":"closed","sticky":false,"template":"","format":"standard","meta":{"_jetpack_newsletter_access":"","_jetpack_dont_email_post_to_subs":false,"_jetpack_newsletter_tier_id":0,"_jetpack_memberships_contains_paywalled_content":false,"_jetpack_memberships_contains_paid_content":false,"footnotes":""},"categories":[81,76],"tags":[],"class_list":{"0":"post-9305","1":"post","2":"type-post","3":"status-publish","4":"format-standard","6":"category-juventino-rosas","7":"category-municipios"},"yoast_head":"<!-- This site is optimized with the Yoast SEO plugin v27.3 - https:\/\/yoast.com\/product\/yoast-seo-wordpress\/ -->\n<title>YA SE CUENTA CON DOS HECT\u00c1REAS DE TERRENO PARA PROGRAMA NACIONAL DE VIVIENDA - El Hijo del llanero solititito<\/title>\n<meta name=\"robots\" content=\"index, follow, max-snippet:-1, max-image-preview:large, max-video-preview:-1\" \/>\n<link rel=\"canonical\" href=\"https:\/\/elhijodelllanero.mx\/index.php\/2025\/02\/07\/ya-se-cuenta-con-dos-hectareas-de-terreno-para-programa-nacional-de-vivienda\/\" \/>\n<meta property=\"og:locale\" content=\"es_ES\" \/>\n<meta property=\"og:type\" content=\"article\" \/>\n<meta property=\"og:title\" content=\"YA SE CUENTA CON DOS HECT\u00c1REAS DE TERRENO PARA PROGRAMA NACIONAL DE VIVIENDA - El Hijo del llanero solititito\" \/>\n<meta property=\"og:description\" content=\"Juventino Rosas Gto. 6 de febrero del 2025. &#8211; El Ayuntamiento de Juventino Rosas aprob\u00f3 la donaci\u00f3n de dos hect\u00e1reas dentro de su reserva territorial para que el gobierno federal realice la construcci\u00f3n de cien casas como parte del programa nacional de vivienda. El alcalde Fidel Ru\u00edz indic\u00f3 que el gobierno federal les solicit\u00f3 unas [&hellip;]\" \/>\n<meta property=\"og:url\" content=\"https:\/\/elhijodelllanero.mx\/index.php\/2025\/02\/07\/ya-se-cuenta-con-dos-hectareas-de-terreno-para-programa-nacional-de-vivienda\/\" \/>\n<meta property=\"og:site_name\" content=\"El Hijo del llanero solititito\" \/>\n<meta property=\"article:published_time\" content=\"2025-02-07T00:19:24+00:00\" \/>\n<meta property=\"og:image\" content=\"https:\/\/elhijodelllanero.mx\/wp-content\/uploads\/2025\/02\/IMG-20250203-WA0112-1-300x225.jpg\" \/>\n<meta name=\"author\" content=\"Mar\u00eda de la Paz Rodarte Ram\u00edrez\" \/>\n<meta name=\"twitter:card\" content=\"summary_large_image\" \/>\n<meta name=\"twitter:label1\" content=\"Escrito por\" \/>\n\t<meta name=\"twitter:data1\" content=\"Mar\u00eda de la Paz Rodarte Ram\u00edrez\" \/>\n\t<meta name=\"twitter:label2\" content=\"Tiempo de lectura\" \/>\n\t<meta name=\"twitter:data2\" content=\"2 minutos\" \/>\n<script type=\"application\/ld+json\" class=\"yoast-schema-graph\">{\"@context\":\"https:\\\/\\\/schema.org\",\"@graph\":[{\"@type\":\"Article\",\"@id\":\"https:\\\/\\\/elhijodelllanero.mx\\\/index.php\\\/2025\\\/02\\\/07\\\/ya-se-cuenta-con-dos-hectareas-de-terreno-para-programa-nacional-de-vivienda\\\/#article\",\"isPartOf\":{\"@id\":\"https:\\\/\\\/elhijodelllanero.mx\\\/index.php\\\/2025\\\/02\\\/07\\\/ya-se-cuenta-con-dos-hectareas-de-terreno-para-programa-nacional-de-vivienda\\\/\"},\"author\":{\"name\":\"Mar\u00eda de la Paz Rodarte Ram\u00edrez\",\"@id\":\"https:\\\/\\\/elhijodelllanero.mx\\\/#\\\/schema\\\/person\\\/c7f8c86c55c1eab44ae2b93a9628245f\"},\"headline\":\"YA SE CUENTA CON DOS HECT\u00c1REAS DE TERRENO PARA PROGRAMA NACIONAL DE VIVIENDA\",\"datePublished\":\"2025-02-07T00:19:24+00:00\",\"mainEntityOfPage\":{\"@id\":\"https:\\\/\\\/elhijodelllanero.mx\\\/index.php\\\/2025\\\/02\\\/07\\\/ya-se-cuenta-con-dos-hectareas-de-terreno-para-programa-nacional-de-vivienda\\\/\"},\"wordCount\":247,\"commentCount\":0,\"image\":{\"@id\":\"https:\\\/\\\/elhijodelllanero.mx\\\/index.php\\\/2025\\\/02\\\/07\\\/ya-se-cuenta-con-dos-hectareas-de-terreno-para-programa-nacional-de-vivienda\\\/#primaryimage\"},\"thumbnailUrl\":\"https:\\\/\\\/elhijodelllanero.mx\\\/wp-content\\\/uploads\\\/2025\\\/02\\\/IMG-20250203-WA0112-1-300x225.jpg\",\"articleSection\":[\"JUVENTINO ROSAS\",\"MUNICIPIOS\"],\"inLanguage\":\"es\",\"potentialAction\":[{\"@type\":\"CommentAction\",\"name\":\"Comment\",\"target\":[\"https:\\\/\\\/elhijodelllanero.mx\\\/index.php\\\/2025\\\/02\\\/07\\\/ya-se-cuenta-con-dos-hectareas-de-terreno-para-programa-nacional-de-vivienda\\\/#respond\"]}]},{\"@type\":\"WebPage\",\"@id\":\"https:\\\/\\\/elhijodelllanero.mx\\\/index.php\\\/2025\\\/02\\\/07\\\/ya-se-cuenta-con-dos-hectareas-de-terreno-para-programa-nacional-de-vivienda\\\/\",\"url\":\"https:\\\/\\\/elhijodelllanero.mx\\\/index.php\\\/2025\\\/02\\\/07\\\/ya-se-cuenta-con-dos-hectareas-de-terreno-para-programa-nacional-de-vivienda\\\/\",\"name\":\"YA SE CUENTA CON DOS HECT\u00c1REAS DE TERRENO PARA PROGRAMA NACIONAL DE VIVIENDA - El Hijo del llanero solititito\",\"isPartOf\":{\"@id\":\"https:\\\/\\\/elhijodelllanero.mx\\\/#website\"},\"primaryImageOfPage\":{\"@id\":\"https:\\\/\\\/elhijodelllanero.mx\\\/index.php\\\/2025\\\/02\\\/07\\\/ya-se-cuenta-con-dos-hectareas-de-terreno-para-programa-nacional-de-vivienda\\\/#primaryimage\"},\"image\":{\"@id\":\"https:\\\/\\\/elhijodelllanero.mx\\\/index.php\\\/2025\\\/02\\\/07\\\/ya-se-cuenta-con-dos-hectareas-de-terreno-para-programa-nacional-de-vivienda\\\/#primaryimage\"},\"thumbnailUrl\":\"https:\\\/\\\/elhijodelllanero.mx\\\/wp-content\\\/uploads\\\/2025\\\/02\\\/IMG-20250203-WA0112-1-300x225.jpg\",\"datePublished\":\"2025-02-07T00:19:24+00:00\",\"author\":{\"@id\":\"https:\\\/\\\/elhijodelllanero.mx\\\/#\\\/schema\\\/person\\\/c7f8c86c55c1eab44ae2b93a9628245f\"},\"breadcrumb\":{\"@id\":\"https:\\\/\\\/elhijodelllanero.mx\\\/index.php\\\/2025\\\/02\\\/07\\\/ya-se-cuenta-con-dos-hectareas-de-terreno-para-programa-nacional-de-vivienda\\\/#breadcrumb\"},\"inLanguage\":\"es\",\"potentialAction\":[{\"@type\":\"ReadAction\",\"target\":[\"https:\\\/\\\/elhijodelllanero.mx\\\/index.php\\\/2025\\\/02\\\/07\\\/ya-se-cuenta-con-dos-hectareas-de-terreno-para-programa-nacional-de-vivienda\\\/\"]}]},{\"@type\":\"ImageObject\",\"inLanguage\":\"es\",\"@id\":\"https:\\\/\\\/elhijodelllanero.mx\\\/index.php\\\/2025\\\/02\\\/07\\\/ya-se-cuenta-con-dos-hectareas-de-terreno-para-programa-nacional-de-vivienda\\\/#primaryimage\",\"url\":\"https:\\\/\\\/i0.wp.com\\\/elhijodelllanero.mx\\\/wp-content\\\/uploads\\\/2025\\\/02\\\/IMG-20250203-WA0112-1.jpg?fit=1600%2C1201&ssl=1\",\"contentUrl\":\"https:\\\/\\\/i0.wp.com\\\/elhijodelllanero.mx\\\/wp-content\\\/uploads\\\/2025\\\/02\\\/IMG-20250203-WA0112-1.jpg?fit=1600%2C1201&ssl=1\",\"width\":1600,\"height\":1201},{\"@type\":\"BreadcrumbList\",\"@id\":\"https:\\\/\\\/elhijodelllanero.mx\\\/index.php\\\/2025\\\/02\\\/07\\\/ya-se-cuenta-con-dos-hectareas-de-terreno-para-programa-nacional-de-vivienda\\\/#breadcrumb\",\"itemListElement\":[{\"@type\":\"ListItem\",\"position\":1,\"name\":\"Portada\",\"item\":\"https:\\\/\\\/elhijodelllanero.mx\\\/\"},{\"@type\":\"ListItem\",\"position\":2,\"name\":\"YA SE CUENTA CON DOS HECT\u00c1REAS DE TERRENO PARA PROGRAMA NACIONAL DE VIVIENDA\"}]},{\"@type\":\"WebSite\",\"@id\":\"https:\\\/\\\/elhijodelllanero.mx\\\/#website\",\"url\":\"https:\\\/\\\/elhijodelllanero.mx\\\/\",\"name\":\"El Hijo del llanero solititito\",\"description\":\"\",\"potentialAction\":[{\"@type\":\"SearchAction\",\"target\":{\"@type\":\"EntryPoint\",\"urlTemplate\":\"https:\\\/\\\/elhijodelllanero.mx\\\/?s={search_term_string}\"},\"query-input\":{\"@type\":\"PropertyValueSpecification\",\"valueRequired\":true,\"valueName\":\"search_term_string\"}}],\"inLanguage\":\"es\"},{\"@type\":\"Person\",\"@id\":\"https:\\\/\\\/elhijodelllanero.mx\\\/#\\\/schema\\\/person\\\/c7f8c86c55c1eab44ae2b93a9628245f\",\"name\":\"Mar\u00eda de la Paz Rodarte Ram\u00edrez\",\"image\":{\"@type\":\"ImageObject\",\"inLanguage\":\"es\",\"@id\":\"https:\\\/\\\/secure.gravatar.com\\\/avatar\\\/1f38f8518b09a266af73da2bce78d69e7d1275299970134ed62f572e0487e1d0?s=96&d=mm&r=g\",\"url\":\"https:\\\/\\\/secure.gravatar.com\\\/avatar\\\/1f38f8518b09a266af73da2bce78d69e7d1275299970134ed62f572e0487e1d0?s=96&d=mm&r=g\",\"contentUrl\":\"https:\\\/\\\/secure.gravatar.com\\\/avatar\\\/1f38f8518b09a266af73da2bce78d69e7d1275299970134ed62f572e0487e1d0?s=96&d=mm&r=g\",\"caption\":\"Mar\u00eda de la Paz Rodarte Ram\u00edrez\"},\"sameAs\":[\"https:\\\/\\\/www.elhijodelllanero.mx\"],\"url\":\"https:\\\/\\\/elhijodelllanero.mx\\\/index.php\\\/author\\\/maricuas\\\/\"}]}<\/script>\n<!-- \/ Yoast SEO plugin. -->","yoast_head_json":{"title":"YA SE CUENTA CON DOS HECT\u00c1REAS DE TERRENO PARA PROGRAMA NACIONAL DE VIVIENDA - El Hijo del llanero solititito","robots":{"index":"index","follow":"follow","max-snippet":"max-snippet:-1","max-image-preview":"max-image-preview:large","max-video-preview":"max-video-preview:-1"},"canonical":"https:\/\/elhijodelllanero.mx\/index.php\/2025\/02\/07\/ya-se-cuenta-con-dos-hectareas-de-terreno-para-programa-nacional-de-vivienda\/","og_locale":"es_ES","og_type":"article","og_title":"YA SE CUENTA CON DOS HECT\u00c1REAS DE TERRENO PARA PROGRAMA NACIONAL DE VIVIENDA - El Hijo del llanero solititito","og_description":"Juventino Rosas Gto. 6 de febrero del 2025. &#8211; El Ayuntamiento de Juventino Rosas aprob\u00f3 la donaci\u00f3n de dos hect\u00e1reas dentro de su reserva territorial para que el gobierno federal realice la construcci\u00f3n de cien casas como parte del programa nacional de vivienda. El alcalde Fidel Ru\u00edz indic\u00f3 que el gobierno federal les solicit\u00f3 unas [&hellip;]","og_url":"https:\/\/elhijodelllanero.mx\/index.php\/2025\/02\/07\/ya-se-cuenta-con-dos-hectareas-de-terreno-para-programa-nacional-de-vivienda\/","og_site_name":"El Hijo del llanero solititito","article_published_time":"2025-02-07T00:19:24+00:00","og_image":[{"url":"https:\/\/elhijodelllanero.mx\/wp-content\/uploads\/2025\/02\/IMG-20250203-WA0112-1-300x225.jpg","type":"","width":"","height":""}],"author":"Mar\u00eda de la Paz Rodarte Ram\u00edrez","twitter_card":"summary_large_image","twitter_misc":{"Escrito por":"Mar\u00eda de la Paz Rodarte Ram\u00edrez","Tiempo de lectura":"2 minutos"},"schema":{"@context":"https:\/\/schema.org","@graph":[{"@type":"Article","@id":"https:\/\/elhijodelllanero.mx\/index.php\/2025\/02\/07\/ya-se-cuenta-con-dos-hectareas-de-terreno-para-programa-nacional-de-vivienda\/#article","isPartOf":{"@id":"https:\/\/elhijodelllanero.mx\/index.php\/2025\/02\/07\/ya-se-cuenta-con-dos-hectareas-de-terreno-para-programa-nacional-de-vivienda\/"},"author":{"name":"Mar\u00eda de la Paz Rodarte Ram\u00edrez","@id":"https:\/\/elhijodelllanero.mx\/#\/schema\/person\/c7f8c86c55c1eab44ae2b93a9628245f"},"headline":"YA SE CUENTA CON DOS HECT\u00c1REAS DE TERRENO PARA PROGRAMA NACIONAL DE VIVIENDA","datePublished":"2025-02-07T00:19:24+00:00","mainEntityOfPage":{"@id":"https:\/\/elhijodelllanero.mx\/index.php\/2025\/02\/07\/ya-se-cuenta-con-dos-hectareas-de-terreno-para-programa-nacional-de-vivienda\/"},"wordCount":247,"commentCount":0,"image":{"@id":"https:\/\/elhijodelllanero.mx\/index.php\/2025\/02\/07\/ya-se-cuenta-con-dos-hectareas-de-terreno-para-programa-nacional-de-vivienda\/#primaryimage"},"thumbnailUrl":"https:\/\/elhijodelllanero.mx\/wp-content\/uploads\/2025\/02\/IMG-20250203-WA0112-1-300x225.jpg","articleSection":["JUVENTINO ROSAS","MUNICIPIOS"],"inLanguage":"es","potentialAction":[{"@type":"CommentAction","name":"Comment","target":["https:\/\/elhijodelllanero.mx\/index.php\/2025\/02\/07\/ya-se-cuenta-con-dos-hectareas-de-terreno-para-programa-nacional-de-vivienda\/#respond"]}]},{"@type":"WebPage","@id":"https:\/\/elhijodelllanero.mx\/index.php\/2025\/02\/07\/ya-se-cuenta-con-dos-hectareas-de-terreno-para-programa-nacional-de-vivienda\/","url":"https:\/\/elhijodelllanero.mx\/index.php\/2025\/02\/07\/ya-se-cuenta-con-dos-hectareas-de-terreno-para-programa-nacional-de-vivienda\/","name":"YA SE CUENTA CON DOS HECT\u00c1REAS DE TERRENO PARA PROGRAMA NACIONAL DE VIVIENDA - El Hijo del llanero solititito","isPartOf":{"@id":"https:\/\/elhijodelllanero.mx\/#website"},"primaryImageOfPage":{"@id":"https:\/\/elhijodelllanero.mx\/index.php\/2025\/02\/07\/ya-se-cuenta-con-dos-hectareas-de-terreno-para-programa-nacional-de-vivienda\/#primaryimage"},"image":{"@id":"https:\/\/elhijodelllanero.mx\/index.php\/2025\/02\/07\/ya-se-cuenta-con-dos-hectareas-de-terreno-para-programa-nacional-de-vivienda\/#primaryimage"},"thumbnailUrl":"https:\/\/elhijodelllanero.mx\/wp-content\/uploads\/2025\/02\/IMG-20250203-WA0112-1-300x225.jpg","datePublished":"2025-02-07T00:19:24+00:00","author":{"@id":"https:\/\/elhijodelllanero.mx\/#\/schema\/person\/c7f8c86c55c1eab44ae2b93a9628245f"},"breadcrumb":{"@id":"https:\/\/elhijodelllanero.mx\/index.php\/2025\/02\/07\/ya-se-cuenta-con-dos-hectareas-de-terreno-para-programa-nacional-de-vivienda\/#breadcrumb"},"inLanguage":"es","potentialAction":[{"@type":"ReadAction","target":["https:\/\/elhijodelllanero.mx\/index.php\/2025\/02\/07\/ya-se-cuenta-con-dos-hectareas-de-terreno-para-programa-nacional-de-vivienda\/"]}]},{"@type":"ImageObject","inLanguage":"es","@id":"https:\/\/elhijodelllanero.mx\/index.php\/2025\/02\/07\/ya-se-cuenta-con-dos-hectareas-de-terreno-para-programa-nacional-de-vivienda\/#primaryimage","url":"https:\/\/i0.wp.com\/elhijodelllanero.mx\/wp-content\/uploads\/2025\/02\/IMG-20250203-WA0112-1.jpg?fit=1600%2C1201&ssl=1","contentUrl":"https:\/\/i0.wp.com\/elhijodelllanero.mx\/wp-content\/uploads\/2025\/02\/IMG-20250203-WA0112-1.jpg?fit=1600%2C1201&ssl=1","width":1600,"height":1201},{"@type":"BreadcrumbList","@id":"https:\/\/elhijodelllanero.mx\/index.php\/2025\/02\/07\/ya-se-cuenta-con-dos-hectareas-de-terreno-para-programa-nacional-de-vivienda\/#breadcrumb","itemListElement":[{"@type":"ListItem","position":1,"name":"Portada","item":"https:\/\/elhijodelllanero.mx\/"},{"@type":"ListItem","position":2,"name":"YA SE CUENTA CON DOS HECT\u00c1REAS DE TERRENO PARA PROGRAMA NACIONAL DE VIVIENDA"}]},{"@type":"WebSite","@id":"https:\/\/elhijodelllanero.mx\/#website","url":"https:\/\/elhijodelllanero.mx\/","name":"El Hijo del llanero solititito","description":"","potentialAction":[{"@type":"SearchAction","target":{"@type":"EntryPoint","urlTemplate":"https:\/\/elhijodelllanero.mx\/?s={search_term_string}"},"query-input":{"@type":"PropertyValueSpecification","valueRequired":true,"valueName":"search_term_string"}}],"inLanguage":"es"},{"@type":"Person","@id":"https:\/\/elhijodelllanero.mx\/#\/schema\/person\/c7f8c86c55c1eab44ae2b93a9628245f","name":"Mar\u00eda de la Paz Rodarte Ram\u00edrez","image":{"@type":"ImageObject","inLanguage":"es","@id":"https:\/\/secure.gravatar.com\/avatar\/1f38f8518b09a266af73da2bce78d69e7d1275299970134ed62f572e0487e1d0?s=96&d=mm&r=g","url":"https:\/\/secure.gravatar.com\/avatar\/1f38f8518b09a266af73da2bce78d69e7d1275299970134ed62f572e0487e1d0?s=96&d=mm&r=g","contentUrl":"https:\/\/secure.gravatar.com\/avatar\/1f38f8518b09a266af73da2bce78d69e7d1275299970134ed62f572e0487e1d0?s=96&d=mm&r=g","caption":"Mar\u00eda de la Paz Rodarte Ram\u00edrez"},"sameAs":["https:\/\/www.elhijodelllanero.mx"],"url":"https:\/\/elhijodelllanero.mx\/index.php\/author\/maricuas\/"}]}},"jetpack_featured_media_url":"","jetpack-related-posts":[],"jetpack_sharing_enabled":true,"_links":{"self":[{"href":"https:\/\/elhijodelllanero.mx\/index.php\/wp-json\/wp\/v2\/posts\/9305","targetHints":{"allow":["GET"]}}],"collection":[{"href":"https:\/\/elhijodelllanero.mx\/index.php\/wp-json\/wp\/v2\/posts"}],"about":[{"href":"https:\/\/elhijodelllanero.mx\/index.php\/wp-json\/wp\/v2\/types\/post"}],"author":[{"embeddable":true,"href":"https:\/\/elhijodelllanero.mx\/index.php\/wp-json\/wp\/v2\/users\/3"}],"replies":[{"embeddable":true,"href":"https:\/\/elhijodelllanero.mx\/index.php\/wp-json\/wp\/v2\/comments?post=9305"}],"version-history":[{"count":1,"href":"https:\/\/elhijodelllanero.mx\/index.php\/wp-json\/wp\/v2\/posts\/9305\/revisions"}],"predecessor-version":[{"id":9307,"href":"https:\/\/elhijodelllanero.mx\/index.php\/wp-json\/wp\/v2\/posts\/9305\/revisions\/9307"}],"wp:attachment":[{"href":"https:\/\/elhijodelllanero.mx\/index.php\/wp-json\/wp\/v2\/media?parent=9305"}],"wp:term":[{"taxonomy":"category","embeddable":true,"href":"https:\/\/elhijodelllanero.mx\/index.php\/wp-json\/wp\/v2\/categories?post=9305"},{"taxonomy":"post_tag","embeddable":true,"href":"https:\/\/elhijodelllanero.mx\/index.php\/wp-json\/wp\/v2\/tags?post=9305"}],"curies":[{"name":"wp","href":"https:\/\/api.w.org\/{rel}","templated":true}]}}