{"id":9309,"date":"2025-02-07T00:29:10","date_gmt":"2025-02-07T00:29:10","guid":{"rendered":"https:\/\/elhijodelllanero.mx\/?p=9309"},"modified":"2025-02-07T00:29:10","modified_gmt":"2025-02-07T00:29:10","slug":"presentan-batallon-de-operaciones-especiales-como-parte-de-las-acciones-en-100-dias-de-gobierno","status":"publish","type":"post","link":"https:\/\/elhijodelllanero.mx\/index.php\/2025\/02\/07\/presentan-batallon-de-operaciones-especiales-como-parte-de-las-acciones-en-100-dias-de-gobierno\/","title":{"rendered":"PRESENTAN BATALL\u00d3N DE OPERACIONES ESPECIALES COMO PARTE DE LAS ACCIONES EN 100 D\u00cdAS DE GOBIERNO"},"content":{"rendered":"<p><img data-recalc-dims=\"1\" loading=\"lazy\" decoding=\"async\" class=\"alignnone size-medium wp-image-9310\" src=\"https:\/\/i0.wp.com\/elhijodelllanero.mx\/wp-content\/uploads\/2025\/02\/Collage_20250206_181231.jpg?resize=300%2C225&#038;ssl=1\" alt=\"\" width=\"300\" height=\"225\" srcset=\"https:\/\/i0.wp.com\/elhijodelllanero.mx\/wp-content\/uploads\/2025\/02\/Collage_20250206_181231.jpg?resize=300%2C225&amp;ssl=1 300w, https:\/\/i0.wp.com\/elhijodelllanero.mx\/wp-content\/uploads\/2025\/02\/Collage_20250206_181231.jpg?resize=1024%2C768&amp;ssl=1 1024w, https:\/\/i0.wp.com\/elhijodelllanero.mx\/wp-content\/uploads\/2025\/02\/Collage_20250206_181231.jpg?resize=768%2C576&amp;ssl=1 768w, https:\/\/i0.wp.com\/elhijodelllanero.mx\/wp-content\/uploads\/2025\/02\/Collage_20250206_181231.jpg?resize=1536%2C1152&amp;ssl=1 1536w, https:\/\/i0.wp.com\/elhijodelllanero.mx\/wp-content\/uploads\/2025\/02\/Collage_20250206_181231.jpg?resize=2048%2C1536&amp;ssl=1 2048w, https:\/\/i0.wp.com\/elhijodelllanero.mx\/wp-content\/uploads\/2025\/02\/Collage_20250206_181231.jpg?resize=560%2C420&amp;ssl=1 560w, https:\/\/i0.wp.com\/elhijodelllanero.mx\/wp-content\/uploads\/2025\/02\/Collage_20250206_181231.jpg?resize=80%2C60&amp;ssl=1 80w, https:\/\/i0.wp.com\/elhijodelllanero.mx\/wp-content\/uploads\/2025\/02\/Collage_20250206_181231.jpg?resize=696%2C522&amp;ssl=1 696w, https:\/\/i0.wp.com\/elhijodelllanero.mx\/wp-content\/uploads\/2025\/02\/Collage_20250206_181231.jpg?resize=1068%2C801&amp;ssl=1 1068w, https:\/\/i0.wp.com\/elhijodelllanero.mx\/wp-content\/uploads\/2025\/02\/Collage_20250206_181231.jpg?resize=1920%2C1440&amp;ssl=1 1920w, https:\/\/i0.wp.com\/elhijodelllanero.mx\/wp-content\/uploads\/2025\/02\/Collage_20250206_181231.jpg?w=1392&amp;ssl=1 1392w\" sizes=\"auto, (max-width: 300px) 100vw, 300px\" \/><\/p>\n<p>Cortazar, Gto.6 de febrero del 2025. &#8211; El alcalde de Cortazar Mauricio Estefan\u00eda, present\u00f3 su informe de cien d\u00edas, el cual estuvo basado en los ejes de bienestar social, seguridad, infraestructura y econom\u00eda adem\u00e1s de la presentaci\u00f3n del batall\u00f3n de operaciones especiales de la polic\u00eda municipal, el cual funcionar\u00e1 al estilo de la polic\u00eda brasile\u00f1a.<br \/>\nAnte m\u00e1s de mil personas de colonias y comunidades adem\u00e1s de la presencia de Marisol Su\u00e1rez secretaria del campo en representaci\u00f3n de la gobernadora Libia Garc\u00eda, Yulma Rocha delegada nacional de Movimiento Ciudadano y diputados locales se desarroll\u00f3 estr informe en el cual se prioriz\u00f3 el tema de seguridad.<br \/>\nEl alcalde dijo que estos cien d\u00edas apenas es el inicio de lo que se pretende realizar en el municipio con los diversos programas que se van implementar a trav\u00e9s de estos ejes de gobierno, destac\u00f3 que la seguridad es prioridad, por tal motivo se pens\u00f3 en la implementaci\u00f3n de este batall\u00f3n de operaciones especiales, el cual iniciar\u00e1 funciones con diez elementos y se pretende integrar a m\u00e1s.<\/p>\n<p>\u00abYa se cumpli\u00f3 la fecha de dar mi primer informe que es de los cien dias, como vieron, estuvimos platicando en la ma\u00f1ana para ver los cuatro ejes que hemos venido haciendo desde campa\u00f1a para fortalecer a nuestro querido Cortazar, muy contento con los cuatro ejes que son bienestar social, seguridad, infraestructura y econom\u00eda, como estuve explicando en la presentaci\u00f3n vamos trabajando\u00bb.<\/p>\n<p>Entre los temas que abord\u00f3 fue el incremento en la plantilla de polic\u00eda y la reducci\u00f3n de los indices delictivos, principalmente del fuero com\u00fan, destac\u00f3 que se ha fortalecido y la intenci\u00f3n es dejar a la polic\u00eda municipal con 150 elementos este a\u00f1o y 250 en el trienio, buscan la creaci\u00f3n de pozos elevados para eficientar el servicio de agua potable ya que se ha padecido en el tema, destac\u00f3 el apoyo al integrar nuevamente a los comerciantes a la feria y la entrega de equipamiento para fortalecer a los negocios y concluy\u00f3 con el tema de infraestructura, en el cual se realizar\u00e1n pavimentaciones y de servicios b\u00e1sicos en colonias de la zona sur.<\/p>\n","protected":false},"excerpt":{"rendered":"<p>Cortazar, Gto.6 de febrero del 2025. &#8211; El alcalde de Cortazar Mauricio Estefan\u00eda, present\u00f3 su informe de cien d\u00edas, el cual estuvo basado en los ejes de bienestar social, seguridad, infraestructura y econom\u00eda adem\u00e1s de la presentaci\u00f3n del batall\u00f3n de operaciones especiales de la polic\u00eda municipal, el cual funcionar\u00e1 al estilo de la polic\u00eda brasile\u00f1a. [&hellip;]<\/p>\n","protected":false},"author":3,"featured_media":0,"comment_status":"open","ping_status":"closed","sticky":false,"template":"","format":"standard","meta":{"_jetpack_newsletter_access":"","_jetpack_dont_email_post_to_subs":false,"_jetpack_newsletter_tier_id":0,"_jetpack_memberships_contains_paywalled_content":false,"_jetpack_memberships_contains_paid_content":false,"footnotes":""},"categories":[77,76],"tags":[],"class_list":{"0":"post-9309","1":"post","2":"type-post","3":"status-publish","4":"format-standard","6":"category-cortazar","7":"category-municipios"},"yoast_head":"<!-- This site is optimized with the Yoast SEO plugin v27.3 - https:\/\/yoast.com\/product\/yoast-seo-wordpress\/ -->\n<title>PRESENTAN BATALL\u00d3N DE OPERACIONES ESPECIALES COMO PARTE DE LAS ACCIONES EN 100 D\u00cdAS DE GOBIERNO - El Hijo del llanero solititito<\/title>\n<meta name=\"robots\" content=\"index, follow, max-snippet:-1, max-image-preview:large, max-video-preview:-1\" \/>\n<link rel=\"canonical\" href=\"https:\/\/elhijodelllanero.mx\/index.php\/2025\/02\/07\/presentan-batallon-de-operaciones-especiales-como-parte-de-las-acciones-en-100-dias-de-gobierno\/\" \/>\n<meta property=\"og:locale\" content=\"es_ES\" \/>\n<meta property=\"og:type\" content=\"article\" \/>\n<meta property=\"og:title\" content=\"PRESENTAN BATALL\u00d3N DE OPERACIONES ESPECIALES COMO PARTE DE LAS ACCIONES EN 100 D\u00cdAS DE GOBIERNO - El Hijo del llanero solititito\" \/>\n<meta property=\"og:description\" content=\"Cortazar, Gto.6 de febrero del 2025. &#8211; El alcalde de Cortazar Mauricio Estefan\u00eda, present\u00f3 su informe de cien d\u00edas, el cual estuvo basado en los ejes de bienestar social, seguridad, infraestructura y econom\u00eda adem\u00e1s de la presentaci\u00f3n del batall\u00f3n de operaciones especiales de la polic\u00eda municipal, el cual funcionar\u00e1 al estilo de la polic\u00eda brasile\u00f1a. [&hellip;]\" \/>\n<meta property=\"og:url\" content=\"https:\/\/elhijodelllanero.mx\/index.php\/2025\/02\/07\/presentan-batallon-de-operaciones-especiales-como-parte-de-las-acciones-en-100-dias-de-gobierno\/\" \/>\n<meta property=\"og:site_name\" content=\"El Hijo del llanero solititito\" \/>\n<meta property=\"article:published_time\" content=\"2025-02-07T00:29:10+00:00\" \/>\n<meta property=\"og:image\" content=\"https:\/\/elhijodelllanero.mx\/wp-content\/uploads\/2025\/02\/Collage_20250206_181231-300x225.jpg\" \/>\n<meta name=\"author\" content=\"Mar\u00eda de la Paz Rodarte Ram\u00edrez\" \/>\n<meta name=\"twitter:card\" content=\"summary_large_image\" \/>\n<meta name=\"twitter:label1\" content=\"Escrito por\" \/>\n\t<meta name=\"twitter:data1\" content=\"Mar\u00eda de la Paz Rodarte Ram\u00edrez\" \/>\n\t<meta name=\"twitter:label2\" content=\"Tiempo de lectura\" \/>\n\t<meta name=\"twitter:data2\" content=\"2 minutos\" \/>\n<script type=\"application\/ld+json\" class=\"yoast-schema-graph\">{\"@context\":\"https:\\\/\\\/schema.org\",\"@graph\":[{\"@type\":\"Article\",\"@id\":\"https:\\\/\\\/elhijodelllanero.mx\\\/index.php\\\/2025\\\/02\\\/07\\\/presentan-batallon-de-operaciones-especiales-como-parte-de-las-acciones-en-100-dias-de-gobierno\\\/#article\",\"isPartOf\":{\"@id\":\"https:\\\/\\\/elhijodelllanero.mx\\\/index.php\\\/2025\\\/02\\\/07\\\/presentan-batallon-de-operaciones-especiales-como-parte-de-las-acciones-en-100-dias-de-gobierno\\\/\"},\"author\":{\"name\":\"Mar\u00eda de la Paz Rodarte Ram\u00edrez\",\"@id\":\"https:\\\/\\\/elhijodelllanero.mx\\\/#\\\/schema\\\/person\\\/c7f8c86c55c1eab44ae2b93a9628245f\"},\"headline\":\"PRESENTAN BATALL\u00d3N DE OPERACIONES ESPECIALES COMO PARTE DE LAS ACCIONES EN 100 D\u00cdAS DE GOBIERNO\",\"datePublished\":\"2025-02-07T00:29:10+00:00\",\"mainEntityOfPage\":{\"@id\":\"https:\\\/\\\/elhijodelllanero.mx\\\/index.php\\\/2025\\\/02\\\/07\\\/presentan-batallon-de-operaciones-especiales-como-parte-de-las-acciones-en-100-dias-de-gobierno\\\/\"},\"wordCount\":393,\"commentCount\":0,\"image\":{\"@id\":\"https:\\\/\\\/elhijodelllanero.mx\\\/index.php\\\/2025\\\/02\\\/07\\\/presentan-batallon-de-operaciones-especiales-como-parte-de-las-acciones-en-100-dias-de-gobierno\\\/#primaryimage\"},\"thumbnailUrl\":\"https:\\\/\\\/elhijodelllanero.mx\\\/wp-content\\\/uploads\\\/2025\\\/02\\\/Collage_20250206_181231-300x225.jpg\",\"articleSection\":[\"CORTAZAR\",\"MUNICIPIOS\"],\"inLanguage\":\"es\",\"potentialAction\":[{\"@type\":\"CommentAction\",\"name\":\"Comment\",\"target\":[\"https:\\\/\\\/elhijodelllanero.mx\\\/index.php\\\/2025\\\/02\\\/07\\\/presentan-batallon-de-operaciones-especiales-como-parte-de-las-acciones-en-100-dias-de-gobierno\\\/#respond\"]}]},{\"@type\":\"WebPage\",\"@id\":\"https:\\\/\\\/elhijodelllanero.mx\\\/index.php\\\/2025\\\/02\\\/07\\\/presentan-batallon-de-operaciones-especiales-como-parte-de-las-acciones-en-100-dias-de-gobierno\\\/\",\"url\":\"https:\\\/\\\/elhijodelllanero.mx\\\/index.php\\\/2025\\\/02\\\/07\\\/presentan-batallon-de-operaciones-especiales-como-parte-de-las-acciones-en-100-dias-de-gobierno\\\/\",\"name\":\"PRESENTAN BATALL\u00d3N DE OPERACIONES ESPECIALES COMO PARTE DE LAS ACCIONES EN 100 D\u00cdAS DE GOBIERNO - El Hijo del llanero solititito\",\"isPartOf\":{\"@id\":\"https:\\\/\\\/elhijodelllanero.mx\\\/#website\"},\"primaryImageOfPage\":{\"@id\":\"https:\\\/\\\/elhijodelllanero.mx\\\/index.php\\\/2025\\\/02\\\/07\\\/presentan-batallon-de-operaciones-especiales-como-parte-de-las-acciones-en-100-dias-de-gobierno\\\/#primaryimage\"},\"image\":{\"@id\":\"https:\\\/\\\/elhijodelllanero.mx\\\/index.php\\\/2025\\\/02\\\/07\\\/presentan-batallon-de-operaciones-especiales-como-parte-de-las-acciones-en-100-dias-de-gobierno\\\/#primaryimage\"},\"thumbnailUrl\":\"https:\\\/\\\/elhijodelllanero.mx\\\/wp-content\\\/uploads\\\/2025\\\/02\\\/Collage_20250206_181231-300x225.jpg\",\"datePublished\":\"2025-02-07T00:29:10+00:00\",\"author\":{\"@id\":\"https:\\\/\\\/elhijodelllanero.mx\\\/#\\\/schema\\\/person\\\/c7f8c86c55c1eab44ae2b93a9628245f\"},\"breadcrumb\":{\"@id\":\"https:\\\/\\\/elhijodelllanero.mx\\\/index.php\\\/2025\\\/02\\\/07\\\/presentan-batallon-de-operaciones-especiales-como-parte-de-las-acciones-en-100-dias-de-gobierno\\\/#breadcrumb\"},\"inLanguage\":\"es\",\"potentialAction\":[{\"@type\":\"ReadAction\",\"target\":[\"https:\\\/\\\/elhijodelllanero.mx\\\/index.php\\\/2025\\\/02\\\/07\\\/presentan-batallon-de-operaciones-especiales-como-parte-de-las-acciones-en-100-dias-de-gobierno\\\/\"]}]},{\"@type\":\"ImageObject\",\"inLanguage\":\"es\",\"@id\":\"https:\\\/\\\/elhijodelllanero.mx\\\/index.php\\\/2025\\\/02\\\/07\\\/presentan-batallon-de-operaciones-especiales-como-parte-de-las-acciones-en-100-dias-de-gobierno\\\/#primaryimage\",\"url\":\"https:\\\/\\\/i0.wp.com\\\/elhijodelllanero.mx\\\/wp-content\\\/uploads\\\/2025\\\/02\\\/Collage_20250206_181231.jpg?fit=2160%2C1620&ssl=1\",\"contentUrl\":\"https:\\\/\\\/i0.wp.com\\\/elhijodelllanero.mx\\\/wp-content\\\/uploads\\\/2025\\\/02\\\/Collage_20250206_181231.jpg?fit=2160%2C1620&ssl=1\",\"width\":2160,\"height\":1620},{\"@type\":\"BreadcrumbList\",\"@id\":\"https:\\\/\\\/elhijodelllanero.mx\\\/index.php\\\/2025\\\/02\\\/07\\\/presentan-batallon-de-operaciones-especiales-como-parte-de-las-acciones-en-100-dias-de-gobierno\\\/#breadcrumb\",\"itemListElement\":[{\"@type\":\"ListItem\",\"position\":1,\"name\":\"Portada\",\"item\":\"https:\\\/\\\/elhijodelllanero.mx\\\/\"},{\"@type\":\"ListItem\",\"position\":2,\"name\":\"PRESENTAN BATALL\u00d3N DE OPERACIONES ESPECIALES COMO PARTE DE LAS ACCIONES EN 100 D\u00cdAS DE GOBIERNO\"}]},{\"@type\":\"WebSite\",\"@id\":\"https:\\\/\\\/elhijodelllanero.mx\\\/#website\",\"url\":\"https:\\\/\\\/elhijodelllanero.mx\\\/\",\"name\":\"El Hijo del llanero solititito\",\"description\":\"\",\"potentialAction\":[{\"@type\":\"SearchAction\",\"target\":{\"@type\":\"EntryPoint\",\"urlTemplate\":\"https:\\\/\\\/elhijodelllanero.mx\\\/?s={search_term_string}\"},\"query-input\":{\"@type\":\"PropertyValueSpecification\",\"valueRequired\":true,\"valueName\":\"search_term_string\"}}],\"inLanguage\":\"es\"},{\"@type\":\"Person\",\"@id\":\"https:\\\/\\\/elhijodelllanero.mx\\\/#\\\/schema\\\/person\\\/c7f8c86c55c1eab44ae2b93a9628245f\",\"name\":\"Mar\u00eda de la Paz Rodarte Ram\u00edrez\",\"image\":{\"@type\":\"ImageObject\",\"inLanguage\":\"es\",\"@id\":\"https:\\\/\\\/secure.gravatar.com\\\/avatar\\\/1f38f8518b09a266af73da2bce78d69e7d1275299970134ed62f572e0487e1d0?s=96&d=mm&r=g\",\"url\":\"https:\\\/\\\/secure.gravatar.com\\\/avatar\\\/1f38f8518b09a266af73da2bce78d69e7d1275299970134ed62f572e0487e1d0?s=96&d=mm&r=g\",\"contentUrl\":\"https:\\\/\\\/secure.gravatar.com\\\/avatar\\\/1f38f8518b09a266af73da2bce78d69e7d1275299970134ed62f572e0487e1d0?s=96&d=mm&r=g\",\"caption\":\"Mar\u00eda de la Paz Rodarte Ram\u00edrez\"},\"sameAs\":[\"https:\\\/\\\/www.elhijodelllanero.mx\"],\"url\":\"https:\\\/\\\/elhijodelllanero.mx\\\/index.php\\\/author\\\/maricuas\\\/\"}]}<\/script>\n<!-- \/ Yoast SEO plugin. -->","yoast_head_json":{"title":"PRESENTAN BATALL\u00d3N DE OPERACIONES ESPECIALES COMO PARTE DE LAS ACCIONES EN 100 D\u00cdAS DE GOBIERNO - El Hijo del llanero solititito","robots":{"index":"index","follow":"follow","max-snippet":"max-snippet:-1","max-image-preview":"max-image-preview:large","max-video-preview":"max-video-preview:-1"},"canonical":"https:\/\/elhijodelllanero.mx\/index.php\/2025\/02\/07\/presentan-batallon-de-operaciones-especiales-como-parte-de-las-acciones-en-100-dias-de-gobierno\/","og_locale":"es_ES","og_type":"article","og_title":"PRESENTAN BATALL\u00d3N DE OPERACIONES ESPECIALES COMO PARTE DE LAS ACCIONES EN 100 D\u00cdAS DE GOBIERNO - El Hijo del llanero solititito","og_description":"Cortazar, Gto.6 de febrero del 2025. &#8211; El alcalde de Cortazar Mauricio Estefan\u00eda, present\u00f3 su informe de cien d\u00edas, el cual estuvo basado en los ejes de bienestar social, seguridad, infraestructura y econom\u00eda adem\u00e1s de la presentaci\u00f3n del batall\u00f3n de operaciones especiales de la polic\u00eda municipal, el cual funcionar\u00e1 al estilo de la polic\u00eda brasile\u00f1a. [&hellip;]","og_url":"https:\/\/elhijodelllanero.mx\/index.php\/2025\/02\/07\/presentan-batallon-de-operaciones-especiales-como-parte-de-las-acciones-en-100-dias-de-gobierno\/","og_site_name":"El Hijo del llanero solititito","article_published_time":"2025-02-07T00:29:10+00:00","og_image":[{"url":"https:\/\/elhijodelllanero.mx\/wp-content\/uploads\/2025\/02\/Collage_20250206_181231-300x225.jpg","type":"","width":"","height":""}],"author":"Mar\u00eda de la Paz Rodarte Ram\u00edrez","twitter_card":"summary_large_image","twitter_misc":{"Escrito por":"Mar\u00eda de la Paz Rodarte Ram\u00edrez","Tiempo de lectura":"2 minutos"},"schema":{"@context":"https:\/\/schema.org","@graph":[{"@type":"Article","@id":"https:\/\/elhijodelllanero.mx\/index.php\/2025\/02\/07\/presentan-batallon-de-operaciones-especiales-como-parte-de-las-acciones-en-100-dias-de-gobierno\/#article","isPartOf":{"@id":"https:\/\/elhijodelllanero.mx\/index.php\/2025\/02\/07\/presentan-batallon-de-operaciones-especiales-como-parte-de-las-acciones-en-100-dias-de-gobierno\/"},"author":{"name":"Mar\u00eda de la Paz Rodarte Ram\u00edrez","@id":"https:\/\/elhijodelllanero.mx\/#\/schema\/person\/c7f8c86c55c1eab44ae2b93a9628245f"},"headline":"PRESENTAN BATALL\u00d3N DE OPERACIONES ESPECIALES COMO PARTE DE LAS ACCIONES EN 100 D\u00cdAS DE GOBIERNO","datePublished":"2025-02-07T00:29:10+00:00","mainEntityOfPage":{"@id":"https:\/\/elhijodelllanero.mx\/index.php\/2025\/02\/07\/presentan-batallon-de-operaciones-especiales-como-parte-de-las-acciones-en-100-dias-de-gobierno\/"},"wordCount":393,"commentCount":0,"image":{"@id":"https:\/\/elhijodelllanero.mx\/index.php\/2025\/02\/07\/presentan-batallon-de-operaciones-especiales-como-parte-de-las-acciones-en-100-dias-de-gobierno\/#primaryimage"},"thumbnailUrl":"https:\/\/elhijodelllanero.mx\/wp-content\/uploads\/2025\/02\/Collage_20250206_181231-300x225.jpg","articleSection":["CORTAZAR","MUNICIPIOS"],"inLanguage":"es","potentialAction":[{"@type":"CommentAction","name":"Comment","target":["https:\/\/elhijodelllanero.mx\/index.php\/2025\/02\/07\/presentan-batallon-de-operaciones-especiales-como-parte-de-las-acciones-en-100-dias-de-gobierno\/#respond"]}]},{"@type":"WebPage","@id":"https:\/\/elhijodelllanero.mx\/index.php\/2025\/02\/07\/presentan-batallon-de-operaciones-especiales-como-parte-de-las-acciones-en-100-dias-de-gobierno\/","url":"https:\/\/elhijodelllanero.mx\/index.php\/2025\/02\/07\/presentan-batallon-de-operaciones-especiales-como-parte-de-las-acciones-en-100-dias-de-gobierno\/","name":"PRESENTAN BATALL\u00d3N DE OPERACIONES ESPECIALES COMO PARTE DE LAS ACCIONES EN 100 D\u00cdAS DE GOBIERNO - El Hijo del llanero solititito","isPartOf":{"@id":"https:\/\/elhijodelllanero.mx\/#website"},"primaryImageOfPage":{"@id":"https:\/\/elhijodelllanero.mx\/index.php\/2025\/02\/07\/presentan-batallon-de-operaciones-especiales-como-parte-de-las-acciones-en-100-dias-de-gobierno\/#primaryimage"},"image":{"@id":"https:\/\/elhijodelllanero.mx\/index.php\/2025\/02\/07\/presentan-batallon-de-operaciones-especiales-como-parte-de-las-acciones-en-100-dias-de-gobierno\/#primaryimage"},"thumbnailUrl":"https:\/\/elhijodelllanero.mx\/wp-content\/uploads\/2025\/02\/Collage_20250206_181231-300x225.jpg","datePublished":"2025-02-07T00:29:10+00:00","author":{"@id":"https:\/\/elhijodelllanero.mx\/#\/schema\/person\/c7f8c86c55c1eab44ae2b93a9628245f"},"breadcrumb":{"@id":"https:\/\/elhijodelllanero.mx\/index.php\/2025\/02\/07\/presentan-batallon-de-operaciones-especiales-como-parte-de-las-acciones-en-100-dias-de-gobierno\/#breadcrumb"},"inLanguage":"es","potentialAction":[{"@type":"ReadAction","target":["https:\/\/elhijodelllanero.mx\/index.php\/2025\/02\/07\/presentan-batallon-de-operaciones-especiales-como-parte-de-las-acciones-en-100-dias-de-gobierno\/"]}]},{"@type":"ImageObject","inLanguage":"es","@id":"https:\/\/elhijodelllanero.mx\/index.php\/2025\/02\/07\/presentan-batallon-de-operaciones-especiales-como-parte-de-las-acciones-en-100-dias-de-gobierno\/#primaryimage","url":"https:\/\/i0.wp.com\/elhijodelllanero.mx\/wp-content\/uploads\/2025\/02\/Collage_20250206_181231.jpg?fit=2160%2C1620&ssl=1","contentUrl":"https:\/\/i0.wp.com\/elhijodelllanero.mx\/wp-content\/uploads\/2025\/02\/Collage_20250206_181231.jpg?fit=2160%2C1620&ssl=1","width":2160,"height":1620},{"@type":"BreadcrumbList","@id":"https:\/\/elhijodelllanero.mx\/index.php\/2025\/02\/07\/presentan-batallon-de-operaciones-especiales-como-parte-de-las-acciones-en-100-dias-de-gobierno\/#breadcrumb","itemListElement":[{"@type":"ListItem","position":1,"name":"Portada","item":"https:\/\/elhijodelllanero.mx\/"},{"@type":"ListItem","position":2,"name":"PRESENTAN BATALL\u00d3N DE OPERACIONES ESPECIALES COMO PARTE DE LAS ACCIONES EN 100 D\u00cdAS DE GOBIERNO"}]},{"@type":"WebSite","@id":"https:\/\/elhijodelllanero.mx\/#website","url":"https:\/\/elhijodelllanero.mx\/","name":"El Hijo del llanero solititito","description":"","potentialAction":[{"@type":"SearchAction","target":{"@type":"EntryPoint","urlTemplate":"https:\/\/elhijodelllanero.mx\/?s={search_term_string}"},"query-input":{"@type":"PropertyValueSpecification","valueRequired":true,"valueName":"search_term_string"}}],"inLanguage":"es"},{"@type":"Person","@id":"https:\/\/elhijodelllanero.mx\/#\/schema\/person\/c7f8c86c55c1eab44ae2b93a9628245f","name":"Mar\u00eda de la Paz Rodarte Ram\u00edrez","image":{"@type":"ImageObject","inLanguage":"es","@id":"https:\/\/secure.gravatar.com\/avatar\/1f38f8518b09a266af73da2bce78d69e7d1275299970134ed62f572e0487e1d0?s=96&d=mm&r=g","url":"https:\/\/secure.gravatar.com\/avatar\/1f38f8518b09a266af73da2bce78d69e7d1275299970134ed62f572e0487e1d0?s=96&d=mm&r=g","contentUrl":"https:\/\/secure.gravatar.com\/avatar\/1f38f8518b09a266af73da2bce78d69e7d1275299970134ed62f572e0487e1d0?s=96&d=mm&r=g","caption":"Mar\u00eda de la Paz Rodarte Ram\u00edrez"},"sameAs":["https:\/\/www.elhijodelllanero.mx"],"url":"https:\/\/elhijodelllanero.mx\/index.php\/author\/maricuas\/"}]}},"jetpack_featured_media_url":"","jetpack-related-posts":[],"jetpack_sharing_enabled":true,"_links":{"self":[{"href":"https:\/\/elhijodelllanero.mx\/index.php\/wp-json\/wp\/v2\/posts\/9309","targetHints":{"allow":["GET"]}}],"collection":[{"href":"https:\/\/elhijodelllanero.mx\/index.php\/wp-json\/wp\/v2\/posts"}],"about":[{"href":"https:\/\/elhijodelllanero.mx\/index.php\/wp-json\/wp\/v2\/types\/post"}],"author":[{"embeddable":true,"href":"https:\/\/elhijodelllanero.mx\/index.php\/wp-json\/wp\/v2\/users\/3"}],"replies":[{"embeddable":true,"href":"https:\/\/elhijodelllanero.mx\/index.php\/wp-json\/wp\/v2\/comments?post=9309"}],"version-history":[{"count":1,"href":"https:\/\/elhijodelllanero.mx\/index.php\/wp-json\/wp\/v2\/posts\/9309\/revisions"}],"predecessor-version":[{"id":9311,"href":"https:\/\/elhijodelllanero.mx\/index.php\/wp-json\/wp\/v2\/posts\/9309\/revisions\/9311"}],"wp:attachment":[{"href":"https:\/\/elhijodelllanero.mx\/index.php\/wp-json\/wp\/v2\/media?parent=9309"}],"wp:term":[{"taxonomy":"category","embeddable":true,"href":"https:\/\/elhijodelllanero.mx\/index.php\/wp-json\/wp\/v2\/categories?post=9309"},{"taxonomy":"post_tag","embeddable":true,"href":"https:\/\/elhijodelllanero.mx\/index.php\/wp-json\/wp\/v2\/tags?post=9309"}],"curies":[{"name":"wp","href":"https:\/\/api.w.org\/{rel}","templated":true}]}}