{"id":9314,"date":"2025-02-08T00:00:57","date_gmt":"2025-02-08T00:00:57","guid":{"rendered":"https:\/\/elhijodelllanero.mx\/?p=9314"},"modified":"2025-02-08T00:00:57","modified_gmt":"2025-02-08T00:00:57","slug":"participa-instituciones-educativas-en-capacitaciones-en-parque-agrotecnologico-xonotli","status":"publish","type":"post","link":"https:\/\/elhijodelllanero.mx\/index.php\/2025\/02\/08\/participa-instituciones-educativas-en-capacitaciones-en-parque-agrotecnologico-xonotli\/","title":{"rendered":"PARTICIPA INSTITUCIONES EDUCATIVAS EN CAPACITACIONES EN PARQUE AGROTECNOL\u00d3GICO XONOTLI"},"content":{"rendered":"<p><img data-recalc-dims=\"1\" loading=\"lazy\" decoding=\"async\" class=\"alignnone size-medium wp-image-9315\" src=\"https:\/\/i0.wp.com\/elhijodelllanero.mx\/wp-content\/uploads\/2025\/02\/Collage_20250207_175356.jpg?resize=225%2C300&#038;ssl=1\" alt=\"\" width=\"225\" height=\"300\" srcset=\"https:\/\/i0.wp.com\/elhijodelllanero.mx\/wp-content\/uploads\/2025\/02\/Collage_20250207_175356-scaled.jpg?resize=225%2C300&amp;ssl=1 225w, https:\/\/i0.wp.com\/elhijodelllanero.mx\/wp-content\/uploads\/2025\/02\/Collage_20250207_175356-scaled.jpg?resize=768%2C1024&amp;ssl=1 768w, https:\/\/i0.wp.com\/elhijodelllanero.mx\/wp-content\/uploads\/2025\/02\/Collage_20250207_175356-scaled.jpg?resize=1152%2C1536&amp;ssl=1 1152w, https:\/\/i0.wp.com\/elhijodelllanero.mx\/wp-content\/uploads\/2025\/02\/Collage_20250207_175356-scaled.jpg?resize=1536%2C2048&amp;ssl=1 1536w, https:\/\/i0.wp.com\/elhijodelllanero.mx\/wp-content\/uploads\/2025\/02\/Collage_20250207_175356-scaled.jpg?resize=315%2C420&amp;ssl=1 315w, https:\/\/i0.wp.com\/elhijodelllanero.mx\/wp-content\/uploads\/2025\/02\/Collage_20250207_175356-scaled.jpg?resize=696%2C928&amp;ssl=1 696w, https:\/\/i0.wp.com\/elhijodelllanero.mx\/wp-content\/uploads\/2025\/02\/Collage_20250207_175356-scaled.jpg?resize=1068%2C1424&amp;ssl=1 1068w, https:\/\/i0.wp.com\/elhijodelllanero.mx\/wp-content\/uploads\/2025\/02\/Collage_20250207_175356-scaled.jpg?w=1920&amp;ssl=1 1920w, https:\/\/i0.wp.com\/elhijodelllanero.mx\/wp-content\/uploads\/2025\/02\/Collage_20250207_175356-scaled.jpg?w=1392&amp;ssl=1 1392w\" sizes=\"auto, (max-width: 225px) 100vw, 225px\" \/><\/p>\n<p>Villagr\u00e1n, Gto. 7 de febrero del 2025. &#8211; El parque Agrotecnol\u00f3gico Xonotli inici\u00f3 capacitaciones del ciclo de producciones primavera-verano con la participaci\u00f3n de cuatro instituciones educativas y con la participaci\u00f3n de empresas con el tema proyecto nacional para la sustentabilidad y los beneficios para la agricultura.<\/p>\n<p>El acto estuvo encabezado por el director del parque Agrotecnol\u00f3gico, Paulo Ba\u00f1ielos as\u00ed como expositores de empresas avocadas a la producci\u00f3n agr\u00edcola, quienes fueron las encargados de impartir las capacitaciones a alumnos de CECYTE plantel Xonotli, el tecnol\u00f3gico de Roque y el tecnol\u00f3gico de Salvatierra.<\/p>\n<p>Paulo Ba\u00f1uelos, director del parque agrotecnol\u00f3gico inform\u00f3 que la intenci\u00f3n es conocer nuevas pr\u00e1cticas y conocer la nueva tecnolog\u00eda que se utiliza para el cuidado del campo y generar pr\u00e1cticas para la sustentabilidad y sobre todo que estos nuevos materiales sean amigables con el suelo y el medio ambiente.<\/p>\n<p>\u00abNos est\u00e1n ayudando mucho a crear plataformas vitrinas y ellos le van a estar dando seguimiento conjuntamente con los estudiantes, esa es la parte importante quw tenemos que estar nosotros revisando y viendo porque tienen que hacer la transferencia de tecnolog\u00eda de nuevos h\u00edbridos, de nuevas variedades y ellos traen materiales muy buenos\u00bb.<\/p>\n<p>Ba\u00f1uelos Rosales inform\u00f3 que ya se firm\u00f3 un convenio de colaboraci\u00f3n con todas las instituciones educativas enfocadas a la agricultura, esto con la intenci\u00f3n de trabajar estrechamente en capacitaciones y aplicaci\u00f3n de programas gubernamentales.<\/p>\n","protected":false},"excerpt":{"rendered":"<p>Villagr\u00e1n, Gto. 7 de febrero del 2025. &#8211; El parque Agrotecnol\u00f3gico Xonotli inici\u00f3 capacitaciones del ciclo de producciones primavera-verano con la participaci\u00f3n de cuatro instituciones educativas y con la participaci\u00f3n de empresas con el tema proyecto nacional para la sustentabilidad y los beneficios para la agricultura. El acto estuvo encabezado por el director del parque [&hellip;]<\/p>\n","protected":false},"author":3,"featured_media":0,"comment_status":"open","ping_status":"closed","sticky":false,"template":"","format":"standard","meta":{"_jetpack_newsletter_access":"","_jetpack_dont_email_post_to_subs":false,"_jetpack_newsletter_tier_id":0,"_jetpack_memberships_contains_paywalled_content":false,"_jetpack_memberships_contains_paid_content":false,"footnotes":""},"categories":[76,85],"tags":[],"class_list":{"0":"post-9314","1":"post","2":"type-post","3":"status-publish","4":"format-standard","6":"category-municipios","7":"category-villagran"},"yoast_head":"<!-- This site is optimized with the Yoast SEO plugin v27.3 - https:\/\/yoast.com\/product\/yoast-seo-wordpress\/ -->\n<title>PARTICIPA INSTITUCIONES EDUCATIVAS EN CAPACITACIONES EN PARQUE AGROTECNOL\u00d3GICO XONOTLI - El Hijo del llanero solititito<\/title>\n<meta name=\"robots\" content=\"index, follow, max-snippet:-1, max-image-preview:large, max-video-preview:-1\" \/>\n<link rel=\"canonical\" href=\"https:\/\/elhijodelllanero.mx\/index.php\/2025\/02\/08\/participa-instituciones-educativas-en-capacitaciones-en-parque-agrotecnologico-xonotli\/\" \/>\n<meta property=\"og:locale\" content=\"es_ES\" \/>\n<meta property=\"og:type\" content=\"article\" \/>\n<meta property=\"og:title\" content=\"PARTICIPA INSTITUCIONES EDUCATIVAS EN CAPACITACIONES EN PARQUE AGROTECNOL\u00d3GICO XONOTLI - El Hijo del llanero solititito\" \/>\n<meta property=\"og:description\" content=\"Villagr\u00e1n, Gto. 7 de febrero del 2025. &#8211; El parque Agrotecnol\u00f3gico Xonotli inici\u00f3 capacitaciones del ciclo de producciones primavera-verano con la participaci\u00f3n de cuatro instituciones educativas y con la participaci\u00f3n de empresas con el tema proyecto nacional para la sustentabilidad y los beneficios para la agricultura. El acto estuvo encabezado por el director del parque [&hellip;]\" \/>\n<meta property=\"og:url\" content=\"https:\/\/elhijodelllanero.mx\/index.php\/2025\/02\/08\/participa-instituciones-educativas-en-capacitaciones-en-parque-agrotecnologico-xonotli\/\" \/>\n<meta property=\"og:site_name\" content=\"El Hijo del llanero solititito\" \/>\n<meta property=\"article:published_time\" content=\"2025-02-08T00:00:57+00:00\" \/>\n<meta property=\"og:image\" content=\"https:\/\/elhijodelllanero.mx\/wp-content\/uploads\/2025\/02\/Collage_20250207_175356-225x300.jpg\" \/>\n<meta name=\"author\" content=\"Mar\u00eda de la Paz Rodarte Ram\u00edrez\" \/>\n<meta name=\"twitter:card\" content=\"summary_large_image\" \/>\n<meta name=\"twitter:label1\" content=\"Escrito por\" \/>\n\t<meta name=\"twitter:data1\" content=\"Mar\u00eda de la Paz Rodarte Ram\u00edrez\" \/>\n\t<meta name=\"twitter:label2\" content=\"Tiempo de lectura\" \/>\n\t<meta name=\"twitter:data2\" content=\"2 minutos\" \/>\n<script type=\"application\/ld+json\" class=\"yoast-schema-graph\">{\"@context\":\"https:\\\/\\\/schema.org\",\"@graph\":[{\"@type\":\"Article\",\"@id\":\"https:\\\/\\\/elhijodelllanero.mx\\\/index.php\\\/2025\\\/02\\\/08\\\/participa-instituciones-educativas-en-capacitaciones-en-parque-agrotecnologico-xonotli\\\/#article\",\"isPartOf\":{\"@id\":\"https:\\\/\\\/elhijodelllanero.mx\\\/index.php\\\/2025\\\/02\\\/08\\\/participa-instituciones-educativas-en-capacitaciones-en-parque-agrotecnologico-xonotli\\\/\"},\"author\":{\"name\":\"Mar\u00eda de la Paz Rodarte Ram\u00edrez\",\"@id\":\"https:\\\/\\\/elhijodelllanero.mx\\\/#\\\/schema\\\/person\\\/c7f8c86c55c1eab44ae2b93a9628245f\"},\"headline\":\"PARTICIPA INSTITUCIONES EDUCATIVAS EN CAPACITACIONES EN PARQUE AGROTECNOL\u00d3GICO XONOTLI\",\"datePublished\":\"2025-02-08T00:00:57+00:00\",\"mainEntityOfPage\":{\"@id\":\"https:\\\/\\\/elhijodelllanero.mx\\\/index.php\\\/2025\\\/02\\\/08\\\/participa-instituciones-educativas-en-capacitaciones-en-parque-agrotecnologico-xonotli\\\/\"},\"wordCount\":258,\"commentCount\":0,\"image\":{\"@id\":\"https:\\\/\\\/elhijodelllanero.mx\\\/index.php\\\/2025\\\/02\\\/08\\\/participa-instituciones-educativas-en-capacitaciones-en-parque-agrotecnologico-xonotli\\\/#primaryimage\"},\"thumbnailUrl\":\"https:\\\/\\\/elhijodelllanero.mx\\\/wp-content\\\/uploads\\\/2025\\\/02\\\/Collage_20250207_175356-225x300.jpg\",\"articleSection\":[\"MUNICIPIOS\",\"Villagr\u00e1n\"],\"inLanguage\":\"es\",\"potentialAction\":[{\"@type\":\"CommentAction\",\"name\":\"Comment\",\"target\":[\"https:\\\/\\\/elhijodelllanero.mx\\\/index.php\\\/2025\\\/02\\\/08\\\/participa-instituciones-educativas-en-capacitaciones-en-parque-agrotecnologico-xonotli\\\/#respond\"]}]},{\"@type\":\"WebPage\",\"@id\":\"https:\\\/\\\/elhijodelllanero.mx\\\/index.php\\\/2025\\\/02\\\/08\\\/participa-instituciones-educativas-en-capacitaciones-en-parque-agrotecnologico-xonotli\\\/\",\"url\":\"https:\\\/\\\/elhijodelllanero.mx\\\/index.php\\\/2025\\\/02\\\/08\\\/participa-instituciones-educativas-en-capacitaciones-en-parque-agrotecnologico-xonotli\\\/\",\"name\":\"PARTICIPA INSTITUCIONES EDUCATIVAS EN CAPACITACIONES EN PARQUE AGROTECNOL\u00d3GICO XONOTLI - El Hijo del llanero solititito\",\"isPartOf\":{\"@id\":\"https:\\\/\\\/elhijodelllanero.mx\\\/#website\"},\"primaryImageOfPage\":{\"@id\":\"https:\\\/\\\/elhijodelllanero.mx\\\/index.php\\\/2025\\\/02\\\/08\\\/participa-instituciones-educativas-en-capacitaciones-en-parque-agrotecnologico-xonotli\\\/#primaryimage\"},\"image\":{\"@id\":\"https:\\\/\\\/elhijodelllanero.mx\\\/index.php\\\/2025\\\/02\\\/08\\\/participa-instituciones-educativas-en-capacitaciones-en-parque-agrotecnologico-xonotli\\\/#primaryimage\"},\"thumbnailUrl\":\"https:\\\/\\\/elhijodelllanero.mx\\\/wp-content\\\/uploads\\\/2025\\\/02\\\/Collage_20250207_175356-225x300.jpg\",\"datePublished\":\"2025-02-08T00:00:57+00:00\",\"author\":{\"@id\":\"https:\\\/\\\/elhijodelllanero.mx\\\/#\\\/schema\\\/person\\\/c7f8c86c55c1eab44ae2b93a9628245f\"},\"breadcrumb\":{\"@id\":\"https:\\\/\\\/elhijodelllanero.mx\\\/index.php\\\/2025\\\/02\\\/08\\\/participa-instituciones-educativas-en-capacitaciones-en-parque-agrotecnologico-xonotli\\\/#breadcrumb\"},\"inLanguage\":\"es\",\"potentialAction\":[{\"@type\":\"ReadAction\",\"target\":[\"https:\\\/\\\/elhijodelllanero.mx\\\/index.php\\\/2025\\\/02\\\/08\\\/participa-instituciones-educativas-en-capacitaciones-en-parque-agrotecnologico-xonotli\\\/\"]}]},{\"@type\":\"ImageObject\",\"inLanguage\":\"es\",\"@id\":\"https:\\\/\\\/elhijodelllanero.mx\\\/index.php\\\/2025\\\/02\\\/08\\\/participa-instituciones-educativas-en-capacitaciones-en-parque-agrotecnologico-xonotli\\\/#primaryimage\",\"url\":\"https:\\\/\\\/i0.wp.com\\\/elhijodelllanero.mx\\\/wp-content\\\/uploads\\\/2025\\\/02\\\/Collage_20250207_175356-scaled.jpg?fit=1920%2C2560&ssl=1\",\"contentUrl\":\"https:\\\/\\\/i0.wp.com\\\/elhijodelllanero.mx\\\/wp-content\\\/uploads\\\/2025\\\/02\\\/Collage_20250207_175356-scaled.jpg?fit=1920%2C2560&ssl=1\",\"width\":1920,\"height\":2560},{\"@type\":\"BreadcrumbList\",\"@id\":\"https:\\\/\\\/elhijodelllanero.mx\\\/index.php\\\/2025\\\/02\\\/08\\\/participa-instituciones-educativas-en-capacitaciones-en-parque-agrotecnologico-xonotli\\\/#breadcrumb\",\"itemListElement\":[{\"@type\":\"ListItem\",\"position\":1,\"name\":\"Portada\",\"item\":\"https:\\\/\\\/elhijodelllanero.mx\\\/\"},{\"@type\":\"ListItem\",\"position\":2,\"name\":\"PARTICIPA INSTITUCIONES EDUCATIVAS EN CAPACITACIONES EN PARQUE AGROTECNOL\u00d3GICO XONOTLI\"}]},{\"@type\":\"WebSite\",\"@id\":\"https:\\\/\\\/elhijodelllanero.mx\\\/#website\",\"url\":\"https:\\\/\\\/elhijodelllanero.mx\\\/\",\"name\":\"El Hijo del llanero solititito\",\"description\":\"\",\"potentialAction\":[{\"@type\":\"SearchAction\",\"target\":{\"@type\":\"EntryPoint\",\"urlTemplate\":\"https:\\\/\\\/elhijodelllanero.mx\\\/?s={search_term_string}\"},\"query-input\":{\"@type\":\"PropertyValueSpecification\",\"valueRequired\":true,\"valueName\":\"search_term_string\"}}],\"inLanguage\":\"es\"},{\"@type\":\"Person\",\"@id\":\"https:\\\/\\\/elhijodelllanero.mx\\\/#\\\/schema\\\/person\\\/c7f8c86c55c1eab44ae2b93a9628245f\",\"name\":\"Mar\u00eda de la Paz Rodarte Ram\u00edrez\",\"image\":{\"@type\":\"ImageObject\",\"inLanguage\":\"es\",\"@id\":\"https:\\\/\\\/secure.gravatar.com\\\/avatar\\\/1f38f8518b09a266af73da2bce78d69e7d1275299970134ed62f572e0487e1d0?s=96&d=mm&r=g\",\"url\":\"https:\\\/\\\/secure.gravatar.com\\\/avatar\\\/1f38f8518b09a266af73da2bce78d69e7d1275299970134ed62f572e0487e1d0?s=96&d=mm&r=g\",\"contentUrl\":\"https:\\\/\\\/secure.gravatar.com\\\/avatar\\\/1f38f8518b09a266af73da2bce78d69e7d1275299970134ed62f572e0487e1d0?s=96&d=mm&r=g\",\"caption\":\"Mar\u00eda de la Paz Rodarte Ram\u00edrez\"},\"sameAs\":[\"https:\\\/\\\/www.elhijodelllanero.mx\"],\"url\":\"https:\\\/\\\/elhijodelllanero.mx\\\/index.php\\\/author\\\/maricuas\\\/\"}]}<\/script>\n<!-- \/ Yoast SEO plugin. -->","yoast_head_json":{"title":"PARTICIPA INSTITUCIONES EDUCATIVAS EN CAPACITACIONES EN PARQUE AGROTECNOL\u00d3GICO XONOTLI - El Hijo del llanero solititito","robots":{"index":"index","follow":"follow","max-snippet":"max-snippet:-1","max-image-preview":"max-image-preview:large","max-video-preview":"max-video-preview:-1"},"canonical":"https:\/\/elhijodelllanero.mx\/index.php\/2025\/02\/08\/participa-instituciones-educativas-en-capacitaciones-en-parque-agrotecnologico-xonotli\/","og_locale":"es_ES","og_type":"article","og_title":"PARTICIPA INSTITUCIONES EDUCATIVAS EN CAPACITACIONES EN PARQUE AGROTECNOL\u00d3GICO XONOTLI - El Hijo del llanero solititito","og_description":"Villagr\u00e1n, Gto. 7 de febrero del 2025. &#8211; El parque Agrotecnol\u00f3gico Xonotli inici\u00f3 capacitaciones del ciclo de producciones primavera-verano con la participaci\u00f3n de cuatro instituciones educativas y con la participaci\u00f3n de empresas con el tema proyecto nacional para la sustentabilidad y los beneficios para la agricultura. El acto estuvo encabezado por el director del parque [&hellip;]","og_url":"https:\/\/elhijodelllanero.mx\/index.php\/2025\/02\/08\/participa-instituciones-educativas-en-capacitaciones-en-parque-agrotecnologico-xonotli\/","og_site_name":"El Hijo del llanero solititito","article_published_time":"2025-02-08T00:00:57+00:00","og_image":[{"url":"https:\/\/elhijodelllanero.mx\/wp-content\/uploads\/2025\/02\/Collage_20250207_175356-225x300.jpg","type":"","width":"","height":""}],"author":"Mar\u00eda de la Paz Rodarte Ram\u00edrez","twitter_card":"summary_large_image","twitter_misc":{"Escrito por":"Mar\u00eda de la Paz Rodarte Ram\u00edrez","Tiempo de lectura":"2 minutos"},"schema":{"@context":"https:\/\/schema.org","@graph":[{"@type":"Article","@id":"https:\/\/elhijodelllanero.mx\/index.php\/2025\/02\/08\/participa-instituciones-educativas-en-capacitaciones-en-parque-agrotecnologico-xonotli\/#article","isPartOf":{"@id":"https:\/\/elhijodelllanero.mx\/index.php\/2025\/02\/08\/participa-instituciones-educativas-en-capacitaciones-en-parque-agrotecnologico-xonotli\/"},"author":{"name":"Mar\u00eda de la Paz Rodarte Ram\u00edrez","@id":"https:\/\/elhijodelllanero.mx\/#\/schema\/person\/c7f8c86c55c1eab44ae2b93a9628245f"},"headline":"PARTICIPA INSTITUCIONES EDUCATIVAS EN CAPACITACIONES EN PARQUE AGROTECNOL\u00d3GICO XONOTLI","datePublished":"2025-02-08T00:00:57+00:00","mainEntityOfPage":{"@id":"https:\/\/elhijodelllanero.mx\/index.php\/2025\/02\/08\/participa-instituciones-educativas-en-capacitaciones-en-parque-agrotecnologico-xonotli\/"},"wordCount":258,"commentCount":0,"image":{"@id":"https:\/\/elhijodelllanero.mx\/index.php\/2025\/02\/08\/participa-instituciones-educativas-en-capacitaciones-en-parque-agrotecnologico-xonotli\/#primaryimage"},"thumbnailUrl":"https:\/\/elhijodelllanero.mx\/wp-content\/uploads\/2025\/02\/Collage_20250207_175356-225x300.jpg","articleSection":["MUNICIPIOS","Villagr\u00e1n"],"inLanguage":"es","potentialAction":[{"@type":"CommentAction","name":"Comment","target":["https:\/\/elhijodelllanero.mx\/index.php\/2025\/02\/08\/participa-instituciones-educativas-en-capacitaciones-en-parque-agrotecnologico-xonotli\/#respond"]}]},{"@type":"WebPage","@id":"https:\/\/elhijodelllanero.mx\/index.php\/2025\/02\/08\/participa-instituciones-educativas-en-capacitaciones-en-parque-agrotecnologico-xonotli\/","url":"https:\/\/elhijodelllanero.mx\/index.php\/2025\/02\/08\/participa-instituciones-educativas-en-capacitaciones-en-parque-agrotecnologico-xonotli\/","name":"PARTICIPA INSTITUCIONES EDUCATIVAS EN CAPACITACIONES EN PARQUE AGROTECNOL\u00d3GICO XONOTLI - El Hijo del llanero solititito","isPartOf":{"@id":"https:\/\/elhijodelllanero.mx\/#website"},"primaryImageOfPage":{"@id":"https:\/\/elhijodelllanero.mx\/index.php\/2025\/02\/08\/participa-instituciones-educativas-en-capacitaciones-en-parque-agrotecnologico-xonotli\/#primaryimage"},"image":{"@id":"https:\/\/elhijodelllanero.mx\/index.php\/2025\/02\/08\/participa-instituciones-educativas-en-capacitaciones-en-parque-agrotecnologico-xonotli\/#primaryimage"},"thumbnailUrl":"https:\/\/elhijodelllanero.mx\/wp-content\/uploads\/2025\/02\/Collage_20250207_175356-225x300.jpg","datePublished":"2025-02-08T00:00:57+00:00","author":{"@id":"https:\/\/elhijodelllanero.mx\/#\/schema\/person\/c7f8c86c55c1eab44ae2b93a9628245f"},"breadcrumb":{"@id":"https:\/\/elhijodelllanero.mx\/index.php\/2025\/02\/08\/participa-instituciones-educativas-en-capacitaciones-en-parque-agrotecnologico-xonotli\/#breadcrumb"},"inLanguage":"es","potentialAction":[{"@type":"ReadAction","target":["https:\/\/elhijodelllanero.mx\/index.php\/2025\/02\/08\/participa-instituciones-educativas-en-capacitaciones-en-parque-agrotecnologico-xonotli\/"]}]},{"@type":"ImageObject","inLanguage":"es","@id":"https:\/\/elhijodelllanero.mx\/index.php\/2025\/02\/08\/participa-instituciones-educativas-en-capacitaciones-en-parque-agrotecnologico-xonotli\/#primaryimage","url":"https:\/\/i0.wp.com\/elhijodelllanero.mx\/wp-content\/uploads\/2025\/02\/Collage_20250207_175356-scaled.jpg?fit=1920%2C2560&ssl=1","contentUrl":"https:\/\/i0.wp.com\/elhijodelllanero.mx\/wp-content\/uploads\/2025\/02\/Collage_20250207_175356-scaled.jpg?fit=1920%2C2560&ssl=1","width":1920,"height":2560},{"@type":"BreadcrumbList","@id":"https:\/\/elhijodelllanero.mx\/index.php\/2025\/02\/08\/participa-instituciones-educativas-en-capacitaciones-en-parque-agrotecnologico-xonotli\/#breadcrumb","itemListElement":[{"@type":"ListItem","position":1,"name":"Portada","item":"https:\/\/elhijodelllanero.mx\/"},{"@type":"ListItem","position":2,"name":"PARTICIPA INSTITUCIONES EDUCATIVAS EN CAPACITACIONES EN PARQUE AGROTECNOL\u00d3GICO XONOTLI"}]},{"@type":"WebSite","@id":"https:\/\/elhijodelllanero.mx\/#website","url":"https:\/\/elhijodelllanero.mx\/","name":"El Hijo del llanero solititito","description":"","potentialAction":[{"@type":"SearchAction","target":{"@type":"EntryPoint","urlTemplate":"https:\/\/elhijodelllanero.mx\/?s={search_term_string}"},"query-input":{"@type":"PropertyValueSpecification","valueRequired":true,"valueName":"search_term_string"}}],"inLanguage":"es"},{"@type":"Person","@id":"https:\/\/elhijodelllanero.mx\/#\/schema\/person\/c7f8c86c55c1eab44ae2b93a9628245f","name":"Mar\u00eda de la Paz Rodarte Ram\u00edrez","image":{"@type":"ImageObject","inLanguage":"es","@id":"https:\/\/secure.gravatar.com\/avatar\/1f38f8518b09a266af73da2bce78d69e7d1275299970134ed62f572e0487e1d0?s=96&d=mm&r=g","url":"https:\/\/secure.gravatar.com\/avatar\/1f38f8518b09a266af73da2bce78d69e7d1275299970134ed62f572e0487e1d0?s=96&d=mm&r=g","contentUrl":"https:\/\/secure.gravatar.com\/avatar\/1f38f8518b09a266af73da2bce78d69e7d1275299970134ed62f572e0487e1d0?s=96&d=mm&r=g","caption":"Mar\u00eda de la Paz Rodarte Ram\u00edrez"},"sameAs":["https:\/\/www.elhijodelllanero.mx"],"url":"https:\/\/elhijodelllanero.mx\/index.php\/author\/maricuas\/"}]}},"jetpack_featured_media_url":"","jetpack-related-posts":[],"jetpack_sharing_enabled":true,"_links":{"self":[{"href":"https:\/\/elhijodelllanero.mx\/index.php\/wp-json\/wp\/v2\/posts\/9314","targetHints":{"allow":["GET"]}}],"collection":[{"href":"https:\/\/elhijodelllanero.mx\/index.php\/wp-json\/wp\/v2\/posts"}],"about":[{"href":"https:\/\/elhijodelllanero.mx\/index.php\/wp-json\/wp\/v2\/types\/post"}],"author":[{"embeddable":true,"href":"https:\/\/elhijodelllanero.mx\/index.php\/wp-json\/wp\/v2\/users\/3"}],"replies":[{"embeddable":true,"href":"https:\/\/elhijodelllanero.mx\/index.php\/wp-json\/wp\/v2\/comments?post=9314"}],"version-history":[{"count":1,"href":"https:\/\/elhijodelllanero.mx\/index.php\/wp-json\/wp\/v2\/posts\/9314\/revisions"}],"predecessor-version":[{"id":9316,"href":"https:\/\/elhijodelllanero.mx\/index.php\/wp-json\/wp\/v2\/posts\/9314\/revisions\/9316"}],"wp:attachment":[{"href":"https:\/\/elhijodelllanero.mx\/index.php\/wp-json\/wp\/v2\/media?parent=9314"}],"wp:term":[{"taxonomy":"category","embeddable":true,"href":"https:\/\/elhijodelllanero.mx\/index.php\/wp-json\/wp\/v2\/categories?post=9314"},{"taxonomy":"post_tag","embeddable":true,"href":"https:\/\/elhijodelllanero.mx\/index.php\/wp-json\/wp\/v2\/tags?post=9314"}],"curies":[{"name":"wp","href":"https:\/\/api.w.org\/{rel}","templated":true}]}}